{"id":21367,"date":"2023-12-28T16:53:02","date_gmt":"2023-12-28T19:53:02","guid":{"rendered":"https:\/\/portalmf.com.br\/?p=21367"},"modified":"2023-12-28T16:53:03","modified_gmt":"2023-12-28T19:53:03","slug":"governo-divulga-calendario-de-pagamentos-do-bolsa-familia-para-2024","status":"publish","type":"post","link":"https:\/\/portalmf.com.br\/index.php\/2023\/12\/28\/governo-divulga-calendario-de-pagamentos-do-bolsa-familia-para-2024\/","title":{"rendered":"Governo divulga calend\u00e1rio de pagamentos do Bolsa Fam\u00edlia para 2024"},"content":{"rendered":"\n<p>Os benefici\u00e1rios do Programa Bolsa Fam\u00edlia j\u00e1 podem conferir o calend\u00e1rio de pagamento de&nbsp;2024. As datas foram divulgadas&nbsp;nesta quarta-feira (27), ap\u00f3s defini\u00e7\u00e3o&nbsp;do&nbsp;Minist\u00e9rio do Desenvolvimento e Assist\u00eancia Social, Fam\u00edlia e Combate \u00e0 Fome (MDS), respons\u00e1vel pela gest\u00e3o do programa, e da Caixa Econ\u00f4mica Federal, que executa os pagamentoss.<img decoding=\"async\" src=\"https:\/\/agenciabrasil.ebc.com.br\/ebc.png?id=1574555&amp;o=node\"><img decoding=\"async\" src=\"https:\/\/agenciabrasil.ebc.com.br\/ebc.gif?id=1574555&amp;o=node\"><\/p>\n\n\n\n<p>A data em que o benef\u00edcio \u00e9 pago \u00e9 definida pelo \u00faltimo d\u00edgito do n\u00famero de identifica\u00e7\u00e3o social (NIS)&nbsp;do cart\u00e3o do Bolsa Fam\u00edlia.<\/p>\n\n\n\n<p>Mensalmente, no primeiro dia de pagamento, s\u00e3o liberados os recursos destinados aos benefici\u00e1rios com NIS de final 1. A cada dia \u00fatil, um novo grupo tem os valores liberados, at\u00e9 que o \u00faltimo grupo, com NIS de final 0, receba o valor daquele m\u00eas.<\/p>\n\n\n\n<p>Os pagamentos s\u00e3o feitos durante os \u00faltimos dez dias \u00fateis de cada m\u00eas, \u00e0 exce\u00e7\u00e3o de dezembro, quando o calend\u00e1rio \u00e9 antecipado. &nbsp;Em novembro, devido ao feriado do Dia da Consci\u00eancia Negra, no dia 20 daquele m\u00eas, as datas de pagamento poder\u00e3o sofrer altera\u00e7\u00f5es, que ser\u00e3o informadas posteriormente.<\/p>\n\n\n\n<figure class=\"wp-block-image\"><img decoding=\"async\" src=\"https:\/\/imagens.ebc.com.br\/ehnTujxKvws9sIuP4hXBR_gEqyA=\/754x0\/smart\/https:\/\/agenciabrasil.ebc.com.br\/sites\/default\/files\/thumbnails\/image\/100b2d57-2be0-4e76-a4d7-3a2048496436-1.jpg?itok=3CAuUkS4\" alt=\"Brasilia (DF) 27\/12\/2023 Calend\u00e1rio de pagamento do Bolsa Fam\u00edlia. Foto Reprodu\u00e7\u00e3o MDS.\" title=\"Foto Reprodu\u00e7\u00e3o MDS.\"\/><\/figure>\n\n\n\n<h6 class=\"wp-block-heading\">Calend\u00e1rio de pagamento do Bolsa Fam\u00edlia. &#8211;&nbsp;<strong>Foto Reprodu\u00e7\u00e3o MDS.<\/strong><\/h6>\n\n\n\n<h2 class=\"wp-block-heading\">Bolsa Fam\u00edlia<\/h2>\n\n\n\n<p>Em mar\u00e7o de 2023, o maior programa social de transfer\u00eancia de renda do Brasil voltou a se chamar Bolsa Fam\u00edlia no 20\u00ba ano de exist\u00eancia, para combater a fome, por meio da transfer\u00eancia direta de renda \u00e0s fam\u00edlias benefici\u00e1rias.<\/p>\n\n\n\n<p>Com o novo programa, o governo federal garantiu o repasse m\u00ednimo de R$ 600 por fam\u00edlia inscrita, com o objetivo de garantir o acesso das fam\u00edlias aos direitos sociais b\u00e1sicos e, sobretudo, interromper o ciclo de reprodu\u00e7\u00e3o da pobreza, entre gera\u00e7\u00f5es da mesma fam\u00edlia.<\/p>\n\n\n\n<p>Para ter direito ao Bolsa Fam\u00edlia, cada pessoa da fam\u00edlia deve ter a renda mensal m\u00e1xima de R$ 218.<\/p>\n\n\n\n<h2 class=\"wp-block-heading\">Condicionalidades<\/h2>\n\n\n\n<p>O novo Bolsa Fam\u00edlia tamb\u00e9m trouxe de volta o acompanhamento do cumprimento das condicionalidades assumidas pelas fam\u00edlias para que os benefici\u00e1rios continuem a receber o aux\u00edlio financeiro.<\/p>\n\n\n\n<p>As condicionantes s\u00e3o das \u00e1reas de sa\u00fade, educa\u00e7\u00e3o e assist\u00eancia social, como o cumprimento do calend\u00e1rio nacional de vacina\u00e7\u00e3o; realiza\u00e7\u00e3o de pr\u00e9-natal das gestantes; acompanhamento nutricional de benefici\u00e1rios de at\u00e9 7 anos de idade incompletos; frequ\u00eancia escolar m\u00ednima de 60% de crian\u00e7as de quatro a seis anos incompletos. Para benefici\u00e1rios de seis a 18 anos incompletos, que n\u00e3o tenham conclu\u00eddo a educa\u00e7\u00e3o b\u00e1sica, a frequ\u00eancia escolar m\u00ednima deve ser de 75%.<\/p>\n\n\n\n<p>O acompanhamento de condicionalidades \u00e9 feito em conjunto com os minist\u00e9rios da Sa\u00fade e da Educa\u00e7\u00e3o.<\/p>\n\n\n\n<h2 class=\"wp-block-heading\">Recebimento do benef\u00edcio<\/h2>\n\n\n\n<p>Os benefici\u00e1rios devem manter atualizados os dados preenchidos no Cadastro \u00danico para Programas Sociais. O sistema do governo federal re\u00fane informa\u00e7\u00f5es sobre as fam\u00edlias brasileiras em situa\u00e7\u00e3o de pobreza e extrema pobreza.<\/p>\n\n\n\n<p>O cadastramento dos dados \u00e9 feito em postos de atendimento da assist\u00eancia social dos munic\u00edpios, como os Centro de Refer\u00eancia de Assist\u00eancia Social (CRAS), com a apresenta\u00e7\u00e3o do Cadastro de Pessoas F\u00edsica (CPF) ou o t\u00edtulo de eleitor.<\/p>\n\n\n\n<p>Mesmo inscrita no Cadastro \u00danico, a fam\u00edlia n\u00e3o entra imediatamente para o Bolsa Fam\u00edlia. Todos os meses, o programa identifica, de forma automatizada, as fam\u00edlias que ter\u00e3o direito de ser&nbsp;inclu\u00eddas no Bolsa Fam\u00edlia e, assim, estar\u00e3o aptas a come\u00e7ar a receber o benef\u00edcio.<\/p>\n\n\n\n<p>A partir desta inclus\u00e3o, os cart\u00f5es do Programa Bolsa Fam\u00edlia s\u00e3o enviados para o endere\u00e7o preenchido no Cadastro \u00danico. Por\u00e9m, do MDS esclarece que \u00e9 poss\u00edvel sacar o valor, mesmo sem portar o cart\u00e3o. Basta que o respons\u00e1vel familiar apresente um documento oficial com foto em uma ag\u00eancia lot\u00e9rica.<\/p>\n\n\n\n<p>Caso o respons\u00e1vel familiar n\u00e3o tenha ainda senha cadastrada, pode apresentar documento oficial com foto e receber\u00e1 o recurso por meio de guia de pagamento, diretamente em uma ag\u00eancia da Caixa Econ\u00f4mica Federal (CEF).<\/p>\n\n\n\n<h2 class=\"wp-block-heading\">Esclarecimentos<\/h2>\n\n\n\n<p>O MDS disponibiliza, desde outubro deste ano, o&nbsp;Disque Social 121,&nbsp;canal de atendimento ao cidad\u00e3o, para esclarecimentos de d\u00favidas. O telefone funciona com atendimento humano de segunda a sexta-feira, de 7h \u00e0s 19h; e nos fins de semana, durante o Calend\u00e1rio de Pagamento do Programa Bolsa Fam\u00edlia, de 10h \u00e0s 16h. J\u00e1 o atendimento digital funciona 24h, sete dias por semana, por meio do telefone 121.<\/p>\n\n\n\n<p>Tamb\u00e9m \u00e9 poss\u00edvel consultar o aplicativo do Bolsa Fam\u00edlia ou da Caixa, dispon\u00edveis para download gratuito, nas lojas virtuais de aplicativos.<\/p>\n\n\n\n<p>Pelo aplicativo de mensagens WhatsApp, o atendimento \u00e9 prestado de segunda a sexta-feira, das 7h \u00e0s 19h e o atendimento eletr\u00f4nico, 24h, por meio do telefone +55 61 4042-1552 ou\u00a0<a href=\"https:\/\/wa.me\/556140421552\" target=\"_blank\" rel=\"noreferrer noopener\">pelo link<\/a>. Essa op\u00e7\u00e3o conta tamb\u00e9m, com o atendimento na L\u00edngua Brasileira de Sinais (Libras).<\/p>\n\n\n\n<p>Com informa\u00e7\u00f5es da Ag\u00eancia Brasil<\/p>\n","protected":false},"excerpt":{"rendered":"<p>Os benefici\u00e1rios do Programa Bolsa Fam\u00edlia j\u00e1 podem conferir o calend\u00e1rio de pagamento de&nbsp;2024. As datas foram divulgadas&nbsp;nesta quarta-feira (27), ap\u00f3s defini\u00e7\u00e3o&nbsp;do&nbsp;Minist\u00e9rio do Desenvolvimento e Assist\u00eancia Social, Fam\u00edlia e Combate \u00e0 Fome (MDS), respons\u00e1vel pela gest\u00e3o do programa, e da Caixa Econ\u00f4mica Federal, que executa os pagamentoss. A data em que o benef\u00edcio \u00e9 pago [&hellip;]<\/p>\n","protected":false},"author":3,"featured_media":21368,"comment_status":"open","ping_status":"open","sticky":false,"template":"","format":"standard","meta":{"_monsterinsights_skip_tracking":false,"_monsterinsights_sitenote_active":false,"_monsterinsights_sitenote_note":"","_monsterinsights_sitenote_category":0,"footnotes":""},"categories":[34],"tags":[],"yoast_head":"<!-- This site is optimized with the Yoast SEO plugin v22.9 - https:\/\/yoast.com\/wordpress\/plugins\/seo\/ -->\n<title>Governo divulga calend\u00e1rio de pagamentos do Bolsa Fam\u00edlia para 2024 - Portal MF<\/title>\n<meta name=\"robots\" content=\"index, follow, max-snippet:-1, max-image-preview:large, max-video-preview:-1\" \/>\n<link rel=\"canonical\" href=\"https:\/\/portalmf.com.br\/index.php\/2023\/12\/28\/governo-divulga-calendario-de-pagamentos-do-bolsa-familia-para-2024\/\" \/>\n<meta property=\"og:locale\" content=\"pt_BR\" \/>\n<meta property=\"og:type\" content=\"article\" \/>\n<meta property=\"og:title\" content=\"Governo divulga calend\u00e1rio de pagamentos do Bolsa Fam\u00edlia para 2024 - Portal MF\" \/>\n<meta property=\"og:description\" content=\"Os benefici\u00e1rios do Programa Bolsa Fam\u00edlia j\u00e1 podem conferir o calend\u00e1rio de pagamento de&nbsp;2024. As datas foram divulgadas&nbsp;nesta quarta-feira (27), ap\u00f3s defini\u00e7\u00e3o&nbsp;do&nbsp;Minist\u00e9rio do Desenvolvimento e Assist\u00eancia Social, Fam\u00edlia e Combate \u00e0 Fome (MDS), respons\u00e1vel pela gest\u00e3o do programa, e da Caixa Econ\u00f4mica Federal, que executa os pagamentoss. A data em que o benef\u00edcio \u00e9 pago [&hellip;]\" \/>\n<meta property=\"og:url\" content=\"https:\/\/portalmf.com.br\/index.php\/2023\/12\/28\/governo-divulga-calendario-de-pagamentos-do-bolsa-familia-para-2024\/\" \/>\n<meta property=\"og:site_name\" content=\"Portal MF\" \/>\n<meta property=\"article:author\" content=\"https:\/\/www.facebook.com\/portalmfoficial\" \/>\n<meta property=\"article:published_time\" content=\"2023-12-28T19:53:02+00:00\" \/>\n<meta property=\"article:modified_time\" content=\"2023-12-28T19:53:03+00:00\" \/>\n<meta property=\"og:image\" content=\"https:\/\/portalmf.com.br\/wp-content\/uploads\/2023\/12\/cartao-Bolsa-Familia-para-2024.jpg\" \/>\n\t<meta property=\"og:image:width\" content=\"1170\" \/>\n\t<meta property=\"og:image:height\" content=\"700\" \/>\n\t<meta property=\"og:image:type\" content=\"image\/jpeg\" \/>\n<meta name=\"author\" content=\"Reda\u00e7\u00e3o Portal MF\" \/>\n<meta name=\"twitter:card\" content=\"summary_large_image\" \/>\n<meta name=\"twitter:creator\" content=\"@https:\/\/x.com\/portalmfoficial\" \/>\n<meta name=\"twitter:label1\" content=\"Escrito por\" \/>\n\t<meta name=\"twitter:data1\" content=\"Reda\u00e7\u00e3o Portal MF\" \/>\n\t<meta name=\"twitter:label2\" content=\"Est. tempo de leitura\" \/>\n\t<meta name=\"twitter:data2\" content=\"5 minutos\" \/>\n<script type=\"application\/ld+json\" class=\"yoast-schema-graph\">{\"@context\":\"https:\/\/schema.org\",\"@graph\":[{\"@type\":\"WebPage\",\"@id\":\"https:\/\/portalmf.com.br\/index.php\/2023\/12\/28\/governo-divulga-calendario-de-pagamentos-do-bolsa-familia-para-2024\/\",\"url\":\"https:\/\/portalmf.com.br\/index.php\/2023\/12\/28\/governo-divulga-calendario-de-pagamentos-do-bolsa-familia-para-2024\/\",\"name\":\"Governo divulga calend\u00e1rio de pagamentos do Bolsa Fam\u00edlia para 2024 - Portal MF\",\"isPartOf\":{\"@id\":\"https:\/\/portalmf.com.br\/#website\"},\"primaryImageOfPage\":{\"@id\":\"https:\/\/portalmf.com.br\/index.php\/2023\/12\/28\/governo-divulga-calendario-de-pagamentos-do-bolsa-familia-para-2024\/#primaryimage\"},\"image\":{\"@id\":\"https:\/\/portalmf.com.br\/index.php\/2023\/12\/28\/governo-divulga-calendario-de-pagamentos-do-bolsa-familia-para-2024\/#primaryimage\"},\"thumbnailUrl\":\"https:\/\/portalmf.com.br\/wp-content\/uploads\/2023\/12\/cartao-Bolsa-Familia-para-2024.jpg\",\"datePublished\":\"2023-12-28T19:53:02+00:00\",\"dateModified\":\"2023-12-28T19:53:03+00:00\",\"author\":{\"@id\":\"https:\/\/portalmf.com.br\/#\/schema\/person\/9ec101baf56233e53520c26de5d6f6f0\"},\"breadcrumb\":{\"@id\":\"https:\/\/portalmf.com.br\/index.php\/2023\/12\/28\/governo-divulga-calendario-de-pagamentos-do-bolsa-familia-para-2024\/#breadcrumb\"},\"inLanguage\":\"pt-BR\",\"potentialAction\":[{\"@type\":\"ReadAction\",\"target\":[\"https:\/\/portalmf.com.br\/index.php\/2023\/12\/28\/governo-divulga-calendario-de-pagamentos-do-bolsa-familia-para-2024\/\"]}]},{\"@type\":\"ImageObject\",\"inLanguage\":\"pt-BR\",\"@id\":\"https:\/\/portalmf.com.br\/index.php\/2023\/12\/28\/governo-divulga-calendario-de-pagamentos-do-bolsa-familia-para-2024\/#primaryimage\",\"url\":\"https:\/\/portalmf.com.br\/wp-content\/uploads\/2023\/12\/cartao-Bolsa-Familia-para-2024.jpg\",\"contentUrl\":\"https:\/\/portalmf.com.br\/wp-content\/uploads\/2023\/12\/cartao-Bolsa-Familia-para-2024.jpg\",\"width\":1170,\"height\":700},{\"@type\":\"BreadcrumbList\",\"@id\":\"https:\/\/portalmf.com.br\/index.php\/2023\/12\/28\/governo-divulga-calendario-de-pagamentos-do-bolsa-familia-para-2024\/#breadcrumb\",\"itemListElement\":[{\"@type\":\"ListItem\",\"position\":1,\"name\":\"In\u00edcio\",\"item\":\"https:\/\/portalmf.com.br\/\"},{\"@type\":\"ListItem\",\"position\":2,\"name\":\"Governo divulga calend\u00e1rio de pagamentos do Bolsa Fam\u00edlia para 2024\"}]},{\"@type\":\"WebSite\",\"@id\":\"https:\/\/portalmf.com.br\/#website\",\"url\":\"https:\/\/portalmf.com.br\/\",\"name\":\"Portal MF\",\"description\":\"Voc\u00ea conectado com a informa\u00e7\u00e3o\",\"potentialAction\":[{\"@type\":\"SearchAction\",\"target\":{\"@type\":\"EntryPoint\",\"urlTemplate\":\"https:\/\/portalmf.com.br\/?s={search_term_string}\"},\"query-input\":\"required name=search_term_string\"}],\"inLanguage\":\"pt-BR\"},{\"@type\":\"Person\",\"@id\":\"https:\/\/portalmf.com.br\/#\/schema\/person\/9ec101baf56233e53520c26de5d6f6f0\",\"name\":\"Reda\u00e7\u00e3o Portal MF\",\"image\":{\"@type\":\"ImageObject\",\"inLanguage\":\"pt-BR\",\"@id\":\"https:\/\/portalmf.com.br\/#\/schema\/person\/image\/\",\"url\":\"https:\/\/secure.gravatar.com\/avatar\/41b9aaeb2100835f7c64362330f74c7f?s=96&d=mm&r=g\",\"contentUrl\":\"https:\/\/secure.gravatar.com\/avatar\/41b9aaeb2100835f7c64362330f74c7f?s=96&d=mm&r=g\",\"caption\":\"Reda\u00e7\u00e3o Portal MF\"},\"description\":\"Sejam bem-vindos o portal de informa\u00e7\u00f5es de entretenimento de Feira de Santana, desde 2006 realiza coberturas dos principais eventos com entrevistas exclusivas com as principais personalidades mundiais. Fique conectado tamb\u00e9m nas redes sociais.\",\"sameAs\":[\"http:\/\/www.portalmf.com.br\/\",\"https:\/\/www.facebook.com\/portalmfoficial\",\"https:\/\/www.instagram.com\/portalmf\/\",\"https:\/\/x.com\/https:\/\/x.com\/portalmfoficial\",\"https:\/\/www.youtube.com\/@portalmfoficial\"],\"url\":\"https:\/\/portalmf.com.br\/index.php\/author\/junior\/\"}]}<\/script>\n<!-- \/ Yoast SEO plugin. -->","yoast_head_json":{"title":"Governo divulga calend\u00e1rio de pagamentos do Bolsa Fam\u00edlia para 2024 - Portal MF","robots":{"index":"index","follow":"follow","max-snippet":"max-snippet:-1","max-image-preview":"max-image-preview:large","max-video-preview":"max-video-preview:-1"},"canonical":"https:\/\/portalmf.com.br\/index.php\/2023\/12\/28\/governo-divulga-calendario-de-pagamentos-do-bolsa-familia-para-2024\/","og_locale":"pt_BR","og_type":"article","og_title":"Governo divulga calend\u00e1rio de pagamentos do Bolsa Fam\u00edlia para 2024 - Portal MF","og_description":"Os benefici\u00e1rios do Programa Bolsa Fam\u00edlia j\u00e1 podem conferir o calend\u00e1rio de pagamento de&nbsp;2024. As datas foram divulgadas&nbsp;nesta quarta-feira (27), ap\u00f3s defini\u00e7\u00e3o&nbsp;do&nbsp;Minist\u00e9rio do Desenvolvimento e Assist\u00eancia Social, Fam\u00edlia e Combate \u00e0 Fome (MDS), respons\u00e1vel pela gest\u00e3o do programa, e da Caixa Econ\u00f4mica Federal, que executa os pagamentoss. A data em que o benef\u00edcio \u00e9 pago [&hellip;]","og_url":"https:\/\/portalmf.com.br\/index.php\/2023\/12\/28\/governo-divulga-calendario-de-pagamentos-do-bolsa-familia-para-2024\/","og_site_name":"Portal MF","article_author":"https:\/\/www.facebook.com\/portalmfoficial","article_published_time":"2023-12-28T19:53:02+00:00","article_modified_time":"2023-12-28T19:53:03+00:00","og_image":[{"width":1170,"height":700,"url":"https:\/\/portalmf.com.br\/wp-content\/uploads\/2023\/12\/cartao-Bolsa-Familia-para-2024.jpg","type":"image\/jpeg"}],"author":"Reda\u00e7\u00e3o Portal MF","twitter_card":"summary_large_image","twitter_creator":"@https:\/\/x.com\/portalmfoficial","twitter_misc":{"Escrito por":"Reda\u00e7\u00e3o Portal MF","Est. tempo de leitura":"5 minutos"},"schema":{"@context":"https:\/\/schema.org","@graph":[{"@type":"WebPage","@id":"https:\/\/portalmf.com.br\/index.php\/2023\/12\/28\/governo-divulga-calendario-de-pagamentos-do-bolsa-familia-para-2024\/","url":"https:\/\/portalmf.com.br\/index.php\/2023\/12\/28\/governo-divulga-calendario-de-pagamentos-do-bolsa-familia-para-2024\/","name":"Governo divulga calend\u00e1rio de pagamentos do Bolsa Fam\u00edlia para 2024 - Portal MF","isPartOf":{"@id":"https:\/\/portalmf.com.br\/#website"},"primaryImageOfPage":{"@id":"https:\/\/portalmf.com.br\/index.php\/2023\/12\/28\/governo-divulga-calendario-de-pagamentos-do-bolsa-familia-para-2024\/#primaryimage"},"image":{"@id":"https:\/\/portalmf.com.br\/index.php\/2023\/12\/28\/governo-divulga-calendario-de-pagamentos-do-bolsa-familia-para-2024\/#primaryimage"},"thumbnailUrl":"https:\/\/portalmf.com.br\/wp-content\/uploads\/2023\/12\/cartao-Bolsa-Familia-para-2024.jpg","datePublished":"2023-12-28T19:53:02+00:00","dateModified":"2023-12-28T19:53:03+00:00","author":{"@id":"https:\/\/portalmf.com.br\/#\/schema\/person\/9ec101baf56233e53520c26de5d6f6f0"},"breadcrumb":{"@id":"https:\/\/portalmf.com.br\/index.php\/2023\/12\/28\/governo-divulga-calendario-de-pagamentos-do-bolsa-familia-para-2024\/#breadcrumb"},"inLanguage":"pt-BR","potentialAction":[{"@type":"ReadAction","target":["https:\/\/portalmf.com.br\/index.php\/2023\/12\/28\/governo-divulga-calendario-de-pagamentos-do-bolsa-familia-para-2024\/"]}]},{"@type":"ImageObject","inLanguage":"pt-BR","@id":"https:\/\/portalmf.com.br\/index.php\/2023\/12\/28\/governo-divulga-calendario-de-pagamentos-do-bolsa-familia-para-2024\/#primaryimage","url":"https:\/\/portalmf.com.br\/wp-content\/uploads\/2023\/12\/cartao-Bolsa-Familia-para-2024.jpg","contentUrl":"https:\/\/portalmf.com.br\/wp-content\/uploads\/2023\/12\/cartao-Bolsa-Familia-para-2024.jpg","width":1170,"height":700},{"@type":"BreadcrumbList","@id":"https:\/\/portalmf.com.br\/index.php\/2023\/12\/28\/governo-divulga-calendario-de-pagamentos-do-bolsa-familia-para-2024\/#breadcrumb","itemListElement":[{"@type":"ListItem","position":1,"name":"In\u00edcio","item":"https:\/\/portalmf.com.br\/"},{"@type":"ListItem","position":2,"name":"Governo divulga calend\u00e1rio de pagamentos do Bolsa Fam\u00edlia para 2024"}]},{"@type":"WebSite","@id":"https:\/\/portalmf.com.br\/#website","url":"https:\/\/portalmf.com.br\/","name":"Portal MF","description":"Voc\u00ea conectado com a informa\u00e7\u00e3o","potentialAction":[{"@type":"SearchAction","target":{"@type":"EntryPoint","urlTemplate":"https:\/\/portalmf.com.br\/?s={search_term_string}"},"query-input":"required name=search_term_string"}],"inLanguage":"pt-BR"},{"@type":"Person","@id":"https:\/\/portalmf.com.br\/#\/schema\/person\/9ec101baf56233e53520c26de5d6f6f0","name":"Reda\u00e7\u00e3o Portal MF","image":{"@type":"ImageObject","inLanguage":"pt-BR","@id":"https:\/\/portalmf.com.br\/#\/schema\/person\/image\/","url":"https:\/\/secure.gravatar.com\/avatar\/41b9aaeb2100835f7c64362330f74c7f?s=96&d=mm&r=g","contentUrl":"https:\/\/secure.gravatar.com\/avatar\/41b9aaeb2100835f7c64362330f74c7f?s=96&d=mm&r=g","caption":"Reda\u00e7\u00e3o Portal MF"},"description":"Sejam bem-vindos o portal de informa\u00e7\u00f5es de entretenimento de Feira de Santana, desde 2006 realiza coberturas dos principais eventos com entrevistas exclusivas com as principais personalidades mundiais. Fique conectado tamb\u00e9m nas redes sociais.","sameAs":["http:\/\/www.portalmf.com.br\/","https:\/\/www.facebook.com\/portalmfoficial","https:\/\/www.instagram.com\/portalmf\/","https:\/\/x.com\/https:\/\/x.com\/portalmfoficial","https:\/\/www.youtube.com\/@portalmfoficial"],"url":"https:\/\/portalmf.com.br\/index.php\/author\/junior\/"}]}},"_links":{"self":[{"href":"https:\/\/portalmf.com.br\/index.php\/wp-json\/wp\/v2\/posts\/21367"}],"collection":[{"href":"https:\/\/portalmf.com.br\/index.php\/wp-json\/wp\/v2\/posts"}],"about":[{"href":"https:\/\/portalmf.com.br\/index.php\/wp-json\/wp\/v2\/types\/post"}],"author":[{"embeddable":true,"href":"https:\/\/portalmf.com.br\/index.php\/wp-json\/wp\/v2\/users\/3"}],"replies":[{"embeddable":true,"href":"https:\/\/portalmf.com.br\/index.php\/wp-json\/wp\/v2\/comments?post=21367"}],"version-history":[{"count":1,"href":"https:\/\/portalmf.com.br\/index.php\/wp-json\/wp\/v2\/posts\/21367\/revisions"}],"predecessor-version":[{"id":21369,"href":"https:\/\/portalmf.com.br\/index.php\/wp-json\/wp\/v2\/posts\/21367\/revisions\/21369"}],"wp:featuredmedia":[{"embeddable":true,"href":"https:\/\/portalmf.com.br\/index.php\/wp-json\/wp\/v2\/media\/21368"}],"wp:attachment":[{"href":"https:\/\/portalmf.com.br\/index.php\/wp-json\/wp\/v2\/media?parent=21367"}],"wp:term":[{"taxonomy":"category","embeddable":true,"href":"https:\/\/portalmf.com.br\/index.php\/wp-json\/wp\/v2\/categories?post=21367"},{"taxonomy":"post_tag","embeddable":true,"href":"https:\/\/portalmf.com.br\/index.php\/wp-json\/wp\/v2\/tags?post=21367"}],"curies":[{"name":"wp","href":"https:\/\/api.w.org\/{rel}","templated":true}]}}