{"id":21327,"date":"2023-12-28T09:59:00","date_gmt":"2023-12-28T12:59:00","guid":{"rendered":"https:\/\/portalmf.com.br\/?p=21327"},"modified":"2023-12-29T11:41:48","modified_gmt":"2023-12-29T14:41:48","slug":"pesquisa-reflete-influencia-decisiva-de-jeronimo-e-lula-na-eleicao-de-feira-em-2024","status":"publish","type":"post","link":"https:\/\/portalmf.com.br\/index.php\/2023\/12\/28\/pesquisa-reflete-influencia-decisiva-de-jeronimo-e-lula-na-eleicao-de-feira-em-2024\/","title":{"rendered":"Pesquisa reflete influ\u00eancia decisiva de Jer\u00f4nimo e Lula na elei\u00e7\u00e3o de Feira, em 2024"},"content":{"rendered":"\n<p>Pr\u00e9-candidato a prefeito de Feira de Santana por unanimidade pelo PT em 2024, o deputado federal Z\u00e9 Neto comentou nesta quarta-feira (27) a pesquisa do DataQualy, um dos institutos de opini\u00e3o p\u00fablica mais conceituados do pa\u00eds h\u00e1 quase 30 anos, que aponta o petista na lideran\u00e7a com 45,9% dos votos do eleitorado, quando considerado o apoio do Presidente Lula e do Governador Jer\u00f4nimo Rodrigues.<\/p>\n\n\n\n<p><em>\u201c\u00c9 reflexo do momento e mostra que a elei\u00e7\u00e3o pode ser decidida \u00e0 favor do nosso time j\u00e1 no 1\u00ba turno. O desejo de mudan\u00e7a \u00e9 latente, inclusive, nessa mesma pesquisa, 74,4% dos feirenses desaprovam o governo Colbert e do ex-prefeito. Dito isto, o pr\u00f3prio Colbert afirmou recentemente \u00e0 imprensa que seu governo est\u00e1 \u2018entupido\u2019 de pessoas ligadas ao ex-prefeito. Ent\u00e3o, nosso grupo liderado pelo Governador Jer\u00f4nimo e o Presidente Lula, que ser\u00e3o decisivos em nossa caminhada, est\u00e1 cada vez mais unido e coeso em busca de um \u00fanico objetivo: a vit\u00f3ria. P\u00e9s no ch\u00e3o e luta que segue!\u201c,<\/em> conclamou Z\u00e9 Neto.<\/p>\n\n\n\n<p>O DataQualy ouviu 407 pessoas no munic\u00edpio entre os dias 2 e 6 de dezembro. O \u00edndice de confian\u00e7a \u00e9 de 95%.<\/p>\n","protected":false},"excerpt":{"rendered":"<p>Pr\u00e9-candidato a prefeito de Feira de Santana por unanimidade pelo PT em 2024, o deputado federal Z\u00e9 Neto comentou nesta quarta-feira (27) a pesquisa do DataQualy, um dos institutos de opini\u00e3o p\u00fablica mais conceituados do pa\u00eds h\u00e1 quase 30 anos, que aponta o petista na lideran\u00e7a com 45,9% dos votos do eleitorado, quando considerado o [&hellip;]<\/p>\n","protected":false},"author":3,"featured_media":21328,"comment_status":"open","ping_status":"open","sticky":false,"template":"","format":"standard","meta":{"_monsterinsights_skip_tracking":false,"_monsterinsights_sitenote_active":false,"_monsterinsights_sitenote_note":"","_monsterinsights_sitenote_category":0,"footnotes":""},"categories":[34],"tags":[],"yoast_head":"<!-- This site is optimized with the Yoast SEO plugin v22.9 - https:\/\/yoast.com\/wordpress\/plugins\/seo\/ -->\n<title>Pesquisa reflete influ\u00eancia decisiva de Jer\u00f4nimo e Lula na elei\u00e7\u00e3o de Feira, em 2024 - Portal MF<\/title>\n<meta name=\"robots\" content=\"index, follow, max-snippet:-1, max-image-preview:large, max-video-preview:-1\" \/>\n<link rel=\"canonical\" href=\"https:\/\/portalmf.com.br\/index.php\/2023\/12\/28\/pesquisa-reflete-influencia-decisiva-de-jeronimo-e-lula-na-eleicao-de-feira-em-2024\/\" \/>\n<meta property=\"og:locale\" content=\"pt_BR\" \/>\n<meta property=\"og:type\" content=\"article\" \/>\n<meta property=\"og:title\" content=\"Pesquisa reflete influ\u00eancia decisiva de Jer\u00f4nimo e Lula na elei\u00e7\u00e3o de Feira, em 2024 - Portal MF\" \/>\n<meta property=\"og:description\" content=\"Pr\u00e9-candidato a prefeito de Feira de Santana por unanimidade pelo PT em 2024, o deputado federal Z\u00e9 Neto comentou nesta quarta-feira (27) a pesquisa do DataQualy, um dos institutos de opini\u00e3o p\u00fablica mais conceituados do pa\u00eds h\u00e1 quase 30 anos, que aponta o petista na lideran\u00e7a com 45,9% dos votos do eleitorado, quando considerado o [&hellip;]\" \/>\n<meta property=\"og:url\" content=\"https:\/\/portalmf.com.br\/index.php\/2023\/12\/28\/pesquisa-reflete-influencia-decisiva-de-jeronimo-e-lula-na-eleicao-de-feira-em-2024\/\" \/>\n<meta property=\"og:site_name\" content=\"Portal MF\" \/>\n<meta property=\"article:author\" content=\"https:\/\/www.facebook.com\/portalmfoficial\" \/>\n<meta property=\"article:published_time\" content=\"2023-12-28T12:59:00+00:00\" \/>\n<meta property=\"article:modified_time\" content=\"2023-12-29T14:41:48+00:00\" \/>\n<meta property=\"og:image\" content=\"https:\/\/portalmf.com.br\/wp-content\/uploads\/2023\/12\/Ze-Neto-Jeronimo-e-Lula.jpeg\" \/>\n\t<meta property=\"og:image:width\" content=\"606\" \/>\n\t<meta property=\"og:image:height\" content=\"506\" \/>\n\t<meta property=\"og:image:type\" content=\"image\/jpeg\" \/>\n<meta name=\"author\" content=\"Reda\u00e7\u00e3o Portal MF\" \/>\n<meta name=\"twitter:card\" content=\"summary_large_image\" \/>\n<meta name=\"twitter:creator\" content=\"@https:\/\/x.com\/portalmfoficial\" \/>\n<meta name=\"twitter:label1\" content=\"Escrito por\" \/>\n\t<meta name=\"twitter:data1\" content=\"Reda\u00e7\u00e3o Portal MF\" \/>\n\t<meta name=\"twitter:label2\" content=\"Est. tempo de leitura\" \/>\n\t<meta name=\"twitter:data2\" content=\"2 minutos\" \/>\n<script type=\"application\/ld+json\" class=\"yoast-schema-graph\">{\"@context\":\"https:\/\/schema.org\",\"@graph\":[{\"@type\":\"WebPage\",\"@id\":\"https:\/\/portalmf.com.br\/index.php\/2023\/12\/28\/pesquisa-reflete-influencia-decisiva-de-jeronimo-e-lula-na-eleicao-de-feira-em-2024\/\",\"url\":\"https:\/\/portalmf.com.br\/index.php\/2023\/12\/28\/pesquisa-reflete-influencia-decisiva-de-jeronimo-e-lula-na-eleicao-de-feira-em-2024\/\",\"name\":\"Pesquisa reflete influ\u00eancia decisiva de Jer\u00f4nimo e Lula na elei\u00e7\u00e3o de Feira, em 2024 - Portal MF\",\"isPartOf\":{\"@id\":\"https:\/\/portalmf.com.br\/#website\"},\"primaryImageOfPage\":{\"@id\":\"https:\/\/portalmf.com.br\/index.php\/2023\/12\/28\/pesquisa-reflete-influencia-decisiva-de-jeronimo-e-lula-na-eleicao-de-feira-em-2024\/#primaryimage\"},\"image\":{\"@id\":\"https:\/\/portalmf.com.br\/index.php\/2023\/12\/28\/pesquisa-reflete-influencia-decisiva-de-jeronimo-e-lula-na-eleicao-de-feira-em-2024\/#primaryimage\"},\"thumbnailUrl\":\"https:\/\/portalmf.com.br\/wp-content\/uploads\/2023\/12\/Ze-Neto-Jeronimo-e-Lula.jpeg\",\"datePublished\":\"2023-12-28T12:59:00+00:00\",\"dateModified\":\"2023-12-29T14:41:48+00:00\",\"author\":{\"@id\":\"https:\/\/portalmf.com.br\/#\/schema\/person\/9ec101baf56233e53520c26de5d6f6f0\"},\"breadcrumb\":{\"@id\":\"https:\/\/portalmf.com.br\/index.php\/2023\/12\/28\/pesquisa-reflete-influencia-decisiva-de-jeronimo-e-lula-na-eleicao-de-feira-em-2024\/#breadcrumb\"},\"inLanguage\":\"pt-BR\",\"potentialAction\":[{\"@type\":\"ReadAction\",\"target\":[\"https:\/\/portalmf.com.br\/index.php\/2023\/12\/28\/pesquisa-reflete-influencia-decisiva-de-jeronimo-e-lula-na-eleicao-de-feira-em-2024\/\"]}]},{\"@type\":\"ImageObject\",\"inLanguage\":\"pt-BR\",\"@id\":\"https:\/\/portalmf.com.br\/index.php\/2023\/12\/28\/pesquisa-reflete-influencia-decisiva-de-jeronimo-e-lula-na-eleicao-de-feira-em-2024\/#primaryimage\",\"url\":\"https:\/\/portalmf.com.br\/wp-content\/uploads\/2023\/12\/Ze-Neto-Jeronimo-e-Lula.jpeg\",\"contentUrl\":\"https:\/\/portalmf.com.br\/wp-content\/uploads\/2023\/12\/Ze-Neto-Jeronimo-e-Lula.jpeg\",\"width\":606,\"height\":506},{\"@type\":\"BreadcrumbList\",\"@id\":\"https:\/\/portalmf.com.br\/index.php\/2023\/12\/28\/pesquisa-reflete-influencia-decisiva-de-jeronimo-e-lula-na-eleicao-de-feira-em-2024\/#breadcrumb\",\"itemListElement\":[{\"@type\":\"ListItem\",\"position\":1,\"name\":\"In\u00edcio\",\"item\":\"https:\/\/portalmf.com.br\/\"},{\"@type\":\"ListItem\",\"position\":2,\"name\":\"Pesquisa reflete influ\u00eancia decisiva de Jer\u00f4nimo e Lula na elei\u00e7\u00e3o de Feira, em 2024\"}]},{\"@type\":\"WebSite\",\"@id\":\"https:\/\/portalmf.com.br\/#website\",\"url\":\"https:\/\/portalmf.com.br\/\",\"name\":\"Portal MF\",\"description\":\"Voc\u00ea conectado com a informa\u00e7\u00e3o\",\"potentialAction\":[{\"@type\":\"SearchAction\",\"target\":{\"@type\":\"EntryPoint\",\"urlTemplate\":\"https:\/\/portalmf.com.br\/?s={search_term_string}\"},\"query-input\":\"required name=search_term_string\"}],\"inLanguage\":\"pt-BR\"},{\"@type\":\"Person\",\"@id\":\"https:\/\/portalmf.com.br\/#\/schema\/person\/9ec101baf56233e53520c26de5d6f6f0\",\"name\":\"Reda\u00e7\u00e3o Portal MF\",\"image\":{\"@type\":\"ImageObject\",\"inLanguage\":\"pt-BR\",\"@id\":\"https:\/\/portalmf.com.br\/#\/schema\/person\/image\/\",\"url\":\"https:\/\/secure.gravatar.com\/avatar\/41b9aaeb2100835f7c64362330f74c7f?s=96&d=mm&r=g\",\"contentUrl\":\"https:\/\/secure.gravatar.com\/avatar\/41b9aaeb2100835f7c64362330f74c7f?s=96&d=mm&r=g\",\"caption\":\"Reda\u00e7\u00e3o Portal MF\"},\"description\":\"Sejam bem-vindos o portal de informa\u00e7\u00f5es de entretenimento de Feira de Santana, desde 2006 realiza coberturas dos principais eventos com entrevistas exclusivas com as principais personalidades mundiais. Fique conectado tamb\u00e9m nas redes sociais.\",\"sameAs\":[\"http:\/\/www.portalmf.com.br\/\",\"https:\/\/www.facebook.com\/portalmfoficial\",\"https:\/\/www.instagram.com\/portalmf\/\",\"https:\/\/x.com\/https:\/\/x.com\/portalmfoficial\",\"https:\/\/www.youtube.com\/@portalmfoficial\"],\"url\":\"https:\/\/portalmf.com.br\/index.php\/author\/junior\/\"}]}<\/script>\n<!-- \/ Yoast SEO plugin. -->","yoast_head_json":{"title":"Pesquisa reflete influ\u00eancia decisiva de Jer\u00f4nimo e Lula na elei\u00e7\u00e3o de Feira, em 2024 - Portal MF","robots":{"index":"index","follow":"follow","max-snippet":"max-snippet:-1","max-image-preview":"max-image-preview:large","max-video-preview":"max-video-preview:-1"},"canonical":"https:\/\/portalmf.com.br\/index.php\/2023\/12\/28\/pesquisa-reflete-influencia-decisiva-de-jeronimo-e-lula-na-eleicao-de-feira-em-2024\/","og_locale":"pt_BR","og_type":"article","og_title":"Pesquisa reflete influ\u00eancia decisiva de Jer\u00f4nimo e Lula na elei\u00e7\u00e3o de Feira, em 2024 - Portal MF","og_description":"Pr\u00e9-candidato a prefeito de Feira de Santana por unanimidade pelo PT em 2024, o deputado federal Z\u00e9 Neto comentou nesta quarta-feira (27) a pesquisa do DataQualy, um dos institutos de opini\u00e3o p\u00fablica mais conceituados do pa\u00eds h\u00e1 quase 30 anos, que aponta o petista na lideran\u00e7a com 45,9% dos votos do eleitorado, quando considerado o [&hellip;]","og_url":"https:\/\/portalmf.com.br\/index.php\/2023\/12\/28\/pesquisa-reflete-influencia-decisiva-de-jeronimo-e-lula-na-eleicao-de-feira-em-2024\/","og_site_name":"Portal MF","article_author":"https:\/\/www.facebook.com\/portalmfoficial","article_published_time":"2023-12-28T12:59:00+00:00","article_modified_time":"2023-12-29T14:41:48+00:00","og_image":[{"width":606,"height":506,"url":"https:\/\/portalmf.com.br\/wp-content\/uploads\/2023\/12\/Ze-Neto-Jeronimo-e-Lula.jpeg","type":"image\/jpeg"}],"author":"Reda\u00e7\u00e3o Portal MF","twitter_card":"summary_large_image","twitter_creator":"@https:\/\/x.com\/portalmfoficial","twitter_misc":{"Escrito por":"Reda\u00e7\u00e3o Portal MF","Est. tempo de leitura":"2 minutos"},"schema":{"@context":"https:\/\/schema.org","@graph":[{"@type":"WebPage","@id":"https:\/\/portalmf.com.br\/index.php\/2023\/12\/28\/pesquisa-reflete-influencia-decisiva-de-jeronimo-e-lula-na-eleicao-de-feira-em-2024\/","url":"https:\/\/portalmf.com.br\/index.php\/2023\/12\/28\/pesquisa-reflete-influencia-decisiva-de-jeronimo-e-lula-na-eleicao-de-feira-em-2024\/","name":"Pesquisa reflete influ\u00eancia decisiva de Jer\u00f4nimo e Lula na elei\u00e7\u00e3o de Feira, em 2024 - Portal MF","isPartOf":{"@id":"https:\/\/portalmf.com.br\/#website"},"primaryImageOfPage":{"@id":"https:\/\/portalmf.com.br\/index.php\/2023\/12\/28\/pesquisa-reflete-influencia-decisiva-de-jeronimo-e-lula-na-eleicao-de-feira-em-2024\/#primaryimage"},"image":{"@id":"https:\/\/portalmf.com.br\/index.php\/2023\/12\/28\/pesquisa-reflete-influencia-decisiva-de-jeronimo-e-lula-na-eleicao-de-feira-em-2024\/#primaryimage"},"thumbnailUrl":"https:\/\/portalmf.com.br\/wp-content\/uploads\/2023\/12\/Ze-Neto-Jeronimo-e-Lula.jpeg","datePublished":"2023-12-28T12:59:00+00:00","dateModified":"2023-12-29T14:41:48+00:00","author":{"@id":"https:\/\/portalmf.com.br\/#\/schema\/person\/9ec101baf56233e53520c26de5d6f6f0"},"breadcrumb":{"@id":"https:\/\/portalmf.com.br\/index.php\/2023\/12\/28\/pesquisa-reflete-influencia-decisiva-de-jeronimo-e-lula-na-eleicao-de-feira-em-2024\/#breadcrumb"},"inLanguage":"pt-BR","potentialAction":[{"@type":"ReadAction","target":["https:\/\/portalmf.com.br\/index.php\/2023\/12\/28\/pesquisa-reflete-influencia-decisiva-de-jeronimo-e-lula-na-eleicao-de-feira-em-2024\/"]}]},{"@type":"ImageObject","inLanguage":"pt-BR","@id":"https:\/\/portalmf.com.br\/index.php\/2023\/12\/28\/pesquisa-reflete-influencia-decisiva-de-jeronimo-e-lula-na-eleicao-de-feira-em-2024\/#primaryimage","url":"https:\/\/portalmf.com.br\/wp-content\/uploads\/2023\/12\/Ze-Neto-Jeronimo-e-Lula.jpeg","contentUrl":"https:\/\/portalmf.com.br\/wp-content\/uploads\/2023\/12\/Ze-Neto-Jeronimo-e-Lula.jpeg","width":606,"height":506},{"@type":"BreadcrumbList","@id":"https:\/\/portalmf.com.br\/index.php\/2023\/12\/28\/pesquisa-reflete-influencia-decisiva-de-jeronimo-e-lula-na-eleicao-de-feira-em-2024\/#breadcrumb","itemListElement":[{"@type":"ListItem","position":1,"name":"In\u00edcio","item":"https:\/\/portalmf.com.br\/"},{"@type":"ListItem","position":2,"name":"Pesquisa reflete influ\u00eancia decisiva de Jer\u00f4nimo e Lula na elei\u00e7\u00e3o de Feira, em 2024"}]},{"@type":"WebSite","@id":"https:\/\/portalmf.com.br\/#website","url":"https:\/\/portalmf.com.br\/","name":"Portal MF","description":"Voc\u00ea conectado com a informa\u00e7\u00e3o","potentialAction":[{"@type":"SearchAction","target":{"@type":"EntryPoint","urlTemplate":"https:\/\/portalmf.com.br\/?s={search_term_string}"},"query-input":"required name=search_term_string"}],"inLanguage":"pt-BR"},{"@type":"Person","@id":"https:\/\/portalmf.com.br\/#\/schema\/person\/9ec101baf56233e53520c26de5d6f6f0","name":"Reda\u00e7\u00e3o Portal MF","image":{"@type":"ImageObject","inLanguage":"pt-BR","@id":"https:\/\/portalmf.com.br\/#\/schema\/person\/image\/","url":"https:\/\/secure.gravatar.com\/avatar\/41b9aaeb2100835f7c64362330f74c7f?s=96&d=mm&r=g","contentUrl":"https:\/\/secure.gravatar.com\/avatar\/41b9aaeb2100835f7c64362330f74c7f?s=96&d=mm&r=g","caption":"Reda\u00e7\u00e3o Portal MF"},"description":"Sejam bem-vindos o portal de informa\u00e7\u00f5es de entretenimento de Feira de Santana, desde 2006 realiza coberturas dos principais eventos com entrevistas exclusivas com as principais personalidades mundiais. Fique conectado tamb\u00e9m nas redes sociais.","sameAs":["http:\/\/www.portalmf.com.br\/","https:\/\/www.facebook.com\/portalmfoficial","https:\/\/www.instagram.com\/portalmf\/","https:\/\/x.com\/https:\/\/x.com\/portalmfoficial","https:\/\/www.youtube.com\/@portalmfoficial"],"url":"https:\/\/portalmf.com.br\/index.php\/author\/junior\/"}]}},"_links":{"self":[{"href":"https:\/\/portalmf.com.br\/index.php\/wp-json\/wp\/v2\/posts\/21327"}],"collection":[{"href":"https:\/\/portalmf.com.br\/index.php\/wp-json\/wp\/v2\/posts"}],"about":[{"href":"https:\/\/portalmf.com.br\/index.php\/wp-json\/wp\/v2\/types\/post"}],"author":[{"embeddable":true,"href":"https:\/\/portalmf.com.br\/index.php\/wp-json\/wp\/v2\/users\/3"}],"replies":[{"embeddable":true,"href":"https:\/\/portalmf.com.br\/index.php\/wp-json\/wp\/v2\/comments?post=21327"}],"version-history":[{"count":1,"href":"https:\/\/portalmf.com.br\/index.php\/wp-json\/wp\/v2\/posts\/21327\/revisions"}],"predecessor-version":[{"id":21329,"href":"https:\/\/portalmf.com.br\/index.php\/wp-json\/wp\/v2\/posts\/21327\/revisions\/21329"}],"wp:featuredmedia":[{"embeddable":true,"href":"https:\/\/portalmf.com.br\/index.php\/wp-json\/wp\/v2\/media\/21328"}],"wp:attachment":[{"href":"https:\/\/portalmf.com.br\/index.php\/wp-json\/wp\/v2\/media?parent=21327"}],"wp:term":[{"taxonomy":"category","embeddable":true,"href":"https:\/\/portalmf.com.br\/index.php\/wp-json\/wp\/v2\/categories?post=21327"},{"taxonomy":"post_tag","embeddable":true,"href":"https:\/\/portalmf.com.br\/index.php\/wp-json\/wp\/v2\/tags?post=21327"}],"curies":[{"name":"wp","href":"https:\/\/api.w.org\/{rel}","templated":true}]}}