{"id":21320,"date":"2023-12-28T13:58:08","date_gmt":"2023-12-28T16:58:08","guid":{"rendered":"https:\/\/portalmf.com.br\/?p=21320"},"modified":"2023-12-28T13:58:09","modified_gmt":"2023-12-28T16:58:09","slug":"jeronimo-comemora-primeira-exportacao-conjunta-da-agricultura-familiar-da-bahia-para-portugal","status":"publish","type":"post","link":"https:\/\/portalmf.com.br\/index.php\/2023\/12\/28\/jeronimo-comemora-primeira-exportacao-conjunta-da-agricultura-familiar-da-bahia-para-portugal\/","title":{"rendered":"Jer\u00f4nimo comemora primeira exporta\u00e7\u00e3o conjunta da agricultura familiar da Bahia para Portugal"},"content":{"rendered":"\n<p>Uma a\u00e7\u00e3o coletiva in\u00e9dita garantiu a exporta\u00e7\u00e3o de 12 toneladas de produtos da agricultura familiar para Lisboa, capital de Portugal. O governador Jer\u00f4nimo Rodrigues acompanhou, nesta quinta-feira(28), o carregamento do primeiro container com mais de 50 produtos diferentes de 11 cooperartivas da agricultura familiar da Bahia, abrindo uma janela de oportunidades de comercializa\u00e7\u00e3o na Europa.<\/p>\n\n\n\n<figure class=\"wp-block-image size-large\"><img fetchpriority=\"high\" decoding=\"async\" width=\"1024\" height=\"682\" src=\"https:\/\/portalmf.com.br\/wp-content\/uploads\/2023\/12\/Govenador-Jeronimo-comemora-primeira-exportacao-conjunta-da-agricultura-familiar-da-Bahia-para-Portugal-5-1024x682.jpeg\" alt=\"\" class=\"wp-image-21325\" srcset=\"https:\/\/portalmf.com.br\/wp-content\/uploads\/2023\/12\/Govenador-Jeronimo-comemora-primeira-exportacao-conjunta-da-agricultura-familiar-da-Bahia-para-Portugal-5-1024x682.jpeg 1024w, https:\/\/portalmf.com.br\/wp-content\/uploads\/2023\/12\/Govenador-Jeronimo-comemora-primeira-exportacao-conjunta-da-agricultura-familiar-da-Bahia-para-Portugal-5-300x200.jpeg 300w, https:\/\/portalmf.com.br\/wp-content\/uploads\/2023\/12\/Govenador-Jeronimo-comemora-primeira-exportacao-conjunta-da-agricultura-familiar-da-Bahia-para-Portugal-5-768x512.jpeg 768w, https:\/\/portalmf.com.br\/wp-content\/uploads\/2023\/12\/Govenador-Jeronimo-comemora-primeira-exportacao-conjunta-da-agricultura-familiar-da-Bahia-para-Portugal-5-1170x780.jpeg 1170w, https:\/\/portalmf.com.br\/wp-content\/uploads\/2023\/12\/Govenador-Jeronimo-comemora-primeira-exportacao-conjunta-da-agricultura-familiar-da-Bahia-para-Portugal-5-585x390.jpeg 585w, https:\/\/portalmf.com.br\/wp-content\/uploads\/2023\/12\/Govenador-Jeronimo-comemora-primeira-exportacao-conjunta-da-agricultura-familiar-da-Bahia-para-Portugal-5-263x175.jpeg 263w, https:\/\/portalmf.com.br\/wp-content\/uploads\/2023\/12\/Govenador-Jeronimo-comemora-primeira-exportacao-conjunta-da-agricultura-familiar-da-Bahia-para-Portugal-5.jpeg 1280w\" sizes=\"(max-width: 1024px) 100vw, 1024px\" \/><figcaption class=\"wp-element-caption\">Foto: Mateus Landim\/GOVBA<\/figcaption><\/figure>\n\n\n\n<p>A iniciativa \u00e9 realizada a partir da parceria entre a Family FarmingBrazil e a Federa\u00e7\u00e3o das Cooperativas da Agricultura Familiar e Economia Solid\u00e1ria do Estado da Bahia (Federa\u00e7\u00e3o Unicafes\/BA), com apoio do Governo do Estado<\/p>\n\n\n\n<figure class=\"wp-block-image size-large\"><img decoding=\"async\" width=\"1024\" height=\"682\" src=\"https:\/\/portalmf.com.br\/wp-content\/uploads\/2023\/12\/Govenador-Jeronimo-comemora-primeira-exportacao-conjunta-da-agricultura-familiar-da-Bahia-para-Portugal-4-1024x682.jpeg\" alt=\"\" class=\"wp-image-21324\" srcset=\"https:\/\/portalmf.com.br\/wp-content\/uploads\/2023\/12\/Govenador-Jeronimo-comemora-primeira-exportacao-conjunta-da-agricultura-familiar-da-Bahia-para-Portugal-4-1024x682.jpeg 1024w, https:\/\/portalmf.com.br\/wp-content\/uploads\/2023\/12\/Govenador-Jeronimo-comemora-primeira-exportacao-conjunta-da-agricultura-familiar-da-Bahia-para-Portugal-4-300x200.jpeg 300w, https:\/\/portalmf.com.br\/wp-content\/uploads\/2023\/12\/Govenador-Jeronimo-comemora-primeira-exportacao-conjunta-da-agricultura-familiar-da-Bahia-para-Portugal-4-768x511.jpeg 768w, https:\/\/portalmf.com.br\/wp-content\/uploads\/2023\/12\/Govenador-Jeronimo-comemora-primeira-exportacao-conjunta-da-agricultura-familiar-da-Bahia-para-Portugal-4-1170x779.jpeg 1170w, https:\/\/portalmf.com.br\/wp-content\/uploads\/2023\/12\/Govenador-Jeronimo-comemora-primeira-exportacao-conjunta-da-agricultura-familiar-da-Bahia-para-Portugal-4-585x389.jpeg 585w, https:\/\/portalmf.com.br\/wp-content\/uploads\/2023\/12\/Govenador-Jeronimo-comemora-primeira-exportacao-conjunta-da-agricultura-familiar-da-Bahia-para-Portugal-4-263x175.jpeg 263w, https:\/\/portalmf.com.br\/wp-content\/uploads\/2023\/12\/Govenador-Jeronimo-comemora-primeira-exportacao-conjunta-da-agricultura-familiar-da-Bahia-para-Portugal-4.jpeg 1280w\" sizes=\"(max-width: 1024px) 100vw, 1024px\" \/><figcaption class=\"wp-element-caption\">Foto: Mateus Landim\/GOVBA<\/figcaption><\/figure>\n\n\n\n<p>A Companhia de Desenvolvimento e A\u00e7\u00e3o Regional (CAR), empresa p\u00fablica vinculada \u00e0 Secretaria de Desenvolvimento Rural (SDR) tem apoiado as cooperativas com investimentos em infraestrutura por meio da constru\u00e7\u00e3o e requalifica\u00e7\u00e3o de agroind\u00fastrias, tecnologias com m\u00e1quinas e equipamentos de \u00faltima gera\u00e7\u00e3o, energia limpa, como as fotovoltaicas, assist\u00eancia t\u00e9cnica e extens\u00e3o rural (Ater), capacita\u00e7\u00e3o, suporte \u00e0 gest\u00e3o e \u00e0 comercializa\u00e7\u00e3o da produ\u00e7\u00e3o, dentre outras a\u00e7\u00f5es, que garantem melhores condi\u00e7\u00f5es de trabalho e renda para as popula\u00e7\u00f5es do campo.<\/p>\n\n\n\n<figure class=\"wp-block-image size-large\"><img decoding=\"async\" width=\"1024\" height=\"682\" src=\"https:\/\/portalmf.com.br\/wp-content\/uploads\/2023\/12\/Govenador-Jeronimo-comemora-primeira-exportacao-conjunta-da-agricultura-familiar-da-Bahia-para-Portugal-2-1024x682.jpeg\" alt=\"\" class=\"wp-image-21322\" srcset=\"https:\/\/portalmf.com.br\/wp-content\/uploads\/2023\/12\/Govenador-Jeronimo-comemora-primeira-exportacao-conjunta-da-agricultura-familiar-da-Bahia-para-Portugal-2-1024x682.jpeg 1024w, https:\/\/portalmf.com.br\/wp-content\/uploads\/2023\/12\/Govenador-Jeronimo-comemora-primeira-exportacao-conjunta-da-agricultura-familiar-da-Bahia-para-Portugal-2-300x200.jpeg 300w, https:\/\/portalmf.com.br\/wp-content\/uploads\/2023\/12\/Govenador-Jeronimo-comemora-primeira-exportacao-conjunta-da-agricultura-familiar-da-Bahia-para-Portugal-2-768x512.jpeg 768w, https:\/\/portalmf.com.br\/wp-content\/uploads\/2023\/12\/Govenador-Jeronimo-comemora-primeira-exportacao-conjunta-da-agricultura-familiar-da-Bahia-para-Portugal-2-1170x780.jpeg 1170w, https:\/\/portalmf.com.br\/wp-content\/uploads\/2023\/12\/Govenador-Jeronimo-comemora-primeira-exportacao-conjunta-da-agricultura-familiar-da-Bahia-para-Portugal-2-585x390.jpeg 585w, https:\/\/portalmf.com.br\/wp-content\/uploads\/2023\/12\/Govenador-Jeronimo-comemora-primeira-exportacao-conjunta-da-agricultura-familiar-da-Bahia-para-Portugal-2-263x175.jpeg 263w, https:\/\/portalmf.com.br\/wp-content\/uploads\/2023\/12\/Govenador-Jeronimo-comemora-primeira-exportacao-conjunta-da-agricultura-familiar-da-Bahia-para-Portugal-2.jpeg 1280w\" sizes=\"(max-width: 1024px) 100vw, 1024px\" \/><figcaption class=\"wp-element-caption\">Foto: Mateus Landim\/GOVBA<\/figcaption><\/figure>\n","protected":false},"excerpt":{"rendered":"<p>Uma a\u00e7\u00e3o coletiva in\u00e9dita garantiu a exporta\u00e7\u00e3o de 12 toneladas de produtos da agricultura familiar para Lisboa, capital de Portugal. O governador Jer\u00f4nimo Rodrigues acompanhou, nesta quinta-feira(28), o carregamento do primeiro container com mais de 50 produtos diferentes de 11 cooperartivas da agricultura familiar da Bahia, abrindo uma janela de oportunidades de comercializa\u00e7\u00e3o na Europa. [&hellip;]<\/p>\n","protected":false},"author":3,"featured_media":21323,"comment_status":"open","ping_status":"open","sticky":false,"template":"","format":"standard","meta":{"_monsterinsights_skip_tracking":false,"_monsterinsights_sitenote_active":false,"_monsterinsights_sitenote_note":"","_monsterinsights_sitenote_category":0,"footnotes":""},"categories":[34],"tags":[],"yoast_head":"<!-- This site is optimized with the Yoast SEO plugin v22.9 - https:\/\/yoast.com\/wordpress\/plugins\/seo\/ -->\n<title>Jer\u00f4nimo comemora primeira exporta\u00e7\u00e3o conjunta da agricultura familiar da Bahia para Portugal - Portal MF<\/title>\n<meta name=\"robots\" content=\"index, follow, max-snippet:-1, max-image-preview:large, max-video-preview:-1\" \/>\n<link rel=\"canonical\" href=\"https:\/\/portalmf.com.br\/index.php\/2023\/12\/28\/jeronimo-comemora-primeira-exportacao-conjunta-da-agricultura-familiar-da-bahia-para-portugal\/\" \/>\n<meta property=\"og:locale\" content=\"pt_BR\" \/>\n<meta property=\"og:type\" content=\"article\" \/>\n<meta property=\"og:title\" content=\"Jer\u00f4nimo comemora primeira exporta\u00e7\u00e3o conjunta da agricultura familiar da Bahia para Portugal - Portal MF\" \/>\n<meta property=\"og:description\" content=\"Uma a\u00e7\u00e3o coletiva in\u00e9dita garantiu a exporta\u00e7\u00e3o de 12 toneladas de produtos da agricultura familiar para Lisboa, capital de Portugal. O governador Jer\u00f4nimo Rodrigues acompanhou, nesta quinta-feira(28), o carregamento do primeiro container com mais de 50 produtos diferentes de 11 cooperartivas da agricultura familiar da Bahia, abrindo uma janela de oportunidades de comercializa\u00e7\u00e3o na Europa. [&hellip;]\" \/>\n<meta property=\"og:url\" content=\"https:\/\/portalmf.com.br\/index.php\/2023\/12\/28\/jeronimo-comemora-primeira-exportacao-conjunta-da-agricultura-familiar-da-bahia-para-portugal\/\" \/>\n<meta property=\"og:site_name\" content=\"Portal MF\" \/>\n<meta property=\"article:author\" content=\"https:\/\/www.facebook.com\/portalmfoficial\" \/>\n<meta property=\"article:published_time\" content=\"2023-12-28T16:58:08+00:00\" \/>\n<meta property=\"article:modified_time\" content=\"2023-12-28T16:58:09+00:00\" \/>\n<meta property=\"og:image\" content=\"https:\/\/portalmf.com.br\/wp-content\/uploads\/2023\/12\/Govenador-Jeronimo-comemora-primeira-exportacao-conjunta-da-agricultura-familiar-da-Bahia-para-Portugal-3.jpeg\" \/>\n\t<meta property=\"og:image:width\" content=\"1280\" \/>\n\t<meta property=\"og:image:height\" content=\"853\" \/>\n\t<meta property=\"og:image:type\" content=\"image\/jpeg\" \/>\n<meta name=\"author\" content=\"Reda\u00e7\u00e3o Portal MF\" \/>\n<meta name=\"twitter:card\" content=\"summary_large_image\" \/>\n<meta name=\"twitter:creator\" content=\"@https:\/\/x.com\/portalmfoficial\" \/>\n<meta name=\"twitter:label1\" content=\"Escrito por\" \/>\n\t<meta name=\"twitter:data1\" content=\"Reda\u00e7\u00e3o Portal MF\" \/>\n\t<meta name=\"twitter:label2\" content=\"Est. tempo de leitura\" \/>\n\t<meta name=\"twitter:data2\" content=\"2 minutos\" \/>\n<script type=\"application\/ld+json\" class=\"yoast-schema-graph\">{\"@context\":\"https:\/\/schema.org\",\"@graph\":[{\"@type\":\"WebPage\",\"@id\":\"https:\/\/portalmf.com.br\/index.php\/2023\/12\/28\/jeronimo-comemora-primeira-exportacao-conjunta-da-agricultura-familiar-da-bahia-para-portugal\/\",\"url\":\"https:\/\/portalmf.com.br\/index.php\/2023\/12\/28\/jeronimo-comemora-primeira-exportacao-conjunta-da-agricultura-familiar-da-bahia-para-portugal\/\",\"name\":\"Jer\u00f4nimo comemora primeira exporta\u00e7\u00e3o conjunta da agricultura familiar da Bahia para Portugal - Portal MF\",\"isPartOf\":{\"@id\":\"https:\/\/portalmf.com.br\/#website\"},\"primaryImageOfPage\":{\"@id\":\"https:\/\/portalmf.com.br\/index.php\/2023\/12\/28\/jeronimo-comemora-primeira-exportacao-conjunta-da-agricultura-familiar-da-bahia-para-portugal\/#primaryimage\"},\"image\":{\"@id\":\"https:\/\/portalmf.com.br\/index.php\/2023\/12\/28\/jeronimo-comemora-primeira-exportacao-conjunta-da-agricultura-familiar-da-bahia-para-portugal\/#primaryimage\"},\"thumbnailUrl\":\"https:\/\/portalmf.com.br\/wp-content\/uploads\/2023\/12\/Govenador-Jeronimo-comemora-primeira-exportacao-conjunta-da-agricultura-familiar-da-Bahia-para-Portugal-3.jpeg\",\"datePublished\":\"2023-12-28T16:58:08+00:00\",\"dateModified\":\"2023-12-28T16:58:09+00:00\",\"author\":{\"@id\":\"https:\/\/portalmf.com.br\/#\/schema\/person\/9ec101baf56233e53520c26de5d6f6f0\"},\"breadcrumb\":{\"@id\":\"https:\/\/portalmf.com.br\/index.php\/2023\/12\/28\/jeronimo-comemora-primeira-exportacao-conjunta-da-agricultura-familiar-da-bahia-para-portugal\/#breadcrumb\"},\"inLanguage\":\"pt-BR\",\"potentialAction\":[{\"@type\":\"ReadAction\",\"target\":[\"https:\/\/portalmf.com.br\/index.php\/2023\/12\/28\/jeronimo-comemora-primeira-exportacao-conjunta-da-agricultura-familiar-da-bahia-para-portugal\/\"]}]},{\"@type\":\"ImageObject\",\"inLanguage\":\"pt-BR\",\"@id\":\"https:\/\/portalmf.com.br\/index.php\/2023\/12\/28\/jeronimo-comemora-primeira-exportacao-conjunta-da-agricultura-familiar-da-bahia-para-portugal\/#primaryimage\",\"url\":\"https:\/\/portalmf.com.br\/wp-content\/uploads\/2023\/12\/Govenador-Jeronimo-comemora-primeira-exportacao-conjunta-da-agricultura-familiar-da-Bahia-para-Portugal-3.jpeg\",\"contentUrl\":\"https:\/\/portalmf.com.br\/wp-content\/uploads\/2023\/12\/Govenador-Jeronimo-comemora-primeira-exportacao-conjunta-da-agricultura-familiar-da-Bahia-para-Portugal-3.jpeg\",\"width\":1280,\"height\":853},{\"@type\":\"BreadcrumbList\",\"@id\":\"https:\/\/portalmf.com.br\/index.php\/2023\/12\/28\/jeronimo-comemora-primeira-exportacao-conjunta-da-agricultura-familiar-da-bahia-para-portugal\/#breadcrumb\",\"itemListElement\":[{\"@type\":\"ListItem\",\"position\":1,\"name\":\"In\u00edcio\",\"item\":\"https:\/\/portalmf.com.br\/\"},{\"@type\":\"ListItem\",\"position\":2,\"name\":\"Jer\u00f4nimo comemora primeira exporta\u00e7\u00e3o conjunta da agricultura familiar da Bahia para Portugal\"}]},{\"@type\":\"WebSite\",\"@id\":\"https:\/\/portalmf.com.br\/#website\",\"url\":\"https:\/\/portalmf.com.br\/\",\"name\":\"Portal MF\",\"description\":\"Voc\u00ea conectado com a informa\u00e7\u00e3o\",\"potentialAction\":[{\"@type\":\"SearchAction\",\"target\":{\"@type\":\"EntryPoint\",\"urlTemplate\":\"https:\/\/portalmf.com.br\/?s={search_term_string}\"},\"query-input\":\"required name=search_term_string\"}],\"inLanguage\":\"pt-BR\"},{\"@type\":\"Person\",\"@id\":\"https:\/\/portalmf.com.br\/#\/schema\/person\/9ec101baf56233e53520c26de5d6f6f0\",\"name\":\"Reda\u00e7\u00e3o Portal MF\",\"image\":{\"@type\":\"ImageObject\",\"inLanguage\":\"pt-BR\",\"@id\":\"https:\/\/portalmf.com.br\/#\/schema\/person\/image\/\",\"url\":\"https:\/\/secure.gravatar.com\/avatar\/41b9aaeb2100835f7c64362330f74c7f?s=96&d=mm&r=g\",\"contentUrl\":\"https:\/\/secure.gravatar.com\/avatar\/41b9aaeb2100835f7c64362330f74c7f?s=96&d=mm&r=g\",\"caption\":\"Reda\u00e7\u00e3o Portal MF\"},\"description\":\"Sejam bem-vindos o portal de informa\u00e7\u00f5es de entretenimento de Feira de Santana, desde 2006 realiza coberturas dos principais eventos com entrevistas exclusivas com as principais personalidades mundiais. Fique conectado tamb\u00e9m nas redes sociais.\",\"sameAs\":[\"http:\/\/www.portalmf.com.br\/\",\"https:\/\/www.facebook.com\/portalmfoficial\",\"https:\/\/www.instagram.com\/portalmf\/\",\"https:\/\/x.com\/https:\/\/x.com\/portalmfoficial\",\"https:\/\/www.youtube.com\/@portalmfoficial\"],\"url\":\"https:\/\/portalmf.com.br\/index.php\/author\/junior\/\"}]}<\/script>\n<!-- \/ Yoast SEO plugin. -->","yoast_head_json":{"title":"Jer\u00f4nimo comemora primeira exporta\u00e7\u00e3o conjunta da agricultura familiar da Bahia para Portugal - Portal MF","robots":{"index":"index","follow":"follow","max-snippet":"max-snippet:-1","max-image-preview":"max-image-preview:large","max-video-preview":"max-video-preview:-1"},"canonical":"https:\/\/portalmf.com.br\/index.php\/2023\/12\/28\/jeronimo-comemora-primeira-exportacao-conjunta-da-agricultura-familiar-da-bahia-para-portugal\/","og_locale":"pt_BR","og_type":"article","og_title":"Jer\u00f4nimo comemora primeira exporta\u00e7\u00e3o conjunta da agricultura familiar da Bahia para Portugal - Portal MF","og_description":"Uma a\u00e7\u00e3o coletiva in\u00e9dita garantiu a exporta\u00e7\u00e3o de 12 toneladas de produtos da agricultura familiar para Lisboa, capital de Portugal. O governador Jer\u00f4nimo Rodrigues acompanhou, nesta quinta-feira(28), o carregamento do primeiro container com mais de 50 produtos diferentes de 11 cooperartivas da agricultura familiar da Bahia, abrindo uma janela de oportunidades de comercializa\u00e7\u00e3o na Europa. [&hellip;]","og_url":"https:\/\/portalmf.com.br\/index.php\/2023\/12\/28\/jeronimo-comemora-primeira-exportacao-conjunta-da-agricultura-familiar-da-bahia-para-portugal\/","og_site_name":"Portal MF","article_author":"https:\/\/www.facebook.com\/portalmfoficial","article_published_time":"2023-12-28T16:58:08+00:00","article_modified_time":"2023-12-28T16:58:09+00:00","og_image":[{"width":1280,"height":853,"url":"https:\/\/portalmf.com.br\/wp-content\/uploads\/2023\/12\/Govenador-Jeronimo-comemora-primeira-exportacao-conjunta-da-agricultura-familiar-da-Bahia-para-Portugal-3.jpeg","type":"image\/jpeg"}],"author":"Reda\u00e7\u00e3o Portal MF","twitter_card":"summary_large_image","twitter_creator":"@https:\/\/x.com\/portalmfoficial","twitter_misc":{"Escrito por":"Reda\u00e7\u00e3o Portal MF","Est. tempo de leitura":"2 minutos"},"schema":{"@context":"https:\/\/schema.org","@graph":[{"@type":"WebPage","@id":"https:\/\/portalmf.com.br\/index.php\/2023\/12\/28\/jeronimo-comemora-primeira-exportacao-conjunta-da-agricultura-familiar-da-bahia-para-portugal\/","url":"https:\/\/portalmf.com.br\/index.php\/2023\/12\/28\/jeronimo-comemora-primeira-exportacao-conjunta-da-agricultura-familiar-da-bahia-para-portugal\/","name":"Jer\u00f4nimo comemora primeira exporta\u00e7\u00e3o conjunta da agricultura familiar da Bahia para Portugal - Portal MF","isPartOf":{"@id":"https:\/\/portalmf.com.br\/#website"},"primaryImageOfPage":{"@id":"https:\/\/portalmf.com.br\/index.php\/2023\/12\/28\/jeronimo-comemora-primeira-exportacao-conjunta-da-agricultura-familiar-da-bahia-para-portugal\/#primaryimage"},"image":{"@id":"https:\/\/portalmf.com.br\/index.php\/2023\/12\/28\/jeronimo-comemora-primeira-exportacao-conjunta-da-agricultura-familiar-da-bahia-para-portugal\/#primaryimage"},"thumbnailUrl":"https:\/\/portalmf.com.br\/wp-content\/uploads\/2023\/12\/Govenador-Jeronimo-comemora-primeira-exportacao-conjunta-da-agricultura-familiar-da-Bahia-para-Portugal-3.jpeg","datePublished":"2023-12-28T16:58:08+00:00","dateModified":"2023-12-28T16:58:09+00:00","author":{"@id":"https:\/\/portalmf.com.br\/#\/schema\/person\/9ec101baf56233e53520c26de5d6f6f0"},"breadcrumb":{"@id":"https:\/\/portalmf.com.br\/index.php\/2023\/12\/28\/jeronimo-comemora-primeira-exportacao-conjunta-da-agricultura-familiar-da-bahia-para-portugal\/#breadcrumb"},"inLanguage":"pt-BR","potentialAction":[{"@type":"ReadAction","target":["https:\/\/portalmf.com.br\/index.php\/2023\/12\/28\/jeronimo-comemora-primeira-exportacao-conjunta-da-agricultura-familiar-da-bahia-para-portugal\/"]}]},{"@type":"ImageObject","inLanguage":"pt-BR","@id":"https:\/\/portalmf.com.br\/index.php\/2023\/12\/28\/jeronimo-comemora-primeira-exportacao-conjunta-da-agricultura-familiar-da-bahia-para-portugal\/#primaryimage","url":"https:\/\/portalmf.com.br\/wp-content\/uploads\/2023\/12\/Govenador-Jeronimo-comemora-primeira-exportacao-conjunta-da-agricultura-familiar-da-Bahia-para-Portugal-3.jpeg","contentUrl":"https:\/\/portalmf.com.br\/wp-content\/uploads\/2023\/12\/Govenador-Jeronimo-comemora-primeira-exportacao-conjunta-da-agricultura-familiar-da-Bahia-para-Portugal-3.jpeg","width":1280,"height":853},{"@type":"BreadcrumbList","@id":"https:\/\/portalmf.com.br\/index.php\/2023\/12\/28\/jeronimo-comemora-primeira-exportacao-conjunta-da-agricultura-familiar-da-bahia-para-portugal\/#breadcrumb","itemListElement":[{"@type":"ListItem","position":1,"name":"In\u00edcio","item":"https:\/\/portalmf.com.br\/"},{"@type":"ListItem","position":2,"name":"Jer\u00f4nimo comemora primeira exporta\u00e7\u00e3o conjunta da agricultura familiar da Bahia para Portugal"}]},{"@type":"WebSite","@id":"https:\/\/portalmf.com.br\/#website","url":"https:\/\/portalmf.com.br\/","name":"Portal MF","description":"Voc\u00ea conectado com a informa\u00e7\u00e3o","potentialAction":[{"@type":"SearchAction","target":{"@type":"EntryPoint","urlTemplate":"https:\/\/portalmf.com.br\/?s={search_term_string}"},"query-input":"required name=search_term_string"}],"inLanguage":"pt-BR"},{"@type":"Person","@id":"https:\/\/portalmf.com.br\/#\/schema\/person\/9ec101baf56233e53520c26de5d6f6f0","name":"Reda\u00e7\u00e3o Portal MF","image":{"@type":"ImageObject","inLanguage":"pt-BR","@id":"https:\/\/portalmf.com.br\/#\/schema\/person\/image\/","url":"https:\/\/secure.gravatar.com\/avatar\/41b9aaeb2100835f7c64362330f74c7f?s=96&d=mm&r=g","contentUrl":"https:\/\/secure.gravatar.com\/avatar\/41b9aaeb2100835f7c64362330f74c7f?s=96&d=mm&r=g","caption":"Reda\u00e7\u00e3o Portal MF"},"description":"Sejam bem-vindos o portal de informa\u00e7\u00f5es de entretenimento de Feira de Santana, desde 2006 realiza coberturas dos principais eventos com entrevistas exclusivas com as principais personalidades mundiais. Fique conectado tamb\u00e9m nas redes sociais.","sameAs":["http:\/\/www.portalmf.com.br\/","https:\/\/www.facebook.com\/portalmfoficial","https:\/\/www.instagram.com\/portalmf\/","https:\/\/x.com\/https:\/\/x.com\/portalmfoficial","https:\/\/www.youtube.com\/@portalmfoficial"],"url":"https:\/\/portalmf.com.br\/index.php\/author\/junior\/"}]}},"_links":{"self":[{"href":"https:\/\/portalmf.com.br\/index.php\/wp-json\/wp\/v2\/posts\/21320"}],"collection":[{"href":"https:\/\/portalmf.com.br\/index.php\/wp-json\/wp\/v2\/posts"}],"about":[{"href":"https:\/\/portalmf.com.br\/index.php\/wp-json\/wp\/v2\/types\/post"}],"author":[{"embeddable":true,"href":"https:\/\/portalmf.com.br\/index.php\/wp-json\/wp\/v2\/users\/3"}],"replies":[{"embeddable":true,"href":"https:\/\/portalmf.com.br\/index.php\/wp-json\/wp\/v2\/comments?post=21320"}],"version-history":[{"count":1,"href":"https:\/\/portalmf.com.br\/index.php\/wp-json\/wp\/v2\/posts\/21320\/revisions"}],"predecessor-version":[{"id":21326,"href":"https:\/\/portalmf.com.br\/index.php\/wp-json\/wp\/v2\/posts\/21320\/revisions\/21326"}],"wp:featuredmedia":[{"embeddable":true,"href":"https:\/\/portalmf.com.br\/index.php\/wp-json\/wp\/v2\/media\/21323"}],"wp:attachment":[{"href":"https:\/\/portalmf.com.br\/index.php\/wp-json\/wp\/v2\/media?parent=21320"}],"wp:term":[{"taxonomy":"category","embeddable":true,"href":"https:\/\/portalmf.com.br\/index.php\/wp-json\/wp\/v2\/categories?post=21320"},{"taxonomy":"post_tag","embeddable":true,"href":"https:\/\/portalmf.com.br\/index.php\/wp-json\/wp\/v2\/tags?post=21320"}],"curies":[{"name":"wp","href":"https:\/\/api.w.org\/{rel}","templated":true}]}}