{"id":21307,"date":"2023-12-28T13:42:36","date_gmt":"2023-12-28T16:42:36","guid":{"rendered":"https:\/\/portalmf.com.br\/?p=21307"},"modified":"2023-12-28T13:42:37","modified_gmt":"2023-12-28T16:42:37","slug":"cmpc-fecha-para-reforma-e-consultas-serao-remarcadas","status":"publish","type":"post","link":"https:\/\/portalmf.com.br\/index.php\/2023\/12\/28\/cmpc-fecha-para-reforma-e-consultas-serao-remarcadas\/","title":{"rendered":"CMPC fecha para reforma e consultas ser\u00e3o remarcadas"},"content":{"rendered":"\n<p>O Centro Municipal de Preven\u00e7\u00e3o ao C\u00e2ncer (CMPC) estar\u00e1 fechado para reforma de 2 a 5 de janeiro de 2024. A Funda\u00e7\u00e3o Hospitalar de Feira de Santana (FHFS), respons\u00e1vel pela gest\u00e3o do \u00f3rg\u00e3o, informou que todas as consultas agendadas para esse per\u00edodo ser\u00e3o remarcadas para a semana seguinte.<\/p>\n\n\n\n<p>A presidente da FHFS, Gilberte Lucas, explicou que as obras de reforma incluem a troca do piso e a reforma dos banheiros. &#8220;Essas interven\u00e7\u00f5es s\u00e3o necess\u00e1rias para garantir a qualidade do atendimento aos pacientes&#8221;, disse.<\/p>\n\n\n\n<p>Gilberte Lucas tamb\u00e9m informou que a data para a reforma foi escolhida para coincidir com a primeira semana de janeiro, quando a demanda por atendimento no CMPC \u00e9 menor.<\/p>\n\n\n\n<p><em>&#8220;A ordem de servi\u00e7o no valor de R$ 160 mil, autorizada pelo prefeito Colbert Filho, vai beneficiar o nosso atendimento&#8221;,<\/em> garantiu a presidente da FHFS.<\/p>\n\n\n\n<p>Com informa\u00e7\u00f5es da Secom<\/p>\n","protected":false},"excerpt":{"rendered":"<p>O Centro Municipal de Preven\u00e7\u00e3o ao C\u00e2ncer (CMPC) estar\u00e1 fechado para reforma de 2 a 5 de janeiro de 2024. A Funda\u00e7\u00e3o Hospitalar de Feira de Santana (FHFS), respons\u00e1vel pela gest\u00e3o do \u00f3rg\u00e3o, informou que todas as consultas agendadas para esse per\u00edodo ser\u00e3o remarcadas para a semana seguinte. A presidente da FHFS, Gilberte Lucas, explicou [&hellip;]<\/p>\n","protected":false},"author":3,"featured_media":21308,"comment_status":"open","ping_status":"open","sticky":false,"template":"","format":"standard","meta":{"_monsterinsights_skip_tracking":false,"_monsterinsights_sitenote_active":false,"_monsterinsights_sitenote_note":"","_monsterinsights_sitenote_category":0,"footnotes":""},"categories":[34],"tags":[],"yoast_head":"<!-- This site is optimized with the Yoast SEO plugin v22.9 - https:\/\/yoast.com\/wordpress\/plugins\/seo\/ -->\n<title>CMPC fecha para reforma e consultas ser\u00e3o remarcadas - Portal MF<\/title>\n<meta name=\"robots\" content=\"index, follow, max-snippet:-1, max-image-preview:large, max-video-preview:-1\" \/>\n<link rel=\"canonical\" href=\"https:\/\/portalmf.com.br\/index.php\/2023\/12\/28\/cmpc-fecha-para-reforma-e-consultas-serao-remarcadas\/\" \/>\n<meta property=\"og:locale\" content=\"pt_BR\" \/>\n<meta property=\"og:type\" content=\"article\" \/>\n<meta property=\"og:title\" content=\"CMPC fecha para reforma e consultas ser\u00e3o remarcadas - Portal MF\" \/>\n<meta property=\"og:description\" content=\"O Centro Municipal de Preven\u00e7\u00e3o ao C\u00e2ncer (CMPC) estar\u00e1 fechado para reforma de 2 a 5 de janeiro de 2024. A Funda\u00e7\u00e3o Hospitalar de Feira de Santana (FHFS), respons\u00e1vel pela gest\u00e3o do \u00f3rg\u00e3o, informou que todas as consultas agendadas para esse per\u00edodo ser\u00e3o remarcadas para a semana seguinte. A presidente da FHFS, Gilberte Lucas, explicou [&hellip;]\" \/>\n<meta property=\"og:url\" content=\"https:\/\/portalmf.com.br\/index.php\/2023\/12\/28\/cmpc-fecha-para-reforma-e-consultas-serao-remarcadas\/\" \/>\n<meta property=\"og:site_name\" content=\"Portal MF\" \/>\n<meta property=\"article:author\" content=\"https:\/\/www.facebook.com\/portalmfoficial\" \/>\n<meta property=\"article:published_time\" content=\"2023-12-28T16:42:36+00:00\" \/>\n<meta property=\"article:modified_time\" content=\"2023-12-28T16:42:37+00:00\" \/>\n<meta property=\"og:image\" content=\"https:\/\/portalmf.com.br\/wp-content\/uploads\/2023\/12\/CMPC-fecha-para-reforma-e-consultas-serao-remarcadas.jpg\" \/>\n\t<meta property=\"og:image:width\" content=\"1306\" \/>\n\t<meta property=\"og:image:height\" content=\"752\" \/>\n\t<meta property=\"og:image:type\" content=\"image\/jpeg\" \/>\n<meta name=\"author\" content=\"Reda\u00e7\u00e3o Portal MF\" \/>\n<meta name=\"twitter:card\" content=\"summary_large_image\" \/>\n<meta name=\"twitter:creator\" content=\"@https:\/\/x.com\/portalmfoficial\" \/>\n<meta name=\"twitter:label1\" content=\"Escrito por\" \/>\n\t<meta name=\"twitter:data1\" content=\"Reda\u00e7\u00e3o Portal MF\" \/>\n\t<meta name=\"twitter:label2\" content=\"Est. tempo de leitura\" \/>\n\t<meta name=\"twitter:data2\" content=\"1 minuto\" \/>\n<script type=\"application\/ld+json\" class=\"yoast-schema-graph\">{\"@context\":\"https:\/\/schema.org\",\"@graph\":[{\"@type\":\"WebPage\",\"@id\":\"https:\/\/portalmf.com.br\/index.php\/2023\/12\/28\/cmpc-fecha-para-reforma-e-consultas-serao-remarcadas\/\",\"url\":\"https:\/\/portalmf.com.br\/index.php\/2023\/12\/28\/cmpc-fecha-para-reforma-e-consultas-serao-remarcadas\/\",\"name\":\"CMPC fecha para reforma e consultas ser\u00e3o remarcadas - Portal MF\",\"isPartOf\":{\"@id\":\"https:\/\/portalmf.com.br\/#website\"},\"primaryImageOfPage\":{\"@id\":\"https:\/\/portalmf.com.br\/index.php\/2023\/12\/28\/cmpc-fecha-para-reforma-e-consultas-serao-remarcadas\/#primaryimage\"},\"image\":{\"@id\":\"https:\/\/portalmf.com.br\/index.php\/2023\/12\/28\/cmpc-fecha-para-reforma-e-consultas-serao-remarcadas\/#primaryimage\"},\"thumbnailUrl\":\"https:\/\/portalmf.com.br\/wp-content\/uploads\/2023\/12\/CMPC-fecha-para-reforma-e-consultas-serao-remarcadas.jpg\",\"datePublished\":\"2023-12-28T16:42:36+00:00\",\"dateModified\":\"2023-12-28T16:42:37+00:00\",\"author\":{\"@id\":\"https:\/\/portalmf.com.br\/#\/schema\/person\/9ec101baf56233e53520c26de5d6f6f0\"},\"breadcrumb\":{\"@id\":\"https:\/\/portalmf.com.br\/index.php\/2023\/12\/28\/cmpc-fecha-para-reforma-e-consultas-serao-remarcadas\/#breadcrumb\"},\"inLanguage\":\"pt-BR\",\"potentialAction\":[{\"@type\":\"ReadAction\",\"target\":[\"https:\/\/portalmf.com.br\/index.php\/2023\/12\/28\/cmpc-fecha-para-reforma-e-consultas-serao-remarcadas\/\"]}]},{\"@type\":\"ImageObject\",\"inLanguage\":\"pt-BR\",\"@id\":\"https:\/\/portalmf.com.br\/index.php\/2023\/12\/28\/cmpc-fecha-para-reforma-e-consultas-serao-remarcadas\/#primaryimage\",\"url\":\"https:\/\/portalmf.com.br\/wp-content\/uploads\/2023\/12\/CMPC-fecha-para-reforma-e-consultas-serao-remarcadas.jpg\",\"contentUrl\":\"https:\/\/portalmf.com.br\/wp-content\/uploads\/2023\/12\/CMPC-fecha-para-reforma-e-consultas-serao-remarcadas.jpg\",\"width\":1306,\"height\":752},{\"@type\":\"BreadcrumbList\",\"@id\":\"https:\/\/portalmf.com.br\/index.php\/2023\/12\/28\/cmpc-fecha-para-reforma-e-consultas-serao-remarcadas\/#breadcrumb\",\"itemListElement\":[{\"@type\":\"ListItem\",\"position\":1,\"name\":\"In\u00edcio\",\"item\":\"https:\/\/portalmf.com.br\/\"},{\"@type\":\"ListItem\",\"position\":2,\"name\":\"CMPC fecha para reforma e consultas ser\u00e3o remarcadas\"}]},{\"@type\":\"WebSite\",\"@id\":\"https:\/\/portalmf.com.br\/#website\",\"url\":\"https:\/\/portalmf.com.br\/\",\"name\":\"Portal MF\",\"description\":\"Voc\u00ea conectado com a informa\u00e7\u00e3o\",\"potentialAction\":[{\"@type\":\"SearchAction\",\"target\":{\"@type\":\"EntryPoint\",\"urlTemplate\":\"https:\/\/portalmf.com.br\/?s={search_term_string}\"},\"query-input\":\"required name=search_term_string\"}],\"inLanguage\":\"pt-BR\"},{\"@type\":\"Person\",\"@id\":\"https:\/\/portalmf.com.br\/#\/schema\/person\/9ec101baf56233e53520c26de5d6f6f0\",\"name\":\"Reda\u00e7\u00e3o Portal MF\",\"image\":{\"@type\":\"ImageObject\",\"inLanguage\":\"pt-BR\",\"@id\":\"https:\/\/portalmf.com.br\/#\/schema\/person\/image\/\",\"url\":\"https:\/\/secure.gravatar.com\/avatar\/41b9aaeb2100835f7c64362330f74c7f?s=96&d=mm&r=g\",\"contentUrl\":\"https:\/\/secure.gravatar.com\/avatar\/41b9aaeb2100835f7c64362330f74c7f?s=96&d=mm&r=g\",\"caption\":\"Reda\u00e7\u00e3o Portal MF\"},\"description\":\"Sejam bem-vindos o portal de informa\u00e7\u00f5es de entretenimento de Feira de Santana, desde 2006 realiza coberturas dos principais eventos com entrevistas exclusivas com as principais personalidades mundiais. Fique conectado tamb\u00e9m nas redes sociais.\",\"sameAs\":[\"http:\/\/www.portalmf.com.br\/\",\"https:\/\/www.facebook.com\/portalmfoficial\",\"https:\/\/www.instagram.com\/portalmf\/\",\"https:\/\/x.com\/https:\/\/x.com\/portalmfoficial\",\"https:\/\/www.youtube.com\/@portalmfoficial\"],\"url\":\"https:\/\/portalmf.com.br\/index.php\/author\/junior\/\"}]}<\/script>\n<!-- \/ Yoast SEO plugin. -->","yoast_head_json":{"title":"CMPC fecha para reforma e consultas ser\u00e3o remarcadas - Portal MF","robots":{"index":"index","follow":"follow","max-snippet":"max-snippet:-1","max-image-preview":"max-image-preview:large","max-video-preview":"max-video-preview:-1"},"canonical":"https:\/\/portalmf.com.br\/index.php\/2023\/12\/28\/cmpc-fecha-para-reforma-e-consultas-serao-remarcadas\/","og_locale":"pt_BR","og_type":"article","og_title":"CMPC fecha para reforma e consultas ser\u00e3o remarcadas - Portal MF","og_description":"O Centro Municipal de Preven\u00e7\u00e3o ao C\u00e2ncer (CMPC) estar\u00e1 fechado para reforma de 2 a 5 de janeiro de 2024. A Funda\u00e7\u00e3o Hospitalar de Feira de Santana (FHFS), respons\u00e1vel pela gest\u00e3o do \u00f3rg\u00e3o, informou que todas as consultas agendadas para esse per\u00edodo ser\u00e3o remarcadas para a semana seguinte. A presidente da FHFS, Gilberte Lucas, explicou [&hellip;]","og_url":"https:\/\/portalmf.com.br\/index.php\/2023\/12\/28\/cmpc-fecha-para-reforma-e-consultas-serao-remarcadas\/","og_site_name":"Portal MF","article_author":"https:\/\/www.facebook.com\/portalmfoficial","article_published_time":"2023-12-28T16:42:36+00:00","article_modified_time":"2023-12-28T16:42:37+00:00","og_image":[{"width":1306,"height":752,"url":"https:\/\/portalmf.com.br\/wp-content\/uploads\/2023\/12\/CMPC-fecha-para-reforma-e-consultas-serao-remarcadas.jpg","type":"image\/jpeg"}],"author":"Reda\u00e7\u00e3o Portal MF","twitter_card":"summary_large_image","twitter_creator":"@https:\/\/x.com\/portalmfoficial","twitter_misc":{"Escrito por":"Reda\u00e7\u00e3o Portal MF","Est. tempo de leitura":"1 minuto"},"schema":{"@context":"https:\/\/schema.org","@graph":[{"@type":"WebPage","@id":"https:\/\/portalmf.com.br\/index.php\/2023\/12\/28\/cmpc-fecha-para-reforma-e-consultas-serao-remarcadas\/","url":"https:\/\/portalmf.com.br\/index.php\/2023\/12\/28\/cmpc-fecha-para-reforma-e-consultas-serao-remarcadas\/","name":"CMPC fecha para reforma e consultas ser\u00e3o remarcadas - Portal MF","isPartOf":{"@id":"https:\/\/portalmf.com.br\/#website"},"primaryImageOfPage":{"@id":"https:\/\/portalmf.com.br\/index.php\/2023\/12\/28\/cmpc-fecha-para-reforma-e-consultas-serao-remarcadas\/#primaryimage"},"image":{"@id":"https:\/\/portalmf.com.br\/index.php\/2023\/12\/28\/cmpc-fecha-para-reforma-e-consultas-serao-remarcadas\/#primaryimage"},"thumbnailUrl":"https:\/\/portalmf.com.br\/wp-content\/uploads\/2023\/12\/CMPC-fecha-para-reforma-e-consultas-serao-remarcadas.jpg","datePublished":"2023-12-28T16:42:36+00:00","dateModified":"2023-12-28T16:42:37+00:00","author":{"@id":"https:\/\/portalmf.com.br\/#\/schema\/person\/9ec101baf56233e53520c26de5d6f6f0"},"breadcrumb":{"@id":"https:\/\/portalmf.com.br\/index.php\/2023\/12\/28\/cmpc-fecha-para-reforma-e-consultas-serao-remarcadas\/#breadcrumb"},"inLanguage":"pt-BR","potentialAction":[{"@type":"ReadAction","target":["https:\/\/portalmf.com.br\/index.php\/2023\/12\/28\/cmpc-fecha-para-reforma-e-consultas-serao-remarcadas\/"]}]},{"@type":"ImageObject","inLanguage":"pt-BR","@id":"https:\/\/portalmf.com.br\/index.php\/2023\/12\/28\/cmpc-fecha-para-reforma-e-consultas-serao-remarcadas\/#primaryimage","url":"https:\/\/portalmf.com.br\/wp-content\/uploads\/2023\/12\/CMPC-fecha-para-reforma-e-consultas-serao-remarcadas.jpg","contentUrl":"https:\/\/portalmf.com.br\/wp-content\/uploads\/2023\/12\/CMPC-fecha-para-reforma-e-consultas-serao-remarcadas.jpg","width":1306,"height":752},{"@type":"BreadcrumbList","@id":"https:\/\/portalmf.com.br\/index.php\/2023\/12\/28\/cmpc-fecha-para-reforma-e-consultas-serao-remarcadas\/#breadcrumb","itemListElement":[{"@type":"ListItem","position":1,"name":"In\u00edcio","item":"https:\/\/portalmf.com.br\/"},{"@type":"ListItem","position":2,"name":"CMPC fecha para reforma e consultas ser\u00e3o remarcadas"}]},{"@type":"WebSite","@id":"https:\/\/portalmf.com.br\/#website","url":"https:\/\/portalmf.com.br\/","name":"Portal MF","description":"Voc\u00ea conectado com a informa\u00e7\u00e3o","potentialAction":[{"@type":"SearchAction","target":{"@type":"EntryPoint","urlTemplate":"https:\/\/portalmf.com.br\/?s={search_term_string}"},"query-input":"required name=search_term_string"}],"inLanguage":"pt-BR"},{"@type":"Person","@id":"https:\/\/portalmf.com.br\/#\/schema\/person\/9ec101baf56233e53520c26de5d6f6f0","name":"Reda\u00e7\u00e3o Portal MF","image":{"@type":"ImageObject","inLanguage":"pt-BR","@id":"https:\/\/portalmf.com.br\/#\/schema\/person\/image\/","url":"https:\/\/secure.gravatar.com\/avatar\/41b9aaeb2100835f7c64362330f74c7f?s=96&d=mm&r=g","contentUrl":"https:\/\/secure.gravatar.com\/avatar\/41b9aaeb2100835f7c64362330f74c7f?s=96&d=mm&r=g","caption":"Reda\u00e7\u00e3o Portal MF"},"description":"Sejam bem-vindos o portal de informa\u00e7\u00f5es de entretenimento de Feira de Santana, desde 2006 realiza coberturas dos principais eventos com entrevistas exclusivas com as principais personalidades mundiais. Fique conectado tamb\u00e9m nas redes sociais.","sameAs":["http:\/\/www.portalmf.com.br\/","https:\/\/www.facebook.com\/portalmfoficial","https:\/\/www.instagram.com\/portalmf\/","https:\/\/x.com\/https:\/\/x.com\/portalmfoficial","https:\/\/www.youtube.com\/@portalmfoficial"],"url":"https:\/\/portalmf.com.br\/index.php\/author\/junior\/"}]}},"_links":{"self":[{"href":"https:\/\/portalmf.com.br\/index.php\/wp-json\/wp\/v2\/posts\/21307"}],"collection":[{"href":"https:\/\/portalmf.com.br\/index.php\/wp-json\/wp\/v2\/posts"}],"about":[{"href":"https:\/\/portalmf.com.br\/index.php\/wp-json\/wp\/v2\/types\/post"}],"author":[{"embeddable":true,"href":"https:\/\/portalmf.com.br\/index.php\/wp-json\/wp\/v2\/users\/3"}],"replies":[{"embeddable":true,"href":"https:\/\/portalmf.com.br\/index.php\/wp-json\/wp\/v2\/comments?post=21307"}],"version-history":[{"count":1,"href":"https:\/\/portalmf.com.br\/index.php\/wp-json\/wp\/v2\/posts\/21307\/revisions"}],"predecessor-version":[{"id":21309,"href":"https:\/\/portalmf.com.br\/index.php\/wp-json\/wp\/v2\/posts\/21307\/revisions\/21309"}],"wp:featuredmedia":[{"embeddable":true,"href":"https:\/\/portalmf.com.br\/index.php\/wp-json\/wp\/v2\/media\/21308"}],"wp:attachment":[{"href":"https:\/\/portalmf.com.br\/index.php\/wp-json\/wp\/v2\/media?parent=21307"}],"wp:term":[{"taxonomy":"category","embeddable":true,"href":"https:\/\/portalmf.com.br\/index.php\/wp-json\/wp\/v2\/categories?post=21307"},{"taxonomy":"post_tag","embeddable":true,"href":"https:\/\/portalmf.com.br\/index.php\/wp-json\/wp\/v2\/tags?post=21307"}],"curies":[{"name":"wp","href":"https:\/\/api.w.org\/{rel}","templated":true}]}}