{"id":21304,"date":"2023-12-28T13:41:01","date_gmt":"2023-12-28T16:41:01","guid":{"rendered":"https:\/\/portalmf.com.br\/?p=21304"},"modified":"2023-12-28T13:41:04","modified_gmt":"2023-12-28T16:41:04","slug":"mais-de-60-projetos-de-lei-aprovados-pela-camara-de-feira-em-2023-alem-de-146-requerimentos-a-orgaos-publicos","status":"publish","type":"post","link":"https:\/\/portalmf.com.br\/index.php\/2023\/12\/28\/mais-de-60-projetos-de-lei-aprovados-pela-camara-de-feira-em-2023-alem-de-146-requerimentos-a-orgaos-publicos\/","title":{"rendered":"Mais de 60 projetos de lei aprovados pela C\u00e2mara de Feira, em 2023, al\u00e9m de 146 requerimentos a \u00f3rg\u00e3os p\u00fablicos"},"content":{"rendered":"\n<p>Somando-se projetos de lei, emendas \u00e0 Lei Org\u00e2nica, indica\u00e7\u00f5es e requerimentos, a C\u00e2mara Municipal de Feira de Santana movimentou um total de 1.596 proposi\u00e7\u00f5es, em 2023. Os dados compilados pela Ger\u00eancia Legislativa revelam que, ao longo do ano, foram apresentados pelos parlamentares 128 projetos, 1.320 indica\u00e7\u00f5es (lidas e encaminhadas) e aprovados 146 requerimentos, dirigidos a autoridades e \u00f3rg\u00e3os p\u00fablicos. Um dos principais instrumentos de a\u00e7\u00e3o dos vereadores, as proposi\u00e7\u00f5es visam proporcionar melhorias da qualidade de vida dos feirenses, nas mais diversas \u00e1reas, a exemplo da sa\u00fade, educa\u00e7\u00e3o, transporte p\u00fablico e gest\u00e3o municipal, de modo geral.<\/p>\n\n\n\n<p>Em rela\u00e7\u00e3o a projetos de leis ordin\u00e1rias, houve apresenta\u00e7\u00e3o de 119 iniciativas. Sendo 101 originadas no Legislativo e 18 enviadas pelo Poder Executivo. Do total, 56 foram aprovados, dois rejeitados, 11 permanecem nas comiss\u00f5es, aguardando parecer, e 50 est\u00e3o em tramita\u00e7\u00e3o. O levantamento registra 40 leis ordin\u00e1rias sancionadas \u2013 ato do Poder Executivo que, uma vez publicado no Di\u00e1rio Oficial, torna lei o projeto aprovado em plen\u00e1rio \u2013 e 25 aguardando san\u00e7\u00e3o.<\/p>\n\n\n\n<p>J\u00e1 projetos de lei complementar, contabilizou-se um total de nove proposi\u00e7\u00f5es (seis de autoria do Executivo e tr\u00eas do Legislativo), o que resultou em sete propostas aprovadas. Destas, quatro foram sancionados e se tornaram leis e duas continuam em tramita\u00e7\u00e3o. Ainda, conforme o balan\u00e7o do Legislativo, duas propostas de Emenda \u00e0 Lei Org\u00e2nica do Munic\u00edpio foram aprovadas neste per\u00edodo e promulgadas pela presidente da C\u00e2mara, Eremita Mota (PSDB) \u2013 portanto, encontram-se em vigor.<\/p>\n\n\n\n<p>Al\u00e9m disso, o relat\u00f3rio demonstrou que dos 73 projetos de decretos legislativos apresentados, 66 obtiveram aprova\u00e7\u00e3o da Casa da Cidadania. Salientando-se que 58 destas mat\u00e9rias foram promulgadas, oito aguardam por promulga\u00e7\u00e3o, dois est\u00e3o em an\u00e1lise nas comiss\u00f5es e cinco em tramita\u00e7\u00e3o. Ao longo deste ano, houve aprova\u00e7\u00e3o e promulga\u00e7\u00e3o de tr\u00eas projetos de resolu\u00e7\u00e3o. O Legislativo contabilizou 132 mo\u00e7\u00f5es apresentadas, tratando dos mais diversos temas.<\/p>\n\n\n\n<p>A presidente Eremita Mota considera ter sido 2023 um ano \u201cmuito produtivo\u201d para a C\u00e2mara, no que diz respeito a projetos e requerimentos aprovados. <\/p>\n\n\n\n<p><em>\u201cTudo o que tramitou de forma regimental e em benef\u00edcio da sociedade, n\u00f3s aprovamos. O Poder Legislativo feirense tem demonstrado todo o cuidado para n\u00e3o tornar lei aquilo que n\u00e3o esteja em conformidade ou que possa causar qualquer dano ao cidad\u00e3o\u201d,<\/em> disse a dirigente. Neste sentido, ela acrescenta, a Mesa Diretora tem contado com a compreens\u00e3o por parte dos vereadores, que evitam apresentar proposi\u00e7\u00e3o de conte\u00fado inconstitucional.<\/p>\n","protected":false},"excerpt":{"rendered":"<p>Somando-se projetos de lei, emendas \u00e0 Lei Org\u00e2nica, indica\u00e7\u00f5es e requerimentos, a C\u00e2mara Municipal de Feira de Santana movimentou um total de 1.596 proposi\u00e7\u00f5es, em 2023. Os dados compilados pela Ger\u00eancia Legislativa revelam que, ao longo do ano, foram apresentados pelos parlamentares 128 projetos, 1.320 indica\u00e7\u00f5es (lidas e encaminhadas) e aprovados 146 requerimentos, dirigidos a [&hellip;]<\/p>\n","protected":false},"author":3,"featured_media":21305,"comment_status":"open","ping_status":"open","sticky":false,"template":"","format":"standard","meta":{"_monsterinsights_skip_tracking":false,"_monsterinsights_sitenote_active":false,"_monsterinsights_sitenote_note":"","_monsterinsights_sitenote_category":0,"footnotes":""},"categories":[34],"tags":[],"yoast_head":"<!-- This site is optimized with the Yoast SEO plugin v22.9 - https:\/\/yoast.com\/wordpress\/plugins\/seo\/ -->\n<title>Mais de 60 projetos de lei aprovados pela C\u00e2mara de Feira, em 2023, al\u00e9m de 146 requerimentos a \u00f3rg\u00e3os p\u00fablicos - Portal MF<\/title>\n<meta name=\"robots\" content=\"index, follow, max-snippet:-1, max-image-preview:large, max-video-preview:-1\" \/>\n<link rel=\"canonical\" href=\"https:\/\/portalmf.com.br\/index.php\/2023\/12\/28\/mais-de-60-projetos-de-lei-aprovados-pela-camara-de-feira-em-2023-alem-de-146-requerimentos-a-orgaos-publicos\/\" \/>\n<meta property=\"og:locale\" content=\"pt_BR\" \/>\n<meta property=\"og:type\" content=\"article\" \/>\n<meta property=\"og:title\" content=\"Mais de 60 projetos de lei aprovados pela C\u00e2mara de Feira, em 2023, al\u00e9m de 146 requerimentos a \u00f3rg\u00e3os p\u00fablicos - Portal MF\" \/>\n<meta property=\"og:description\" content=\"Somando-se projetos de lei, emendas \u00e0 Lei Org\u00e2nica, indica\u00e7\u00f5es e requerimentos, a C\u00e2mara Municipal de Feira de Santana movimentou um total de 1.596 proposi\u00e7\u00f5es, em 2023. Os dados compilados pela Ger\u00eancia Legislativa revelam que, ao longo do ano, foram apresentados pelos parlamentares 128 projetos, 1.320 indica\u00e7\u00f5es (lidas e encaminhadas) e aprovados 146 requerimentos, dirigidos a [&hellip;]\" \/>\n<meta property=\"og:url\" content=\"https:\/\/portalmf.com.br\/index.php\/2023\/12\/28\/mais-de-60-projetos-de-lei-aprovados-pela-camara-de-feira-em-2023-alem-de-146-requerimentos-a-orgaos-publicos\/\" \/>\n<meta property=\"og:site_name\" content=\"Portal MF\" \/>\n<meta property=\"article:author\" content=\"https:\/\/www.facebook.com\/portalmfoficial\" \/>\n<meta property=\"article:published_time\" content=\"2023-12-28T16:41:01+00:00\" \/>\n<meta property=\"article:modified_time\" content=\"2023-12-28T16:41:04+00:00\" \/>\n<meta property=\"og:image\" content=\"https:\/\/portalmf.com.br\/wp-content\/uploads\/2023\/12\/camara.jpg\" \/>\n\t<meta property=\"og:image:width\" content=\"1600\" \/>\n\t<meta property=\"og:image:height\" content=\"1066\" \/>\n\t<meta property=\"og:image:type\" content=\"image\/jpeg\" \/>\n<meta name=\"author\" content=\"Reda\u00e7\u00e3o Portal MF\" \/>\n<meta name=\"twitter:card\" content=\"summary_large_image\" \/>\n<meta name=\"twitter:creator\" content=\"@https:\/\/x.com\/portalmfoficial\" \/>\n<meta name=\"twitter:label1\" content=\"Escrito por\" \/>\n\t<meta name=\"twitter:data1\" content=\"Reda\u00e7\u00e3o Portal MF\" \/>\n\t<meta name=\"twitter:label2\" content=\"Est. tempo de leitura\" \/>\n\t<meta name=\"twitter:data2\" content=\"3 minutos\" \/>\n<script type=\"application\/ld+json\" class=\"yoast-schema-graph\">{\"@context\":\"https:\/\/schema.org\",\"@graph\":[{\"@type\":\"WebPage\",\"@id\":\"https:\/\/portalmf.com.br\/index.php\/2023\/12\/28\/mais-de-60-projetos-de-lei-aprovados-pela-camara-de-feira-em-2023-alem-de-146-requerimentos-a-orgaos-publicos\/\",\"url\":\"https:\/\/portalmf.com.br\/index.php\/2023\/12\/28\/mais-de-60-projetos-de-lei-aprovados-pela-camara-de-feira-em-2023-alem-de-146-requerimentos-a-orgaos-publicos\/\",\"name\":\"Mais de 60 projetos de lei aprovados pela C\u00e2mara de Feira, em 2023, al\u00e9m de 146 requerimentos a \u00f3rg\u00e3os p\u00fablicos - Portal MF\",\"isPartOf\":{\"@id\":\"https:\/\/portalmf.com.br\/#website\"},\"primaryImageOfPage\":{\"@id\":\"https:\/\/portalmf.com.br\/index.php\/2023\/12\/28\/mais-de-60-projetos-de-lei-aprovados-pela-camara-de-feira-em-2023-alem-de-146-requerimentos-a-orgaos-publicos\/#primaryimage\"},\"image\":{\"@id\":\"https:\/\/portalmf.com.br\/index.php\/2023\/12\/28\/mais-de-60-projetos-de-lei-aprovados-pela-camara-de-feira-em-2023-alem-de-146-requerimentos-a-orgaos-publicos\/#primaryimage\"},\"thumbnailUrl\":\"https:\/\/portalmf.com.br\/wp-content\/uploads\/2023\/12\/camara.jpg\",\"datePublished\":\"2023-12-28T16:41:01+00:00\",\"dateModified\":\"2023-12-28T16:41:04+00:00\",\"author\":{\"@id\":\"https:\/\/portalmf.com.br\/#\/schema\/person\/9ec101baf56233e53520c26de5d6f6f0\"},\"breadcrumb\":{\"@id\":\"https:\/\/portalmf.com.br\/index.php\/2023\/12\/28\/mais-de-60-projetos-de-lei-aprovados-pela-camara-de-feira-em-2023-alem-de-146-requerimentos-a-orgaos-publicos\/#breadcrumb\"},\"inLanguage\":\"pt-BR\",\"potentialAction\":[{\"@type\":\"ReadAction\",\"target\":[\"https:\/\/portalmf.com.br\/index.php\/2023\/12\/28\/mais-de-60-projetos-de-lei-aprovados-pela-camara-de-feira-em-2023-alem-de-146-requerimentos-a-orgaos-publicos\/\"]}]},{\"@type\":\"ImageObject\",\"inLanguage\":\"pt-BR\",\"@id\":\"https:\/\/portalmf.com.br\/index.php\/2023\/12\/28\/mais-de-60-projetos-de-lei-aprovados-pela-camara-de-feira-em-2023-alem-de-146-requerimentos-a-orgaos-publicos\/#primaryimage\",\"url\":\"https:\/\/portalmf.com.br\/wp-content\/uploads\/2023\/12\/camara.jpg\",\"contentUrl\":\"https:\/\/portalmf.com.br\/wp-content\/uploads\/2023\/12\/camara.jpg\",\"width\":1600,\"height\":1066},{\"@type\":\"BreadcrumbList\",\"@id\":\"https:\/\/portalmf.com.br\/index.php\/2023\/12\/28\/mais-de-60-projetos-de-lei-aprovados-pela-camara-de-feira-em-2023-alem-de-146-requerimentos-a-orgaos-publicos\/#breadcrumb\",\"itemListElement\":[{\"@type\":\"ListItem\",\"position\":1,\"name\":\"In\u00edcio\",\"item\":\"https:\/\/portalmf.com.br\/\"},{\"@type\":\"ListItem\",\"position\":2,\"name\":\"Mais de 60 projetos de lei aprovados pela C\u00e2mara de Feira, em 2023, al\u00e9m de 146 requerimentos a \u00f3rg\u00e3os p\u00fablicos\"}]},{\"@type\":\"WebSite\",\"@id\":\"https:\/\/portalmf.com.br\/#website\",\"url\":\"https:\/\/portalmf.com.br\/\",\"name\":\"Portal MF\",\"description\":\"Voc\u00ea conectado com a informa\u00e7\u00e3o\",\"potentialAction\":[{\"@type\":\"SearchAction\",\"target\":{\"@type\":\"EntryPoint\",\"urlTemplate\":\"https:\/\/portalmf.com.br\/?s={search_term_string}\"},\"query-input\":\"required name=search_term_string\"}],\"inLanguage\":\"pt-BR\"},{\"@type\":\"Person\",\"@id\":\"https:\/\/portalmf.com.br\/#\/schema\/person\/9ec101baf56233e53520c26de5d6f6f0\",\"name\":\"Reda\u00e7\u00e3o Portal MF\",\"image\":{\"@type\":\"ImageObject\",\"inLanguage\":\"pt-BR\",\"@id\":\"https:\/\/portalmf.com.br\/#\/schema\/person\/image\/\",\"url\":\"https:\/\/secure.gravatar.com\/avatar\/41b9aaeb2100835f7c64362330f74c7f?s=96&d=mm&r=g\",\"contentUrl\":\"https:\/\/secure.gravatar.com\/avatar\/41b9aaeb2100835f7c64362330f74c7f?s=96&d=mm&r=g\",\"caption\":\"Reda\u00e7\u00e3o Portal MF\"},\"description\":\"Sejam bem-vindos o portal de informa\u00e7\u00f5es de entretenimento de Feira de Santana, desde 2006 realiza coberturas dos principais eventos com entrevistas exclusivas com as principais personalidades mundiais. Fique conectado tamb\u00e9m nas redes sociais.\",\"sameAs\":[\"http:\/\/www.portalmf.com.br\/\",\"https:\/\/www.facebook.com\/portalmfoficial\",\"https:\/\/www.instagram.com\/portalmf\/\",\"https:\/\/x.com\/https:\/\/x.com\/portalmfoficial\",\"https:\/\/www.youtube.com\/@portalmfoficial\"],\"url\":\"https:\/\/portalmf.com.br\/index.php\/author\/junior\/\"}]}<\/script>\n<!-- \/ Yoast SEO plugin. -->","yoast_head_json":{"title":"Mais de 60 projetos de lei aprovados pela C\u00e2mara de Feira, em 2023, al\u00e9m de 146 requerimentos a \u00f3rg\u00e3os p\u00fablicos - Portal MF","robots":{"index":"index","follow":"follow","max-snippet":"max-snippet:-1","max-image-preview":"max-image-preview:large","max-video-preview":"max-video-preview:-1"},"canonical":"https:\/\/portalmf.com.br\/index.php\/2023\/12\/28\/mais-de-60-projetos-de-lei-aprovados-pela-camara-de-feira-em-2023-alem-de-146-requerimentos-a-orgaos-publicos\/","og_locale":"pt_BR","og_type":"article","og_title":"Mais de 60 projetos de lei aprovados pela C\u00e2mara de Feira, em 2023, al\u00e9m de 146 requerimentos a \u00f3rg\u00e3os p\u00fablicos - Portal MF","og_description":"Somando-se projetos de lei, emendas \u00e0 Lei Org\u00e2nica, indica\u00e7\u00f5es e requerimentos, a C\u00e2mara Municipal de Feira de Santana movimentou um total de 1.596 proposi\u00e7\u00f5es, em 2023. Os dados compilados pela Ger\u00eancia Legislativa revelam que, ao longo do ano, foram apresentados pelos parlamentares 128 projetos, 1.320 indica\u00e7\u00f5es (lidas e encaminhadas) e aprovados 146 requerimentos, dirigidos a [&hellip;]","og_url":"https:\/\/portalmf.com.br\/index.php\/2023\/12\/28\/mais-de-60-projetos-de-lei-aprovados-pela-camara-de-feira-em-2023-alem-de-146-requerimentos-a-orgaos-publicos\/","og_site_name":"Portal MF","article_author":"https:\/\/www.facebook.com\/portalmfoficial","article_published_time":"2023-12-28T16:41:01+00:00","article_modified_time":"2023-12-28T16:41:04+00:00","og_image":[{"width":1600,"height":1066,"url":"https:\/\/portalmf.com.br\/wp-content\/uploads\/2023\/12\/camara.jpg","type":"image\/jpeg"}],"author":"Reda\u00e7\u00e3o Portal MF","twitter_card":"summary_large_image","twitter_creator":"@https:\/\/x.com\/portalmfoficial","twitter_misc":{"Escrito por":"Reda\u00e7\u00e3o Portal MF","Est. tempo de leitura":"3 minutos"},"schema":{"@context":"https:\/\/schema.org","@graph":[{"@type":"WebPage","@id":"https:\/\/portalmf.com.br\/index.php\/2023\/12\/28\/mais-de-60-projetos-de-lei-aprovados-pela-camara-de-feira-em-2023-alem-de-146-requerimentos-a-orgaos-publicos\/","url":"https:\/\/portalmf.com.br\/index.php\/2023\/12\/28\/mais-de-60-projetos-de-lei-aprovados-pela-camara-de-feira-em-2023-alem-de-146-requerimentos-a-orgaos-publicos\/","name":"Mais de 60 projetos de lei aprovados pela C\u00e2mara de Feira, em 2023, al\u00e9m de 146 requerimentos a \u00f3rg\u00e3os p\u00fablicos - Portal MF","isPartOf":{"@id":"https:\/\/portalmf.com.br\/#website"},"primaryImageOfPage":{"@id":"https:\/\/portalmf.com.br\/index.php\/2023\/12\/28\/mais-de-60-projetos-de-lei-aprovados-pela-camara-de-feira-em-2023-alem-de-146-requerimentos-a-orgaos-publicos\/#primaryimage"},"image":{"@id":"https:\/\/portalmf.com.br\/index.php\/2023\/12\/28\/mais-de-60-projetos-de-lei-aprovados-pela-camara-de-feira-em-2023-alem-de-146-requerimentos-a-orgaos-publicos\/#primaryimage"},"thumbnailUrl":"https:\/\/portalmf.com.br\/wp-content\/uploads\/2023\/12\/camara.jpg","datePublished":"2023-12-28T16:41:01+00:00","dateModified":"2023-12-28T16:41:04+00:00","author":{"@id":"https:\/\/portalmf.com.br\/#\/schema\/person\/9ec101baf56233e53520c26de5d6f6f0"},"breadcrumb":{"@id":"https:\/\/portalmf.com.br\/index.php\/2023\/12\/28\/mais-de-60-projetos-de-lei-aprovados-pela-camara-de-feira-em-2023-alem-de-146-requerimentos-a-orgaos-publicos\/#breadcrumb"},"inLanguage":"pt-BR","potentialAction":[{"@type":"ReadAction","target":["https:\/\/portalmf.com.br\/index.php\/2023\/12\/28\/mais-de-60-projetos-de-lei-aprovados-pela-camara-de-feira-em-2023-alem-de-146-requerimentos-a-orgaos-publicos\/"]}]},{"@type":"ImageObject","inLanguage":"pt-BR","@id":"https:\/\/portalmf.com.br\/index.php\/2023\/12\/28\/mais-de-60-projetos-de-lei-aprovados-pela-camara-de-feira-em-2023-alem-de-146-requerimentos-a-orgaos-publicos\/#primaryimage","url":"https:\/\/portalmf.com.br\/wp-content\/uploads\/2023\/12\/camara.jpg","contentUrl":"https:\/\/portalmf.com.br\/wp-content\/uploads\/2023\/12\/camara.jpg","width":1600,"height":1066},{"@type":"BreadcrumbList","@id":"https:\/\/portalmf.com.br\/index.php\/2023\/12\/28\/mais-de-60-projetos-de-lei-aprovados-pela-camara-de-feira-em-2023-alem-de-146-requerimentos-a-orgaos-publicos\/#breadcrumb","itemListElement":[{"@type":"ListItem","position":1,"name":"In\u00edcio","item":"https:\/\/portalmf.com.br\/"},{"@type":"ListItem","position":2,"name":"Mais de 60 projetos de lei aprovados pela C\u00e2mara de Feira, em 2023, al\u00e9m de 146 requerimentos a \u00f3rg\u00e3os p\u00fablicos"}]},{"@type":"WebSite","@id":"https:\/\/portalmf.com.br\/#website","url":"https:\/\/portalmf.com.br\/","name":"Portal MF","description":"Voc\u00ea conectado com a informa\u00e7\u00e3o","potentialAction":[{"@type":"SearchAction","target":{"@type":"EntryPoint","urlTemplate":"https:\/\/portalmf.com.br\/?s={search_term_string}"},"query-input":"required name=search_term_string"}],"inLanguage":"pt-BR"},{"@type":"Person","@id":"https:\/\/portalmf.com.br\/#\/schema\/person\/9ec101baf56233e53520c26de5d6f6f0","name":"Reda\u00e7\u00e3o Portal MF","image":{"@type":"ImageObject","inLanguage":"pt-BR","@id":"https:\/\/portalmf.com.br\/#\/schema\/person\/image\/","url":"https:\/\/secure.gravatar.com\/avatar\/41b9aaeb2100835f7c64362330f74c7f?s=96&d=mm&r=g","contentUrl":"https:\/\/secure.gravatar.com\/avatar\/41b9aaeb2100835f7c64362330f74c7f?s=96&d=mm&r=g","caption":"Reda\u00e7\u00e3o Portal MF"},"description":"Sejam bem-vindos o portal de informa\u00e7\u00f5es de entretenimento de Feira de Santana, desde 2006 realiza coberturas dos principais eventos com entrevistas exclusivas com as principais personalidades mundiais. Fique conectado tamb\u00e9m nas redes sociais.","sameAs":["http:\/\/www.portalmf.com.br\/","https:\/\/www.facebook.com\/portalmfoficial","https:\/\/www.instagram.com\/portalmf\/","https:\/\/x.com\/https:\/\/x.com\/portalmfoficial","https:\/\/www.youtube.com\/@portalmfoficial"],"url":"https:\/\/portalmf.com.br\/index.php\/author\/junior\/"}]}},"_links":{"self":[{"href":"https:\/\/portalmf.com.br\/index.php\/wp-json\/wp\/v2\/posts\/21304"}],"collection":[{"href":"https:\/\/portalmf.com.br\/index.php\/wp-json\/wp\/v2\/posts"}],"about":[{"href":"https:\/\/portalmf.com.br\/index.php\/wp-json\/wp\/v2\/types\/post"}],"author":[{"embeddable":true,"href":"https:\/\/portalmf.com.br\/index.php\/wp-json\/wp\/v2\/users\/3"}],"replies":[{"embeddable":true,"href":"https:\/\/portalmf.com.br\/index.php\/wp-json\/wp\/v2\/comments?post=21304"}],"version-history":[{"count":1,"href":"https:\/\/portalmf.com.br\/index.php\/wp-json\/wp\/v2\/posts\/21304\/revisions"}],"predecessor-version":[{"id":21306,"href":"https:\/\/portalmf.com.br\/index.php\/wp-json\/wp\/v2\/posts\/21304\/revisions\/21306"}],"wp:featuredmedia":[{"embeddable":true,"href":"https:\/\/portalmf.com.br\/index.php\/wp-json\/wp\/v2\/media\/21305"}],"wp:attachment":[{"href":"https:\/\/portalmf.com.br\/index.php\/wp-json\/wp\/v2\/media?parent=21304"}],"wp:term":[{"taxonomy":"category","embeddable":true,"href":"https:\/\/portalmf.com.br\/index.php\/wp-json\/wp\/v2\/categories?post=21304"},{"taxonomy":"post_tag","embeddable":true,"href":"https:\/\/portalmf.com.br\/index.php\/wp-json\/wp\/v2\/tags?post=21304"}],"curies":[{"name":"wp","href":"https:\/\/api.w.org\/{rel}","templated":true}]}}