{"id":21217,"date":"2023-12-26T15:21:55","date_gmt":"2023-12-26T18:21:55","guid":{"rendered":"https:\/\/portalmf.com.br\/?p=21217"},"modified":"2023-12-26T15:21:56","modified_gmt":"2023-12-26T18:21:56","slug":"terminal-integrado-do-nordestino-ganha-novo-abrigo-com-qr-code","status":"publish","type":"post","link":"https:\/\/portalmf.com.br\/index.php\/2023\/12\/26\/terminal-integrado-do-nordestino-ganha-novo-abrigo-com-qr-code\/","title":{"rendered":"Terminal Integrado do Nordestino ganha novo abrigo com QR Code"},"content":{"rendered":"\n<p>Mais um moderno abrigo com QR Code foi instalado pela Prefeitura de Feira. Desta vez o espa\u00e7o p\u00fablico escolhido \u00e9 o Terminal Integrado do Nordestino (Pra\u00e7a Dom Pedro II), tradicional ponto de mobilidade urbana no Novo Centro.<\/p>\n\n\n\n<p>O equipamento possui novo layout com imagens da Caixa D\u2019\u00e1gua do Tomba e do Monumento Todos os Caminhos, al\u00e9m de assentos com espa\u00e7o reservado a cadeirantes e\/ou pessoas com mobilidade reduzida.<\/p>\n\n\n\n<p>O usu\u00e1rio tamb\u00e9m acessa, atrav\u00e9s da c\u00e2mera de um smartphone apontada para o QR Code, o app SIU Mobile (vers\u00f5es IOS e Android) com a previs\u00e3o de chegada do \u00f4nibus.<br>\u00a0<br>O secret\u00e1rio de Transportes e Tr\u00e2nsito (SMTT), S\u00e9rgio Carneiro, afirma que a recupera\u00e7\u00e3o e reposicionamento destes equipamentos seguem o crit\u00e9rio de locais com grande fluxo de passageiros, especialmente na regi\u00e3o comercial. &#8220;O Governo Municipal tem buscado dar satisfa\u00e7\u00e3o, conforto, seguran\u00e7a e comodidade ao usu\u00e1rio, principalmente trabalhadores e estudantes&#8221;.<\/p>\n\n\n\n<figure class=\"wp-block-image size-large\"><img fetchpriority=\"high\" decoding=\"async\" width=\"1024\" height=\"768\" src=\"https:\/\/portalmf.com.br\/wp-content\/uploads\/2023\/12\/image-19-1024x768.png\" alt=\"\" class=\"wp-image-21218\" srcset=\"https:\/\/portalmf.com.br\/wp-content\/uploads\/2023\/12\/image-19-1024x768.png 1024w, https:\/\/portalmf.com.br\/wp-content\/uploads\/2023\/12\/image-19-300x225.png 300w, https:\/\/portalmf.com.br\/wp-content\/uploads\/2023\/12\/image-19-768x576.png 768w, https:\/\/portalmf.com.br\/wp-content\/uploads\/2023\/12\/image-19-1536x1152.png 1536w, https:\/\/portalmf.com.br\/wp-content\/uploads\/2023\/12\/image-19-1170x878.png 1170w, https:\/\/portalmf.com.br\/wp-content\/uploads\/2023\/12\/image-19-585x439.png 585w, https:\/\/portalmf.com.br\/wp-content\/uploads\/2023\/12\/image-19.png 1600w\" sizes=\"(max-width: 1024px) 100vw, 1024px\" \/><figcaption class=\"wp-element-caption\"><strong>Foto: Andrews Pedra Branca<\/strong><\/figcaption><\/figure>\n\n\n\n<p>Na palma da m\u00e3o, entre as vantagens, o usu\u00e1rio pode recarregar cr\u00e9ditos pelo app KIM+, revalidar o cart\u00e3o estudantil e\/ou adquirir um novo, ser atendido virtualmente pela Via Feira ou obter informa\u00e7\u00f5es de utilidade p\u00fablica acessando feiradesenatana.ba.gov.br e o Instagram da SMTT (Secretaria Municipal de Transportes e Tr\u00e2nsito).<\/p>\n\n\n\n<p>Ao todo, 35 \u00f4nibus circulam nas 16 linhas ofertadas, sendo: 019 \u2013 Feira X; 027-Viveiros via Av. Rio de Janeiro; 096-Princesa do Sert\u00e3o; 003 &#8211; UEFS\/Direta; 010 &#8211; Cidade Nova via Terminal Central; 063 &#8211; Campo Belo via Cara\u00edbas; 066A &#8211; Concei\u00e7\u00e3o I via Parque Brasil;&nbsp; 067A &#8211; Concei\u00e7\u00e3o I via Santa B\u00e1rbara; 072 &#8211; Conj. Jo\u00e3o Paulo via Santa Quit\u00e9ria; 074A &#8211; Gabriela Via Homero; 078A &#8211; Alto do Papagaio via Maria Quit\u00e9ria; 083 &#8211; Pedra Ferrada via Bra\u00e7o Forte; 084 &#8211; Pedra Ferrada via Caldeir\u00e3o; 114 &#8211; Solar da Princesa via Gabriela; 115 &#8211; Condom\u00ednio Asa Branca via S\u00edtio Novo e a 115A &#8211; Condom\u00ednio Asa Branca via Pampalona.&nbsp;<\/p>\n\n\n\n<p>J\u00e1 foram instalados pelo poder p\u00fablico municipal abrigos com QR Code na avenida Senhor dos Passos (Carmac), na Get\u00falio Vargas (Receita Federal), ao lado do Mercado de Arte Popular, na avenida Art\u00eamia Pires e no cruzamento das avenidas Jo\u00e3o Durval Carneiro com a Get\u00falio Vargas, sob o viaduto Jos\u00e9 Joaquim Lopes de Brito.<\/p>\n\n\n\n<p><strong>PRA\u00c7A DO NORDESTINO<\/strong><\/p>\n\n\n\n<p>Conhecido entre os feirenses, o Ponto do Nordestino foi reativado por determina\u00e7\u00e3o do prefeito Colbert Filho no m\u00eas de setembro deste ano. Com a reabertura, os passageiros passaram a ter acesso direto a todos os modais de transporte legalizados pelo poder p\u00fablico municipal nesta regi\u00e3o do Novo Centro.<\/p>\n\n\n\n<p>S\u00e3o 20 linhas do Feira MOB ofertadas por 26 \u00f4nibus e micro-\u00f4nibus das concession\u00e1rias Rosa e S\u00e3o Jo\u00e3o, bem como vans do Sistema de Transporte P\u00fablico Alternativo e Complementar (STPAC) que atendem a zona rural, al\u00e9m de t\u00e1xis e motot\u00e1xis.<\/p>\n\n\n\n<p>Com informa\u00e7\u00f5es da Secom<\/p>\n","protected":false},"excerpt":{"rendered":"<p>Mais um moderno abrigo com QR Code foi instalado pela Prefeitura de Feira. Desta vez o espa\u00e7o p\u00fablico escolhido \u00e9 o Terminal Integrado do Nordestino (Pra\u00e7a Dom Pedro II), tradicional ponto de mobilidade urbana no Novo Centro. O equipamento possui novo layout com imagens da Caixa D\u2019\u00e1gua do Tomba e do Monumento Todos os Caminhos, [&hellip;]<\/p>\n","protected":false},"author":3,"featured_media":21219,"comment_status":"open","ping_status":"open","sticky":false,"template":"","format":"standard","meta":{"_monsterinsights_skip_tracking":false,"_monsterinsights_sitenote_active":false,"_monsterinsights_sitenote_note":"","_monsterinsights_sitenote_category":0,"footnotes":""},"categories":[34],"tags":[],"yoast_head":"<!-- This site is optimized with the Yoast SEO plugin v22.9 - https:\/\/yoast.com\/wordpress\/plugins\/seo\/ -->\n<title>Terminal Integrado do Nordestino ganha novo abrigo com QR Code - Portal MF<\/title>\n<meta name=\"robots\" content=\"index, follow, max-snippet:-1, max-image-preview:large, max-video-preview:-1\" \/>\n<link rel=\"canonical\" href=\"https:\/\/portalmf.com.br\/index.php\/2023\/12\/26\/terminal-integrado-do-nordestino-ganha-novo-abrigo-com-qr-code\/\" \/>\n<meta property=\"og:locale\" content=\"pt_BR\" \/>\n<meta property=\"og:type\" content=\"article\" \/>\n<meta property=\"og:title\" content=\"Terminal Integrado do Nordestino ganha novo abrigo com QR Code - Portal MF\" \/>\n<meta property=\"og:description\" content=\"Mais um moderno abrigo com QR Code foi instalado pela Prefeitura de Feira. Desta vez o espa\u00e7o p\u00fablico escolhido \u00e9 o Terminal Integrado do Nordestino (Pra\u00e7a Dom Pedro II), tradicional ponto de mobilidade urbana no Novo Centro. O equipamento possui novo layout com imagens da Caixa D\u2019\u00e1gua do Tomba e do Monumento Todos os Caminhos, [&hellip;]\" \/>\n<meta property=\"og:url\" content=\"https:\/\/portalmf.com.br\/index.php\/2023\/12\/26\/terminal-integrado-do-nordestino-ganha-novo-abrigo-com-qr-code\/\" \/>\n<meta property=\"og:site_name\" content=\"Portal MF\" \/>\n<meta property=\"article:author\" content=\"https:\/\/www.facebook.com\/portalmfoficial\" \/>\n<meta property=\"article:published_time\" content=\"2023-12-26T18:21:55+00:00\" \/>\n<meta property=\"article:modified_time\" content=\"2023-12-26T18:21:56+00:00\" \/>\n<meta property=\"og:image\" content=\"https:\/\/portalmf.com.br\/wp-content\/uploads\/2023\/12\/e67bc960-0001-45d8-a42f-bd24462d297e.jpg\" \/>\n\t<meta property=\"og:image:width\" content=\"1600\" \/>\n\t<meta property=\"og:image:height\" content=\"894\" \/>\n\t<meta property=\"og:image:type\" content=\"image\/jpeg\" \/>\n<meta name=\"author\" content=\"Reda\u00e7\u00e3o Portal MF\" \/>\n<meta name=\"twitter:card\" content=\"summary_large_image\" \/>\n<meta name=\"twitter:creator\" content=\"@https:\/\/x.com\/portalmfoficial\" \/>\n<meta name=\"twitter:label1\" content=\"Escrito por\" \/>\n\t<meta name=\"twitter:data1\" content=\"Reda\u00e7\u00e3o Portal MF\" \/>\n\t<meta name=\"twitter:label2\" content=\"Est. tempo de leitura\" \/>\n\t<meta name=\"twitter:data2\" content=\"3 minutos\" \/>\n<script type=\"application\/ld+json\" class=\"yoast-schema-graph\">{\"@context\":\"https:\/\/schema.org\",\"@graph\":[{\"@type\":\"WebPage\",\"@id\":\"https:\/\/portalmf.com.br\/index.php\/2023\/12\/26\/terminal-integrado-do-nordestino-ganha-novo-abrigo-com-qr-code\/\",\"url\":\"https:\/\/portalmf.com.br\/index.php\/2023\/12\/26\/terminal-integrado-do-nordestino-ganha-novo-abrigo-com-qr-code\/\",\"name\":\"Terminal Integrado do Nordestino ganha novo abrigo com QR Code - Portal MF\",\"isPartOf\":{\"@id\":\"https:\/\/portalmf.com.br\/#website\"},\"primaryImageOfPage\":{\"@id\":\"https:\/\/portalmf.com.br\/index.php\/2023\/12\/26\/terminal-integrado-do-nordestino-ganha-novo-abrigo-com-qr-code\/#primaryimage\"},\"image\":{\"@id\":\"https:\/\/portalmf.com.br\/index.php\/2023\/12\/26\/terminal-integrado-do-nordestino-ganha-novo-abrigo-com-qr-code\/#primaryimage\"},\"thumbnailUrl\":\"https:\/\/portalmf.com.br\/wp-content\/uploads\/2023\/12\/e67bc960-0001-45d8-a42f-bd24462d297e.jpg\",\"datePublished\":\"2023-12-26T18:21:55+00:00\",\"dateModified\":\"2023-12-26T18:21:56+00:00\",\"author\":{\"@id\":\"https:\/\/portalmf.com.br\/#\/schema\/person\/9ec101baf56233e53520c26de5d6f6f0\"},\"breadcrumb\":{\"@id\":\"https:\/\/portalmf.com.br\/index.php\/2023\/12\/26\/terminal-integrado-do-nordestino-ganha-novo-abrigo-com-qr-code\/#breadcrumb\"},\"inLanguage\":\"pt-BR\",\"potentialAction\":[{\"@type\":\"ReadAction\",\"target\":[\"https:\/\/portalmf.com.br\/index.php\/2023\/12\/26\/terminal-integrado-do-nordestino-ganha-novo-abrigo-com-qr-code\/\"]}]},{\"@type\":\"ImageObject\",\"inLanguage\":\"pt-BR\",\"@id\":\"https:\/\/portalmf.com.br\/index.php\/2023\/12\/26\/terminal-integrado-do-nordestino-ganha-novo-abrigo-com-qr-code\/#primaryimage\",\"url\":\"https:\/\/portalmf.com.br\/wp-content\/uploads\/2023\/12\/e67bc960-0001-45d8-a42f-bd24462d297e.jpg\",\"contentUrl\":\"https:\/\/portalmf.com.br\/wp-content\/uploads\/2023\/12\/e67bc960-0001-45d8-a42f-bd24462d297e.jpg\",\"width\":1600,\"height\":894},{\"@type\":\"BreadcrumbList\",\"@id\":\"https:\/\/portalmf.com.br\/index.php\/2023\/12\/26\/terminal-integrado-do-nordestino-ganha-novo-abrigo-com-qr-code\/#breadcrumb\",\"itemListElement\":[{\"@type\":\"ListItem\",\"position\":1,\"name\":\"In\u00edcio\",\"item\":\"https:\/\/portalmf.com.br\/\"},{\"@type\":\"ListItem\",\"position\":2,\"name\":\"Terminal Integrado do Nordestino ganha novo abrigo com QR Code\"}]},{\"@type\":\"WebSite\",\"@id\":\"https:\/\/portalmf.com.br\/#website\",\"url\":\"https:\/\/portalmf.com.br\/\",\"name\":\"Portal MF\",\"description\":\"Voc\u00ea conectado com a informa\u00e7\u00e3o\",\"potentialAction\":[{\"@type\":\"SearchAction\",\"target\":{\"@type\":\"EntryPoint\",\"urlTemplate\":\"https:\/\/portalmf.com.br\/?s={search_term_string}\"},\"query-input\":\"required name=search_term_string\"}],\"inLanguage\":\"pt-BR\"},{\"@type\":\"Person\",\"@id\":\"https:\/\/portalmf.com.br\/#\/schema\/person\/9ec101baf56233e53520c26de5d6f6f0\",\"name\":\"Reda\u00e7\u00e3o Portal MF\",\"image\":{\"@type\":\"ImageObject\",\"inLanguage\":\"pt-BR\",\"@id\":\"https:\/\/portalmf.com.br\/#\/schema\/person\/image\/\",\"url\":\"https:\/\/secure.gravatar.com\/avatar\/41b9aaeb2100835f7c64362330f74c7f?s=96&d=mm&r=g\",\"contentUrl\":\"https:\/\/secure.gravatar.com\/avatar\/41b9aaeb2100835f7c64362330f74c7f?s=96&d=mm&r=g\",\"caption\":\"Reda\u00e7\u00e3o Portal MF\"},\"description\":\"Sejam bem-vindos o portal de informa\u00e7\u00f5es de entretenimento de Feira de Santana, desde 2006 realiza coberturas dos principais eventos com entrevistas exclusivas com as principais personalidades mundiais. Fique conectado tamb\u00e9m nas redes sociais.\",\"sameAs\":[\"http:\/\/www.portalmf.com.br\/\",\"https:\/\/www.facebook.com\/portalmfoficial\",\"https:\/\/www.instagram.com\/portalmf\/\",\"https:\/\/x.com\/https:\/\/x.com\/portalmfoficial\",\"https:\/\/www.youtube.com\/@portalmfoficial\"],\"url\":\"https:\/\/portalmf.com.br\/index.php\/author\/junior\/\"}]}<\/script>\n<!-- \/ Yoast SEO plugin. -->","yoast_head_json":{"title":"Terminal Integrado do Nordestino ganha novo abrigo com QR Code - Portal MF","robots":{"index":"index","follow":"follow","max-snippet":"max-snippet:-1","max-image-preview":"max-image-preview:large","max-video-preview":"max-video-preview:-1"},"canonical":"https:\/\/portalmf.com.br\/index.php\/2023\/12\/26\/terminal-integrado-do-nordestino-ganha-novo-abrigo-com-qr-code\/","og_locale":"pt_BR","og_type":"article","og_title":"Terminal Integrado do Nordestino ganha novo abrigo com QR Code - Portal MF","og_description":"Mais um moderno abrigo com QR Code foi instalado pela Prefeitura de Feira. Desta vez o espa\u00e7o p\u00fablico escolhido \u00e9 o Terminal Integrado do Nordestino (Pra\u00e7a Dom Pedro II), tradicional ponto de mobilidade urbana no Novo Centro. O equipamento possui novo layout com imagens da Caixa D\u2019\u00e1gua do Tomba e do Monumento Todos os Caminhos, [&hellip;]","og_url":"https:\/\/portalmf.com.br\/index.php\/2023\/12\/26\/terminal-integrado-do-nordestino-ganha-novo-abrigo-com-qr-code\/","og_site_name":"Portal MF","article_author":"https:\/\/www.facebook.com\/portalmfoficial","article_published_time":"2023-12-26T18:21:55+00:00","article_modified_time":"2023-12-26T18:21:56+00:00","og_image":[{"width":1600,"height":894,"url":"https:\/\/portalmf.com.br\/wp-content\/uploads\/2023\/12\/e67bc960-0001-45d8-a42f-bd24462d297e.jpg","type":"image\/jpeg"}],"author":"Reda\u00e7\u00e3o Portal MF","twitter_card":"summary_large_image","twitter_creator":"@https:\/\/x.com\/portalmfoficial","twitter_misc":{"Escrito por":"Reda\u00e7\u00e3o Portal MF","Est. tempo de leitura":"3 minutos"},"schema":{"@context":"https:\/\/schema.org","@graph":[{"@type":"WebPage","@id":"https:\/\/portalmf.com.br\/index.php\/2023\/12\/26\/terminal-integrado-do-nordestino-ganha-novo-abrigo-com-qr-code\/","url":"https:\/\/portalmf.com.br\/index.php\/2023\/12\/26\/terminal-integrado-do-nordestino-ganha-novo-abrigo-com-qr-code\/","name":"Terminal Integrado do Nordestino ganha novo abrigo com QR Code - Portal MF","isPartOf":{"@id":"https:\/\/portalmf.com.br\/#website"},"primaryImageOfPage":{"@id":"https:\/\/portalmf.com.br\/index.php\/2023\/12\/26\/terminal-integrado-do-nordestino-ganha-novo-abrigo-com-qr-code\/#primaryimage"},"image":{"@id":"https:\/\/portalmf.com.br\/index.php\/2023\/12\/26\/terminal-integrado-do-nordestino-ganha-novo-abrigo-com-qr-code\/#primaryimage"},"thumbnailUrl":"https:\/\/portalmf.com.br\/wp-content\/uploads\/2023\/12\/e67bc960-0001-45d8-a42f-bd24462d297e.jpg","datePublished":"2023-12-26T18:21:55+00:00","dateModified":"2023-12-26T18:21:56+00:00","author":{"@id":"https:\/\/portalmf.com.br\/#\/schema\/person\/9ec101baf56233e53520c26de5d6f6f0"},"breadcrumb":{"@id":"https:\/\/portalmf.com.br\/index.php\/2023\/12\/26\/terminal-integrado-do-nordestino-ganha-novo-abrigo-com-qr-code\/#breadcrumb"},"inLanguage":"pt-BR","potentialAction":[{"@type":"ReadAction","target":["https:\/\/portalmf.com.br\/index.php\/2023\/12\/26\/terminal-integrado-do-nordestino-ganha-novo-abrigo-com-qr-code\/"]}]},{"@type":"ImageObject","inLanguage":"pt-BR","@id":"https:\/\/portalmf.com.br\/index.php\/2023\/12\/26\/terminal-integrado-do-nordestino-ganha-novo-abrigo-com-qr-code\/#primaryimage","url":"https:\/\/portalmf.com.br\/wp-content\/uploads\/2023\/12\/e67bc960-0001-45d8-a42f-bd24462d297e.jpg","contentUrl":"https:\/\/portalmf.com.br\/wp-content\/uploads\/2023\/12\/e67bc960-0001-45d8-a42f-bd24462d297e.jpg","width":1600,"height":894},{"@type":"BreadcrumbList","@id":"https:\/\/portalmf.com.br\/index.php\/2023\/12\/26\/terminal-integrado-do-nordestino-ganha-novo-abrigo-com-qr-code\/#breadcrumb","itemListElement":[{"@type":"ListItem","position":1,"name":"In\u00edcio","item":"https:\/\/portalmf.com.br\/"},{"@type":"ListItem","position":2,"name":"Terminal Integrado do Nordestino ganha novo abrigo com QR Code"}]},{"@type":"WebSite","@id":"https:\/\/portalmf.com.br\/#website","url":"https:\/\/portalmf.com.br\/","name":"Portal MF","description":"Voc\u00ea conectado com a informa\u00e7\u00e3o","potentialAction":[{"@type":"SearchAction","target":{"@type":"EntryPoint","urlTemplate":"https:\/\/portalmf.com.br\/?s={search_term_string}"},"query-input":"required name=search_term_string"}],"inLanguage":"pt-BR"},{"@type":"Person","@id":"https:\/\/portalmf.com.br\/#\/schema\/person\/9ec101baf56233e53520c26de5d6f6f0","name":"Reda\u00e7\u00e3o Portal MF","image":{"@type":"ImageObject","inLanguage":"pt-BR","@id":"https:\/\/portalmf.com.br\/#\/schema\/person\/image\/","url":"https:\/\/secure.gravatar.com\/avatar\/41b9aaeb2100835f7c64362330f74c7f?s=96&d=mm&r=g","contentUrl":"https:\/\/secure.gravatar.com\/avatar\/41b9aaeb2100835f7c64362330f74c7f?s=96&d=mm&r=g","caption":"Reda\u00e7\u00e3o Portal MF"},"description":"Sejam bem-vindos o portal de informa\u00e7\u00f5es de entretenimento de Feira de Santana, desde 2006 realiza coberturas dos principais eventos com entrevistas exclusivas com as principais personalidades mundiais. Fique conectado tamb\u00e9m nas redes sociais.","sameAs":["http:\/\/www.portalmf.com.br\/","https:\/\/www.facebook.com\/portalmfoficial","https:\/\/www.instagram.com\/portalmf\/","https:\/\/x.com\/https:\/\/x.com\/portalmfoficial","https:\/\/www.youtube.com\/@portalmfoficial"],"url":"https:\/\/portalmf.com.br\/index.php\/author\/junior\/"}]}},"_links":{"self":[{"href":"https:\/\/portalmf.com.br\/index.php\/wp-json\/wp\/v2\/posts\/21217"}],"collection":[{"href":"https:\/\/portalmf.com.br\/index.php\/wp-json\/wp\/v2\/posts"}],"about":[{"href":"https:\/\/portalmf.com.br\/index.php\/wp-json\/wp\/v2\/types\/post"}],"author":[{"embeddable":true,"href":"https:\/\/portalmf.com.br\/index.php\/wp-json\/wp\/v2\/users\/3"}],"replies":[{"embeddable":true,"href":"https:\/\/portalmf.com.br\/index.php\/wp-json\/wp\/v2\/comments?post=21217"}],"version-history":[{"count":1,"href":"https:\/\/portalmf.com.br\/index.php\/wp-json\/wp\/v2\/posts\/21217\/revisions"}],"predecessor-version":[{"id":21220,"href":"https:\/\/portalmf.com.br\/index.php\/wp-json\/wp\/v2\/posts\/21217\/revisions\/21220"}],"wp:featuredmedia":[{"embeddable":true,"href":"https:\/\/portalmf.com.br\/index.php\/wp-json\/wp\/v2\/media\/21219"}],"wp:attachment":[{"href":"https:\/\/portalmf.com.br\/index.php\/wp-json\/wp\/v2\/media?parent=21217"}],"wp:term":[{"taxonomy":"category","embeddable":true,"href":"https:\/\/portalmf.com.br\/index.php\/wp-json\/wp\/v2\/categories?post=21217"},{"taxonomy":"post_tag","embeddable":true,"href":"https:\/\/portalmf.com.br\/index.php\/wp-json\/wp\/v2\/tags?post=21217"}],"curies":[{"name":"wp","href":"https:\/\/api.w.org\/{rel}","templated":true}]}}