{"id":21214,"date":"2023-12-26T15:14:39","date_gmt":"2023-12-26T18:14:39","guid":{"rendered":"https:\/\/portalmf.com.br\/?p=21214"},"modified":"2023-12-26T15:14:40","modified_gmt":"2023-12-26T18:14:40","slug":"confira-o-cronograma-da-vacinacao-contra-raiva-desta-semana","status":"publish","type":"post","link":"https:\/\/portalmf.com.br\/index.php\/2023\/12\/26\/confira-o-cronograma-da-vacinacao-contra-raiva-desta-semana\/","title":{"rendered":"Confira o cronograma da vacina\u00e7\u00e3o contra raiva desta semana"},"content":{"rendered":"\n<p>O Centro de Controle de Zoonoses (CCZ) segue intensificando a vacina\u00e7\u00e3o contra a raiva nos bairros de Feira de Santana. Esta semana, a imuniza\u00e7\u00e3o estar\u00e1 dispon\u00edvel com equipes fixas e volantes nas localidades do Jomafa, Morada das \u00c1rvores e Novo Horizonte, das 09h \u00e0s 12h. (Confira o cronograma no final da mat\u00e9ria)<\/p>\n\n\n\n<p>A a\u00e7\u00e3o visa vacinar animais saud\u00e1veis a partir dos tr\u00eas meses de idade. \u00c9 recomendado que os donos transportem os pets de maneira segura &#8211; os gatos em caixas apropriadas, enquanto os c\u00e3es devem estar em coleiras ou correntes.<strong>Confira o cronograma para esta semana:<\/strong><\/p>\n\n\n\n<ul>\n<li>26\/12 &#8211; Jomafa (Ponto fixo e vacina\u00e7\u00e3o a domic\u00edlio)<\/li>\n\n\n\n<li>27\/12 &#8211; Morada das Arvores (Associa\u00e7\u00e3o de Moradores e vacina\u00e7\u00e3o a domic\u00edlio)<\/li>\n\n\n\n<li>28\/12 &#8211; Novo Horizonte (Ponto fixo no Banco de Areia)<\/li>\n\n\n\n<li>29\/12 &#8211; Vacina\u00e7\u00e3o a Domic\u00edlio<\/li>\n<\/ul>\n\n\n\n<p>Com informa\u00e7\u00f5es da Secom<\/p>\n","protected":false},"excerpt":{"rendered":"<p>O Centro de Controle de Zoonoses (CCZ) segue intensificando a vacina\u00e7\u00e3o contra a raiva nos bairros de Feira de Santana. Esta semana, a imuniza\u00e7\u00e3o estar\u00e1 dispon\u00edvel com equipes fixas e volantes nas localidades do Jomafa, Morada das \u00c1rvores e Novo Horizonte, das 09h \u00e0s 12h. (Confira o cronograma no final da mat\u00e9ria) A a\u00e7\u00e3o visa [&hellip;]<\/p>\n","protected":false},"author":3,"featured_media":21215,"comment_status":"open","ping_status":"open","sticky":false,"template":"","format":"standard","meta":{"_monsterinsights_skip_tracking":false,"_monsterinsights_sitenote_active":false,"_monsterinsights_sitenote_note":"","_monsterinsights_sitenote_category":0,"footnotes":""},"categories":[34],"tags":[],"yoast_head":"<!-- This site is optimized with the Yoast SEO plugin v22.9 - https:\/\/yoast.com\/wordpress\/plugins\/seo\/ -->\n<title>Confira o cronograma da vacina\u00e7\u00e3o contra raiva desta semana - Portal MF<\/title>\n<meta name=\"robots\" content=\"index, follow, max-snippet:-1, max-image-preview:large, max-video-preview:-1\" \/>\n<link rel=\"canonical\" href=\"https:\/\/portalmf.com.br\/index.php\/2023\/12\/26\/confira-o-cronograma-da-vacinacao-contra-raiva-desta-semana\/\" \/>\n<meta property=\"og:locale\" content=\"pt_BR\" \/>\n<meta property=\"og:type\" content=\"article\" \/>\n<meta property=\"og:title\" content=\"Confira o cronograma da vacina\u00e7\u00e3o contra raiva desta semana - Portal MF\" \/>\n<meta property=\"og:description\" content=\"O Centro de Controle de Zoonoses (CCZ) segue intensificando a vacina\u00e7\u00e3o contra a raiva nos bairros de Feira de Santana. Esta semana, a imuniza\u00e7\u00e3o estar\u00e1 dispon\u00edvel com equipes fixas e volantes nas localidades do Jomafa, Morada das \u00c1rvores e Novo Horizonte, das 09h \u00e0s 12h. (Confira o cronograma no final da mat\u00e9ria) A a\u00e7\u00e3o visa [&hellip;]\" \/>\n<meta property=\"og:url\" content=\"https:\/\/portalmf.com.br\/index.php\/2023\/12\/26\/confira-o-cronograma-da-vacinacao-contra-raiva-desta-semana\/\" \/>\n<meta property=\"og:site_name\" content=\"Portal MF\" \/>\n<meta property=\"article:author\" content=\"https:\/\/www.facebook.com\/portalmfoficial\" \/>\n<meta property=\"article:published_time\" content=\"2023-12-26T18:14:39+00:00\" \/>\n<meta property=\"article:modified_time\" content=\"2023-12-26T18:14:40+00:00\" \/>\n<meta property=\"og:image\" content=\"https:\/\/portalmf.com.br\/wp-content\/uploads\/2023\/12\/Confira-o-cronograma-da-vacinacao-contra-raiva-desta-semana.jpg\" \/>\n\t<meta property=\"og:image:width\" content=\"1306\" \/>\n\t<meta property=\"og:image:height\" content=\"703\" \/>\n\t<meta property=\"og:image:type\" content=\"image\/jpeg\" \/>\n<meta name=\"author\" content=\"Reda\u00e7\u00e3o Portal MF\" \/>\n<meta name=\"twitter:card\" content=\"summary_large_image\" \/>\n<meta name=\"twitter:creator\" content=\"@https:\/\/x.com\/portalmfoficial\" \/>\n<meta name=\"twitter:label1\" content=\"Escrito por\" \/>\n\t<meta name=\"twitter:data1\" content=\"Reda\u00e7\u00e3o Portal MF\" \/>\n\t<meta name=\"twitter:label2\" content=\"Est. tempo de leitura\" \/>\n\t<meta name=\"twitter:data2\" content=\"1 minuto\" \/>\n<script type=\"application\/ld+json\" class=\"yoast-schema-graph\">{\"@context\":\"https:\/\/schema.org\",\"@graph\":[{\"@type\":\"WebPage\",\"@id\":\"https:\/\/portalmf.com.br\/index.php\/2023\/12\/26\/confira-o-cronograma-da-vacinacao-contra-raiva-desta-semana\/\",\"url\":\"https:\/\/portalmf.com.br\/index.php\/2023\/12\/26\/confira-o-cronograma-da-vacinacao-contra-raiva-desta-semana\/\",\"name\":\"Confira o cronograma da vacina\u00e7\u00e3o contra raiva desta semana - Portal MF\",\"isPartOf\":{\"@id\":\"https:\/\/portalmf.com.br\/#website\"},\"primaryImageOfPage\":{\"@id\":\"https:\/\/portalmf.com.br\/index.php\/2023\/12\/26\/confira-o-cronograma-da-vacinacao-contra-raiva-desta-semana\/#primaryimage\"},\"image\":{\"@id\":\"https:\/\/portalmf.com.br\/index.php\/2023\/12\/26\/confira-o-cronograma-da-vacinacao-contra-raiva-desta-semana\/#primaryimage\"},\"thumbnailUrl\":\"https:\/\/portalmf.com.br\/wp-content\/uploads\/2023\/12\/Confira-o-cronograma-da-vacinacao-contra-raiva-desta-semana.jpg\",\"datePublished\":\"2023-12-26T18:14:39+00:00\",\"dateModified\":\"2023-12-26T18:14:40+00:00\",\"author\":{\"@id\":\"https:\/\/portalmf.com.br\/#\/schema\/person\/9ec101baf56233e53520c26de5d6f6f0\"},\"breadcrumb\":{\"@id\":\"https:\/\/portalmf.com.br\/index.php\/2023\/12\/26\/confira-o-cronograma-da-vacinacao-contra-raiva-desta-semana\/#breadcrumb\"},\"inLanguage\":\"pt-BR\",\"potentialAction\":[{\"@type\":\"ReadAction\",\"target\":[\"https:\/\/portalmf.com.br\/index.php\/2023\/12\/26\/confira-o-cronograma-da-vacinacao-contra-raiva-desta-semana\/\"]}]},{\"@type\":\"ImageObject\",\"inLanguage\":\"pt-BR\",\"@id\":\"https:\/\/portalmf.com.br\/index.php\/2023\/12\/26\/confira-o-cronograma-da-vacinacao-contra-raiva-desta-semana\/#primaryimage\",\"url\":\"https:\/\/portalmf.com.br\/wp-content\/uploads\/2023\/12\/Confira-o-cronograma-da-vacinacao-contra-raiva-desta-semana.jpg\",\"contentUrl\":\"https:\/\/portalmf.com.br\/wp-content\/uploads\/2023\/12\/Confira-o-cronograma-da-vacinacao-contra-raiva-desta-semana.jpg\",\"width\":1306,\"height\":703},{\"@type\":\"BreadcrumbList\",\"@id\":\"https:\/\/portalmf.com.br\/index.php\/2023\/12\/26\/confira-o-cronograma-da-vacinacao-contra-raiva-desta-semana\/#breadcrumb\",\"itemListElement\":[{\"@type\":\"ListItem\",\"position\":1,\"name\":\"In\u00edcio\",\"item\":\"https:\/\/portalmf.com.br\/\"},{\"@type\":\"ListItem\",\"position\":2,\"name\":\"Confira o cronograma da vacina\u00e7\u00e3o contra raiva desta semana\"}]},{\"@type\":\"WebSite\",\"@id\":\"https:\/\/portalmf.com.br\/#website\",\"url\":\"https:\/\/portalmf.com.br\/\",\"name\":\"Portal MF\",\"description\":\"Voc\u00ea conectado com a informa\u00e7\u00e3o\",\"potentialAction\":[{\"@type\":\"SearchAction\",\"target\":{\"@type\":\"EntryPoint\",\"urlTemplate\":\"https:\/\/portalmf.com.br\/?s={search_term_string}\"},\"query-input\":\"required name=search_term_string\"}],\"inLanguage\":\"pt-BR\"},{\"@type\":\"Person\",\"@id\":\"https:\/\/portalmf.com.br\/#\/schema\/person\/9ec101baf56233e53520c26de5d6f6f0\",\"name\":\"Reda\u00e7\u00e3o Portal MF\",\"image\":{\"@type\":\"ImageObject\",\"inLanguage\":\"pt-BR\",\"@id\":\"https:\/\/portalmf.com.br\/#\/schema\/person\/image\/\",\"url\":\"https:\/\/secure.gravatar.com\/avatar\/41b9aaeb2100835f7c64362330f74c7f?s=96&d=mm&r=g\",\"contentUrl\":\"https:\/\/secure.gravatar.com\/avatar\/41b9aaeb2100835f7c64362330f74c7f?s=96&d=mm&r=g\",\"caption\":\"Reda\u00e7\u00e3o Portal MF\"},\"description\":\"Sejam bem-vindos o portal de informa\u00e7\u00f5es de entretenimento de Feira de Santana, desde 2006 realiza coberturas dos principais eventos com entrevistas exclusivas com as principais personalidades mundiais. Fique conectado tamb\u00e9m nas redes sociais.\",\"sameAs\":[\"http:\/\/www.portalmf.com.br\/\",\"https:\/\/www.facebook.com\/portalmfoficial\",\"https:\/\/www.instagram.com\/portalmf\/\",\"https:\/\/x.com\/https:\/\/x.com\/portalmfoficial\",\"https:\/\/www.youtube.com\/@portalmfoficial\"],\"url\":\"https:\/\/portalmf.com.br\/index.php\/author\/junior\/\"}]}<\/script>\n<!-- \/ Yoast SEO plugin. -->","yoast_head_json":{"title":"Confira o cronograma da vacina\u00e7\u00e3o contra raiva desta semana - Portal MF","robots":{"index":"index","follow":"follow","max-snippet":"max-snippet:-1","max-image-preview":"max-image-preview:large","max-video-preview":"max-video-preview:-1"},"canonical":"https:\/\/portalmf.com.br\/index.php\/2023\/12\/26\/confira-o-cronograma-da-vacinacao-contra-raiva-desta-semana\/","og_locale":"pt_BR","og_type":"article","og_title":"Confira o cronograma da vacina\u00e7\u00e3o contra raiva desta semana - Portal MF","og_description":"O Centro de Controle de Zoonoses (CCZ) segue intensificando a vacina\u00e7\u00e3o contra a raiva nos bairros de Feira de Santana. Esta semana, a imuniza\u00e7\u00e3o estar\u00e1 dispon\u00edvel com equipes fixas e volantes nas localidades do Jomafa, Morada das \u00c1rvores e Novo Horizonte, das 09h \u00e0s 12h. (Confira o cronograma no final da mat\u00e9ria) A a\u00e7\u00e3o visa [&hellip;]","og_url":"https:\/\/portalmf.com.br\/index.php\/2023\/12\/26\/confira-o-cronograma-da-vacinacao-contra-raiva-desta-semana\/","og_site_name":"Portal MF","article_author":"https:\/\/www.facebook.com\/portalmfoficial","article_published_time":"2023-12-26T18:14:39+00:00","article_modified_time":"2023-12-26T18:14:40+00:00","og_image":[{"width":1306,"height":703,"url":"https:\/\/portalmf.com.br\/wp-content\/uploads\/2023\/12\/Confira-o-cronograma-da-vacinacao-contra-raiva-desta-semana.jpg","type":"image\/jpeg"}],"author":"Reda\u00e7\u00e3o Portal MF","twitter_card":"summary_large_image","twitter_creator":"@https:\/\/x.com\/portalmfoficial","twitter_misc":{"Escrito por":"Reda\u00e7\u00e3o Portal MF","Est. tempo de leitura":"1 minuto"},"schema":{"@context":"https:\/\/schema.org","@graph":[{"@type":"WebPage","@id":"https:\/\/portalmf.com.br\/index.php\/2023\/12\/26\/confira-o-cronograma-da-vacinacao-contra-raiva-desta-semana\/","url":"https:\/\/portalmf.com.br\/index.php\/2023\/12\/26\/confira-o-cronograma-da-vacinacao-contra-raiva-desta-semana\/","name":"Confira o cronograma da vacina\u00e7\u00e3o contra raiva desta semana - Portal MF","isPartOf":{"@id":"https:\/\/portalmf.com.br\/#website"},"primaryImageOfPage":{"@id":"https:\/\/portalmf.com.br\/index.php\/2023\/12\/26\/confira-o-cronograma-da-vacinacao-contra-raiva-desta-semana\/#primaryimage"},"image":{"@id":"https:\/\/portalmf.com.br\/index.php\/2023\/12\/26\/confira-o-cronograma-da-vacinacao-contra-raiva-desta-semana\/#primaryimage"},"thumbnailUrl":"https:\/\/portalmf.com.br\/wp-content\/uploads\/2023\/12\/Confira-o-cronograma-da-vacinacao-contra-raiva-desta-semana.jpg","datePublished":"2023-12-26T18:14:39+00:00","dateModified":"2023-12-26T18:14:40+00:00","author":{"@id":"https:\/\/portalmf.com.br\/#\/schema\/person\/9ec101baf56233e53520c26de5d6f6f0"},"breadcrumb":{"@id":"https:\/\/portalmf.com.br\/index.php\/2023\/12\/26\/confira-o-cronograma-da-vacinacao-contra-raiva-desta-semana\/#breadcrumb"},"inLanguage":"pt-BR","potentialAction":[{"@type":"ReadAction","target":["https:\/\/portalmf.com.br\/index.php\/2023\/12\/26\/confira-o-cronograma-da-vacinacao-contra-raiva-desta-semana\/"]}]},{"@type":"ImageObject","inLanguage":"pt-BR","@id":"https:\/\/portalmf.com.br\/index.php\/2023\/12\/26\/confira-o-cronograma-da-vacinacao-contra-raiva-desta-semana\/#primaryimage","url":"https:\/\/portalmf.com.br\/wp-content\/uploads\/2023\/12\/Confira-o-cronograma-da-vacinacao-contra-raiva-desta-semana.jpg","contentUrl":"https:\/\/portalmf.com.br\/wp-content\/uploads\/2023\/12\/Confira-o-cronograma-da-vacinacao-contra-raiva-desta-semana.jpg","width":1306,"height":703},{"@type":"BreadcrumbList","@id":"https:\/\/portalmf.com.br\/index.php\/2023\/12\/26\/confira-o-cronograma-da-vacinacao-contra-raiva-desta-semana\/#breadcrumb","itemListElement":[{"@type":"ListItem","position":1,"name":"In\u00edcio","item":"https:\/\/portalmf.com.br\/"},{"@type":"ListItem","position":2,"name":"Confira o cronograma da vacina\u00e7\u00e3o contra raiva desta semana"}]},{"@type":"WebSite","@id":"https:\/\/portalmf.com.br\/#website","url":"https:\/\/portalmf.com.br\/","name":"Portal MF","description":"Voc\u00ea conectado com a informa\u00e7\u00e3o","potentialAction":[{"@type":"SearchAction","target":{"@type":"EntryPoint","urlTemplate":"https:\/\/portalmf.com.br\/?s={search_term_string}"},"query-input":"required name=search_term_string"}],"inLanguage":"pt-BR"},{"@type":"Person","@id":"https:\/\/portalmf.com.br\/#\/schema\/person\/9ec101baf56233e53520c26de5d6f6f0","name":"Reda\u00e7\u00e3o Portal MF","image":{"@type":"ImageObject","inLanguage":"pt-BR","@id":"https:\/\/portalmf.com.br\/#\/schema\/person\/image\/","url":"https:\/\/secure.gravatar.com\/avatar\/41b9aaeb2100835f7c64362330f74c7f?s=96&d=mm&r=g","contentUrl":"https:\/\/secure.gravatar.com\/avatar\/41b9aaeb2100835f7c64362330f74c7f?s=96&d=mm&r=g","caption":"Reda\u00e7\u00e3o Portal MF"},"description":"Sejam bem-vindos o portal de informa\u00e7\u00f5es de entretenimento de Feira de Santana, desde 2006 realiza coberturas dos principais eventos com entrevistas exclusivas com as principais personalidades mundiais. Fique conectado tamb\u00e9m nas redes sociais.","sameAs":["http:\/\/www.portalmf.com.br\/","https:\/\/www.facebook.com\/portalmfoficial","https:\/\/www.instagram.com\/portalmf\/","https:\/\/x.com\/https:\/\/x.com\/portalmfoficial","https:\/\/www.youtube.com\/@portalmfoficial"],"url":"https:\/\/portalmf.com.br\/index.php\/author\/junior\/"}]}},"_links":{"self":[{"href":"https:\/\/portalmf.com.br\/index.php\/wp-json\/wp\/v2\/posts\/21214"}],"collection":[{"href":"https:\/\/portalmf.com.br\/index.php\/wp-json\/wp\/v2\/posts"}],"about":[{"href":"https:\/\/portalmf.com.br\/index.php\/wp-json\/wp\/v2\/types\/post"}],"author":[{"embeddable":true,"href":"https:\/\/portalmf.com.br\/index.php\/wp-json\/wp\/v2\/users\/3"}],"replies":[{"embeddable":true,"href":"https:\/\/portalmf.com.br\/index.php\/wp-json\/wp\/v2\/comments?post=21214"}],"version-history":[{"count":1,"href":"https:\/\/portalmf.com.br\/index.php\/wp-json\/wp\/v2\/posts\/21214\/revisions"}],"predecessor-version":[{"id":21216,"href":"https:\/\/portalmf.com.br\/index.php\/wp-json\/wp\/v2\/posts\/21214\/revisions\/21216"}],"wp:featuredmedia":[{"embeddable":true,"href":"https:\/\/portalmf.com.br\/index.php\/wp-json\/wp\/v2\/media\/21215"}],"wp:attachment":[{"href":"https:\/\/portalmf.com.br\/index.php\/wp-json\/wp\/v2\/media?parent=21214"}],"wp:term":[{"taxonomy":"category","embeddable":true,"href":"https:\/\/portalmf.com.br\/index.php\/wp-json\/wp\/v2\/categories?post=21214"},{"taxonomy":"post_tag","embeddable":true,"href":"https:\/\/portalmf.com.br\/index.php\/wp-json\/wp\/v2\/tags?post=21214"}],"curies":[{"name":"wp","href":"https:\/\/api.w.org\/{rel}","templated":true}]}}