{"id":21197,"date":"2023-12-22T14:39:41","date_gmt":"2023-12-22T17:39:41","guid":{"rendered":"https:\/\/portalmf.com.br\/?p=21197"},"modified":"2023-12-22T14:39:45","modified_gmt":"2023-12-22T17:39:45","slug":"vereadores-farao-sessao-extraordinaria-no-dia-27-para-votacao-do-orcamento-2024","status":"publish","type":"post","link":"https:\/\/portalmf.com.br\/index.php\/2023\/12\/22\/vereadores-farao-sessao-extraordinaria-no-dia-27-para-votacao-do-orcamento-2024\/","title":{"rendered":"Vereadores far\u00e3o sess\u00e3o extraordin\u00e1ria no dia 27 para vota\u00e7\u00e3o do Or\u00e7amento 2024"},"content":{"rendered":"\n<p>Ap\u00f3s uma reuni\u00e3o entre a maioria dos vereadores que comp\u00f5em a Mesa Diretiva da C\u00e2mara Municipal de Feira de Santana, acompanhada tamb\u00e9m pela maioria dos edis da Casa, na manh\u00e3 desta sexta-feira (22), ficou decidida a realiza\u00e7\u00e3o de uma sess\u00e3o extraordin\u00e1ria no pr\u00f3ximo dia 27 para aprecia\u00e7\u00e3o do projeto de lei do Or\u00e7amento do Munic\u00edpio em 2024. A sess\u00e3o extraordin\u00e1ria ocorrer\u00e1 no Centro de Educa\u00e7\u00e3o Inclusiva Colbert Martins da Silva. A decis\u00e3o dos vereadores \u00e9 respaldada pelo Par\u00e1grafo \u00danico, \u00cdtem I, do Art. 53 da Lei Org\u00e2nica do Munic\u00edpio. A an\u00e1lise da mat\u00e9ria acontecer\u00e1 no hor\u00e1rio regimental, a partir das 8h30.<\/p>\n\n\n\n<p>Nesta sexta-feira estava agendada uma sess\u00e3o, que n\u00e3o ocorreu, resultando inclusive em descumprimento de decis\u00e3o judicial por parte da presid\u00eancia da Casa.<\/p>\n\n\n\n<p>A decis\u00e3o foi oficializada pela maioria da Mesa Diretora, composta pelos vereadores: Fernando Dantas Torres (1\u00ba vice-presidente da Mesa Diretiva), Josse Paulo Pereira Barbosa (2\u00ba vice-presidente da Mesa Diretiva), Valdemir da Silva Santos (2\u00ba secret\u00e1rio da Mesa Diretiva), e Edvlado Lima Santos (3\u00ba secret\u00e1rio da Mesa Diretiva). O grupo constituiu a maioria da Mesa, em conformidade com o Artigo 21 do Regimento Interno da C\u00e2mara Municipal de Feira de Santana.<\/p>\n\n\n\n<p>Durante a reuni\u00e3o da Mesa Diretiva, o 1\u00ba vice-presidente, Fernando Torres, observou que, diante dos acontecimentos recentes e reiterado descumprimento do Regimento Interno da Casa, incluindo ordens judiciais, comprometendo a reputa\u00e7\u00e3o da Casa Legislativa como um todo e, especialmente, da Mesa Diretiva, foi sugerida e aprovada a sess\u00e3o extraordin\u00e1ria para aprecia\u00e7\u00e3o do or\u00e7amento municipal do ano de 2024.<\/p>\n\n\n\n<figure class=\"wp-block-gallery has-nested-images columns-default is-cropped wp-block-gallery-1 is-layout-flex wp-block-gallery-is-layout-flex\">\n<figure class=\"wp-block-image size-large\"><img fetchpriority=\"high\" decoding=\"async\" width=\"724\" height=\"1024\" data-id=\"21199\" src=\"https:\/\/portalmf.com.br\/wp-content\/uploads\/2023\/12\/img20231222_12334945_page-0001-724x1024.jpg\" alt=\"\" class=\"wp-image-21199\" srcset=\"https:\/\/portalmf.com.br\/wp-content\/uploads\/2023\/12\/img20231222_12334945_page-0001-724x1024.jpg 724w, https:\/\/portalmf.com.br\/wp-content\/uploads\/2023\/12\/img20231222_12334945_page-0001-212x300.jpg 212w, https:\/\/portalmf.com.br\/wp-content\/uploads\/2023\/12\/img20231222_12334945_page-0001-768x1086.jpg 768w, https:\/\/portalmf.com.br\/wp-content\/uploads\/2023\/12\/img20231222_12334945_page-0001-1087x1536.jpg 1087w, https:\/\/portalmf.com.br\/wp-content\/uploads\/2023\/12\/img20231222_12334945_page-0001-1170x1654.jpg 1170w, https:\/\/portalmf.com.br\/wp-content\/uploads\/2023\/12\/img20231222_12334945_page-0001-585x827.jpg 585w, https:\/\/portalmf.com.br\/wp-content\/uploads\/2023\/12\/img20231222_12334945_page-0001.jpg 1240w\" sizes=\"(max-width: 724px) 100vw, 724px\" \/><\/figure>\n\n\n\n<figure class=\"wp-block-image size-large\"><img decoding=\"async\" width=\"724\" height=\"1024\" data-id=\"21198\" src=\"https:\/\/portalmf.com.br\/wp-content\/uploads\/2023\/12\/img20231222_12334945_page-0002-724x1024.jpg\" alt=\"\" class=\"wp-image-21198\" srcset=\"https:\/\/portalmf.com.br\/wp-content\/uploads\/2023\/12\/img20231222_12334945_page-0002-724x1024.jpg 724w, https:\/\/portalmf.com.br\/wp-content\/uploads\/2023\/12\/img20231222_12334945_page-0002-212x300.jpg 212w, https:\/\/portalmf.com.br\/wp-content\/uploads\/2023\/12\/img20231222_12334945_page-0002-768x1086.jpg 768w, https:\/\/portalmf.com.br\/wp-content\/uploads\/2023\/12\/img20231222_12334945_page-0002-1087x1536.jpg 1087w, https:\/\/portalmf.com.br\/wp-content\/uploads\/2023\/12\/img20231222_12334945_page-0002-1170x1654.jpg 1170w, https:\/\/portalmf.com.br\/wp-content\/uploads\/2023\/12\/img20231222_12334945_page-0002-585x827.jpg 585w, https:\/\/portalmf.com.br\/wp-content\/uploads\/2023\/12\/img20231222_12334945_page-0002.jpg 1240w\" sizes=\"(max-width: 724px) 100vw, 724px\" \/><\/figure>\n\n\n\n<figure class=\"wp-block-image size-large\"><img decoding=\"async\" width=\"724\" height=\"1024\" data-id=\"21200\" src=\"https:\/\/portalmf.com.br\/wp-content\/uploads\/2023\/12\/img20231222_12353655_page-0001-724x1024.jpg\" alt=\"\" class=\"wp-image-21200\" srcset=\"https:\/\/portalmf.com.br\/wp-content\/uploads\/2023\/12\/img20231222_12353655_page-0001-724x1024.jpg 724w, https:\/\/portalmf.com.br\/wp-content\/uploads\/2023\/12\/img20231222_12353655_page-0001-212x300.jpg 212w, https:\/\/portalmf.com.br\/wp-content\/uploads\/2023\/12\/img20231222_12353655_page-0001-768x1086.jpg 768w, https:\/\/portalmf.com.br\/wp-content\/uploads\/2023\/12\/img20231222_12353655_page-0001-1087x1536.jpg 1087w, https:\/\/portalmf.com.br\/wp-content\/uploads\/2023\/12\/img20231222_12353655_page-0001-1170x1654.jpg 1170w, https:\/\/portalmf.com.br\/wp-content\/uploads\/2023\/12\/img20231222_12353655_page-0001-585x827.jpg 585w, https:\/\/portalmf.com.br\/wp-content\/uploads\/2023\/12\/img20231222_12353655_page-0001.jpg 1240w\" sizes=\"(max-width: 724px) 100vw, 724px\" \/><\/figure>\n<\/figure>\n\n\n\n<p>Com informa\u00e7\u00f5es da assessoria de Comunica\u00e7\u00e3o da Bancada Governista<\/p>\n","protected":false},"excerpt":{"rendered":"<p>Ap\u00f3s uma reuni\u00e3o entre a maioria dos vereadores que comp\u00f5em a Mesa Diretiva da C\u00e2mara Municipal de Feira de Santana, acompanhada tamb\u00e9m pela maioria dos edis da Casa, na manh\u00e3 desta sexta-feira (22), ficou decidida a realiza\u00e7\u00e3o de uma sess\u00e3o extraordin\u00e1ria no pr\u00f3ximo dia 27 para aprecia\u00e7\u00e3o do projeto de lei do Or\u00e7amento do Munic\u00edpio [&hellip;]<\/p>\n","protected":false},"author":3,"featured_media":20830,"comment_status":"open","ping_status":"open","sticky":false,"template":"","format":"standard","meta":{"_monsterinsights_skip_tracking":false,"_monsterinsights_sitenote_active":false,"_monsterinsights_sitenote_note":"","_monsterinsights_sitenote_category":0,"footnotes":""},"categories":[34],"tags":[],"yoast_head":"<!-- This site is optimized with the Yoast SEO plugin v22.9 - https:\/\/yoast.com\/wordpress\/plugins\/seo\/ -->\n<title>Vereadores far\u00e3o sess\u00e3o extraordin\u00e1ria no dia 27 para vota\u00e7\u00e3o do Or\u00e7amento 2024 - Portal MF<\/title>\n<meta name=\"robots\" content=\"index, follow, max-snippet:-1, max-image-preview:large, max-video-preview:-1\" \/>\n<link rel=\"canonical\" href=\"https:\/\/portalmf.com.br\/index.php\/2023\/12\/22\/vereadores-farao-sessao-extraordinaria-no-dia-27-para-votacao-do-orcamento-2024\/\" \/>\n<meta property=\"og:locale\" content=\"pt_BR\" \/>\n<meta property=\"og:type\" content=\"article\" \/>\n<meta property=\"og:title\" content=\"Vereadores far\u00e3o sess\u00e3o extraordin\u00e1ria no dia 27 para vota\u00e7\u00e3o do Or\u00e7amento 2024 - Portal MF\" \/>\n<meta property=\"og:description\" content=\"Ap\u00f3s uma reuni\u00e3o entre a maioria dos vereadores que comp\u00f5em a Mesa Diretiva da C\u00e2mara Municipal de Feira de Santana, acompanhada tamb\u00e9m pela maioria dos edis da Casa, na manh\u00e3 desta sexta-feira (22), ficou decidida a realiza\u00e7\u00e3o de uma sess\u00e3o extraordin\u00e1ria no pr\u00f3ximo dia 27 para aprecia\u00e7\u00e3o do projeto de lei do Or\u00e7amento do Munic\u00edpio [&hellip;]\" \/>\n<meta property=\"og:url\" content=\"https:\/\/portalmf.com.br\/index.php\/2023\/12\/22\/vereadores-farao-sessao-extraordinaria-no-dia-27-para-votacao-do-orcamento-2024\/\" \/>\n<meta property=\"og:site_name\" content=\"Portal MF\" \/>\n<meta property=\"article:author\" content=\"https:\/\/www.facebook.com\/portalmfoficial\" \/>\n<meta property=\"article:published_time\" content=\"2023-12-22T17:39:41+00:00\" \/>\n<meta property=\"article:modified_time\" content=\"2023-12-22T17:39:45+00:00\" \/>\n<meta property=\"og:image\" content=\"https:\/\/portalmf.com.br\/wp-content\/uploads\/2023\/12\/Camara-de-Feira.jpeg\" \/>\n\t<meta property=\"og:image:width\" content=\"1306\" \/>\n\t<meta property=\"og:image:height\" content=\"870\" \/>\n\t<meta property=\"og:image:type\" content=\"image\/jpeg\" \/>\n<meta name=\"author\" content=\"Reda\u00e7\u00e3o Portal MF\" \/>\n<meta name=\"twitter:card\" content=\"summary_large_image\" \/>\n<meta name=\"twitter:creator\" content=\"@https:\/\/x.com\/portalmfoficial\" \/>\n<meta name=\"twitter:label1\" content=\"Escrito por\" \/>\n\t<meta name=\"twitter:data1\" content=\"Reda\u00e7\u00e3o Portal MF\" \/>\n\t<meta name=\"twitter:label2\" content=\"Est. tempo de leitura\" \/>\n\t<meta name=\"twitter:data2\" content=\"3 minutos\" \/>\n<script type=\"application\/ld+json\" class=\"yoast-schema-graph\">{\"@context\":\"https:\/\/schema.org\",\"@graph\":[{\"@type\":\"WebPage\",\"@id\":\"https:\/\/portalmf.com.br\/index.php\/2023\/12\/22\/vereadores-farao-sessao-extraordinaria-no-dia-27-para-votacao-do-orcamento-2024\/\",\"url\":\"https:\/\/portalmf.com.br\/index.php\/2023\/12\/22\/vereadores-farao-sessao-extraordinaria-no-dia-27-para-votacao-do-orcamento-2024\/\",\"name\":\"Vereadores far\u00e3o sess\u00e3o extraordin\u00e1ria no dia 27 para vota\u00e7\u00e3o do Or\u00e7amento 2024 - Portal MF\",\"isPartOf\":{\"@id\":\"https:\/\/portalmf.com.br\/#website\"},\"primaryImageOfPage\":{\"@id\":\"https:\/\/portalmf.com.br\/index.php\/2023\/12\/22\/vereadores-farao-sessao-extraordinaria-no-dia-27-para-votacao-do-orcamento-2024\/#primaryimage\"},\"image\":{\"@id\":\"https:\/\/portalmf.com.br\/index.php\/2023\/12\/22\/vereadores-farao-sessao-extraordinaria-no-dia-27-para-votacao-do-orcamento-2024\/#primaryimage\"},\"thumbnailUrl\":\"https:\/\/portalmf.com.br\/wp-content\/uploads\/2023\/12\/Camara-de-Feira.jpeg\",\"datePublished\":\"2023-12-22T17:39:41+00:00\",\"dateModified\":\"2023-12-22T17:39:45+00:00\",\"author\":{\"@id\":\"https:\/\/portalmf.com.br\/#\/schema\/person\/9ec101baf56233e53520c26de5d6f6f0\"},\"breadcrumb\":{\"@id\":\"https:\/\/portalmf.com.br\/index.php\/2023\/12\/22\/vereadores-farao-sessao-extraordinaria-no-dia-27-para-votacao-do-orcamento-2024\/#breadcrumb\"},\"inLanguage\":\"pt-BR\",\"potentialAction\":[{\"@type\":\"ReadAction\",\"target\":[\"https:\/\/portalmf.com.br\/index.php\/2023\/12\/22\/vereadores-farao-sessao-extraordinaria-no-dia-27-para-votacao-do-orcamento-2024\/\"]}]},{\"@type\":\"ImageObject\",\"inLanguage\":\"pt-BR\",\"@id\":\"https:\/\/portalmf.com.br\/index.php\/2023\/12\/22\/vereadores-farao-sessao-extraordinaria-no-dia-27-para-votacao-do-orcamento-2024\/#primaryimage\",\"url\":\"https:\/\/portalmf.com.br\/wp-content\/uploads\/2023\/12\/Camara-de-Feira.jpeg\",\"contentUrl\":\"https:\/\/portalmf.com.br\/wp-content\/uploads\/2023\/12\/Camara-de-Feira.jpeg\",\"width\":1306,\"height\":870},{\"@type\":\"BreadcrumbList\",\"@id\":\"https:\/\/portalmf.com.br\/index.php\/2023\/12\/22\/vereadores-farao-sessao-extraordinaria-no-dia-27-para-votacao-do-orcamento-2024\/#breadcrumb\",\"itemListElement\":[{\"@type\":\"ListItem\",\"position\":1,\"name\":\"In\u00edcio\",\"item\":\"https:\/\/portalmf.com.br\/\"},{\"@type\":\"ListItem\",\"position\":2,\"name\":\"Vereadores far\u00e3o sess\u00e3o extraordin\u00e1ria no dia 27 para vota\u00e7\u00e3o do Or\u00e7amento 2024\"}]},{\"@type\":\"WebSite\",\"@id\":\"https:\/\/portalmf.com.br\/#website\",\"url\":\"https:\/\/portalmf.com.br\/\",\"name\":\"Portal MF\",\"description\":\"Voc\u00ea conectado com a informa\u00e7\u00e3o\",\"potentialAction\":[{\"@type\":\"SearchAction\",\"target\":{\"@type\":\"EntryPoint\",\"urlTemplate\":\"https:\/\/portalmf.com.br\/?s={search_term_string}\"},\"query-input\":\"required name=search_term_string\"}],\"inLanguage\":\"pt-BR\"},{\"@type\":\"Person\",\"@id\":\"https:\/\/portalmf.com.br\/#\/schema\/person\/9ec101baf56233e53520c26de5d6f6f0\",\"name\":\"Reda\u00e7\u00e3o Portal MF\",\"image\":{\"@type\":\"ImageObject\",\"inLanguage\":\"pt-BR\",\"@id\":\"https:\/\/portalmf.com.br\/#\/schema\/person\/image\/\",\"url\":\"https:\/\/secure.gravatar.com\/avatar\/41b9aaeb2100835f7c64362330f74c7f?s=96&d=mm&r=g\",\"contentUrl\":\"https:\/\/secure.gravatar.com\/avatar\/41b9aaeb2100835f7c64362330f74c7f?s=96&d=mm&r=g\",\"caption\":\"Reda\u00e7\u00e3o Portal MF\"},\"description\":\"Sejam bem-vindos o portal de informa\u00e7\u00f5es de entretenimento de Feira de Santana, desde 2006 realiza coberturas dos principais eventos com entrevistas exclusivas com as principais personalidades mundiais. Fique conectado tamb\u00e9m nas redes sociais.\",\"sameAs\":[\"http:\/\/www.portalmf.com.br\/\",\"https:\/\/www.facebook.com\/portalmfoficial\",\"https:\/\/www.instagram.com\/portalmf\/\",\"https:\/\/x.com\/https:\/\/x.com\/portalmfoficial\",\"https:\/\/www.youtube.com\/@portalmfoficial\"],\"url\":\"https:\/\/portalmf.com.br\/index.php\/author\/junior\/\"}]}<\/script>\n<!-- \/ Yoast SEO plugin. -->","yoast_head_json":{"title":"Vereadores far\u00e3o sess\u00e3o extraordin\u00e1ria no dia 27 para vota\u00e7\u00e3o do Or\u00e7amento 2024 - Portal MF","robots":{"index":"index","follow":"follow","max-snippet":"max-snippet:-1","max-image-preview":"max-image-preview:large","max-video-preview":"max-video-preview:-1"},"canonical":"https:\/\/portalmf.com.br\/index.php\/2023\/12\/22\/vereadores-farao-sessao-extraordinaria-no-dia-27-para-votacao-do-orcamento-2024\/","og_locale":"pt_BR","og_type":"article","og_title":"Vereadores far\u00e3o sess\u00e3o extraordin\u00e1ria no dia 27 para vota\u00e7\u00e3o do Or\u00e7amento 2024 - Portal MF","og_description":"Ap\u00f3s uma reuni\u00e3o entre a maioria dos vereadores que comp\u00f5em a Mesa Diretiva da C\u00e2mara Municipal de Feira de Santana, acompanhada tamb\u00e9m pela maioria dos edis da Casa, na manh\u00e3 desta sexta-feira (22), ficou decidida a realiza\u00e7\u00e3o de uma sess\u00e3o extraordin\u00e1ria no pr\u00f3ximo dia 27 para aprecia\u00e7\u00e3o do projeto de lei do Or\u00e7amento do Munic\u00edpio [&hellip;]","og_url":"https:\/\/portalmf.com.br\/index.php\/2023\/12\/22\/vereadores-farao-sessao-extraordinaria-no-dia-27-para-votacao-do-orcamento-2024\/","og_site_name":"Portal MF","article_author":"https:\/\/www.facebook.com\/portalmfoficial","article_published_time":"2023-12-22T17:39:41+00:00","article_modified_time":"2023-12-22T17:39:45+00:00","og_image":[{"width":1306,"height":870,"url":"https:\/\/portalmf.com.br\/wp-content\/uploads\/2023\/12\/Camara-de-Feira.jpeg","type":"image\/jpeg"}],"author":"Reda\u00e7\u00e3o Portal MF","twitter_card":"summary_large_image","twitter_creator":"@https:\/\/x.com\/portalmfoficial","twitter_misc":{"Escrito por":"Reda\u00e7\u00e3o Portal MF","Est. tempo de leitura":"3 minutos"},"schema":{"@context":"https:\/\/schema.org","@graph":[{"@type":"WebPage","@id":"https:\/\/portalmf.com.br\/index.php\/2023\/12\/22\/vereadores-farao-sessao-extraordinaria-no-dia-27-para-votacao-do-orcamento-2024\/","url":"https:\/\/portalmf.com.br\/index.php\/2023\/12\/22\/vereadores-farao-sessao-extraordinaria-no-dia-27-para-votacao-do-orcamento-2024\/","name":"Vereadores far\u00e3o sess\u00e3o extraordin\u00e1ria no dia 27 para vota\u00e7\u00e3o do Or\u00e7amento 2024 - Portal MF","isPartOf":{"@id":"https:\/\/portalmf.com.br\/#website"},"primaryImageOfPage":{"@id":"https:\/\/portalmf.com.br\/index.php\/2023\/12\/22\/vereadores-farao-sessao-extraordinaria-no-dia-27-para-votacao-do-orcamento-2024\/#primaryimage"},"image":{"@id":"https:\/\/portalmf.com.br\/index.php\/2023\/12\/22\/vereadores-farao-sessao-extraordinaria-no-dia-27-para-votacao-do-orcamento-2024\/#primaryimage"},"thumbnailUrl":"https:\/\/portalmf.com.br\/wp-content\/uploads\/2023\/12\/Camara-de-Feira.jpeg","datePublished":"2023-12-22T17:39:41+00:00","dateModified":"2023-12-22T17:39:45+00:00","author":{"@id":"https:\/\/portalmf.com.br\/#\/schema\/person\/9ec101baf56233e53520c26de5d6f6f0"},"breadcrumb":{"@id":"https:\/\/portalmf.com.br\/index.php\/2023\/12\/22\/vereadores-farao-sessao-extraordinaria-no-dia-27-para-votacao-do-orcamento-2024\/#breadcrumb"},"inLanguage":"pt-BR","potentialAction":[{"@type":"ReadAction","target":["https:\/\/portalmf.com.br\/index.php\/2023\/12\/22\/vereadores-farao-sessao-extraordinaria-no-dia-27-para-votacao-do-orcamento-2024\/"]}]},{"@type":"ImageObject","inLanguage":"pt-BR","@id":"https:\/\/portalmf.com.br\/index.php\/2023\/12\/22\/vereadores-farao-sessao-extraordinaria-no-dia-27-para-votacao-do-orcamento-2024\/#primaryimage","url":"https:\/\/portalmf.com.br\/wp-content\/uploads\/2023\/12\/Camara-de-Feira.jpeg","contentUrl":"https:\/\/portalmf.com.br\/wp-content\/uploads\/2023\/12\/Camara-de-Feira.jpeg","width":1306,"height":870},{"@type":"BreadcrumbList","@id":"https:\/\/portalmf.com.br\/index.php\/2023\/12\/22\/vereadores-farao-sessao-extraordinaria-no-dia-27-para-votacao-do-orcamento-2024\/#breadcrumb","itemListElement":[{"@type":"ListItem","position":1,"name":"In\u00edcio","item":"https:\/\/portalmf.com.br\/"},{"@type":"ListItem","position":2,"name":"Vereadores far\u00e3o sess\u00e3o extraordin\u00e1ria no dia 27 para vota\u00e7\u00e3o do Or\u00e7amento 2024"}]},{"@type":"WebSite","@id":"https:\/\/portalmf.com.br\/#website","url":"https:\/\/portalmf.com.br\/","name":"Portal MF","description":"Voc\u00ea conectado com a informa\u00e7\u00e3o","potentialAction":[{"@type":"SearchAction","target":{"@type":"EntryPoint","urlTemplate":"https:\/\/portalmf.com.br\/?s={search_term_string}"},"query-input":"required name=search_term_string"}],"inLanguage":"pt-BR"},{"@type":"Person","@id":"https:\/\/portalmf.com.br\/#\/schema\/person\/9ec101baf56233e53520c26de5d6f6f0","name":"Reda\u00e7\u00e3o Portal MF","image":{"@type":"ImageObject","inLanguage":"pt-BR","@id":"https:\/\/portalmf.com.br\/#\/schema\/person\/image\/","url":"https:\/\/secure.gravatar.com\/avatar\/41b9aaeb2100835f7c64362330f74c7f?s=96&d=mm&r=g","contentUrl":"https:\/\/secure.gravatar.com\/avatar\/41b9aaeb2100835f7c64362330f74c7f?s=96&d=mm&r=g","caption":"Reda\u00e7\u00e3o Portal MF"},"description":"Sejam bem-vindos o portal de informa\u00e7\u00f5es de entretenimento de Feira de Santana, desde 2006 realiza coberturas dos principais eventos com entrevistas exclusivas com as principais personalidades mundiais. Fique conectado tamb\u00e9m nas redes sociais.","sameAs":["http:\/\/www.portalmf.com.br\/","https:\/\/www.facebook.com\/portalmfoficial","https:\/\/www.instagram.com\/portalmf\/","https:\/\/x.com\/https:\/\/x.com\/portalmfoficial","https:\/\/www.youtube.com\/@portalmfoficial"],"url":"https:\/\/portalmf.com.br\/index.php\/author\/junior\/"}]}},"_links":{"self":[{"href":"https:\/\/portalmf.com.br\/index.php\/wp-json\/wp\/v2\/posts\/21197"}],"collection":[{"href":"https:\/\/portalmf.com.br\/index.php\/wp-json\/wp\/v2\/posts"}],"about":[{"href":"https:\/\/portalmf.com.br\/index.php\/wp-json\/wp\/v2\/types\/post"}],"author":[{"embeddable":true,"href":"https:\/\/portalmf.com.br\/index.php\/wp-json\/wp\/v2\/users\/3"}],"replies":[{"embeddable":true,"href":"https:\/\/portalmf.com.br\/index.php\/wp-json\/wp\/v2\/comments?post=21197"}],"version-history":[{"count":1,"href":"https:\/\/portalmf.com.br\/index.php\/wp-json\/wp\/v2\/posts\/21197\/revisions"}],"predecessor-version":[{"id":21201,"href":"https:\/\/portalmf.com.br\/index.php\/wp-json\/wp\/v2\/posts\/21197\/revisions\/21201"}],"wp:featuredmedia":[{"embeddable":true,"href":"https:\/\/portalmf.com.br\/index.php\/wp-json\/wp\/v2\/media\/20830"}],"wp:attachment":[{"href":"https:\/\/portalmf.com.br\/index.php\/wp-json\/wp\/v2\/media?parent=21197"}],"wp:term":[{"taxonomy":"category","embeddable":true,"href":"https:\/\/portalmf.com.br\/index.php\/wp-json\/wp\/v2\/categories?post=21197"},{"taxonomy":"post_tag","embeddable":true,"href":"https:\/\/portalmf.com.br\/index.php\/wp-json\/wp\/v2\/tags?post=21197"}],"curies":[{"name":"wp","href":"https:\/\/api.w.org\/{rel}","templated":true}]}}