{"id":21172,"date":"2023-12-21T10:35:00","date_gmt":"2023-12-21T13:35:00","guid":{"rendered":"https:\/\/portalmf.com.br\/?p=21172"},"modified":"2023-12-21T17:38:23","modified_gmt":"2023-12-21T20:38:23","slug":"vereador-pedro-americo-cobra-obras-de-drenagem-dos-governos-municipais-de-colbert-e-jose-ronaldo","status":"publish","type":"post","link":"https:\/\/portalmf.com.br\/index.php\/2023\/12\/21\/vereador-pedro-americo-cobra-obras-de-drenagem-dos-governos-municipais-de-colbert-e-jose-ronaldo\/","title":{"rendered":"Vereador Pedro Am\u00e9rico cobra obras de drenagem dos governos municipais de Colbert e Jos\u00e9 Ronaldo"},"content":{"rendered":"\n<p>O vereador Pedro Am\u00e9rico usou suas redes sociais para cobrar do prefeito Colber Martins (MDB) e do ex-prefeito Jos\u00e9 Ronaldo (Uni\u00e3o Brasil) as obras de drenagem da cidade, que segundo ele, est\u00e1 engavetado pelo governo municipal h\u00e1 mais de cinco anos. O desabafo foi ap\u00f3s as chuvas dos \u00faltimos dias, que castigarem alguns bairros de Feira de Santana, em especial o Campo Limpo, onde moradores tiveram casas invadidas pela \u00e1gua e perderam m\u00f3veis e eletrodom\u00e9sticos.<\/p>\n\n\n\n<p><em>&#8220;\u00c9 inadmiss\u00edvel o que o poder p\u00fablico tem feito com a popula\u00e7\u00e3o de Feira de Santana. As pessoas merecem respeito, nosso povo est\u00e1 sofrendo&#8221;,<\/em> esbravejou o vereador, que \u00e9 um dos defensores da pol\u00edtica de saneamento e drenagem. De acordo com ele, h\u00e1 muitos anos, a hist\u00f3ria se repete: sempre que chove, regi\u00f5es como a do bairro Campo Limpo sofrem com diversos estragos.<\/p>\n\n\n\n<p>Pedro Am\u00e9rico lembrou que desde a sua atua\u00e7\u00e3o na Defesa Civil, tem ouvido a popula\u00e7\u00e3o e suas demandas quanto aos preju\u00edzos causados pelas chuvas e que nessa mesma \u00e9poca realizou estudos para resolu\u00e7\u00e3o efetiva do problema, indo a Bras\u00edlia (DF), buscar recursos. \u201c<em>Protocolei projetos no Sistema de Gest\u00e3o de Conv\u00eanios e Contratos de Repasse (SICONV), em Bras\u00edlia para viabilizar que as obras fossem feitas e at\u00e9 agora nada. Os problemas continuam os mesmos. Me pergunto quem ganha com isso?\u201d<\/em>, enfatizou.<\/p>\n\n\n\n<p>O vereador destacou tamb\u00e9m quem em dois momentos esteve no local com o secret\u00e1rio Jos\u00e9 Pinheiro, na gest\u00e3o do ex-prefeito Jos\u00e9 Ronaldo e o superintendente Jo\u00e3o Vianney no governo Colbert Martins para o Campo Limpo, visando mostrar o sofrimento das fam\u00edlias aos gestores e elucidar o problema<em>. &#8220;Desde quando Z\u00e9 Ronaldo era prefeito e Jos\u00e9 Pinheiro era secret\u00e1rio lutamos para resolver. Agora, Z\u00e9 Ronaldo quer ser prefeito novamente para qu\u00ea? Para deixar o povo com os mesmos problemas? Para causar ainda mais sofrimento a popula\u00e7\u00e3o que precisa efetivamente do poder p\u00fablico?&#8221;, <\/em>perguntou Pedro Am\u00e9rico.<\/p>\n\n\n\n<p>Ao final do post o vereador deixou um recado para a popula\u00e7\u00e3o: <em>&#8220;Espero que toda vez que voc\u00eas ouvirem esses nomes voc\u00eas lembrem das fam\u00edlias que sofrem com suas casas alagadas, seus sof\u00e1s e m\u00f3veis deteriorados, seus carros com defeitos ap\u00f3s a inunda\u00e7\u00e3o. Est\u00e1 na hora do povo de Feira dizer um basta a esse tipo de pol\u00edtica, que esquece o que \u00e9 mais importante. Mas, o mais importante \u00e9 que se lembrem que n\u00f3s somos os verdadeiros culpados por pensarmos a pol\u00edtica sempre do mesmo modo. 30 anos de Z\u00e9 Neto e Z\u00e9 Ronaldo, e o resultado \u00e9 casas e ruas alagadas&#8221;.<\/em><\/p>\n\n\n\n<p>Os bairros de Bara\u00fanas, Campo Limpo, George Am\u00e9rico, CJ. Jos\u00e9 Ronaldo, Jardim Ac\u00e1cia, Novo Horizonte, Feira X e muitos outros tamb\u00e9m sofrem em \u00e9pocas de chuva.<\/p>\n","protected":false},"excerpt":{"rendered":"<p>O vereador Pedro Am\u00e9rico usou suas redes sociais para cobrar do prefeito Colber Martins (MDB) e do ex-prefeito Jos\u00e9 Ronaldo (Uni\u00e3o Brasil) as obras de drenagem da cidade, que segundo ele, est\u00e1 engavetado pelo governo municipal h\u00e1 mais de cinco anos. O desabafo foi ap\u00f3s as chuvas dos \u00faltimos dias, que castigarem alguns bairros de [&hellip;]<\/p>\n","protected":false},"author":3,"featured_media":15324,"comment_status":"open","ping_status":"open","sticky":false,"template":"","format":"standard","meta":{"_monsterinsights_skip_tracking":false,"_monsterinsights_sitenote_active":false,"_monsterinsights_sitenote_note":"","_monsterinsights_sitenote_category":0,"footnotes":""},"categories":[34],"tags":[],"yoast_head":"<!-- This site is optimized with the Yoast SEO plugin v22.9 - https:\/\/yoast.com\/wordpress\/plugins\/seo\/ -->\n<title>Vereador Pedro Am\u00e9rico cobra obras de drenagem dos governos municipais de Colbert e Jos\u00e9 Ronaldo - Portal MF<\/title>\n<meta name=\"robots\" content=\"index, follow, max-snippet:-1, max-image-preview:large, max-video-preview:-1\" \/>\n<link rel=\"canonical\" href=\"https:\/\/portalmf.com.br\/index.php\/2023\/12\/21\/vereador-pedro-americo-cobra-obras-de-drenagem-dos-governos-municipais-de-colbert-e-jose-ronaldo\/\" \/>\n<meta property=\"og:locale\" content=\"pt_BR\" \/>\n<meta property=\"og:type\" content=\"article\" \/>\n<meta property=\"og:title\" content=\"Vereador Pedro Am\u00e9rico cobra obras de drenagem dos governos municipais de Colbert e Jos\u00e9 Ronaldo - Portal MF\" \/>\n<meta property=\"og:description\" content=\"O vereador Pedro Am\u00e9rico usou suas redes sociais para cobrar do prefeito Colber Martins (MDB) e do ex-prefeito Jos\u00e9 Ronaldo (Uni\u00e3o Brasil) as obras de drenagem da cidade, que segundo ele, est\u00e1 engavetado pelo governo municipal h\u00e1 mais de cinco anos. O desabafo foi ap\u00f3s as chuvas dos \u00faltimos dias, que castigarem alguns bairros de [&hellip;]\" \/>\n<meta property=\"og:url\" content=\"https:\/\/portalmf.com.br\/index.php\/2023\/12\/21\/vereador-pedro-americo-cobra-obras-de-drenagem-dos-governos-municipais-de-colbert-e-jose-ronaldo\/\" \/>\n<meta property=\"og:site_name\" content=\"Portal MF\" \/>\n<meta property=\"article:author\" content=\"https:\/\/www.facebook.com\/portalmfoficial\" \/>\n<meta property=\"article:published_time\" content=\"2023-12-21T13:35:00+00:00\" \/>\n<meta property=\"article:modified_time\" content=\"2023-12-21T20:38:23+00:00\" \/>\n<meta property=\"og:image\" content=\"https:\/\/portalmf.com.br\/wp-content\/uploads\/2023\/07\/Pedro-Americo.jpg\" \/>\n\t<meta property=\"og:image:width\" content=\"828\" \/>\n\t<meta property=\"og:image:height\" content=\"628\" \/>\n\t<meta property=\"og:image:type\" content=\"image\/jpeg\" \/>\n<meta name=\"author\" content=\"Reda\u00e7\u00e3o Portal MF\" \/>\n<meta name=\"twitter:card\" content=\"summary_large_image\" \/>\n<meta name=\"twitter:creator\" content=\"@https:\/\/x.com\/portalmfoficial\" \/>\n<meta name=\"twitter:label1\" content=\"Escrito por\" \/>\n\t<meta name=\"twitter:data1\" content=\"Reda\u00e7\u00e3o Portal MF\" \/>\n\t<meta name=\"twitter:label2\" content=\"Est. tempo de leitura\" \/>\n\t<meta name=\"twitter:data2\" content=\"3 minutos\" \/>\n<script type=\"application\/ld+json\" class=\"yoast-schema-graph\">{\"@context\":\"https:\/\/schema.org\",\"@graph\":[{\"@type\":\"WebPage\",\"@id\":\"https:\/\/portalmf.com.br\/index.php\/2023\/12\/21\/vereador-pedro-americo-cobra-obras-de-drenagem-dos-governos-municipais-de-colbert-e-jose-ronaldo\/\",\"url\":\"https:\/\/portalmf.com.br\/index.php\/2023\/12\/21\/vereador-pedro-americo-cobra-obras-de-drenagem-dos-governos-municipais-de-colbert-e-jose-ronaldo\/\",\"name\":\"Vereador Pedro Am\u00e9rico cobra obras de drenagem dos governos municipais de Colbert e Jos\u00e9 Ronaldo - Portal MF\",\"isPartOf\":{\"@id\":\"https:\/\/portalmf.com.br\/#website\"},\"primaryImageOfPage\":{\"@id\":\"https:\/\/portalmf.com.br\/index.php\/2023\/12\/21\/vereador-pedro-americo-cobra-obras-de-drenagem-dos-governos-municipais-de-colbert-e-jose-ronaldo\/#primaryimage\"},\"image\":{\"@id\":\"https:\/\/portalmf.com.br\/index.php\/2023\/12\/21\/vereador-pedro-americo-cobra-obras-de-drenagem-dos-governos-municipais-de-colbert-e-jose-ronaldo\/#primaryimage\"},\"thumbnailUrl\":\"https:\/\/portalmf.com.br\/wp-content\/uploads\/2023\/07\/Pedro-Americo.jpg\",\"datePublished\":\"2023-12-21T13:35:00+00:00\",\"dateModified\":\"2023-12-21T20:38:23+00:00\",\"author\":{\"@id\":\"https:\/\/portalmf.com.br\/#\/schema\/person\/9ec101baf56233e53520c26de5d6f6f0\"},\"breadcrumb\":{\"@id\":\"https:\/\/portalmf.com.br\/index.php\/2023\/12\/21\/vereador-pedro-americo-cobra-obras-de-drenagem-dos-governos-municipais-de-colbert-e-jose-ronaldo\/#breadcrumb\"},\"inLanguage\":\"pt-BR\",\"potentialAction\":[{\"@type\":\"ReadAction\",\"target\":[\"https:\/\/portalmf.com.br\/index.php\/2023\/12\/21\/vereador-pedro-americo-cobra-obras-de-drenagem-dos-governos-municipais-de-colbert-e-jose-ronaldo\/\"]}]},{\"@type\":\"ImageObject\",\"inLanguage\":\"pt-BR\",\"@id\":\"https:\/\/portalmf.com.br\/index.php\/2023\/12\/21\/vereador-pedro-americo-cobra-obras-de-drenagem-dos-governos-municipais-de-colbert-e-jose-ronaldo\/#primaryimage\",\"url\":\"https:\/\/portalmf.com.br\/wp-content\/uploads\/2023\/07\/Pedro-Americo.jpg\",\"contentUrl\":\"https:\/\/portalmf.com.br\/wp-content\/uploads\/2023\/07\/Pedro-Americo.jpg\",\"width\":828,\"height\":628},{\"@type\":\"BreadcrumbList\",\"@id\":\"https:\/\/portalmf.com.br\/index.php\/2023\/12\/21\/vereador-pedro-americo-cobra-obras-de-drenagem-dos-governos-municipais-de-colbert-e-jose-ronaldo\/#breadcrumb\",\"itemListElement\":[{\"@type\":\"ListItem\",\"position\":1,\"name\":\"In\u00edcio\",\"item\":\"https:\/\/portalmf.com.br\/\"},{\"@type\":\"ListItem\",\"position\":2,\"name\":\"Vereador Pedro Am\u00e9rico cobra obras de drenagem dos governos municipais de Colbert e Jos\u00e9 Ronaldo\"}]},{\"@type\":\"WebSite\",\"@id\":\"https:\/\/portalmf.com.br\/#website\",\"url\":\"https:\/\/portalmf.com.br\/\",\"name\":\"Portal MF\",\"description\":\"Voc\u00ea conectado com a informa\u00e7\u00e3o\",\"potentialAction\":[{\"@type\":\"SearchAction\",\"target\":{\"@type\":\"EntryPoint\",\"urlTemplate\":\"https:\/\/portalmf.com.br\/?s={search_term_string}\"},\"query-input\":\"required name=search_term_string\"}],\"inLanguage\":\"pt-BR\"},{\"@type\":\"Person\",\"@id\":\"https:\/\/portalmf.com.br\/#\/schema\/person\/9ec101baf56233e53520c26de5d6f6f0\",\"name\":\"Reda\u00e7\u00e3o Portal MF\",\"image\":{\"@type\":\"ImageObject\",\"inLanguage\":\"pt-BR\",\"@id\":\"https:\/\/portalmf.com.br\/#\/schema\/person\/image\/\",\"url\":\"https:\/\/secure.gravatar.com\/avatar\/41b9aaeb2100835f7c64362330f74c7f?s=96&d=mm&r=g\",\"contentUrl\":\"https:\/\/secure.gravatar.com\/avatar\/41b9aaeb2100835f7c64362330f74c7f?s=96&d=mm&r=g\",\"caption\":\"Reda\u00e7\u00e3o Portal MF\"},\"description\":\"Sejam bem-vindos o portal de informa\u00e7\u00f5es de entretenimento de Feira de Santana, desde 2006 realiza coberturas dos principais eventos com entrevistas exclusivas com as principais personalidades mundiais. Fique conectado tamb\u00e9m nas redes sociais.\",\"sameAs\":[\"http:\/\/www.portalmf.com.br\/\",\"https:\/\/www.facebook.com\/portalmfoficial\",\"https:\/\/www.instagram.com\/portalmf\/\",\"https:\/\/x.com\/https:\/\/x.com\/portalmfoficial\",\"https:\/\/www.youtube.com\/@portalmfoficial\"],\"url\":\"https:\/\/portalmf.com.br\/index.php\/author\/junior\/\"}]}<\/script>\n<!-- \/ Yoast SEO plugin. -->","yoast_head_json":{"title":"Vereador Pedro Am\u00e9rico cobra obras de drenagem dos governos municipais de Colbert e Jos\u00e9 Ronaldo - Portal MF","robots":{"index":"index","follow":"follow","max-snippet":"max-snippet:-1","max-image-preview":"max-image-preview:large","max-video-preview":"max-video-preview:-1"},"canonical":"https:\/\/portalmf.com.br\/index.php\/2023\/12\/21\/vereador-pedro-americo-cobra-obras-de-drenagem-dos-governos-municipais-de-colbert-e-jose-ronaldo\/","og_locale":"pt_BR","og_type":"article","og_title":"Vereador Pedro Am\u00e9rico cobra obras de drenagem dos governos municipais de Colbert e Jos\u00e9 Ronaldo - Portal MF","og_description":"O vereador Pedro Am\u00e9rico usou suas redes sociais para cobrar do prefeito Colber Martins (MDB) e do ex-prefeito Jos\u00e9 Ronaldo (Uni\u00e3o Brasil) as obras de drenagem da cidade, que segundo ele, est\u00e1 engavetado pelo governo municipal h\u00e1 mais de cinco anos. O desabafo foi ap\u00f3s as chuvas dos \u00faltimos dias, que castigarem alguns bairros de [&hellip;]","og_url":"https:\/\/portalmf.com.br\/index.php\/2023\/12\/21\/vereador-pedro-americo-cobra-obras-de-drenagem-dos-governos-municipais-de-colbert-e-jose-ronaldo\/","og_site_name":"Portal MF","article_author":"https:\/\/www.facebook.com\/portalmfoficial","article_published_time":"2023-12-21T13:35:00+00:00","article_modified_time":"2023-12-21T20:38:23+00:00","og_image":[{"width":828,"height":628,"url":"https:\/\/portalmf.com.br\/wp-content\/uploads\/2023\/07\/Pedro-Americo.jpg","type":"image\/jpeg"}],"author":"Reda\u00e7\u00e3o Portal MF","twitter_card":"summary_large_image","twitter_creator":"@https:\/\/x.com\/portalmfoficial","twitter_misc":{"Escrito por":"Reda\u00e7\u00e3o Portal MF","Est. tempo de leitura":"3 minutos"},"schema":{"@context":"https:\/\/schema.org","@graph":[{"@type":"WebPage","@id":"https:\/\/portalmf.com.br\/index.php\/2023\/12\/21\/vereador-pedro-americo-cobra-obras-de-drenagem-dos-governos-municipais-de-colbert-e-jose-ronaldo\/","url":"https:\/\/portalmf.com.br\/index.php\/2023\/12\/21\/vereador-pedro-americo-cobra-obras-de-drenagem-dos-governos-municipais-de-colbert-e-jose-ronaldo\/","name":"Vereador Pedro Am\u00e9rico cobra obras de drenagem dos governos municipais de Colbert e Jos\u00e9 Ronaldo - Portal MF","isPartOf":{"@id":"https:\/\/portalmf.com.br\/#website"},"primaryImageOfPage":{"@id":"https:\/\/portalmf.com.br\/index.php\/2023\/12\/21\/vereador-pedro-americo-cobra-obras-de-drenagem-dos-governos-municipais-de-colbert-e-jose-ronaldo\/#primaryimage"},"image":{"@id":"https:\/\/portalmf.com.br\/index.php\/2023\/12\/21\/vereador-pedro-americo-cobra-obras-de-drenagem-dos-governos-municipais-de-colbert-e-jose-ronaldo\/#primaryimage"},"thumbnailUrl":"https:\/\/portalmf.com.br\/wp-content\/uploads\/2023\/07\/Pedro-Americo.jpg","datePublished":"2023-12-21T13:35:00+00:00","dateModified":"2023-12-21T20:38:23+00:00","author":{"@id":"https:\/\/portalmf.com.br\/#\/schema\/person\/9ec101baf56233e53520c26de5d6f6f0"},"breadcrumb":{"@id":"https:\/\/portalmf.com.br\/index.php\/2023\/12\/21\/vereador-pedro-americo-cobra-obras-de-drenagem-dos-governos-municipais-de-colbert-e-jose-ronaldo\/#breadcrumb"},"inLanguage":"pt-BR","potentialAction":[{"@type":"ReadAction","target":["https:\/\/portalmf.com.br\/index.php\/2023\/12\/21\/vereador-pedro-americo-cobra-obras-de-drenagem-dos-governos-municipais-de-colbert-e-jose-ronaldo\/"]}]},{"@type":"ImageObject","inLanguage":"pt-BR","@id":"https:\/\/portalmf.com.br\/index.php\/2023\/12\/21\/vereador-pedro-americo-cobra-obras-de-drenagem-dos-governos-municipais-de-colbert-e-jose-ronaldo\/#primaryimage","url":"https:\/\/portalmf.com.br\/wp-content\/uploads\/2023\/07\/Pedro-Americo.jpg","contentUrl":"https:\/\/portalmf.com.br\/wp-content\/uploads\/2023\/07\/Pedro-Americo.jpg","width":828,"height":628},{"@type":"BreadcrumbList","@id":"https:\/\/portalmf.com.br\/index.php\/2023\/12\/21\/vereador-pedro-americo-cobra-obras-de-drenagem-dos-governos-municipais-de-colbert-e-jose-ronaldo\/#breadcrumb","itemListElement":[{"@type":"ListItem","position":1,"name":"In\u00edcio","item":"https:\/\/portalmf.com.br\/"},{"@type":"ListItem","position":2,"name":"Vereador Pedro Am\u00e9rico cobra obras de drenagem dos governos municipais de Colbert e Jos\u00e9 Ronaldo"}]},{"@type":"WebSite","@id":"https:\/\/portalmf.com.br\/#website","url":"https:\/\/portalmf.com.br\/","name":"Portal MF","description":"Voc\u00ea conectado com a informa\u00e7\u00e3o","potentialAction":[{"@type":"SearchAction","target":{"@type":"EntryPoint","urlTemplate":"https:\/\/portalmf.com.br\/?s={search_term_string}"},"query-input":"required name=search_term_string"}],"inLanguage":"pt-BR"},{"@type":"Person","@id":"https:\/\/portalmf.com.br\/#\/schema\/person\/9ec101baf56233e53520c26de5d6f6f0","name":"Reda\u00e7\u00e3o Portal MF","image":{"@type":"ImageObject","inLanguage":"pt-BR","@id":"https:\/\/portalmf.com.br\/#\/schema\/person\/image\/","url":"https:\/\/secure.gravatar.com\/avatar\/41b9aaeb2100835f7c64362330f74c7f?s=96&d=mm&r=g","contentUrl":"https:\/\/secure.gravatar.com\/avatar\/41b9aaeb2100835f7c64362330f74c7f?s=96&d=mm&r=g","caption":"Reda\u00e7\u00e3o Portal MF"},"description":"Sejam bem-vindos o portal de informa\u00e7\u00f5es de entretenimento de Feira de Santana, desde 2006 realiza coberturas dos principais eventos com entrevistas exclusivas com as principais personalidades mundiais. Fique conectado tamb\u00e9m nas redes sociais.","sameAs":["http:\/\/www.portalmf.com.br\/","https:\/\/www.facebook.com\/portalmfoficial","https:\/\/www.instagram.com\/portalmf\/","https:\/\/x.com\/https:\/\/x.com\/portalmfoficial","https:\/\/www.youtube.com\/@portalmfoficial"],"url":"https:\/\/portalmf.com.br\/index.php\/author\/junior\/"}]}},"_links":{"self":[{"href":"https:\/\/portalmf.com.br\/index.php\/wp-json\/wp\/v2\/posts\/21172"}],"collection":[{"href":"https:\/\/portalmf.com.br\/index.php\/wp-json\/wp\/v2\/posts"}],"about":[{"href":"https:\/\/portalmf.com.br\/index.php\/wp-json\/wp\/v2\/types\/post"}],"author":[{"embeddable":true,"href":"https:\/\/portalmf.com.br\/index.php\/wp-json\/wp\/v2\/users\/3"}],"replies":[{"embeddable":true,"href":"https:\/\/portalmf.com.br\/index.php\/wp-json\/wp\/v2\/comments?post=21172"}],"version-history":[{"count":1,"href":"https:\/\/portalmf.com.br\/index.php\/wp-json\/wp\/v2\/posts\/21172\/revisions"}],"predecessor-version":[{"id":21173,"href":"https:\/\/portalmf.com.br\/index.php\/wp-json\/wp\/v2\/posts\/21172\/revisions\/21173"}],"wp:featuredmedia":[{"embeddable":true,"href":"https:\/\/portalmf.com.br\/index.php\/wp-json\/wp\/v2\/media\/15324"}],"wp:attachment":[{"href":"https:\/\/portalmf.com.br\/index.php\/wp-json\/wp\/v2\/media?parent=21172"}],"wp:term":[{"taxonomy":"category","embeddable":true,"href":"https:\/\/portalmf.com.br\/index.php\/wp-json\/wp\/v2\/categories?post=21172"},{"taxonomy":"post_tag","embeddable":true,"href":"https:\/\/portalmf.com.br\/index.php\/wp-json\/wp\/v2\/tags?post=21172"}],"curies":[{"name":"wp","href":"https:\/\/api.w.org\/{rel}","templated":true}]}}