{"id":21154,"date":"2023-12-21T17:23:47","date_gmt":"2023-12-21T20:23:47","guid":{"rendered":"https:\/\/portalmf.com.br\/?p=21154"},"modified":"2023-12-21T17:23:48","modified_gmt":"2023-12-21T20:23:48","slug":"governo-inaugura-obras-de-infraestrutura-e-seguranca-em-paulo-afonso-e-assina-ordens-de-servicos","status":"publish","type":"post","link":"https:\/\/portalmf.com.br\/index.php\/2023\/12\/21\/governo-inaugura-obras-de-infraestrutura-e-seguranca-em-paulo-afonso-e-assina-ordens-de-servicos\/","title":{"rendered":"Governo inaugura obras de infraestrutura e seguran\u00e7a em Paulo Afonso e assina ordens de servi\u00e7os"},"content":{"rendered":"\n<p>Mais de 138 mil habitantes de Paulo Afonso, na regi\u00e3o nordeste da Bahia, foram contemplados com a primeira etapa da amplia\u00e7\u00e3o do Sistema Integrado de Abastecimento de \u00c1gua (SIAA) da cidade. Em visita ao munic\u00edpio, nesta quarta-feira, o governador Jer\u00f4nimo Rodrigues inaugurou a obra e deu por entregue o Sistema Simplificado de Abastecimento de \u00c1gua (SSAA) na Aldeia Ind\u00edgena Truk\u00e1 Tupan, al\u00e9m do SIAA que atende mais 10 localidades. Ele ainda assinou ordens de servi\u00e7os para contrata\u00e7\u00e3o de leitos e equipamentos para os hospitais Nair Alves de Souza e N\u00facleo Vida, com investimentos de mais de R$ 19,4 milh\u00f5es.<\/p>\n\n\n\n<p>Jer\u00f4nimo, que recebeu o t\u00edtulo de cidad\u00e3o paulo-afonsino, destacou a import\u00e2ncia dos investimentos nas \u00e1reas de abastecimento, contribuindo para o acesso \u00e0 \u00e1gua pot\u00e1vel; al\u00e9m de ampliar o servi\u00e7o de sa\u00fade da cidade. \u201cEntregamos diversos equipamentos importantes para a popula\u00e7\u00e3o. A Seguran\u00e7a P\u00fablica foi bastante contemplada com a sede para um comando da Pol\u00edcia Militar, assim como a Sa\u00fade, com servi\u00e7os para tratamento de c\u00e2ncer. Sem contar com expans\u00e3o do sistema de \u00e1gua no munic\u00edpio\u201d, apontou o governador.<\/p>\n\n\n\n<figure class=\"wp-block-image size-large\"><img fetchpriority=\"high\" decoding=\"async\" width=\"1024\" height=\"682\" src=\"https:\/\/portalmf.com.br\/wp-content\/uploads\/2023\/12\/Governo-inaugura-obras-de-infraestrutura-e-seguranca-em-Paulo-Afonso-e-assina-ordens-de-servicos-1-1024x682.jpeg\" alt=\"\" class=\"wp-image-21155\" srcset=\"https:\/\/portalmf.com.br\/wp-content\/uploads\/2023\/12\/Governo-inaugura-obras-de-infraestrutura-e-seguranca-em-Paulo-Afonso-e-assina-ordens-de-servicos-1-1024x682.jpeg 1024w, https:\/\/portalmf.com.br\/wp-content\/uploads\/2023\/12\/Governo-inaugura-obras-de-infraestrutura-e-seguranca-em-Paulo-Afonso-e-assina-ordens-de-servicos-1-300x200.jpeg 300w, https:\/\/portalmf.com.br\/wp-content\/uploads\/2023\/12\/Governo-inaugura-obras-de-infraestrutura-e-seguranca-em-Paulo-Afonso-e-assina-ordens-de-servicos-1-768x512.jpeg 768w, https:\/\/portalmf.com.br\/wp-content\/uploads\/2023\/12\/Governo-inaugura-obras-de-infraestrutura-e-seguranca-em-Paulo-Afonso-e-assina-ordens-de-servicos-1-1170x780.jpeg 1170w, https:\/\/portalmf.com.br\/wp-content\/uploads\/2023\/12\/Governo-inaugura-obras-de-infraestrutura-e-seguranca-em-Paulo-Afonso-e-assina-ordens-de-servicos-1-585x390.jpeg 585w, https:\/\/portalmf.com.br\/wp-content\/uploads\/2023\/12\/Governo-inaugura-obras-de-infraestrutura-e-seguranca-em-Paulo-Afonso-e-assina-ordens-de-servicos-1-263x175.jpeg 263w, https:\/\/portalmf.com.br\/wp-content\/uploads\/2023\/12\/Governo-inaugura-obras-de-infraestrutura-e-seguranca-em-Paulo-Afonso-e-assina-ordens-de-servicos-1.jpeg 1280w\" sizes=\"(max-width: 1024px) 100vw, 1024px\" \/><figcaption class=\"wp-element-caption\"><strong>Foto: Mateus Pereira GOVBA<\/strong><\/figcaption><\/figure>\n\n\n\n<p>A primeira fase da obra de amplia\u00e7\u00e3o do SIAA de Paulo Afonso foi realizada pela Secretaria de Infraestrutura H\u00eddrica e Saneamento do Estado da Bahia (SIHS), em parceria com a Embasa, com investimento de cerca de R$ 45,5 milh\u00f5es, dos quais R$ 31,8 milh\u00f5es s\u00e3o oriundos do BNDES e mais R$ 13,6 milh\u00f5es de recursos pr\u00f3prios da Embasa. A obra de implanta\u00e7\u00e3o do SSAA na Aldeia Ind\u00edgena Truk\u00e1 Tupan, distante sete quil\u00f4metros da sede da cidade, foi executada pela Companhia de Engenharia H\u00eddrica e Saneamento da Bahia (Cerb), \u00f3rg\u00e3o vinculado \u00e0 SIHS, com recursos da ordem de R$120 mil. Outros R$ 10,1 milh\u00f5es foram aplicados para a constru\u00e7\u00e3o do SIAA das localidades de Xingozinho, Salobro, Tabuleirinho, S\u00edtio do Tar\u00e1, Malhada da Cai\u00e7ara, Lagoa Seca, Pinheiro, Pedrezinha, Lagoa do Junco e Picos.<\/p>\n\n\n\n<figure class=\"wp-block-image size-large\"><img decoding=\"async\" width=\"1024\" height=\"682\" src=\"https:\/\/portalmf.com.br\/wp-content\/uploads\/2023\/12\/Governo-inaugura-obras-de-infraestrutura-e-seguranca-em-Paulo-Afonso-e-assina-ordens-de-servicos-3-1024x682.jpeg\" alt=\"\" class=\"wp-image-21157\" srcset=\"https:\/\/portalmf.com.br\/wp-content\/uploads\/2023\/12\/Governo-inaugura-obras-de-infraestrutura-e-seguranca-em-Paulo-Afonso-e-assina-ordens-de-servicos-3-1024x682.jpeg 1024w, https:\/\/portalmf.com.br\/wp-content\/uploads\/2023\/12\/Governo-inaugura-obras-de-infraestrutura-e-seguranca-em-Paulo-Afonso-e-assina-ordens-de-servicos-3-300x200.jpeg 300w, https:\/\/portalmf.com.br\/wp-content\/uploads\/2023\/12\/Governo-inaugura-obras-de-infraestrutura-e-seguranca-em-Paulo-Afonso-e-assina-ordens-de-servicos-3-768x511.jpeg 768w, https:\/\/portalmf.com.br\/wp-content\/uploads\/2023\/12\/Governo-inaugura-obras-de-infraestrutura-e-seguranca-em-Paulo-Afonso-e-assina-ordens-de-servicos-3-1170x779.jpeg 1170w, https:\/\/portalmf.com.br\/wp-content\/uploads\/2023\/12\/Governo-inaugura-obras-de-infraestrutura-e-seguranca-em-Paulo-Afonso-e-assina-ordens-de-servicos-3-585x389.jpeg 585w, https:\/\/portalmf.com.br\/wp-content\/uploads\/2023\/12\/Governo-inaugura-obras-de-infraestrutura-e-seguranca-em-Paulo-Afonso-e-assina-ordens-de-servicos-3-263x175.jpeg 263w, https:\/\/portalmf.com.br\/wp-content\/uploads\/2023\/12\/Governo-inaugura-obras-de-infraestrutura-e-seguranca-em-Paulo-Afonso-e-assina-ordens-de-servicos-3.jpeg 1280w\" sizes=\"(max-width: 1024px) 100vw, 1024px\" \/><figcaption class=\"wp-element-caption\">Foto: Mateus Pereira GOVBA<\/figcaption><\/figure>\n\n\n\n<h2 class=\"wp-block-heading\">Sa\u00fade<\/h2>\n\n\n\n<p>Para o fortalecimento do atendimento da rede estadual de assist\u00eancia \u00e0 sa\u00fade da popula\u00e7\u00e3o de Paulo Afonso, o governador Jer\u00f4nimo Rodrigues assinou ordem de servi\u00e7o para a renova\u00e7\u00e3o de 33 leitos de m\u00e9dia complexidade, alto risco, UCINCO e UCINCA e nova contrata\u00e7\u00e3o de tr\u00eas leitos de cl\u00ednica pedi\u00e1trica, no Hospital Nair Alves de Souza, com valor de R$ 4,3 milh\u00f5es investido. A unidade hospitalar ainda foi contemplada com a contrata\u00e7\u00e3o de outros quatro leitos de UTI neonatal, com investimento de mais R$ 2,2 milh\u00f5es, e equipamentos para composi\u00e7\u00e3o dos leitos, com recursos de mais R$ 962 mil. Um aparelho de ultrassonografia, com recursos de R$ 86,2, tamb\u00e9m comp\u00f5e o pacote de investimentos.<\/p>\n\n\n\n<p>O Hospital N\u00facleo Vida recebeu importantes investimentos do Governo do Estado, com aplica\u00e7\u00e3o de R$ 11,8 milh\u00f5es em servi\u00e7os de Oncologia assistenciais, ambulatoriais e hospitalares de m\u00e9dia e alta complexidade, e di\u00e1rias de leitos de UTI, em que ser\u00e3o investidos R$ 988,9 mil mensais de recursos do Estado. O Centro de Especialidades Odontol\u00f3gicas (CEO) do munic\u00edpio de Paulo Afonso recebeu um kit odontol\u00f3gico, no valor de R$ 26,3 mil.<\/p>\n\n\n\n<figure class=\"wp-block-image size-large\"><img decoding=\"async\" width=\"1024\" height=\"682\" src=\"https:\/\/portalmf.com.br\/wp-content\/uploads\/2023\/12\/Governo-inaugura-obras-de-infraestrutura-e-seguranca-em-Paulo-Afonso-e-assina-ordens-de-servicos-2-1024x682.jpeg\" alt=\"\" class=\"wp-image-21156\" srcset=\"https:\/\/portalmf.com.br\/wp-content\/uploads\/2023\/12\/Governo-inaugura-obras-de-infraestrutura-e-seguranca-em-Paulo-Afonso-e-assina-ordens-de-servicos-2-1024x682.jpeg 1024w, https:\/\/portalmf.com.br\/wp-content\/uploads\/2023\/12\/Governo-inaugura-obras-de-infraestrutura-e-seguranca-em-Paulo-Afonso-e-assina-ordens-de-servicos-2-300x200.jpeg 300w, https:\/\/portalmf.com.br\/wp-content\/uploads\/2023\/12\/Governo-inaugura-obras-de-infraestrutura-e-seguranca-em-Paulo-Afonso-e-assina-ordens-de-servicos-2-768x512.jpeg 768w, https:\/\/portalmf.com.br\/wp-content\/uploads\/2023\/12\/Governo-inaugura-obras-de-infraestrutura-e-seguranca-em-Paulo-Afonso-e-assina-ordens-de-servicos-2-1170x780.jpeg 1170w, https:\/\/portalmf.com.br\/wp-content\/uploads\/2023\/12\/Governo-inaugura-obras-de-infraestrutura-e-seguranca-em-Paulo-Afonso-e-assina-ordens-de-servicos-2-585x390.jpeg 585w, https:\/\/portalmf.com.br\/wp-content\/uploads\/2023\/12\/Governo-inaugura-obras-de-infraestrutura-e-seguranca-em-Paulo-Afonso-e-assina-ordens-de-servicos-2-263x175.jpeg 263w, https:\/\/portalmf.com.br\/wp-content\/uploads\/2023\/12\/Governo-inaugura-obras-de-infraestrutura-e-seguranca-em-Paulo-Afonso-e-assina-ordens-de-servicos-2.jpeg 1280w\" sizes=\"(max-width: 1024px) 100vw, 1024px\" \/><figcaption class=\"wp-element-caption\">Foto: Mateus Pereira GOVBA<\/figcaption><\/figure>\n\n\n\n<h2 class=\"wp-block-heading\">Outras a\u00e7\u00f5es<\/h2>\n\n\n\n<p>Ainda para a popula\u00e7\u00e3o de Paulo Afonso, Jer\u00f4nimo Rodrigues inaugurou as instala\u00e7\u00f5es da nova sede do Comando de Policiamento da Regi\u00e3o Nordeste (CPR-Nordeste), im\u00f3vel cedido provisoriamente pela Companhia Hidroel\u00e9trica do S\u00e3o Francisco (Eletrobras Chesf) \u00e0 Pol\u00edcia Militar da Bahia (PMBA). A unidade de policiamento, composta por um efetivo de 1128 policiais militares \u00e0 servi\u00e7o da seguran\u00e7a de Paulo Afonso e de outros 41 munic\u00edpios baianos, recebeu cess\u00e3o de uso do im\u00f3vel, em que antes funcionava o pr\u00e9dio da Divis\u00e3o Regional Jur\u00eddica da Chesf, localizado na avenida Guararapes, no bairro Alves de Souza.<\/p>\n\n\n\n<p>O Coronel PM Carlos C\u00e9sar Albuquerque Pereira falou da relev\u00e2ncia das novas instala\u00e7\u00f5es para a corpora\u00e7\u00e3o. \u201cTermos o nosso pr\u00f3prio local para recepcionar a comunidade, com as portas abertas, \u00e9 muito importante para fortalecer a nossa rela\u00e7\u00e3o com a comunidade. A Pol\u00edcia do estado est\u00e1 vivendo um momento muito importante, com cada vez mais investimento e melhorias\u201d, afirmou Coronel C\u00e9sar Albuquerque, comandante da CPR-Nordeste.<\/p>\n\n\n\n<p>Pensando no fomento ao turismo de Paulo Afonso e regi\u00e3o, o governador autorizou a Secretaria de Turismo do Estado da Bahia (Setur) a celebrar, em nome do Estado da Bahia, o protocolo de inten\u00e7\u00f5es com a empresa Eletrobras Chesf, visando o desenvolvimento de atividades tur\u00edsticas no Complexo Hidrel\u00e9trico, pertencente \u00e0 referida empresa. \u201cO turismo \u00e9 uma atividade transversal. E as obras estruturantes entregues hoje aqui refletem tamb\u00e9m na atividade tur\u00edstica. O incremento na infraestrutura fortalece a cidade como um polo tur\u00edstico\u201d, ressaltou o titular da Setur, Maur\u00edcio Bacelar.<\/p>\n\n\n\n<p>Na \u00e1rea da Educa\u00e7\u00e3o, a Aldeia Truk\u00e1 Tupan receber\u00e1 um importante equipamento. A Secretaria da Educa\u00e7\u00e3o do Estado da Bahia (SEC) foi autorizada a adotar com as provid\u00eancias necess\u00e1rias para a constru\u00e7\u00e3o de uma nova unidade escolar estadual ind\u00edgena de tempo integral, para sediar o Anexo do Col\u00e9gio Estadual Ind\u00edgena Xucuru Kariri. A unidade sediada ser\u00e1 contemplada com seis salas, bloco administrativo, biblioteca, laborat\u00f3rio de inform\u00e1tica, restaurante estudantil, teatro, vesti\u00e1rio, p\u00e1tio coberto, quadra poliesportiva coberta e quadra de areia.<\/p>\n\n\n\n<p>\u201cNunca houve tanto investimento ao mesmo para este povo. Al\u00e9m do sistema de \u00e1gua, teremos col\u00e9gio em tempo integral, que far\u00e1 a diferen\u00e7a para a comunidade. \u00c9 um momento muito feliz para os povos ind\u00edgenas, com as pol\u00edticas p\u00fablicas chegando a quem mais precisa\u201d, destacou Patr\u00edcia Patax\u00f3, superintendente de Pol\u00edticas para Povos Ind\u00edgenas.<\/p>\n\n\n\n<p>Ainda em Paulo Afonso, o governador autorizou a SIHS, por meio da Cerb, a adotar as provid\u00eancias para execu\u00e7\u00e3o de 17 Sistemas de Abastecimento de \u00c1gua para abastecimento de 20 comunidades ind\u00edgenas nos munic\u00edpios de Abar\u00e9, Banza\u00e9, Euclides da Cunha, Gl\u00f3ria, Rodelas e Paulo Afonso. A Cerb ainda foi autorizada a proceder com a perfura\u00e7\u00e3o para constru\u00e7\u00e3o de 70 po\u00e7os tubulares profundos em comunidades ind\u00edgenas dos munic\u00edpios de Abar\u00e9, Gl\u00f3ria, Rodelas, Banza\u00ea, Euclides da Cunha, Cura\u00e7\u00e1, Cocos, Angical, Belmonte, Porto Seguro, Alcoba\u00e7a, Prado, Camac\u00e3, Ilh\u00e9us, Itaju do Col\u00f4nia, Pau Brasil e Santa Cruz de Cabr\u00e1lia.<\/p>\n","protected":false},"excerpt":{"rendered":"<p>Mais de 138 mil habitantes de Paulo Afonso, na regi\u00e3o nordeste da Bahia, foram contemplados com a primeira etapa da amplia\u00e7\u00e3o do Sistema Integrado de Abastecimento de \u00c1gua (SIAA) da cidade. Em visita ao munic\u00edpio, nesta quarta-feira, o governador Jer\u00f4nimo Rodrigues inaugurou a obra e deu por entregue o Sistema Simplificado de Abastecimento de \u00c1gua [&hellip;]<\/p>\n","protected":false},"author":3,"featured_media":21155,"comment_status":"open","ping_status":"open","sticky":false,"template":"","format":"standard","meta":{"_monsterinsights_skip_tracking":false,"_monsterinsights_sitenote_active":false,"_monsterinsights_sitenote_note":"","_monsterinsights_sitenote_category":0,"footnotes":""},"categories":[34],"tags":[],"yoast_head":"<!-- This site is optimized with the Yoast SEO plugin v22.9 - https:\/\/yoast.com\/wordpress\/plugins\/seo\/ -->\n<title>Governo inaugura obras de infraestrutura e seguran\u00e7a em Paulo Afonso e assina ordens de servi\u00e7os - Portal MF<\/title>\n<meta name=\"robots\" content=\"index, follow, max-snippet:-1, max-image-preview:large, max-video-preview:-1\" \/>\n<link rel=\"canonical\" href=\"https:\/\/portalmf.com.br\/index.php\/2023\/12\/21\/governo-inaugura-obras-de-infraestrutura-e-seguranca-em-paulo-afonso-e-assina-ordens-de-servicos\/\" \/>\n<meta property=\"og:locale\" content=\"pt_BR\" \/>\n<meta property=\"og:type\" content=\"article\" \/>\n<meta property=\"og:title\" content=\"Governo inaugura obras de infraestrutura e seguran\u00e7a em Paulo Afonso e assina ordens de servi\u00e7os - Portal MF\" \/>\n<meta property=\"og:description\" content=\"Mais de 138 mil habitantes de Paulo Afonso, na regi\u00e3o nordeste da Bahia, foram contemplados com a primeira etapa da amplia\u00e7\u00e3o do Sistema Integrado de Abastecimento de \u00c1gua (SIAA) da cidade. Em visita ao munic\u00edpio, nesta quarta-feira, o governador Jer\u00f4nimo Rodrigues inaugurou a obra e deu por entregue o Sistema Simplificado de Abastecimento de \u00c1gua [&hellip;]\" \/>\n<meta property=\"og:url\" content=\"https:\/\/portalmf.com.br\/index.php\/2023\/12\/21\/governo-inaugura-obras-de-infraestrutura-e-seguranca-em-paulo-afonso-e-assina-ordens-de-servicos\/\" \/>\n<meta property=\"og:site_name\" content=\"Portal MF\" \/>\n<meta property=\"article:author\" content=\"https:\/\/www.facebook.com\/portalmfoficial\" \/>\n<meta property=\"article:published_time\" content=\"2023-12-21T20:23:47+00:00\" \/>\n<meta property=\"article:modified_time\" content=\"2023-12-21T20:23:48+00:00\" \/>\n<meta property=\"og:image\" content=\"https:\/\/portalmf.com.br\/wp-content\/uploads\/2023\/12\/Governo-inaugura-obras-de-infraestrutura-e-seguranca-em-Paulo-Afonso-e-assina-ordens-de-servicos-1.jpeg\" \/>\n\t<meta property=\"og:image:width\" content=\"1280\" \/>\n\t<meta property=\"og:image:height\" content=\"853\" \/>\n\t<meta property=\"og:image:type\" content=\"image\/jpeg\" \/>\n<meta name=\"author\" content=\"Reda\u00e7\u00e3o Portal MF\" \/>\n<meta name=\"twitter:card\" content=\"summary_large_image\" \/>\n<meta name=\"twitter:creator\" content=\"@https:\/\/x.com\/portalmfoficial\" \/>\n<meta name=\"twitter:label1\" content=\"Escrito por\" \/>\n\t<meta name=\"twitter:data1\" content=\"Reda\u00e7\u00e3o Portal MF\" \/>\n\t<meta name=\"twitter:label2\" content=\"Est. tempo de leitura\" \/>\n\t<meta name=\"twitter:data2\" content=\"6 minutos\" \/>\n<script type=\"application\/ld+json\" class=\"yoast-schema-graph\">{\"@context\":\"https:\/\/schema.org\",\"@graph\":[{\"@type\":\"WebPage\",\"@id\":\"https:\/\/portalmf.com.br\/index.php\/2023\/12\/21\/governo-inaugura-obras-de-infraestrutura-e-seguranca-em-paulo-afonso-e-assina-ordens-de-servicos\/\",\"url\":\"https:\/\/portalmf.com.br\/index.php\/2023\/12\/21\/governo-inaugura-obras-de-infraestrutura-e-seguranca-em-paulo-afonso-e-assina-ordens-de-servicos\/\",\"name\":\"Governo inaugura obras de infraestrutura e seguran\u00e7a em Paulo Afonso e assina ordens de servi\u00e7os - Portal MF\",\"isPartOf\":{\"@id\":\"https:\/\/portalmf.com.br\/#website\"},\"primaryImageOfPage\":{\"@id\":\"https:\/\/portalmf.com.br\/index.php\/2023\/12\/21\/governo-inaugura-obras-de-infraestrutura-e-seguranca-em-paulo-afonso-e-assina-ordens-de-servicos\/#primaryimage\"},\"image\":{\"@id\":\"https:\/\/portalmf.com.br\/index.php\/2023\/12\/21\/governo-inaugura-obras-de-infraestrutura-e-seguranca-em-paulo-afonso-e-assina-ordens-de-servicos\/#primaryimage\"},\"thumbnailUrl\":\"https:\/\/portalmf.com.br\/wp-content\/uploads\/2023\/12\/Governo-inaugura-obras-de-infraestrutura-e-seguranca-em-Paulo-Afonso-e-assina-ordens-de-servicos-1.jpeg\",\"datePublished\":\"2023-12-21T20:23:47+00:00\",\"dateModified\":\"2023-12-21T20:23:48+00:00\",\"author\":{\"@id\":\"https:\/\/portalmf.com.br\/#\/schema\/person\/9ec101baf56233e53520c26de5d6f6f0\"},\"breadcrumb\":{\"@id\":\"https:\/\/portalmf.com.br\/index.php\/2023\/12\/21\/governo-inaugura-obras-de-infraestrutura-e-seguranca-em-paulo-afonso-e-assina-ordens-de-servicos\/#breadcrumb\"},\"inLanguage\":\"pt-BR\",\"potentialAction\":[{\"@type\":\"ReadAction\",\"target\":[\"https:\/\/portalmf.com.br\/index.php\/2023\/12\/21\/governo-inaugura-obras-de-infraestrutura-e-seguranca-em-paulo-afonso-e-assina-ordens-de-servicos\/\"]}]},{\"@type\":\"ImageObject\",\"inLanguage\":\"pt-BR\",\"@id\":\"https:\/\/portalmf.com.br\/index.php\/2023\/12\/21\/governo-inaugura-obras-de-infraestrutura-e-seguranca-em-paulo-afonso-e-assina-ordens-de-servicos\/#primaryimage\",\"url\":\"https:\/\/portalmf.com.br\/wp-content\/uploads\/2023\/12\/Governo-inaugura-obras-de-infraestrutura-e-seguranca-em-Paulo-Afonso-e-assina-ordens-de-servicos-1.jpeg\",\"contentUrl\":\"https:\/\/portalmf.com.br\/wp-content\/uploads\/2023\/12\/Governo-inaugura-obras-de-infraestrutura-e-seguranca-em-Paulo-Afonso-e-assina-ordens-de-servicos-1.jpeg\",\"width\":1280,\"height\":853},{\"@type\":\"BreadcrumbList\",\"@id\":\"https:\/\/portalmf.com.br\/index.php\/2023\/12\/21\/governo-inaugura-obras-de-infraestrutura-e-seguranca-em-paulo-afonso-e-assina-ordens-de-servicos\/#breadcrumb\",\"itemListElement\":[{\"@type\":\"ListItem\",\"position\":1,\"name\":\"In\u00edcio\",\"item\":\"https:\/\/portalmf.com.br\/\"},{\"@type\":\"ListItem\",\"position\":2,\"name\":\"Governo inaugura obras de infraestrutura e seguran\u00e7a em Paulo Afonso e assina ordens de servi\u00e7os\"}]},{\"@type\":\"WebSite\",\"@id\":\"https:\/\/portalmf.com.br\/#website\",\"url\":\"https:\/\/portalmf.com.br\/\",\"name\":\"Portal MF\",\"description\":\"Voc\u00ea conectado com a informa\u00e7\u00e3o\",\"potentialAction\":[{\"@type\":\"SearchAction\",\"target\":{\"@type\":\"EntryPoint\",\"urlTemplate\":\"https:\/\/portalmf.com.br\/?s={search_term_string}\"},\"query-input\":\"required name=search_term_string\"}],\"inLanguage\":\"pt-BR\"},{\"@type\":\"Person\",\"@id\":\"https:\/\/portalmf.com.br\/#\/schema\/person\/9ec101baf56233e53520c26de5d6f6f0\",\"name\":\"Reda\u00e7\u00e3o Portal MF\",\"image\":{\"@type\":\"ImageObject\",\"inLanguage\":\"pt-BR\",\"@id\":\"https:\/\/portalmf.com.br\/#\/schema\/person\/image\/\",\"url\":\"https:\/\/secure.gravatar.com\/avatar\/41b9aaeb2100835f7c64362330f74c7f?s=96&d=mm&r=g\",\"contentUrl\":\"https:\/\/secure.gravatar.com\/avatar\/41b9aaeb2100835f7c64362330f74c7f?s=96&d=mm&r=g\",\"caption\":\"Reda\u00e7\u00e3o Portal MF\"},\"description\":\"Sejam bem-vindos o portal de informa\u00e7\u00f5es de entretenimento de Feira de Santana, desde 2006 realiza coberturas dos principais eventos com entrevistas exclusivas com as principais personalidades mundiais. Fique conectado tamb\u00e9m nas redes sociais.\",\"sameAs\":[\"http:\/\/www.portalmf.com.br\/\",\"https:\/\/www.facebook.com\/portalmfoficial\",\"https:\/\/www.instagram.com\/portalmf\/\",\"https:\/\/x.com\/https:\/\/x.com\/portalmfoficial\",\"https:\/\/www.youtube.com\/@portalmfoficial\"],\"url\":\"https:\/\/portalmf.com.br\/index.php\/author\/junior\/\"}]}<\/script>\n<!-- \/ Yoast SEO plugin. -->","yoast_head_json":{"title":"Governo inaugura obras de infraestrutura e seguran\u00e7a em Paulo Afonso e assina ordens de servi\u00e7os - Portal MF","robots":{"index":"index","follow":"follow","max-snippet":"max-snippet:-1","max-image-preview":"max-image-preview:large","max-video-preview":"max-video-preview:-1"},"canonical":"https:\/\/portalmf.com.br\/index.php\/2023\/12\/21\/governo-inaugura-obras-de-infraestrutura-e-seguranca-em-paulo-afonso-e-assina-ordens-de-servicos\/","og_locale":"pt_BR","og_type":"article","og_title":"Governo inaugura obras de infraestrutura e seguran\u00e7a em Paulo Afonso e assina ordens de servi\u00e7os - Portal MF","og_description":"Mais de 138 mil habitantes de Paulo Afonso, na regi\u00e3o nordeste da Bahia, foram contemplados com a primeira etapa da amplia\u00e7\u00e3o do Sistema Integrado de Abastecimento de \u00c1gua (SIAA) da cidade. Em visita ao munic\u00edpio, nesta quarta-feira, o governador Jer\u00f4nimo Rodrigues inaugurou a obra e deu por entregue o Sistema Simplificado de Abastecimento de \u00c1gua [&hellip;]","og_url":"https:\/\/portalmf.com.br\/index.php\/2023\/12\/21\/governo-inaugura-obras-de-infraestrutura-e-seguranca-em-paulo-afonso-e-assina-ordens-de-servicos\/","og_site_name":"Portal MF","article_author":"https:\/\/www.facebook.com\/portalmfoficial","article_published_time":"2023-12-21T20:23:47+00:00","article_modified_time":"2023-12-21T20:23:48+00:00","og_image":[{"width":1280,"height":853,"url":"https:\/\/portalmf.com.br\/wp-content\/uploads\/2023\/12\/Governo-inaugura-obras-de-infraestrutura-e-seguranca-em-Paulo-Afonso-e-assina-ordens-de-servicos-1.jpeg","type":"image\/jpeg"}],"author":"Reda\u00e7\u00e3o Portal MF","twitter_card":"summary_large_image","twitter_creator":"@https:\/\/x.com\/portalmfoficial","twitter_misc":{"Escrito por":"Reda\u00e7\u00e3o Portal MF","Est. tempo de leitura":"6 minutos"},"schema":{"@context":"https:\/\/schema.org","@graph":[{"@type":"WebPage","@id":"https:\/\/portalmf.com.br\/index.php\/2023\/12\/21\/governo-inaugura-obras-de-infraestrutura-e-seguranca-em-paulo-afonso-e-assina-ordens-de-servicos\/","url":"https:\/\/portalmf.com.br\/index.php\/2023\/12\/21\/governo-inaugura-obras-de-infraestrutura-e-seguranca-em-paulo-afonso-e-assina-ordens-de-servicos\/","name":"Governo inaugura obras de infraestrutura e seguran\u00e7a em Paulo Afonso e assina ordens de servi\u00e7os - Portal MF","isPartOf":{"@id":"https:\/\/portalmf.com.br\/#website"},"primaryImageOfPage":{"@id":"https:\/\/portalmf.com.br\/index.php\/2023\/12\/21\/governo-inaugura-obras-de-infraestrutura-e-seguranca-em-paulo-afonso-e-assina-ordens-de-servicos\/#primaryimage"},"image":{"@id":"https:\/\/portalmf.com.br\/index.php\/2023\/12\/21\/governo-inaugura-obras-de-infraestrutura-e-seguranca-em-paulo-afonso-e-assina-ordens-de-servicos\/#primaryimage"},"thumbnailUrl":"https:\/\/portalmf.com.br\/wp-content\/uploads\/2023\/12\/Governo-inaugura-obras-de-infraestrutura-e-seguranca-em-Paulo-Afonso-e-assina-ordens-de-servicos-1.jpeg","datePublished":"2023-12-21T20:23:47+00:00","dateModified":"2023-12-21T20:23:48+00:00","author":{"@id":"https:\/\/portalmf.com.br\/#\/schema\/person\/9ec101baf56233e53520c26de5d6f6f0"},"breadcrumb":{"@id":"https:\/\/portalmf.com.br\/index.php\/2023\/12\/21\/governo-inaugura-obras-de-infraestrutura-e-seguranca-em-paulo-afonso-e-assina-ordens-de-servicos\/#breadcrumb"},"inLanguage":"pt-BR","potentialAction":[{"@type":"ReadAction","target":["https:\/\/portalmf.com.br\/index.php\/2023\/12\/21\/governo-inaugura-obras-de-infraestrutura-e-seguranca-em-paulo-afonso-e-assina-ordens-de-servicos\/"]}]},{"@type":"ImageObject","inLanguage":"pt-BR","@id":"https:\/\/portalmf.com.br\/index.php\/2023\/12\/21\/governo-inaugura-obras-de-infraestrutura-e-seguranca-em-paulo-afonso-e-assina-ordens-de-servicos\/#primaryimage","url":"https:\/\/portalmf.com.br\/wp-content\/uploads\/2023\/12\/Governo-inaugura-obras-de-infraestrutura-e-seguranca-em-Paulo-Afonso-e-assina-ordens-de-servicos-1.jpeg","contentUrl":"https:\/\/portalmf.com.br\/wp-content\/uploads\/2023\/12\/Governo-inaugura-obras-de-infraestrutura-e-seguranca-em-Paulo-Afonso-e-assina-ordens-de-servicos-1.jpeg","width":1280,"height":853},{"@type":"BreadcrumbList","@id":"https:\/\/portalmf.com.br\/index.php\/2023\/12\/21\/governo-inaugura-obras-de-infraestrutura-e-seguranca-em-paulo-afonso-e-assina-ordens-de-servicos\/#breadcrumb","itemListElement":[{"@type":"ListItem","position":1,"name":"In\u00edcio","item":"https:\/\/portalmf.com.br\/"},{"@type":"ListItem","position":2,"name":"Governo inaugura obras de infraestrutura e seguran\u00e7a em Paulo Afonso e assina ordens de servi\u00e7os"}]},{"@type":"WebSite","@id":"https:\/\/portalmf.com.br\/#website","url":"https:\/\/portalmf.com.br\/","name":"Portal MF","description":"Voc\u00ea conectado com a informa\u00e7\u00e3o","potentialAction":[{"@type":"SearchAction","target":{"@type":"EntryPoint","urlTemplate":"https:\/\/portalmf.com.br\/?s={search_term_string}"},"query-input":"required name=search_term_string"}],"inLanguage":"pt-BR"},{"@type":"Person","@id":"https:\/\/portalmf.com.br\/#\/schema\/person\/9ec101baf56233e53520c26de5d6f6f0","name":"Reda\u00e7\u00e3o Portal MF","image":{"@type":"ImageObject","inLanguage":"pt-BR","@id":"https:\/\/portalmf.com.br\/#\/schema\/person\/image\/","url":"https:\/\/secure.gravatar.com\/avatar\/41b9aaeb2100835f7c64362330f74c7f?s=96&d=mm&r=g","contentUrl":"https:\/\/secure.gravatar.com\/avatar\/41b9aaeb2100835f7c64362330f74c7f?s=96&d=mm&r=g","caption":"Reda\u00e7\u00e3o Portal MF"},"description":"Sejam bem-vindos o portal de informa\u00e7\u00f5es de entretenimento de Feira de Santana, desde 2006 realiza coberturas dos principais eventos com entrevistas exclusivas com as principais personalidades mundiais. Fique conectado tamb\u00e9m nas redes sociais.","sameAs":["http:\/\/www.portalmf.com.br\/","https:\/\/www.facebook.com\/portalmfoficial","https:\/\/www.instagram.com\/portalmf\/","https:\/\/x.com\/https:\/\/x.com\/portalmfoficial","https:\/\/www.youtube.com\/@portalmfoficial"],"url":"https:\/\/portalmf.com.br\/index.php\/author\/junior\/"}]}},"_links":{"self":[{"href":"https:\/\/portalmf.com.br\/index.php\/wp-json\/wp\/v2\/posts\/21154"}],"collection":[{"href":"https:\/\/portalmf.com.br\/index.php\/wp-json\/wp\/v2\/posts"}],"about":[{"href":"https:\/\/portalmf.com.br\/index.php\/wp-json\/wp\/v2\/types\/post"}],"author":[{"embeddable":true,"href":"https:\/\/portalmf.com.br\/index.php\/wp-json\/wp\/v2\/users\/3"}],"replies":[{"embeddable":true,"href":"https:\/\/portalmf.com.br\/index.php\/wp-json\/wp\/v2\/comments?post=21154"}],"version-history":[{"count":1,"href":"https:\/\/portalmf.com.br\/index.php\/wp-json\/wp\/v2\/posts\/21154\/revisions"}],"predecessor-version":[{"id":21159,"href":"https:\/\/portalmf.com.br\/index.php\/wp-json\/wp\/v2\/posts\/21154\/revisions\/21159"}],"wp:featuredmedia":[{"embeddable":true,"href":"https:\/\/portalmf.com.br\/index.php\/wp-json\/wp\/v2\/media\/21155"}],"wp:attachment":[{"href":"https:\/\/portalmf.com.br\/index.php\/wp-json\/wp\/v2\/media?parent=21154"}],"wp:term":[{"taxonomy":"category","embeddable":true,"href":"https:\/\/portalmf.com.br\/index.php\/wp-json\/wp\/v2\/categories?post=21154"},{"taxonomy":"post_tag","embeddable":true,"href":"https:\/\/portalmf.com.br\/index.php\/wp-json\/wp\/v2\/tags?post=21154"}],"curies":[{"name":"wp","href":"https:\/\/api.w.org\/{rel}","templated":true}]}}