{"id":21125,"date":"2023-12-20T19:10:27","date_gmt":"2023-12-20T22:10:27","guid":{"rendered":"https:\/\/portalmf.com.br\/?p=21125"},"modified":"2023-12-20T19:10:28","modified_gmt":"2023-12-20T22:10:28","slug":"ppp-da-iluminacao-publica-esta-na-fase-3-com-93-dos-bairros-e-distritos-contemplados-com-led","status":"publish","type":"post","link":"https:\/\/portalmf.com.br\/index.php\/2023\/12\/20\/ppp-da-iluminacao-publica-esta-na-fase-3-com-93-dos-bairros-e-distritos-contemplados-com-led\/","title":{"rendered":"PPP da ilumina\u00e7\u00e3o p\u00fablica est\u00e1 na fase 3, com 93% dos bairros e distritos contemplados com LED"},"content":{"rendered":"\n<p>A substitui\u00e7\u00e3o de l\u00e2mpadas convencionais por LED em Feira de Santana est\u00e1 na fase final. De acordo com o diretor do Departamento de Ilumina\u00e7\u00e3o P\u00fablica da Secretaria de Servi\u00e7os P\u00fablicos (SESP), Ezequiel Trindade, 93% do contrato j\u00e1 foi cumprido.&nbsp;<\/p>\n\n\n\n<p><em>\u201cN\u00f3s estamos na fase 3 da moderniza\u00e7\u00e3o. Uma PPP que deu um resultado muito grande para a nossa cidade, em termos de moderniza\u00e7\u00e3o e efetiva\u00e7\u00e3o. Hoje n\u00f3s temos 93% de ilumina\u00e7\u00e3o LED em nossa cidade\u201d,<\/em> revela.\u00a0<\/p>\n\n\n\n<p>Segundo Ezequiel, em breve, tanto a cidade quanto os distritos estar\u00e3o com 100% de ilumina\u00e7\u00e3o LED. \u201cN\u00f3s do departamento estamos correndo junto com a empresa para que ela cumpra o prazo dentro do processo, e venha dar tudo que o munic\u00edpio precisa, que s\u00e3o as lumin\u00e1rias, pontos especiais e a telegest\u00e3o\u201d, afirma.<\/p>\n\n\n\n<p>A instala\u00e7\u00e3o das l\u00e2mpadas LED trouxe mais efici\u00eancia e agilidade na manuten\u00e7\u00e3o. \u201cAntes a gente colocava um bra\u00e7o, um reator e isso j\u00e1 n\u00e3o existe mais. Hoje s\u00e3o lumin\u00e1rias de primeiro mundo, que tem mostrado efici\u00eancia na nossa cidade. O pessoal tem visto e as reclama\u00e7\u00f5es diminu\u00edram\u201d, destaca.<\/p>\n\n\n\n<p>Alguns locais da cidade e distritos ainda est\u00e3o passando por processo de moderniza\u00e7\u00e3o da ilumina\u00e7\u00e3o p\u00fablica. Com o advento das l\u00e2mpadas LED, o n\u00famero de chamados para troca ou reparo tamb\u00e9m diminu\u00edram.&nbsp;<\/p>\n\n\n\n<p><em>\u201cHoje n\u00f3s estamos modernizando alguns lugares, avan\u00e7ando em outros. Existe a ilumina\u00e7\u00e3o especial, que est\u00e1 acontecendo tamb\u00e9m, que s\u00e3o os pr\u00e9dios p\u00fablicos, como a Igreja Senhor dos Passos. A empresa est\u00e1 trabalhando em cima dos chamados, que hoje \u00e9 muito pouco. E o nosso departamento tem atuado na extens\u00e3o de rede\u201d, <\/em>disse.<\/p>\n\n\n\n<p>Com informa\u00e7\u00f5es da Secom<\/p>\n","protected":false},"excerpt":{"rendered":"<p>A substitui\u00e7\u00e3o de l\u00e2mpadas convencionais por LED em Feira de Santana est\u00e1 na fase final. De acordo com o diretor do Departamento de Ilumina\u00e7\u00e3o P\u00fablica da Secretaria de Servi\u00e7os P\u00fablicos (SESP), Ezequiel Trindade, 93% do contrato j\u00e1 foi cumprido.&nbsp; \u201cN\u00f3s estamos na fase 3 da moderniza\u00e7\u00e3o. Uma PPP que deu um resultado muito grande para [&hellip;]<\/p>\n","protected":false},"author":3,"featured_media":21126,"comment_status":"open","ping_status":"open","sticky":false,"template":"","format":"standard","meta":{"_monsterinsights_skip_tracking":false,"_monsterinsights_sitenote_active":false,"_monsterinsights_sitenote_note":"","_monsterinsights_sitenote_category":0,"footnotes":""},"categories":[34],"tags":[],"yoast_head":"<!-- This site is optimized with the Yoast SEO plugin v22.9 - https:\/\/yoast.com\/wordpress\/plugins\/seo\/ -->\n<title>PPP da ilumina\u00e7\u00e3o p\u00fablica est\u00e1 na fase 3, com 93% dos bairros e distritos contemplados com LED - Portal MF<\/title>\n<meta name=\"robots\" content=\"index, follow, max-snippet:-1, max-image-preview:large, max-video-preview:-1\" \/>\n<link rel=\"canonical\" href=\"https:\/\/portalmf.com.br\/index.php\/2023\/12\/20\/ppp-da-iluminacao-publica-esta-na-fase-3-com-93-dos-bairros-e-distritos-contemplados-com-led\/\" \/>\n<meta property=\"og:locale\" content=\"pt_BR\" \/>\n<meta property=\"og:type\" content=\"article\" \/>\n<meta property=\"og:title\" content=\"PPP da ilumina\u00e7\u00e3o p\u00fablica est\u00e1 na fase 3, com 93% dos bairros e distritos contemplados com LED - Portal MF\" \/>\n<meta property=\"og:description\" content=\"A substitui\u00e7\u00e3o de l\u00e2mpadas convencionais por LED em Feira de Santana est\u00e1 na fase final. De acordo com o diretor do Departamento de Ilumina\u00e7\u00e3o P\u00fablica da Secretaria de Servi\u00e7os P\u00fablicos (SESP), Ezequiel Trindade, 93% do contrato j\u00e1 foi cumprido.&nbsp; \u201cN\u00f3s estamos na fase 3 da moderniza\u00e7\u00e3o. Uma PPP que deu um resultado muito grande para [&hellip;]\" \/>\n<meta property=\"og:url\" content=\"https:\/\/portalmf.com.br\/index.php\/2023\/12\/20\/ppp-da-iluminacao-publica-esta-na-fase-3-com-93-dos-bairros-e-distritos-contemplados-com-led\/\" \/>\n<meta property=\"og:site_name\" content=\"Portal MF\" \/>\n<meta property=\"article:author\" content=\"https:\/\/www.facebook.com\/portalmfoficial\" \/>\n<meta property=\"article:published_time\" content=\"2023-12-20T22:10:27+00:00\" \/>\n<meta property=\"article:modified_time\" content=\"2023-12-20T22:10:28+00:00\" \/>\n<meta property=\"og:image\" content=\"https:\/\/portalmf.com.br\/wp-content\/uploads\/2023\/12\/PPP-da-iluminacao-publica-esta-na-fase-3-com-93-dos-bairros-e-distritos-contemplados-com-LED.jpg\" \/>\n\t<meta property=\"og:image:width\" content=\"1306\" \/>\n\t<meta property=\"og:image:height\" content=\"661\" \/>\n\t<meta property=\"og:image:type\" content=\"image\/jpeg\" \/>\n<meta name=\"author\" content=\"Reda\u00e7\u00e3o Portal MF\" \/>\n<meta name=\"twitter:card\" content=\"summary_large_image\" \/>\n<meta name=\"twitter:creator\" content=\"@https:\/\/x.com\/portalmfoficial\" \/>\n<meta name=\"twitter:label1\" content=\"Escrito por\" \/>\n\t<meta name=\"twitter:data1\" content=\"Reda\u00e7\u00e3o Portal MF\" \/>\n\t<meta name=\"twitter:label2\" content=\"Est. tempo de leitura\" \/>\n\t<meta name=\"twitter:data2\" content=\"2 minutos\" \/>\n<script type=\"application\/ld+json\" class=\"yoast-schema-graph\">{\"@context\":\"https:\/\/schema.org\",\"@graph\":[{\"@type\":\"WebPage\",\"@id\":\"https:\/\/portalmf.com.br\/index.php\/2023\/12\/20\/ppp-da-iluminacao-publica-esta-na-fase-3-com-93-dos-bairros-e-distritos-contemplados-com-led\/\",\"url\":\"https:\/\/portalmf.com.br\/index.php\/2023\/12\/20\/ppp-da-iluminacao-publica-esta-na-fase-3-com-93-dos-bairros-e-distritos-contemplados-com-led\/\",\"name\":\"PPP da ilumina\u00e7\u00e3o p\u00fablica est\u00e1 na fase 3, com 93% dos bairros e distritos contemplados com LED - Portal MF\",\"isPartOf\":{\"@id\":\"https:\/\/portalmf.com.br\/#website\"},\"primaryImageOfPage\":{\"@id\":\"https:\/\/portalmf.com.br\/index.php\/2023\/12\/20\/ppp-da-iluminacao-publica-esta-na-fase-3-com-93-dos-bairros-e-distritos-contemplados-com-led\/#primaryimage\"},\"image\":{\"@id\":\"https:\/\/portalmf.com.br\/index.php\/2023\/12\/20\/ppp-da-iluminacao-publica-esta-na-fase-3-com-93-dos-bairros-e-distritos-contemplados-com-led\/#primaryimage\"},\"thumbnailUrl\":\"https:\/\/portalmf.com.br\/wp-content\/uploads\/2023\/12\/PPP-da-iluminacao-publica-esta-na-fase-3-com-93-dos-bairros-e-distritos-contemplados-com-LED.jpg\",\"datePublished\":\"2023-12-20T22:10:27+00:00\",\"dateModified\":\"2023-12-20T22:10:28+00:00\",\"author\":{\"@id\":\"https:\/\/portalmf.com.br\/#\/schema\/person\/9ec101baf56233e53520c26de5d6f6f0\"},\"breadcrumb\":{\"@id\":\"https:\/\/portalmf.com.br\/index.php\/2023\/12\/20\/ppp-da-iluminacao-publica-esta-na-fase-3-com-93-dos-bairros-e-distritos-contemplados-com-led\/#breadcrumb\"},\"inLanguage\":\"pt-BR\",\"potentialAction\":[{\"@type\":\"ReadAction\",\"target\":[\"https:\/\/portalmf.com.br\/index.php\/2023\/12\/20\/ppp-da-iluminacao-publica-esta-na-fase-3-com-93-dos-bairros-e-distritos-contemplados-com-led\/\"]}]},{\"@type\":\"ImageObject\",\"inLanguage\":\"pt-BR\",\"@id\":\"https:\/\/portalmf.com.br\/index.php\/2023\/12\/20\/ppp-da-iluminacao-publica-esta-na-fase-3-com-93-dos-bairros-e-distritos-contemplados-com-led\/#primaryimage\",\"url\":\"https:\/\/portalmf.com.br\/wp-content\/uploads\/2023\/12\/PPP-da-iluminacao-publica-esta-na-fase-3-com-93-dos-bairros-e-distritos-contemplados-com-LED.jpg\",\"contentUrl\":\"https:\/\/portalmf.com.br\/wp-content\/uploads\/2023\/12\/PPP-da-iluminacao-publica-esta-na-fase-3-com-93-dos-bairros-e-distritos-contemplados-com-LED.jpg\",\"width\":1306,\"height\":661},{\"@type\":\"BreadcrumbList\",\"@id\":\"https:\/\/portalmf.com.br\/index.php\/2023\/12\/20\/ppp-da-iluminacao-publica-esta-na-fase-3-com-93-dos-bairros-e-distritos-contemplados-com-led\/#breadcrumb\",\"itemListElement\":[{\"@type\":\"ListItem\",\"position\":1,\"name\":\"In\u00edcio\",\"item\":\"https:\/\/portalmf.com.br\/\"},{\"@type\":\"ListItem\",\"position\":2,\"name\":\"PPP da ilumina\u00e7\u00e3o p\u00fablica est\u00e1 na fase 3, com 93% dos bairros e distritos contemplados com LED\"}]},{\"@type\":\"WebSite\",\"@id\":\"https:\/\/portalmf.com.br\/#website\",\"url\":\"https:\/\/portalmf.com.br\/\",\"name\":\"Portal MF\",\"description\":\"Voc\u00ea conectado com a informa\u00e7\u00e3o\",\"potentialAction\":[{\"@type\":\"SearchAction\",\"target\":{\"@type\":\"EntryPoint\",\"urlTemplate\":\"https:\/\/portalmf.com.br\/?s={search_term_string}\"},\"query-input\":\"required name=search_term_string\"}],\"inLanguage\":\"pt-BR\"},{\"@type\":\"Person\",\"@id\":\"https:\/\/portalmf.com.br\/#\/schema\/person\/9ec101baf56233e53520c26de5d6f6f0\",\"name\":\"Reda\u00e7\u00e3o Portal MF\",\"image\":{\"@type\":\"ImageObject\",\"inLanguage\":\"pt-BR\",\"@id\":\"https:\/\/portalmf.com.br\/#\/schema\/person\/image\/\",\"url\":\"https:\/\/secure.gravatar.com\/avatar\/41b9aaeb2100835f7c64362330f74c7f?s=96&d=mm&r=g\",\"contentUrl\":\"https:\/\/secure.gravatar.com\/avatar\/41b9aaeb2100835f7c64362330f74c7f?s=96&d=mm&r=g\",\"caption\":\"Reda\u00e7\u00e3o Portal MF\"},\"description\":\"Sejam bem-vindos o portal de informa\u00e7\u00f5es de entretenimento de Feira de Santana, desde 2006 realiza coberturas dos principais eventos com entrevistas exclusivas com as principais personalidades mundiais. Fique conectado tamb\u00e9m nas redes sociais.\",\"sameAs\":[\"http:\/\/www.portalmf.com.br\/\",\"https:\/\/www.facebook.com\/portalmfoficial\",\"https:\/\/www.instagram.com\/portalmf\/\",\"https:\/\/x.com\/https:\/\/x.com\/portalmfoficial\",\"https:\/\/www.youtube.com\/@portalmfoficial\"],\"url\":\"https:\/\/portalmf.com.br\/index.php\/author\/junior\/\"}]}<\/script>\n<!-- \/ Yoast SEO plugin. -->","yoast_head_json":{"title":"PPP da ilumina\u00e7\u00e3o p\u00fablica est\u00e1 na fase 3, com 93% dos bairros e distritos contemplados com LED - Portal MF","robots":{"index":"index","follow":"follow","max-snippet":"max-snippet:-1","max-image-preview":"max-image-preview:large","max-video-preview":"max-video-preview:-1"},"canonical":"https:\/\/portalmf.com.br\/index.php\/2023\/12\/20\/ppp-da-iluminacao-publica-esta-na-fase-3-com-93-dos-bairros-e-distritos-contemplados-com-led\/","og_locale":"pt_BR","og_type":"article","og_title":"PPP da ilumina\u00e7\u00e3o p\u00fablica est\u00e1 na fase 3, com 93% dos bairros e distritos contemplados com LED - Portal MF","og_description":"A substitui\u00e7\u00e3o de l\u00e2mpadas convencionais por LED em Feira de Santana est\u00e1 na fase final. De acordo com o diretor do Departamento de Ilumina\u00e7\u00e3o P\u00fablica da Secretaria de Servi\u00e7os P\u00fablicos (SESP), Ezequiel Trindade, 93% do contrato j\u00e1 foi cumprido.&nbsp; \u201cN\u00f3s estamos na fase 3 da moderniza\u00e7\u00e3o. Uma PPP que deu um resultado muito grande para [&hellip;]","og_url":"https:\/\/portalmf.com.br\/index.php\/2023\/12\/20\/ppp-da-iluminacao-publica-esta-na-fase-3-com-93-dos-bairros-e-distritos-contemplados-com-led\/","og_site_name":"Portal MF","article_author":"https:\/\/www.facebook.com\/portalmfoficial","article_published_time":"2023-12-20T22:10:27+00:00","article_modified_time":"2023-12-20T22:10:28+00:00","og_image":[{"width":1306,"height":661,"url":"https:\/\/portalmf.com.br\/wp-content\/uploads\/2023\/12\/PPP-da-iluminacao-publica-esta-na-fase-3-com-93-dos-bairros-e-distritos-contemplados-com-LED.jpg","type":"image\/jpeg"}],"author":"Reda\u00e7\u00e3o Portal MF","twitter_card":"summary_large_image","twitter_creator":"@https:\/\/x.com\/portalmfoficial","twitter_misc":{"Escrito por":"Reda\u00e7\u00e3o Portal MF","Est. tempo de leitura":"2 minutos"},"schema":{"@context":"https:\/\/schema.org","@graph":[{"@type":"WebPage","@id":"https:\/\/portalmf.com.br\/index.php\/2023\/12\/20\/ppp-da-iluminacao-publica-esta-na-fase-3-com-93-dos-bairros-e-distritos-contemplados-com-led\/","url":"https:\/\/portalmf.com.br\/index.php\/2023\/12\/20\/ppp-da-iluminacao-publica-esta-na-fase-3-com-93-dos-bairros-e-distritos-contemplados-com-led\/","name":"PPP da ilumina\u00e7\u00e3o p\u00fablica est\u00e1 na fase 3, com 93% dos bairros e distritos contemplados com LED - Portal MF","isPartOf":{"@id":"https:\/\/portalmf.com.br\/#website"},"primaryImageOfPage":{"@id":"https:\/\/portalmf.com.br\/index.php\/2023\/12\/20\/ppp-da-iluminacao-publica-esta-na-fase-3-com-93-dos-bairros-e-distritos-contemplados-com-led\/#primaryimage"},"image":{"@id":"https:\/\/portalmf.com.br\/index.php\/2023\/12\/20\/ppp-da-iluminacao-publica-esta-na-fase-3-com-93-dos-bairros-e-distritos-contemplados-com-led\/#primaryimage"},"thumbnailUrl":"https:\/\/portalmf.com.br\/wp-content\/uploads\/2023\/12\/PPP-da-iluminacao-publica-esta-na-fase-3-com-93-dos-bairros-e-distritos-contemplados-com-LED.jpg","datePublished":"2023-12-20T22:10:27+00:00","dateModified":"2023-12-20T22:10:28+00:00","author":{"@id":"https:\/\/portalmf.com.br\/#\/schema\/person\/9ec101baf56233e53520c26de5d6f6f0"},"breadcrumb":{"@id":"https:\/\/portalmf.com.br\/index.php\/2023\/12\/20\/ppp-da-iluminacao-publica-esta-na-fase-3-com-93-dos-bairros-e-distritos-contemplados-com-led\/#breadcrumb"},"inLanguage":"pt-BR","potentialAction":[{"@type":"ReadAction","target":["https:\/\/portalmf.com.br\/index.php\/2023\/12\/20\/ppp-da-iluminacao-publica-esta-na-fase-3-com-93-dos-bairros-e-distritos-contemplados-com-led\/"]}]},{"@type":"ImageObject","inLanguage":"pt-BR","@id":"https:\/\/portalmf.com.br\/index.php\/2023\/12\/20\/ppp-da-iluminacao-publica-esta-na-fase-3-com-93-dos-bairros-e-distritos-contemplados-com-led\/#primaryimage","url":"https:\/\/portalmf.com.br\/wp-content\/uploads\/2023\/12\/PPP-da-iluminacao-publica-esta-na-fase-3-com-93-dos-bairros-e-distritos-contemplados-com-LED.jpg","contentUrl":"https:\/\/portalmf.com.br\/wp-content\/uploads\/2023\/12\/PPP-da-iluminacao-publica-esta-na-fase-3-com-93-dos-bairros-e-distritos-contemplados-com-LED.jpg","width":1306,"height":661},{"@type":"BreadcrumbList","@id":"https:\/\/portalmf.com.br\/index.php\/2023\/12\/20\/ppp-da-iluminacao-publica-esta-na-fase-3-com-93-dos-bairros-e-distritos-contemplados-com-led\/#breadcrumb","itemListElement":[{"@type":"ListItem","position":1,"name":"In\u00edcio","item":"https:\/\/portalmf.com.br\/"},{"@type":"ListItem","position":2,"name":"PPP da ilumina\u00e7\u00e3o p\u00fablica est\u00e1 na fase 3, com 93% dos bairros e distritos contemplados com LED"}]},{"@type":"WebSite","@id":"https:\/\/portalmf.com.br\/#website","url":"https:\/\/portalmf.com.br\/","name":"Portal MF","description":"Voc\u00ea conectado com a informa\u00e7\u00e3o","potentialAction":[{"@type":"SearchAction","target":{"@type":"EntryPoint","urlTemplate":"https:\/\/portalmf.com.br\/?s={search_term_string}"},"query-input":"required name=search_term_string"}],"inLanguage":"pt-BR"},{"@type":"Person","@id":"https:\/\/portalmf.com.br\/#\/schema\/person\/9ec101baf56233e53520c26de5d6f6f0","name":"Reda\u00e7\u00e3o Portal MF","image":{"@type":"ImageObject","inLanguage":"pt-BR","@id":"https:\/\/portalmf.com.br\/#\/schema\/person\/image\/","url":"https:\/\/secure.gravatar.com\/avatar\/41b9aaeb2100835f7c64362330f74c7f?s=96&d=mm&r=g","contentUrl":"https:\/\/secure.gravatar.com\/avatar\/41b9aaeb2100835f7c64362330f74c7f?s=96&d=mm&r=g","caption":"Reda\u00e7\u00e3o Portal MF"},"description":"Sejam bem-vindos o portal de informa\u00e7\u00f5es de entretenimento de Feira de Santana, desde 2006 realiza coberturas dos principais eventos com entrevistas exclusivas com as principais personalidades mundiais. Fique conectado tamb\u00e9m nas redes sociais.","sameAs":["http:\/\/www.portalmf.com.br\/","https:\/\/www.facebook.com\/portalmfoficial","https:\/\/www.instagram.com\/portalmf\/","https:\/\/x.com\/https:\/\/x.com\/portalmfoficial","https:\/\/www.youtube.com\/@portalmfoficial"],"url":"https:\/\/portalmf.com.br\/index.php\/author\/junior\/"}]}},"_links":{"self":[{"href":"https:\/\/portalmf.com.br\/index.php\/wp-json\/wp\/v2\/posts\/21125"}],"collection":[{"href":"https:\/\/portalmf.com.br\/index.php\/wp-json\/wp\/v2\/posts"}],"about":[{"href":"https:\/\/portalmf.com.br\/index.php\/wp-json\/wp\/v2\/types\/post"}],"author":[{"embeddable":true,"href":"https:\/\/portalmf.com.br\/index.php\/wp-json\/wp\/v2\/users\/3"}],"replies":[{"embeddable":true,"href":"https:\/\/portalmf.com.br\/index.php\/wp-json\/wp\/v2\/comments?post=21125"}],"version-history":[{"count":1,"href":"https:\/\/portalmf.com.br\/index.php\/wp-json\/wp\/v2\/posts\/21125\/revisions"}],"predecessor-version":[{"id":21127,"href":"https:\/\/portalmf.com.br\/index.php\/wp-json\/wp\/v2\/posts\/21125\/revisions\/21127"}],"wp:featuredmedia":[{"embeddable":true,"href":"https:\/\/portalmf.com.br\/index.php\/wp-json\/wp\/v2\/media\/21126"}],"wp:attachment":[{"href":"https:\/\/portalmf.com.br\/index.php\/wp-json\/wp\/v2\/media?parent=21125"}],"wp:term":[{"taxonomy":"category","embeddable":true,"href":"https:\/\/portalmf.com.br\/index.php\/wp-json\/wp\/v2\/categories?post=21125"},{"taxonomy":"post_tag","embeddable":true,"href":"https:\/\/portalmf.com.br\/index.php\/wp-json\/wp\/v2\/tags?post=21125"}],"curies":[{"name":"wp","href":"https:\/\/api.w.org\/{rel}","templated":true}]}}