{"id":21095,"date":"2023-12-20T14:21:00","date_gmt":"2023-12-20T17:21:00","guid":{"rendered":"https:\/\/portalmf.com.br\/?p=21095"},"modified":"2023-12-20T18:23:23","modified_gmt":"2023-12-20T21:23:23","slug":"dia-historico-diz-bira-durante-posse-como-prefeito-de-mata-de-sao-joao","status":"publish","type":"post","link":"https:\/\/portalmf.com.br\/index.php\/2023\/12\/20\/dia-historico-diz-bira-durante-posse-como-prefeito-de-mata-de-sao-joao\/","title":{"rendered":"\u2018Dia hist\u00f3rico\u2019, diz Bira durante posse como prefeito de Mata de S\u00e3o Jo\u00e3o"},"content":{"rendered":"\n<p>Empossado como prefeito de Mata de S\u00e3o Jo\u00e3o, Bira (Uni\u00e3o Brasil), destacou que vai dar continuidade ao trabalho que \u201ctransformou o munic\u00edpio\u201d nas \u00faltimas duas d\u00e9cadas, durante a solenidade realizada na C\u00e2mara Municipal, nesta ter\u00e7a-feira (19). O gestor prometeu avan\u00e7ar em novos projetos, afirmou estar preparado para o desafio e exaltou a data hist\u00f3rica para a cidade: \u201cDepois de mais de 50 anos, um matense de ber\u00e7o assume a prefeitura\u201d.<\/p>\n\n\n\n<p>\u201cSei da responsabilidade que pesa sobre meus ombros. Mas encaro essa miss\u00e3o com o cora\u00e7\u00e3o sereno e a seguran\u00e7a de quem se preparou nos \u00faltimos anos para esse desafio. E essa prepara\u00e7\u00e3o foi na pr\u00e1tica, no dia a dia, no conv\u00edvio di\u00e1rio com as tomadas de decis\u00e3o. T\u00eam 3 anos que eu e Jo\u00e3o Gualberto compartilhamos a administra\u00e7\u00e3o do munic\u00edpio de Mata de S\u00e3o Jo\u00e3o\u201d, disse Bira durante o discurso.<\/p>\n\n\n\n<p>Ele falou ainda das realiza\u00e7\u00f5es da gest\u00e3o que tornam Mata um munic\u00edpio refer\u00eancia no estado. \u201cEstamos consolidados no cen\u00e1rio nacional como um dos mais importantes destinos tur\u00edsticos, temos 100% de Educa\u00e7\u00e3o Integral, investimos mais de R$ 18 milh\u00f5es na pavimenta\u00e7\u00e3o de vias, lan\u00e7amos o Cuidar, maior pacote de a\u00e7\u00f5es sociais da Bahia, que vai beneficiar 4 mil fam\u00edlias, somos o munic\u00edpio com 100% da cobertura de Sa\u00fade, com 16 postos na sede, zona rural e litoral\u201d, listou.<\/p>\n\n\n\n<p>O agora ex-prefeito Jo\u00e3o Gualberto (PSDB) declarou estar tranquilo. \u201cBira \u00e9 um cara respons\u00e1vel, que sempre esteve comigo em todas as decis\u00f5es.<\/p>\n\n\n\n<p>Sei de sua capacidade e espero de cora\u00e7\u00e3o que ele seja um prefeito melhor do que eu\u201d, pontuou.<\/p>\n\n\n\n<p><strong>Hist\u00f3ria<\/strong><\/p>\n\n\n\n<p>Agostinho Batista dos Santos Neto, o prefeito Bira, 50 anos, contou durante a cerim\u00f4nia que seu primeiro emprego na Prefeitura de Mata foi como office boy: \u201cTenho certeza que minha m\u00e3e, Tia Maura, que me ensinou o valor do trabalho, da honestidade, da for\u00e7a de vontade, est\u00e1 cheia de orgulho de ver seu filho, hoje, tomando posse como prefeito\u201d.<\/p>\n\n\n\n<p><em>\u201cA popula\u00e7\u00e3o de Mata de S\u00e3o Jo\u00e3o conhece minha hist\u00f3ria, acompanhou meus passos, mas minha m\u00e3e viu despertar meu interesse pela pol\u00edtica. Foi l\u00e1 na Praia do Forte, ajudando a ela, que conheci muita gente, ouvi suas hist\u00f3rias e busquei ajud\u00e1-las\u201d,<\/em> recordou.<\/p>\n\n\n\n<p>Bira disse ainda que foi vereador por dois mandatos e que seu trabalho compromissado, realizado na Casa Legislativa, e o povo matense fizeram dele vice-prefeito e, hoje, prefeito da sua cidade natal.<\/p>\n\n\n\n<p><strong>Diversidade<\/strong><\/p>\n\n\n\n<p>Al\u00e9m do ex-prefeito Jo\u00e3o Gualberto e do secretariado municipal, a cerim\u00f4nia contou com a presen\u00e7a da bancada de vereadores que formam a base do Governo, o ex-prefeito Marcelo Oliveira, a ex-vice-prefeita Luciene Tavares e de representantes de diversos segmentos da sociedade civil &#8211; pastor evang\u00e9lico, ialorix\u00e1, estudantes, deficientes, membros da comunidade LGBTQIA+, comerciantes, associa\u00e7\u00e3o cultural, agricultores e autoridades militares.<\/p>\n","protected":false},"excerpt":{"rendered":"<p>Empossado como prefeito de Mata de S\u00e3o Jo\u00e3o, Bira (Uni\u00e3o Brasil), destacou que vai dar continuidade ao trabalho que \u201ctransformou o munic\u00edpio\u201d nas \u00faltimas duas d\u00e9cadas, durante a solenidade realizada na C\u00e2mara Municipal, nesta ter\u00e7a-feira (19). O gestor prometeu avan\u00e7ar em novos projetos, afirmou estar preparado para o desafio e exaltou a data hist\u00f3rica para [&hellip;]<\/p>\n","protected":false},"author":3,"featured_media":21096,"comment_status":"open","ping_status":"open","sticky":false,"template":"","format":"standard","meta":{"_monsterinsights_skip_tracking":false,"_monsterinsights_sitenote_active":false,"_monsterinsights_sitenote_note":"","_monsterinsights_sitenote_category":0,"footnotes":""},"categories":[34],"tags":[],"yoast_head":"<!-- This site is optimized with the Yoast SEO plugin v22.9 - https:\/\/yoast.com\/wordpress\/plugins\/seo\/ -->\n<title>\u2018Dia hist\u00f3rico\u2019, diz Bira durante posse como prefeito de Mata de S\u00e3o Jo\u00e3o - Portal MF<\/title>\n<meta name=\"robots\" content=\"index, follow, max-snippet:-1, max-image-preview:large, max-video-preview:-1\" \/>\n<link rel=\"canonical\" href=\"https:\/\/portalmf.com.br\/index.php\/2023\/12\/20\/dia-historico-diz-bira-durante-posse-como-prefeito-de-mata-de-sao-joao\/\" \/>\n<meta property=\"og:locale\" content=\"pt_BR\" \/>\n<meta property=\"og:type\" content=\"article\" \/>\n<meta property=\"og:title\" content=\"\u2018Dia hist\u00f3rico\u2019, diz Bira durante posse como prefeito de Mata de S\u00e3o Jo\u00e3o - Portal MF\" \/>\n<meta property=\"og:description\" content=\"Empossado como prefeito de Mata de S\u00e3o Jo\u00e3o, Bira (Uni\u00e3o Brasil), destacou que vai dar continuidade ao trabalho que \u201ctransformou o munic\u00edpio\u201d nas \u00faltimas duas d\u00e9cadas, durante a solenidade realizada na C\u00e2mara Municipal, nesta ter\u00e7a-feira (19). O gestor prometeu avan\u00e7ar em novos projetos, afirmou estar preparado para o desafio e exaltou a data hist\u00f3rica para [&hellip;]\" \/>\n<meta property=\"og:url\" content=\"https:\/\/portalmf.com.br\/index.php\/2023\/12\/20\/dia-historico-diz-bira-durante-posse-como-prefeito-de-mata-de-sao-joao\/\" \/>\n<meta property=\"og:site_name\" content=\"Portal MF\" \/>\n<meta property=\"article:author\" content=\"https:\/\/www.facebook.com\/portalmfoficial\" \/>\n<meta property=\"article:published_time\" content=\"2023-12-20T17:21:00+00:00\" \/>\n<meta property=\"article:modified_time\" content=\"2023-12-20T21:23:23+00:00\" \/>\n<meta property=\"og:image\" content=\"https:\/\/portalmf.com.br\/wp-content\/uploads\/2023\/12\/Foto_Divulgacao.jpeg\" \/>\n\t<meta property=\"og:image:width\" content=\"960\" \/>\n\t<meta property=\"og:image:height\" content=\"1280\" \/>\n\t<meta property=\"og:image:type\" content=\"image\/jpeg\" \/>\n<meta name=\"author\" content=\"Reda\u00e7\u00e3o Portal MF\" \/>\n<meta name=\"twitter:card\" content=\"summary_large_image\" \/>\n<meta name=\"twitter:creator\" content=\"@https:\/\/x.com\/portalmfoficial\" \/>\n<meta name=\"twitter:label1\" content=\"Escrito por\" \/>\n\t<meta name=\"twitter:data1\" content=\"Reda\u00e7\u00e3o Portal MF\" \/>\n\t<meta name=\"twitter:label2\" content=\"Est. tempo de leitura\" \/>\n\t<meta name=\"twitter:data2\" content=\"3 minutos\" \/>\n<script type=\"application\/ld+json\" class=\"yoast-schema-graph\">{\"@context\":\"https:\/\/schema.org\",\"@graph\":[{\"@type\":\"WebPage\",\"@id\":\"https:\/\/portalmf.com.br\/index.php\/2023\/12\/20\/dia-historico-diz-bira-durante-posse-como-prefeito-de-mata-de-sao-joao\/\",\"url\":\"https:\/\/portalmf.com.br\/index.php\/2023\/12\/20\/dia-historico-diz-bira-durante-posse-como-prefeito-de-mata-de-sao-joao\/\",\"name\":\"\u2018Dia hist\u00f3rico\u2019, diz Bira durante posse como prefeito de Mata de S\u00e3o Jo\u00e3o - Portal MF\",\"isPartOf\":{\"@id\":\"https:\/\/portalmf.com.br\/#website\"},\"primaryImageOfPage\":{\"@id\":\"https:\/\/portalmf.com.br\/index.php\/2023\/12\/20\/dia-historico-diz-bira-durante-posse-como-prefeito-de-mata-de-sao-joao\/#primaryimage\"},\"image\":{\"@id\":\"https:\/\/portalmf.com.br\/index.php\/2023\/12\/20\/dia-historico-diz-bira-durante-posse-como-prefeito-de-mata-de-sao-joao\/#primaryimage\"},\"thumbnailUrl\":\"https:\/\/portalmf.com.br\/wp-content\/uploads\/2023\/12\/Foto_Divulgacao.jpeg\",\"datePublished\":\"2023-12-20T17:21:00+00:00\",\"dateModified\":\"2023-12-20T21:23:23+00:00\",\"author\":{\"@id\":\"https:\/\/portalmf.com.br\/#\/schema\/person\/9ec101baf56233e53520c26de5d6f6f0\"},\"breadcrumb\":{\"@id\":\"https:\/\/portalmf.com.br\/index.php\/2023\/12\/20\/dia-historico-diz-bira-durante-posse-como-prefeito-de-mata-de-sao-joao\/#breadcrumb\"},\"inLanguage\":\"pt-BR\",\"potentialAction\":[{\"@type\":\"ReadAction\",\"target\":[\"https:\/\/portalmf.com.br\/index.php\/2023\/12\/20\/dia-historico-diz-bira-durante-posse-como-prefeito-de-mata-de-sao-joao\/\"]}]},{\"@type\":\"ImageObject\",\"inLanguage\":\"pt-BR\",\"@id\":\"https:\/\/portalmf.com.br\/index.php\/2023\/12\/20\/dia-historico-diz-bira-durante-posse-como-prefeito-de-mata-de-sao-joao\/#primaryimage\",\"url\":\"https:\/\/portalmf.com.br\/wp-content\/uploads\/2023\/12\/Foto_Divulgacao.jpeg\",\"contentUrl\":\"https:\/\/portalmf.com.br\/wp-content\/uploads\/2023\/12\/Foto_Divulgacao.jpeg\",\"width\":960,\"height\":1280},{\"@type\":\"BreadcrumbList\",\"@id\":\"https:\/\/portalmf.com.br\/index.php\/2023\/12\/20\/dia-historico-diz-bira-durante-posse-como-prefeito-de-mata-de-sao-joao\/#breadcrumb\",\"itemListElement\":[{\"@type\":\"ListItem\",\"position\":1,\"name\":\"In\u00edcio\",\"item\":\"https:\/\/portalmf.com.br\/\"},{\"@type\":\"ListItem\",\"position\":2,\"name\":\"\u2018Dia hist\u00f3rico\u2019, diz Bira durante posse como prefeito de Mata de S\u00e3o Jo\u00e3o\"}]},{\"@type\":\"WebSite\",\"@id\":\"https:\/\/portalmf.com.br\/#website\",\"url\":\"https:\/\/portalmf.com.br\/\",\"name\":\"Portal MF\",\"description\":\"Voc\u00ea conectado com a informa\u00e7\u00e3o\",\"potentialAction\":[{\"@type\":\"SearchAction\",\"target\":{\"@type\":\"EntryPoint\",\"urlTemplate\":\"https:\/\/portalmf.com.br\/?s={search_term_string}\"},\"query-input\":\"required name=search_term_string\"}],\"inLanguage\":\"pt-BR\"},{\"@type\":\"Person\",\"@id\":\"https:\/\/portalmf.com.br\/#\/schema\/person\/9ec101baf56233e53520c26de5d6f6f0\",\"name\":\"Reda\u00e7\u00e3o Portal MF\",\"image\":{\"@type\":\"ImageObject\",\"inLanguage\":\"pt-BR\",\"@id\":\"https:\/\/portalmf.com.br\/#\/schema\/person\/image\/\",\"url\":\"https:\/\/secure.gravatar.com\/avatar\/41b9aaeb2100835f7c64362330f74c7f?s=96&d=mm&r=g\",\"contentUrl\":\"https:\/\/secure.gravatar.com\/avatar\/41b9aaeb2100835f7c64362330f74c7f?s=96&d=mm&r=g\",\"caption\":\"Reda\u00e7\u00e3o Portal MF\"},\"description\":\"Sejam bem-vindos o portal de informa\u00e7\u00f5es de entretenimento de Feira de Santana, desde 2006 realiza coberturas dos principais eventos com entrevistas exclusivas com as principais personalidades mundiais. Fique conectado tamb\u00e9m nas redes sociais.\",\"sameAs\":[\"http:\/\/www.portalmf.com.br\/\",\"https:\/\/www.facebook.com\/portalmfoficial\",\"https:\/\/www.instagram.com\/portalmf\/\",\"https:\/\/x.com\/https:\/\/x.com\/portalmfoficial\",\"https:\/\/www.youtube.com\/@portalmfoficial\"],\"url\":\"https:\/\/portalmf.com.br\/index.php\/author\/junior\/\"}]}<\/script>\n<!-- \/ Yoast SEO plugin. -->","yoast_head_json":{"title":"\u2018Dia hist\u00f3rico\u2019, diz Bira durante posse como prefeito de Mata de S\u00e3o Jo\u00e3o - Portal MF","robots":{"index":"index","follow":"follow","max-snippet":"max-snippet:-1","max-image-preview":"max-image-preview:large","max-video-preview":"max-video-preview:-1"},"canonical":"https:\/\/portalmf.com.br\/index.php\/2023\/12\/20\/dia-historico-diz-bira-durante-posse-como-prefeito-de-mata-de-sao-joao\/","og_locale":"pt_BR","og_type":"article","og_title":"\u2018Dia hist\u00f3rico\u2019, diz Bira durante posse como prefeito de Mata de S\u00e3o Jo\u00e3o - Portal MF","og_description":"Empossado como prefeito de Mata de S\u00e3o Jo\u00e3o, Bira (Uni\u00e3o Brasil), destacou que vai dar continuidade ao trabalho que \u201ctransformou o munic\u00edpio\u201d nas \u00faltimas duas d\u00e9cadas, durante a solenidade realizada na C\u00e2mara Municipal, nesta ter\u00e7a-feira (19). O gestor prometeu avan\u00e7ar em novos projetos, afirmou estar preparado para o desafio e exaltou a data hist\u00f3rica para [&hellip;]","og_url":"https:\/\/portalmf.com.br\/index.php\/2023\/12\/20\/dia-historico-diz-bira-durante-posse-como-prefeito-de-mata-de-sao-joao\/","og_site_name":"Portal MF","article_author":"https:\/\/www.facebook.com\/portalmfoficial","article_published_time":"2023-12-20T17:21:00+00:00","article_modified_time":"2023-12-20T21:23:23+00:00","og_image":[{"width":960,"height":1280,"url":"https:\/\/portalmf.com.br\/wp-content\/uploads\/2023\/12\/Foto_Divulgacao.jpeg","type":"image\/jpeg"}],"author":"Reda\u00e7\u00e3o Portal MF","twitter_card":"summary_large_image","twitter_creator":"@https:\/\/x.com\/portalmfoficial","twitter_misc":{"Escrito por":"Reda\u00e7\u00e3o Portal MF","Est. tempo de leitura":"3 minutos"},"schema":{"@context":"https:\/\/schema.org","@graph":[{"@type":"WebPage","@id":"https:\/\/portalmf.com.br\/index.php\/2023\/12\/20\/dia-historico-diz-bira-durante-posse-como-prefeito-de-mata-de-sao-joao\/","url":"https:\/\/portalmf.com.br\/index.php\/2023\/12\/20\/dia-historico-diz-bira-durante-posse-como-prefeito-de-mata-de-sao-joao\/","name":"\u2018Dia hist\u00f3rico\u2019, diz Bira durante posse como prefeito de Mata de S\u00e3o Jo\u00e3o - Portal MF","isPartOf":{"@id":"https:\/\/portalmf.com.br\/#website"},"primaryImageOfPage":{"@id":"https:\/\/portalmf.com.br\/index.php\/2023\/12\/20\/dia-historico-diz-bira-durante-posse-como-prefeito-de-mata-de-sao-joao\/#primaryimage"},"image":{"@id":"https:\/\/portalmf.com.br\/index.php\/2023\/12\/20\/dia-historico-diz-bira-durante-posse-como-prefeito-de-mata-de-sao-joao\/#primaryimage"},"thumbnailUrl":"https:\/\/portalmf.com.br\/wp-content\/uploads\/2023\/12\/Foto_Divulgacao.jpeg","datePublished":"2023-12-20T17:21:00+00:00","dateModified":"2023-12-20T21:23:23+00:00","author":{"@id":"https:\/\/portalmf.com.br\/#\/schema\/person\/9ec101baf56233e53520c26de5d6f6f0"},"breadcrumb":{"@id":"https:\/\/portalmf.com.br\/index.php\/2023\/12\/20\/dia-historico-diz-bira-durante-posse-como-prefeito-de-mata-de-sao-joao\/#breadcrumb"},"inLanguage":"pt-BR","potentialAction":[{"@type":"ReadAction","target":["https:\/\/portalmf.com.br\/index.php\/2023\/12\/20\/dia-historico-diz-bira-durante-posse-como-prefeito-de-mata-de-sao-joao\/"]}]},{"@type":"ImageObject","inLanguage":"pt-BR","@id":"https:\/\/portalmf.com.br\/index.php\/2023\/12\/20\/dia-historico-diz-bira-durante-posse-como-prefeito-de-mata-de-sao-joao\/#primaryimage","url":"https:\/\/portalmf.com.br\/wp-content\/uploads\/2023\/12\/Foto_Divulgacao.jpeg","contentUrl":"https:\/\/portalmf.com.br\/wp-content\/uploads\/2023\/12\/Foto_Divulgacao.jpeg","width":960,"height":1280},{"@type":"BreadcrumbList","@id":"https:\/\/portalmf.com.br\/index.php\/2023\/12\/20\/dia-historico-diz-bira-durante-posse-como-prefeito-de-mata-de-sao-joao\/#breadcrumb","itemListElement":[{"@type":"ListItem","position":1,"name":"In\u00edcio","item":"https:\/\/portalmf.com.br\/"},{"@type":"ListItem","position":2,"name":"\u2018Dia hist\u00f3rico\u2019, diz Bira durante posse como prefeito de Mata de S\u00e3o Jo\u00e3o"}]},{"@type":"WebSite","@id":"https:\/\/portalmf.com.br\/#website","url":"https:\/\/portalmf.com.br\/","name":"Portal MF","description":"Voc\u00ea conectado com a informa\u00e7\u00e3o","potentialAction":[{"@type":"SearchAction","target":{"@type":"EntryPoint","urlTemplate":"https:\/\/portalmf.com.br\/?s={search_term_string}"},"query-input":"required name=search_term_string"}],"inLanguage":"pt-BR"},{"@type":"Person","@id":"https:\/\/portalmf.com.br\/#\/schema\/person\/9ec101baf56233e53520c26de5d6f6f0","name":"Reda\u00e7\u00e3o Portal MF","image":{"@type":"ImageObject","inLanguage":"pt-BR","@id":"https:\/\/portalmf.com.br\/#\/schema\/person\/image\/","url":"https:\/\/secure.gravatar.com\/avatar\/41b9aaeb2100835f7c64362330f74c7f?s=96&d=mm&r=g","contentUrl":"https:\/\/secure.gravatar.com\/avatar\/41b9aaeb2100835f7c64362330f74c7f?s=96&d=mm&r=g","caption":"Reda\u00e7\u00e3o Portal MF"},"description":"Sejam bem-vindos o portal de informa\u00e7\u00f5es de entretenimento de Feira de Santana, desde 2006 realiza coberturas dos principais eventos com entrevistas exclusivas com as principais personalidades mundiais. Fique conectado tamb\u00e9m nas redes sociais.","sameAs":["http:\/\/www.portalmf.com.br\/","https:\/\/www.facebook.com\/portalmfoficial","https:\/\/www.instagram.com\/portalmf\/","https:\/\/x.com\/https:\/\/x.com\/portalmfoficial","https:\/\/www.youtube.com\/@portalmfoficial"],"url":"https:\/\/portalmf.com.br\/index.php\/author\/junior\/"}]}},"_links":{"self":[{"href":"https:\/\/portalmf.com.br\/index.php\/wp-json\/wp\/v2\/posts\/21095"}],"collection":[{"href":"https:\/\/portalmf.com.br\/index.php\/wp-json\/wp\/v2\/posts"}],"about":[{"href":"https:\/\/portalmf.com.br\/index.php\/wp-json\/wp\/v2\/types\/post"}],"author":[{"embeddable":true,"href":"https:\/\/portalmf.com.br\/index.php\/wp-json\/wp\/v2\/users\/3"}],"replies":[{"embeddable":true,"href":"https:\/\/portalmf.com.br\/index.php\/wp-json\/wp\/v2\/comments?post=21095"}],"version-history":[{"count":1,"href":"https:\/\/portalmf.com.br\/index.php\/wp-json\/wp\/v2\/posts\/21095\/revisions"}],"predecessor-version":[{"id":21097,"href":"https:\/\/portalmf.com.br\/index.php\/wp-json\/wp\/v2\/posts\/21095\/revisions\/21097"}],"wp:featuredmedia":[{"embeddable":true,"href":"https:\/\/portalmf.com.br\/index.php\/wp-json\/wp\/v2\/media\/21096"}],"wp:attachment":[{"href":"https:\/\/portalmf.com.br\/index.php\/wp-json\/wp\/v2\/media?parent=21095"}],"wp:term":[{"taxonomy":"category","embeddable":true,"href":"https:\/\/portalmf.com.br\/index.php\/wp-json\/wp\/v2\/categories?post=21095"},{"taxonomy":"post_tag","embeddable":true,"href":"https:\/\/portalmf.com.br\/index.php\/wp-json\/wp\/v2\/tags?post=21095"}],"curies":[{"name":"wp","href":"https:\/\/api.w.org\/{rel}","templated":true}]}}