{"id":21092,"date":"2023-12-19T18:19:28","date_gmt":"2023-12-19T21:19:28","guid":{"rendered":"https:\/\/portalmf.com.br\/?p=21092"},"modified":"2023-12-20T18:20:35","modified_gmt":"2023-12-20T21:20:35","slug":"pt-bahia-formaliza-indicacao-de-paulo-rangel-para-vaga-do-tcm","status":"publish","type":"post","link":"https:\/\/portalmf.com.br\/index.php\/2023\/12\/19\/pt-bahia-formaliza-indicacao-de-paulo-rangel-para-vaga-do-tcm\/","title":{"rendered":"PT Bahia formaliza indica\u00e7\u00e3o de Paulo Rangel para vaga do TCM"},"content":{"rendered":"\n<p>O Partido dos Trabalhadores da Bahia formalizou nesta ter\u00e7a-feira, 19, o nome do deputado estadual Paulo Rangel como candidato \u00e0 vaga do Tribunal de Contas dos Munic\u00edpios (TCM), por sua experi\u00eancia t\u00e9cnica e pol\u00edtica, capacidade de articula\u00e7\u00e3o, reconhecida idoneidade moral e pela boa rela\u00e7\u00e3o que possui com os parlamentares. A candidatura do deputado Paulo tamb\u00e9m foi referendada, por unanimidade, pela bancada do PT na Assembleia Legislativa da Bahia (Alba), na \u00faltima ter\u00e7a-feira, 12.&nbsp;&nbsp;<\/p>\n\n\n\n<p>Presidente do PT Bahia, \u00c9den Valadares destacou as qualidades que credenciam Paulo para a vaga do TCM.&nbsp;&nbsp;\u201cCom todo respeito aos demais pretendentes, que s\u00e3o leg\u00edtimos tamb\u00e9m, entendemos que a indica\u00e7\u00e3o de Rangel atende as exig\u00eancias formais para a vaga, mas n\u00e3o somente, engrandece a disputa pelo seu conhecimento t\u00e9cnico, experi\u00eancia pol\u00edtica, sua firmeza de car\u00e1ter e seu \u00f3timo tr\u00e2nsito entre os colegas deputados\u201d.<\/p>\n\n\n\n<p>O dirigente partid\u00e1rio acrescentou ainda que a escolha do PT pelo nome do deputado estadual j\u00e1 foi informada ao governador Jer\u00f4nimo Rodrigues e ao conjunto dos partidos da base<em>.\u00a0\u00a0\u201cApresentamos formalmente o nome de Rangel para o governador Jer\u00f4nimo, a Federa\u00e7\u00e3o, os partidos aliados e o conjunto da Casa. Vamos trabalhar firmemente para conseguir assinaturas, apoios e construir uma indica\u00e7\u00e3o com muita for\u00e7a e humildade\u201d,<\/em> afirmou \u00c9den.<\/p>\n","protected":false},"excerpt":{"rendered":"<p>O Partido dos Trabalhadores da Bahia formalizou nesta ter\u00e7a-feira, 19, o nome do deputado estadual Paulo Rangel como candidato \u00e0 vaga do Tribunal de Contas dos Munic\u00edpios (TCM), por sua experi\u00eancia t\u00e9cnica e pol\u00edtica, capacidade de articula\u00e7\u00e3o, reconhecida idoneidade moral e pela boa rela\u00e7\u00e3o que possui com os parlamentares. A candidatura do deputado Paulo tamb\u00e9m [&hellip;]<\/p>\n","protected":false},"author":3,"featured_media":21093,"comment_status":"open","ping_status":"open","sticky":false,"template":"","format":"standard","meta":{"_monsterinsights_skip_tracking":false,"_monsterinsights_sitenote_active":false,"_monsterinsights_sitenote_note":"","_monsterinsights_sitenote_category":0,"footnotes":""},"categories":[34],"tags":[],"yoast_head":"<!-- This site is optimized with the Yoast SEO plugin v22.9 - https:\/\/yoast.com\/wordpress\/plugins\/seo\/ -->\n<title>PT Bahia formaliza indica\u00e7\u00e3o de Paulo Rangel para vaga do TCM - Portal MF<\/title>\n<meta name=\"robots\" content=\"index, follow, max-snippet:-1, max-image-preview:large, max-video-preview:-1\" \/>\n<link rel=\"canonical\" href=\"https:\/\/portalmf.com.br\/index.php\/2023\/12\/19\/pt-bahia-formaliza-indicacao-de-paulo-rangel-para-vaga-do-tcm\/\" \/>\n<meta property=\"og:locale\" content=\"pt_BR\" \/>\n<meta property=\"og:type\" content=\"article\" \/>\n<meta property=\"og:title\" content=\"PT Bahia formaliza indica\u00e7\u00e3o de Paulo Rangel para vaga do TCM - Portal MF\" \/>\n<meta property=\"og:description\" content=\"O Partido dos Trabalhadores da Bahia formalizou nesta ter\u00e7a-feira, 19, o nome do deputado estadual Paulo Rangel como candidato \u00e0 vaga do Tribunal de Contas dos Munic\u00edpios (TCM), por sua experi\u00eancia t\u00e9cnica e pol\u00edtica, capacidade de articula\u00e7\u00e3o, reconhecida idoneidade moral e pela boa rela\u00e7\u00e3o que possui com os parlamentares. A candidatura do deputado Paulo tamb\u00e9m [&hellip;]\" \/>\n<meta property=\"og:url\" content=\"https:\/\/portalmf.com.br\/index.php\/2023\/12\/19\/pt-bahia-formaliza-indicacao-de-paulo-rangel-para-vaga-do-tcm\/\" \/>\n<meta property=\"og:site_name\" content=\"Portal MF\" \/>\n<meta property=\"article:author\" content=\"https:\/\/www.facebook.com\/portalmfoficial\" \/>\n<meta property=\"article:published_time\" content=\"2023-12-19T21:19:28+00:00\" \/>\n<meta property=\"article:modified_time\" content=\"2023-12-20T21:20:35+00:00\" \/>\n<meta property=\"og:image\" content=\"https:\/\/portalmf.com.br\/wp-content\/uploads\/2023\/12\/Eden-Valadares-e-Paulo-Rangel.jpg\" \/>\n\t<meta property=\"og:image:width\" content=\"682\" \/>\n\t<meta property=\"og:image:height\" content=\"511\" \/>\n\t<meta property=\"og:image:type\" content=\"image\/jpeg\" \/>\n<meta name=\"author\" content=\"Reda\u00e7\u00e3o Portal MF\" \/>\n<meta name=\"twitter:card\" content=\"summary_large_image\" \/>\n<meta name=\"twitter:creator\" content=\"@https:\/\/x.com\/portalmfoficial\" \/>\n<meta name=\"twitter:label1\" content=\"Escrito por\" \/>\n\t<meta name=\"twitter:data1\" content=\"Reda\u00e7\u00e3o Portal MF\" \/>\n\t<meta name=\"twitter:label2\" content=\"Est. tempo de leitura\" \/>\n\t<meta name=\"twitter:data2\" content=\"2 minutos\" \/>\n<script type=\"application\/ld+json\" class=\"yoast-schema-graph\">{\"@context\":\"https:\/\/schema.org\",\"@graph\":[{\"@type\":\"WebPage\",\"@id\":\"https:\/\/portalmf.com.br\/index.php\/2023\/12\/19\/pt-bahia-formaliza-indicacao-de-paulo-rangel-para-vaga-do-tcm\/\",\"url\":\"https:\/\/portalmf.com.br\/index.php\/2023\/12\/19\/pt-bahia-formaliza-indicacao-de-paulo-rangel-para-vaga-do-tcm\/\",\"name\":\"PT Bahia formaliza indica\u00e7\u00e3o de Paulo Rangel para vaga do TCM - Portal MF\",\"isPartOf\":{\"@id\":\"https:\/\/portalmf.com.br\/#website\"},\"primaryImageOfPage\":{\"@id\":\"https:\/\/portalmf.com.br\/index.php\/2023\/12\/19\/pt-bahia-formaliza-indicacao-de-paulo-rangel-para-vaga-do-tcm\/#primaryimage\"},\"image\":{\"@id\":\"https:\/\/portalmf.com.br\/index.php\/2023\/12\/19\/pt-bahia-formaliza-indicacao-de-paulo-rangel-para-vaga-do-tcm\/#primaryimage\"},\"thumbnailUrl\":\"https:\/\/portalmf.com.br\/wp-content\/uploads\/2023\/12\/Eden-Valadares-e-Paulo-Rangel.jpg\",\"datePublished\":\"2023-12-19T21:19:28+00:00\",\"dateModified\":\"2023-12-20T21:20:35+00:00\",\"author\":{\"@id\":\"https:\/\/portalmf.com.br\/#\/schema\/person\/9ec101baf56233e53520c26de5d6f6f0\"},\"breadcrumb\":{\"@id\":\"https:\/\/portalmf.com.br\/index.php\/2023\/12\/19\/pt-bahia-formaliza-indicacao-de-paulo-rangel-para-vaga-do-tcm\/#breadcrumb\"},\"inLanguage\":\"pt-BR\",\"potentialAction\":[{\"@type\":\"ReadAction\",\"target\":[\"https:\/\/portalmf.com.br\/index.php\/2023\/12\/19\/pt-bahia-formaliza-indicacao-de-paulo-rangel-para-vaga-do-tcm\/\"]}]},{\"@type\":\"ImageObject\",\"inLanguage\":\"pt-BR\",\"@id\":\"https:\/\/portalmf.com.br\/index.php\/2023\/12\/19\/pt-bahia-formaliza-indicacao-de-paulo-rangel-para-vaga-do-tcm\/#primaryimage\",\"url\":\"https:\/\/portalmf.com.br\/wp-content\/uploads\/2023\/12\/Eden-Valadares-e-Paulo-Rangel.jpg\",\"contentUrl\":\"https:\/\/portalmf.com.br\/wp-content\/uploads\/2023\/12\/Eden-Valadares-e-Paulo-Rangel.jpg\",\"width\":682,\"height\":511},{\"@type\":\"BreadcrumbList\",\"@id\":\"https:\/\/portalmf.com.br\/index.php\/2023\/12\/19\/pt-bahia-formaliza-indicacao-de-paulo-rangel-para-vaga-do-tcm\/#breadcrumb\",\"itemListElement\":[{\"@type\":\"ListItem\",\"position\":1,\"name\":\"In\u00edcio\",\"item\":\"https:\/\/portalmf.com.br\/\"},{\"@type\":\"ListItem\",\"position\":2,\"name\":\"PT Bahia formaliza indica\u00e7\u00e3o de Paulo Rangel para vaga do TCM\"}]},{\"@type\":\"WebSite\",\"@id\":\"https:\/\/portalmf.com.br\/#website\",\"url\":\"https:\/\/portalmf.com.br\/\",\"name\":\"Portal MF\",\"description\":\"Voc\u00ea conectado com a informa\u00e7\u00e3o\",\"potentialAction\":[{\"@type\":\"SearchAction\",\"target\":{\"@type\":\"EntryPoint\",\"urlTemplate\":\"https:\/\/portalmf.com.br\/?s={search_term_string}\"},\"query-input\":\"required name=search_term_string\"}],\"inLanguage\":\"pt-BR\"},{\"@type\":\"Person\",\"@id\":\"https:\/\/portalmf.com.br\/#\/schema\/person\/9ec101baf56233e53520c26de5d6f6f0\",\"name\":\"Reda\u00e7\u00e3o Portal MF\",\"image\":{\"@type\":\"ImageObject\",\"inLanguage\":\"pt-BR\",\"@id\":\"https:\/\/portalmf.com.br\/#\/schema\/person\/image\/\",\"url\":\"https:\/\/secure.gravatar.com\/avatar\/41b9aaeb2100835f7c64362330f74c7f?s=96&d=mm&r=g\",\"contentUrl\":\"https:\/\/secure.gravatar.com\/avatar\/41b9aaeb2100835f7c64362330f74c7f?s=96&d=mm&r=g\",\"caption\":\"Reda\u00e7\u00e3o Portal MF\"},\"description\":\"Sejam bem-vindos o portal de informa\u00e7\u00f5es de entretenimento de Feira de Santana, desde 2006 realiza coberturas dos principais eventos com entrevistas exclusivas com as principais personalidades mundiais. Fique conectado tamb\u00e9m nas redes sociais.\",\"sameAs\":[\"http:\/\/www.portalmf.com.br\/\",\"https:\/\/www.facebook.com\/portalmfoficial\",\"https:\/\/www.instagram.com\/portalmf\/\",\"https:\/\/x.com\/https:\/\/x.com\/portalmfoficial\",\"https:\/\/www.youtube.com\/@portalmfoficial\"],\"url\":\"https:\/\/portalmf.com.br\/index.php\/author\/junior\/\"}]}<\/script>\n<!-- \/ Yoast SEO plugin. -->","yoast_head_json":{"title":"PT Bahia formaliza indica\u00e7\u00e3o de Paulo Rangel para vaga do TCM - Portal MF","robots":{"index":"index","follow":"follow","max-snippet":"max-snippet:-1","max-image-preview":"max-image-preview:large","max-video-preview":"max-video-preview:-1"},"canonical":"https:\/\/portalmf.com.br\/index.php\/2023\/12\/19\/pt-bahia-formaliza-indicacao-de-paulo-rangel-para-vaga-do-tcm\/","og_locale":"pt_BR","og_type":"article","og_title":"PT Bahia formaliza indica\u00e7\u00e3o de Paulo Rangel para vaga do TCM - Portal MF","og_description":"O Partido dos Trabalhadores da Bahia formalizou nesta ter\u00e7a-feira, 19, o nome do deputado estadual Paulo Rangel como candidato \u00e0 vaga do Tribunal de Contas dos Munic\u00edpios (TCM), por sua experi\u00eancia t\u00e9cnica e pol\u00edtica, capacidade de articula\u00e7\u00e3o, reconhecida idoneidade moral e pela boa rela\u00e7\u00e3o que possui com os parlamentares. A candidatura do deputado Paulo tamb\u00e9m [&hellip;]","og_url":"https:\/\/portalmf.com.br\/index.php\/2023\/12\/19\/pt-bahia-formaliza-indicacao-de-paulo-rangel-para-vaga-do-tcm\/","og_site_name":"Portal MF","article_author":"https:\/\/www.facebook.com\/portalmfoficial","article_published_time":"2023-12-19T21:19:28+00:00","article_modified_time":"2023-12-20T21:20:35+00:00","og_image":[{"width":682,"height":511,"url":"https:\/\/portalmf.com.br\/wp-content\/uploads\/2023\/12\/Eden-Valadares-e-Paulo-Rangel.jpg","type":"image\/jpeg"}],"author":"Reda\u00e7\u00e3o Portal MF","twitter_card":"summary_large_image","twitter_creator":"@https:\/\/x.com\/portalmfoficial","twitter_misc":{"Escrito por":"Reda\u00e7\u00e3o Portal MF","Est. tempo de leitura":"2 minutos"},"schema":{"@context":"https:\/\/schema.org","@graph":[{"@type":"WebPage","@id":"https:\/\/portalmf.com.br\/index.php\/2023\/12\/19\/pt-bahia-formaliza-indicacao-de-paulo-rangel-para-vaga-do-tcm\/","url":"https:\/\/portalmf.com.br\/index.php\/2023\/12\/19\/pt-bahia-formaliza-indicacao-de-paulo-rangel-para-vaga-do-tcm\/","name":"PT Bahia formaliza indica\u00e7\u00e3o de Paulo Rangel para vaga do TCM - Portal MF","isPartOf":{"@id":"https:\/\/portalmf.com.br\/#website"},"primaryImageOfPage":{"@id":"https:\/\/portalmf.com.br\/index.php\/2023\/12\/19\/pt-bahia-formaliza-indicacao-de-paulo-rangel-para-vaga-do-tcm\/#primaryimage"},"image":{"@id":"https:\/\/portalmf.com.br\/index.php\/2023\/12\/19\/pt-bahia-formaliza-indicacao-de-paulo-rangel-para-vaga-do-tcm\/#primaryimage"},"thumbnailUrl":"https:\/\/portalmf.com.br\/wp-content\/uploads\/2023\/12\/Eden-Valadares-e-Paulo-Rangel.jpg","datePublished":"2023-12-19T21:19:28+00:00","dateModified":"2023-12-20T21:20:35+00:00","author":{"@id":"https:\/\/portalmf.com.br\/#\/schema\/person\/9ec101baf56233e53520c26de5d6f6f0"},"breadcrumb":{"@id":"https:\/\/portalmf.com.br\/index.php\/2023\/12\/19\/pt-bahia-formaliza-indicacao-de-paulo-rangel-para-vaga-do-tcm\/#breadcrumb"},"inLanguage":"pt-BR","potentialAction":[{"@type":"ReadAction","target":["https:\/\/portalmf.com.br\/index.php\/2023\/12\/19\/pt-bahia-formaliza-indicacao-de-paulo-rangel-para-vaga-do-tcm\/"]}]},{"@type":"ImageObject","inLanguage":"pt-BR","@id":"https:\/\/portalmf.com.br\/index.php\/2023\/12\/19\/pt-bahia-formaliza-indicacao-de-paulo-rangel-para-vaga-do-tcm\/#primaryimage","url":"https:\/\/portalmf.com.br\/wp-content\/uploads\/2023\/12\/Eden-Valadares-e-Paulo-Rangel.jpg","contentUrl":"https:\/\/portalmf.com.br\/wp-content\/uploads\/2023\/12\/Eden-Valadares-e-Paulo-Rangel.jpg","width":682,"height":511},{"@type":"BreadcrumbList","@id":"https:\/\/portalmf.com.br\/index.php\/2023\/12\/19\/pt-bahia-formaliza-indicacao-de-paulo-rangel-para-vaga-do-tcm\/#breadcrumb","itemListElement":[{"@type":"ListItem","position":1,"name":"In\u00edcio","item":"https:\/\/portalmf.com.br\/"},{"@type":"ListItem","position":2,"name":"PT Bahia formaliza indica\u00e7\u00e3o de Paulo Rangel para vaga do TCM"}]},{"@type":"WebSite","@id":"https:\/\/portalmf.com.br\/#website","url":"https:\/\/portalmf.com.br\/","name":"Portal MF","description":"Voc\u00ea conectado com a informa\u00e7\u00e3o","potentialAction":[{"@type":"SearchAction","target":{"@type":"EntryPoint","urlTemplate":"https:\/\/portalmf.com.br\/?s={search_term_string}"},"query-input":"required name=search_term_string"}],"inLanguage":"pt-BR"},{"@type":"Person","@id":"https:\/\/portalmf.com.br\/#\/schema\/person\/9ec101baf56233e53520c26de5d6f6f0","name":"Reda\u00e7\u00e3o Portal MF","image":{"@type":"ImageObject","inLanguage":"pt-BR","@id":"https:\/\/portalmf.com.br\/#\/schema\/person\/image\/","url":"https:\/\/secure.gravatar.com\/avatar\/41b9aaeb2100835f7c64362330f74c7f?s=96&d=mm&r=g","contentUrl":"https:\/\/secure.gravatar.com\/avatar\/41b9aaeb2100835f7c64362330f74c7f?s=96&d=mm&r=g","caption":"Reda\u00e7\u00e3o Portal MF"},"description":"Sejam bem-vindos o portal de informa\u00e7\u00f5es de entretenimento de Feira de Santana, desde 2006 realiza coberturas dos principais eventos com entrevistas exclusivas com as principais personalidades mundiais. Fique conectado tamb\u00e9m nas redes sociais.","sameAs":["http:\/\/www.portalmf.com.br\/","https:\/\/www.facebook.com\/portalmfoficial","https:\/\/www.instagram.com\/portalmf\/","https:\/\/x.com\/https:\/\/x.com\/portalmfoficial","https:\/\/www.youtube.com\/@portalmfoficial"],"url":"https:\/\/portalmf.com.br\/index.php\/author\/junior\/"}]}},"_links":{"self":[{"href":"https:\/\/portalmf.com.br\/index.php\/wp-json\/wp\/v2\/posts\/21092"}],"collection":[{"href":"https:\/\/portalmf.com.br\/index.php\/wp-json\/wp\/v2\/posts"}],"about":[{"href":"https:\/\/portalmf.com.br\/index.php\/wp-json\/wp\/v2\/types\/post"}],"author":[{"embeddable":true,"href":"https:\/\/portalmf.com.br\/index.php\/wp-json\/wp\/v2\/users\/3"}],"replies":[{"embeddable":true,"href":"https:\/\/portalmf.com.br\/index.php\/wp-json\/wp\/v2\/comments?post=21092"}],"version-history":[{"count":1,"href":"https:\/\/portalmf.com.br\/index.php\/wp-json\/wp\/v2\/posts\/21092\/revisions"}],"predecessor-version":[{"id":21094,"href":"https:\/\/portalmf.com.br\/index.php\/wp-json\/wp\/v2\/posts\/21092\/revisions\/21094"}],"wp:featuredmedia":[{"embeddable":true,"href":"https:\/\/portalmf.com.br\/index.php\/wp-json\/wp\/v2\/media\/21093"}],"wp:attachment":[{"href":"https:\/\/portalmf.com.br\/index.php\/wp-json\/wp\/v2\/media?parent=21092"}],"wp:term":[{"taxonomy":"category","embeddable":true,"href":"https:\/\/portalmf.com.br\/index.php\/wp-json\/wp\/v2\/categories?post=21092"},{"taxonomy":"post_tag","embeddable":true,"href":"https:\/\/portalmf.com.br\/index.php\/wp-json\/wp\/v2\/tags?post=21092"}],"curies":[{"name":"wp","href":"https:\/\/api.w.org\/{rel}","templated":true}]}}