{"id":21063,"date":"2023-12-20T17:39:15","date_gmt":"2023-12-20T20:39:15","guid":{"rendered":"https:\/\/portalmf.com.br\/?p=21063"},"modified":"2023-12-20T17:39:18","modified_gmt":"2023-12-20T20:39:18","slug":"previdencia-estadual-alerta-para-prazo-da-prova-de-vida-de-dezembro","status":"publish","type":"post","link":"https:\/\/portalmf.com.br\/index.php\/2023\/12\/20\/previdencia-estadual-alerta-para-prazo-da-prova-de-vida-de-dezembro\/","title":{"rendered":"Previd\u00eancia estadual alerta para prazo da prova de vida de dezembro"},"content":{"rendered":"\n<p>Os aposentados e pensionistas estaduais que aniversariam em dezembro t\u00eam at\u00e9 o final do ano para se submeter \u00e0 prova de vida sem correr o risco de suspens\u00e3o do benef\u00edcio. No in\u00edcio deste m\u00eas, a Superintend\u00eancia de Previd\u00eancia do Estado (Suprev) convocou para o procedimento 8.973 benefici\u00e1rios do Poder Executivo Estadual, 265 do Tribunal de Justi\u00e7a do Estado e 13 do Minist\u00e9rio P\u00fablico. S\u00f3 no grupo do Poder Executivo, h\u00e1 4.794 pessoas que ainda n\u00e3o atenderam ao chamado, seja presencialmente ou por meio dos canais virtuais colocados \u00e0 disposi\u00e7\u00e3o do p\u00fablico.<\/p>\n\n\n\n<p>Para n\u00e3o correr o risco de ter seu pagamento interrompido, os servidores inativos e pensionistas &nbsp;precisam realizar o procedimento uma vez ao ano, sempre dentro do m\u00eas do pr\u00f3prio anivers\u00e1rio. \u201cEm casos de eventuais suspens\u00f5es, o pagamento \u00e9 retomado \u00e0 medida que o benefici\u00e1rio resolve a pend\u00eancia\u201d, esclarece a coordenadora de Relacionamento com o Benefici\u00e1rio da Suprev, S\u00edlvia Machado, ao ressaltar a import\u00e2ncia da medida para que o Estado possa &nbsp;evitar pagamentos indevidos e tentativas de fraudes, al\u00e9m de manter sua base cadastral atualizada.<\/p>\n\n\n\n<p>Prova de Vida Digital &nbsp;&#8211; &nbsp;Os convocados que est\u00e3o em dia com o cronograma da Suprev e t\u00eam cadastro no TRE e Senatran podem realizar a Prova de Vida Digital de qualquer celular com acesso \u00e0 internet por meio do aplicativo&nbsp;<a href=\"http:\/\/gov.br\/\" target=\"_blank\" rel=\"noreferrer noopener\">GOV.BR<\/a>. Para tanto, basta baixar o aplicativo, &nbsp;abrir uma conta no&nbsp;<a href=\"http:\/\/gov.br\/\" target=\"_blank\" rel=\"noreferrer noopener\">GOV.BR<\/a>&nbsp;e &nbsp;fazer ao reconhecimento facial. No YouTube da Secretaria da Administra\u00e7\u00e3o do Estado (Saeb) \u00e9 poss\u00edvel encontrar um v\u00eddeo com o passo a passo completo para o procedimento. &nbsp;<\/p>\n\n\n\n<p>Al\u00e9m da vers\u00e3o digital, os benefici\u00e1rios podem optar pelas modalidades de prova de vida por videoatendimento ou presencial. Nestes dois casos, o servi\u00e7o est\u00e1 dispon\u00edvel para todos os convocados, incluindo retardat\u00e1rios, com agendamento pr\u00e9vio por meio do&nbsp;<a href=\"http:\/\/ba.gov.br\/\" target=\"_blank\" rel=\"noreferrer noopener\">BA.GOV.BR<\/a>&nbsp;(<a href=\"http:\/\/www.ba.gov.br\/\" target=\"_blank\" rel=\"noreferrer noopener\">www.ba.gov.br<\/a>) ou no call center da Suprev\/SAC pelos telefones 0800 071 5353 (para liga\u00e7\u00f5es gratuitas por celular ou fixo, de qualquer lugar do Brasil) e (071) 4020-5353 (para Salvador e Regi\u00e3o Metropolitana, de telefone fixo ou celular). Mais informa\u00e7\u00f5es podem ser obtidas no RH Bahia (<a href=\"http:\/\/www.rhbahia.ba.gov.br\/\" target=\"_blank\" rel=\"noreferrer noopener\">www.rhbahia.ba.gov.br<\/a>).<\/p>\n","protected":false},"excerpt":{"rendered":"<p>Os aposentados e pensionistas estaduais que aniversariam em dezembro t\u00eam at\u00e9 o final do ano para se submeter \u00e0 prova de vida sem correr o risco de suspens\u00e3o do benef\u00edcio. No in\u00edcio deste m\u00eas, a Superintend\u00eancia de Previd\u00eancia do Estado (Suprev) convocou para o procedimento 8.973 benefici\u00e1rios do Poder Executivo Estadual, 265 do Tribunal de [&hellip;]<\/p>\n","protected":false},"author":3,"featured_media":21064,"comment_status":"open","ping_status":"open","sticky":false,"template":"","format":"standard","meta":{"_monsterinsights_skip_tracking":false,"_monsterinsights_sitenote_active":false,"_monsterinsights_sitenote_note":"","_monsterinsights_sitenote_category":0,"footnotes":""},"categories":[34],"tags":[],"yoast_head":"<!-- This site is optimized with the Yoast SEO plugin v22.9 - https:\/\/yoast.com\/wordpress\/plugins\/seo\/ -->\n<title>Previd\u00eancia estadual alerta para prazo da prova de vida de dezembro - Portal MF<\/title>\n<meta name=\"robots\" content=\"index, follow, max-snippet:-1, max-image-preview:large, max-video-preview:-1\" \/>\n<link rel=\"canonical\" href=\"https:\/\/portalmf.com.br\/index.php\/2023\/12\/20\/previdencia-estadual-alerta-para-prazo-da-prova-de-vida-de-dezembro\/\" \/>\n<meta property=\"og:locale\" content=\"pt_BR\" \/>\n<meta property=\"og:type\" content=\"article\" \/>\n<meta property=\"og:title\" content=\"Previd\u00eancia estadual alerta para prazo da prova de vida de dezembro - Portal MF\" \/>\n<meta property=\"og:description\" content=\"Os aposentados e pensionistas estaduais que aniversariam em dezembro t\u00eam at\u00e9 o final do ano para se submeter \u00e0 prova de vida sem correr o risco de suspens\u00e3o do benef\u00edcio. No in\u00edcio deste m\u00eas, a Superintend\u00eancia de Previd\u00eancia do Estado (Suprev) convocou para o procedimento 8.973 benefici\u00e1rios do Poder Executivo Estadual, 265 do Tribunal de [&hellip;]\" \/>\n<meta property=\"og:url\" content=\"https:\/\/portalmf.com.br\/index.php\/2023\/12\/20\/previdencia-estadual-alerta-para-prazo-da-prova-de-vida-de-dezembro\/\" \/>\n<meta property=\"og:site_name\" content=\"Portal MF\" \/>\n<meta property=\"article:author\" content=\"https:\/\/www.facebook.com\/portalmfoficial\" \/>\n<meta property=\"article:published_time\" content=\"2023-12-20T20:39:15+00:00\" \/>\n<meta property=\"article:modified_time\" content=\"2023-12-20T20:39:18+00:00\" \/>\n<meta property=\"og:image\" content=\"https:\/\/portalmf.com.br\/wp-content\/uploads\/2023\/12\/1639674871whatsapp-image-20211216-at-14.03.17.jpg\" \/>\n\t<meta property=\"og:image:width\" content=\"984\" \/>\n\t<meta property=\"og:image:height\" content=\"832\" \/>\n\t<meta property=\"og:image:type\" content=\"image\/jpeg\" \/>\n<meta name=\"author\" content=\"Reda\u00e7\u00e3o Portal MF\" \/>\n<meta name=\"twitter:card\" content=\"summary_large_image\" \/>\n<meta name=\"twitter:creator\" content=\"@https:\/\/x.com\/portalmfoficial\" \/>\n<meta name=\"twitter:label1\" content=\"Escrito por\" \/>\n\t<meta name=\"twitter:data1\" content=\"Reda\u00e7\u00e3o Portal MF\" \/>\n\t<meta name=\"twitter:label2\" content=\"Est. tempo de leitura\" \/>\n\t<meta name=\"twitter:data2\" content=\"2 minutos\" \/>\n<script type=\"application\/ld+json\" class=\"yoast-schema-graph\">{\"@context\":\"https:\/\/schema.org\",\"@graph\":[{\"@type\":\"WebPage\",\"@id\":\"https:\/\/portalmf.com.br\/index.php\/2023\/12\/20\/previdencia-estadual-alerta-para-prazo-da-prova-de-vida-de-dezembro\/\",\"url\":\"https:\/\/portalmf.com.br\/index.php\/2023\/12\/20\/previdencia-estadual-alerta-para-prazo-da-prova-de-vida-de-dezembro\/\",\"name\":\"Previd\u00eancia estadual alerta para prazo da prova de vida de dezembro - Portal MF\",\"isPartOf\":{\"@id\":\"https:\/\/portalmf.com.br\/#website\"},\"primaryImageOfPage\":{\"@id\":\"https:\/\/portalmf.com.br\/index.php\/2023\/12\/20\/previdencia-estadual-alerta-para-prazo-da-prova-de-vida-de-dezembro\/#primaryimage\"},\"image\":{\"@id\":\"https:\/\/portalmf.com.br\/index.php\/2023\/12\/20\/previdencia-estadual-alerta-para-prazo-da-prova-de-vida-de-dezembro\/#primaryimage\"},\"thumbnailUrl\":\"https:\/\/portalmf.com.br\/wp-content\/uploads\/2023\/12\/1639674871whatsapp-image-20211216-at-14.03.17.jpg\",\"datePublished\":\"2023-12-20T20:39:15+00:00\",\"dateModified\":\"2023-12-20T20:39:18+00:00\",\"author\":{\"@id\":\"https:\/\/portalmf.com.br\/#\/schema\/person\/9ec101baf56233e53520c26de5d6f6f0\"},\"breadcrumb\":{\"@id\":\"https:\/\/portalmf.com.br\/index.php\/2023\/12\/20\/previdencia-estadual-alerta-para-prazo-da-prova-de-vida-de-dezembro\/#breadcrumb\"},\"inLanguage\":\"pt-BR\",\"potentialAction\":[{\"@type\":\"ReadAction\",\"target\":[\"https:\/\/portalmf.com.br\/index.php\/2023\/12\/20\/previdencia-estadual-alerta-para-prazo-da-prova-de-vida-de-dezembro\/\"]}]},{\"@type\":\"ImageObject\",\"inLanguage\":\"pt-BR\",\"@id\":\"https:\/\/portalmf.com.br\/index.php\/2023\/12\/20\/previdencia-estadual-alerta-para-prazo-da-prova-de-vida-de-dezembro\/#primaryimage\",\"url\":\"https:\/\/portalmf.com.br\/wp-content\/uploads\/2023\/12\/1639674871whatsapp-image-20211216-at-14.03.17.jpg\",\"contentUrl\":\"https:\/\/portalmf.com.br\/wp-content\/uploads\/2023\/12\/1639674871whatsapp-image-20211216-at-14.03.17.jpg\",\"width\":984,\"height\":832},{\"@type\":\"BreadcrumbList\",\"@id\":\"https:\/\/portalmf.com.br\/index.php\/2023\/12\/20\/previdencia-estadual-alerta-para-prazo-da-prova-de-vida-de-dezembro\/#breadcrumb\",\"itemListElement\":[{\"@type\":\"ListItem\",\"position\":1,\"name\":\"In\u00edcio\",\"item\":\"https:\/\/portalmf.com.br\/\"},{\"@type\":\"ListItem\",\"position\":2,\"name\":\"Previd\u00eancia estadual alerta para prazo da prova de vida de dezembro\"}]},{\"@type\":\"WebSite\",\"@id\":\"https:\/\/portalmf.com.br\/#website\",\"url\":\"https:\/\/portalmf.com.br\/\",\"name\":\"Portal MF\",\"description\":\"Voc\u00ea conectado com a informa\u00e7\u00e3o\",\"potentialAction\":[{\"@type\":\"SearchAction\",\"target\":{\"@type\":\"EntryPoint\",\"urlTemplate\":\"https:\/\/portalmf.com.br\/?s={search_term_string}\"},\"query-input\":\"required name=search_term_string\"}],\"inLanguage\":\"pt-BR\"},{\"@type\":\"Person\",\"@id\":\"https:\/\/portalmf.com.br\/#\/schema\/person\/9ec101baf56233e53520c26de5d6f6f0\",\"name\":\"Reda\u00e7\u00e3o Portal MF\",\"image\":{\"@type\":\"ImageObject\",\"inLanguage\":\"pt-BR\",\"@id\":\"https:\/\/portalmf.com.br\/#\/schema\/person\/image\/\",\"url\":\"https:\/\/secure.gravatar.com\/avatar\/41b9aaeb2100835f7c64362330f74c7f?s=96&d=mm&r=g\",\"contentUrl\":\"https:\/\/secure.gravatar.com\/avatar\/41b9aaeb2100835f7c64362330f74c7f?s=96&d=mm&r=g\",\"caption\":\"Reda\u00e7\u00e3o Portal MF\"},\"description\":\"Sejam bem-vindos o portal de informa\u00e7\u00f5es de entretenimento de Feira de Santana, desde 2006 realiza coberturas dos principais eventos com entrevistas exclusivas com as principais personalidades mundiais. Fique conectado tamb\u00e9m nas redes sociais.\",\"sameAs\":[\"http:\/\/www.portalmf.com.br\/\",\"https:\/\/www.facebook.com\/portalmfoficial\",\"https:\/\/www.instagram.com\/portalmf\/\",\"https:\/\/x.com\/https:\/\/x.com\/portalmfoficial\",\"https:\/\/www.youtube.com\/@portalmfoficial\"],\"url\":\"https:\/\/portalmf.com.br\/index.php\/author\/junior\/\"}]}<\/script>\n<!-- \/ Yoast SEO plugin. -->","yoast_head_json":{"title":"Previd\u00eancia estadual alerta para prazo da prova de vida de dezembro - Portal MF","robots":{"index":"index","follow":"follow","max-snippet":"max-snippet:-1","max-image-preview":"max-image-preview:large","max-video-preview":"max-video-preview:-1"},"canonical":"https:\/\/portalmf.com.br\/index.php\/2023\/12\/20\/previdencia-estadual-alerta-para-prazo-da-prova-de-vida-de-dezembro\/","og_locale":"pt_BR","og_type":"article","og_title":"Previd\u00eancia estadual alerta para prazo da prova de vida de dezembro - Portal MF","og_description":"Os aposentados e pensionistas estaduais que aniversariam em dezembro t\u00eam at\u00e9 o final do ano para se submeter \u00e0 prova de vida sem correr o risco de suspens\u00e3o do benef\u00edcio. No in\u00edcio deste m\u00eas, a Superintend\u00eancia de Previd\u00eancia do Estado (Suprev) convocou para o procedimento 8.973 benefici\u00e1rios do Poder Executivo Estadual, 265 do Tribunal de [&hellip;]","og_url":"https:\/\/portalmf.com.br\/index.php\/2023\/12\/20\/previdencia-estadual-alerta-para-prazo-da-prova-de-vida-de-dezembro\/","og_site_name":"Portal MF","article_author":"https:\/\/www.facebook.com\/portalmfoficial","article_published_time":"2023-12-20T20:39:15+00:00","article_modified_time":"2023-12-20T20:39:18+00:00","og_image":[{"width":984,"height":832,"url":"https:\/\/portalmf.com.br\/wp-content\/uploads\/2023\/12\/1639674871whatsapp-image-20211216-at-14.03.17.jpg","type":"image\/jpeg"}],"author":"Reda\u00e7\u00e3o Portal MF","twitter_card":"summary_large_image","twitter_creator":"@https:\/\/x.com\/portalmfoficial","twitter_misc":{"Escrito por":"Reda\u00e7\u00e3o Portal MF","Est. tempo de leitura":"2 minutos"},"schema":{"@context":"https:\/\/schema.org","@graph":[{"@type":"WebPage","@id":"https:\/\/portalmf.com.br\/index.php\/2023\/12\/20\/previdencia-estadual-alerta-para-prazo-da-prova-de-vida-de-dezembro\/","url":"https:\/\/portalmf.com.br\/index.php\/2023\/12\/20\/previdencia-estadual-alerta-para-prazo-da-prova-de-vida-de-dezembro\/","name":"Previd\u00eancia estadual alerta para prazo da prova de vida de dezembro - Portal MF","isPartOf":{"@id":"https:\/\/portalmf.com.br\/#website"},"primaryImageOfPage":{"@id":"https:\/\/portalmf.com.br\/index.php\/2023\/12\/20\/previdencia-estadual-alerta-para-prazo-da-prova-de-vida-de-dezembro\/#primaryimage"},"image":{"@id":"https:\/\/portalmf.com.br\/index.php\/2023\/12\/20\/previdencia-estadual-alerta-para-prazo-da-prova-de-vida-de-dezembro\/#primaryimage"},"thumbnailUrl":"https:\/\/portalmf.com.br\/wp-content\/uploads\/2023\/12\/1639674871whatsapp-image-20211216-at-14.03.17.jpg","datePublished":"2023-12-20T20:39:15+00:00","dateModified":"2023-12-20T20:39:18+00:00","author":{"@id":"https:\/\/portalmf.com.br\/#\/schema\/person\/9ec101baf56233e53520c26de5d6f6f0"},"breadcrumb":{"@id":"https:\/\/portalmf.com.br\/index.php\/2023\/12\/20\/previdencia-estadual-alerta-para-prazo-da-prova-de-vida-de-dezembro\/#breadcrumb"},"inLanguage":"pt-BR","potentialAction":[{"@type":"ReadAction","target":["https:\/\/portalmf.com.br\/index.php\/2023\/12\/20\/previdencia-estadual-alerta-para-prazo-da-prova-de-vida-de-dezembro\/"]}]},{"@type":"ImageObject","inLanguage":"pt-BR","@id":"https:\/\/portalmf.com.br\/index.php\/2023\/12\/20\/previdencia-estadual-alerta-para-prazo-da-prova-de-vida-de-dezembro\/#primaryimage","url":"https:\/\/portalmf.com.br\/wp-content\/uploads\/2023\/12\/1639674871whatsapp-image-20211216-at-14.03.17.jpg","contentUrl":"https:\/\/portalmf.com.br\/wp-content\/uploads\/2023\/12\/1639674871whatsapp-image-20211216-at-14.03.17.jpg","width":984,"height":832},{"@type":"BreadcrumbList","@id":"https:\/\/portalmf.com.br\/index.php\/2023\/12\/20\/previdencia-estadual-alerta-para-prazo-da-prova-de-vida-de-dezembro\/#breadcrumb","itemListElement":[{"@type":"ListItem","position":1,"name":"In\u00edcio","item":"https:\/\/portalmf.com.br\/"},{"@type":"ListItem","position":2,"name":"Previd\u00eancia estadual alerta para prazo da prova de vida de dezembro"}]},{"@type":"WebSite","@id":"https:\/\/portalmf.com.br\/#website","url":"https:\/\/portalmf.com.br\/","name":"Portal MF","description":"Voc\u00ea conectado com a informa\u00e7\u00e3o","potentialAction":[{"@type":"SearchAction","target":{"@type":"EntryPoint","urlTemplate":"https:\/\/portalmf.com.br\/?s={search_term_string}"},"query-input":"required name=search_term_string"}],"inLanguage":"pt-BR"},{"@type":"Person","@id":"https:\/\/portalmf.com.br\/#\/schema\/person\/9ec101baf56233e53520c26de5d6f6f0","name":"Reda\u00e7\u00e3o Portal MF","image":{"@type":"ImageObject","inLanguage":"pt-BR","@id":"https:\/\/portalmf.com.br\/#\/schema\/person\/image\/","url":"https:\/\/secure.gravatar.com\/avatar\/41b9aaeb2100835f7c64362330f74c7f?s=96&d=mm&r=g","contentUrl":"https:\/\/secure.gravatar.com\/avatar\/41b9aaeb2100835f7c64362330f74c7f?s=96&d=mm&r=g","caption":"Reda\u00e7\u00e3o Portal MF"},"description":"Sejam bem-vindos o portal de informa\u00e7\u00f5es de entretenimento de Feira de Santana, desde 2006 realiza coberturas dos principais eventos com entrevistas exclusivas com as principais personalidades mundiais. Fique conectado tamb\u00e9m nas redes sociais.","sameAs":["http:\/\/www.portalmf.com.br\/","https:\/\/www.facebook.com\/portalmfoficial","https:\/\/www.instagram.com\/portalmf\/","https:\/\/x.com\/https:\/\/x.com\/portalmfoficial","https:\/\/www.youtube.com\/@portalmfoficial"],"url":"https:\/\/portalmf.com.br\/index.php\/author\/junior\/"}]}},"_links":{"self":[{"href":"https:\/\/portalmf.com.br\/index.php\/wp-json\/wp\/v2\/posts\/21063"}],"collection":[{"href":"https:\/\/portalmf.com.br\/index.php\/wp-json\/wp\/v2\/posts"}],"about":[{"href":"https:\/\/portalmf.com.br\/index.php\/wp-json\/wp\/v2\/types\/post"}],"author":[{"embeddable":true,"href":"https:\/\/portalmf.com.br\/index.php\/wp-json\/wp\/v2\/users\/3"}],"replies":[{"embeddable":true,"href":"https:\/\/portalmf.com.br\/index.php\/wp-json\/wp\/v2\/comments?post=21063"}],"version-history":[{"count":1,"href":"https:\/\/portalmf.com.br\/index.php\/wp-json\/wp\/v2\/posts\/21063\/revisions"}],"predecessor-version":[{"id":21065,"href":"https:\/\/portalmf.com.br\/index.php\/wp-json\/wp\/v2\/posts\/21063\/revisions\/21065"}],"wp:featuredmedia":[{"embeddable":true,"href":"https:\/\/portalmf.com.br\/index.php\/wp-json\/wp\/v2\/media\/21064"}],"wp:attachment":[{"href":"https:\/\/portalmf.com.br\/index.php\/wp-json\/wp\/v2\/media?parent=21063"}],"wp:term":[{"taxonomy":"category","embeddable":true,"href":"https:\/\/portalmf.com.br\/index.php\/wp-json\/wp\/v2\/categories?post=21063"},{"taxonomy":"post_tag","embeddable":true,"href":"https:\/\/portalmf.com.br\/index.php\/wp-json\/wp\/v2\/tags?post=21063"}],"curies":[{"name":"wp","href":"https:\/\/api.w.org\/{rel}","templated":true}]}}