{"id":21033,"date":"2023-12-19T13:49:14","date_gmt":"2023-12-19T16:49:14","guid":{"rendered":"https:\/\/portalmf.com.br\/?p=21033"},"modified":"2023-12-19T13:49:18","modified_gmt":"2023-12-19T16:49:18","slug":"prefeito-colbert-filho-sanciona-lei-de-reajuste-salarial-para-servidores-municipais","status":"publish","type":"post","link":"https:\/\/portalmf.com.br\/index.php\/2023\/12\/19\/prefeito-colbert-filho-sanciona-lei-de-reajuste-salarial-para-servidores-municipais\/","title":{"rendered":"Prefeito Colbert Filho sanciona lei de reajuste salarial para servidores municipais"},"content":{"rendered":"\n<p>Em publica\u00e7\u00e3o realizada nesta ter\u00e7a-feira (19), no Di\u00e1rio Oficial Eletr\u00f4nico do Munic\u00edpio, o prefeito Colbert Filho sancionou o Projeto de Lei 166\/2023, de autoria do Poder Executivo, que estabelece a Revis\u00e3o Anual dos Vencimentos dos Servidores P\u00fablicos Municipais em Feira de Santana. A Lei, identificada como N\u00ba 4.203, de 18 de dezembro de 2023, determina um reajuste salarial de 4% para os servidores da administra\u00e7\u00e3o direta e descentralizada.<\/p>\n\n\n\n<p>O projeto, previamente aprovado pela C\u00e2mara Municipal, tem como principal destaque o car\u00e1ter retroativo do aumento, incidindo sobre os sal\u00e1rios desde maio deste ano. O documento especifica que a recomposi\u00e7\u00e3o salarial abrange os vencimentos dos servidores da Administra\u00e7\u00e3o direta e descentralizada do Munic\u00edpio, suas Autarquias e Funda\u00e7\u00f5es, excluindo os Agentes Comunit\u00e1rios de Sa\u00fade e os agentes de Combate \u00e0s Endemias, bem como outros servidores que possuam piso salarial pr\u00f3prio.<\/p>\n\n\n\n<p>O artigo 1\u00ba da lei estabelece que &#8220;Os vencimentos dos servidores p\u00fablicos da Administra\u00e7\u00e3o direta e descentralizada do Munic\u00edpio de Feira de Santana, de suas Autarquias e Funda\u00e7\u00f5es, \u00e0 exce\u00e7\u00e3o dos Agentes Comunit\u00e1rios de Sa\u00fade e dos agentes de Combate \u00e0s Endemias e demais servidores que possuem piso salarial pr\u00f3prio, ser\u00e3o revistos, acrescendo-lhes o percentual de 4,0% (quatro por cento), a t\u00edtulo de recomposi\u00e7\u00e3o salarial.&#8221; O par\u00e1grafo \u00fanico ressalta que a concess\u00e3o retroage a 1\u00ba de maio de 2023.<\/p>\n\n\n\n<p>O texto ainda contempla categorias espec\u00edficas, garantindo o cumprimento do mesmo percentual de reajuste para Professores, Especialistas em Educa\u00e7\u00e3o, Secret\u00e1rios escolares da Rede Municipal de ensino, Agentes Comunit\u00e1rios de Sa\u00fade, Agentes de Combate \u00e0s Endemias e outras categorias que possuam piso salarial pr\u00f3prio.<\/p>\n\n\n\n<p>O menor vencimento pago pela Administra\u00e7\u00e3o Municipal, a partir de janeiro de 2024, passa a ser de R$ 1.302,00 (mil trezentos e dois reais), e a partir de maio de 2024, ser\u00e1 de R$ 1.320,00 (mil trezentos e vinte reais).<\/p>\n\n\n\n<p>A Lei tamb\u00e9m prev\u00ea a aplica\u00e7\u00e3o do mesmo percentual de reajuste para os vencimentos dos servidores tempor\u00e1rios, assim como para aposentados e pensionistas. As despesas decorrentes da implementa\u00e7\u00e3o da Lei correr\u00e3o por conta de dota\u00e7\u00e3o or\u00e7ament\u00e1ria pr\u00f3pria.<\/p>\n\n\n\n<p>A norma entrar\u00e1 em vigor na data de sua publica\u00e7\u00e3o, revogando as disposi\u00e7\u00f5es em contr\u00e1rio, conforme estabelece o artigo 8\u00ba. Com esse movimento, a gest\u00e3o municipal busca garantir a valoriza\u00e7\u00e3o dos servidores p\u00fablicos e o equil\u00edbrio econ\u00f4mico-financeiro do munic\u00edpio.<\/p>\n","protected":false},"excerpt":{"rendered":"<p>Em publica\u00e7\u00e3o realizada nesta ter\u00e7a-feira (19), no Di\u00e1rio Oficial Eletr\u00f4nico do Munic\u00edpio, o prefeito Colbert Filho sancionou o Projeto de Lei 166\/2023, de autoria do Poder Executivo, que estabelece a Revis\u00e3o Anual dos Vencimentos dos Servidores P\u00fablicos Municipais em Feira de Santana. A Lei, identificada como N\u00ba 4.203, de 18 de dezembro de 2023, determina [&hellip;]<\/p>\n","protected":false},"author":3,"featured_media":14781,"comment_status":"open","ping_status":"open","sticky":false,"template":"","format":"standard","meta":{"_monsterinsights_skip_tracking":false,"_monsterinsights_sitenote_active":false,"_monsterinsights_sitenote_note":"","_monsterinsights_sitenote_category":0,"footnotes":""},"categories":[34],"tags":[],"yoast_head":"<!-- This site is optimized with the Yoast SEO plugin v22.9 - https:\/\/yoast.com\/wordpress\/plugins\/seo\/ -->\n<title>Prefeito Colbert Filho sanciona lei de reajuste salarial para servidores municipais - Portal MF<\/title>\n<meta name=\"robots\" content=\"index, follow, max-snippet:-1, max-image-preview:large, max-video-preview:-1\" \/>\n<link rel=\"canonical\" href=\"https:\/\/portalmf.com.br\/index.php\/2023\/12\/19\/prefeito-colbert-filho-sanciona-lei-de-reajuste-salarial-para-servidores-municipais\/\" \/>\n<meta property=\"og:locale\" content=\"pt_BR\" \/>\n<meta property=\"og:type\" content=\"article\" \/>\n<meta property=\"og:title\" content=\"Prefeito Colbert Filho sanciona lei de reajuste salarial para servidores municipais - Portal MF\" \/>\n<meta property=\"og:description\" content=\"Em publica\u00e7\u00e3o realizada nesta ter\u00e7a-feira (19), no Di\u00e1rio Oficial Eletr\u00f4nico do Munic\u00edpio, o prefeito Colbert Filho sancionou o Projeto de Lei 166\/2023, de autoria do Poder Executivo, que estabelece a Revis\u00e3o Anual dos Vencimentos dos Servidores P\u00fablicos Municipais em Feira de Santana. A Lei, identificada como N\u00ba 4.203, de 18 de dezembro de 2023, determina [&hellip;]\" \/>\n<meta property=\"og:url\" content=\"https:\/\/portalmf.com.br\/index.php\/2023\/12\/19\/prefeito-colbert-filho-sanciona-lei-de-reajuste-salarial-para-servidores-municipais\/\" \/>\n<meta property=\"og:site_name\" content=\"Portal MF\" \/>\n<meta property=\"article:author\" content=\"https:\/\/www.facebook.com\/portalmfoficial\" \/>\n<meta property=\"article:published_time\" content=\"2023-12-19T16:49:14+00:00\" \/>\n<meta property=\"article:modified_time\" content=\"2023-12-19T16:49:18+00:00\" \/>\n<meta property=\"og:image\" content=\"https:\/\/portalmf.com.br\/wp-content\/uploads\/2023\/07\/PEREFEITO-COLBERT-MARTINS-FOTO-REGINALDO-JUNIOR-PORTALMF-2.jpg\" \/>\n\t<meta property=\"og:image:width\" content=\"1200\" \/>\n\t<meta property=\"og:image:height\" content=\"540\" \/>\n\t<meta property=\"og:image:type\" content=\"image\/jpeg\" \/>\n<meta name=\"author\" content=\"Reda\u00e7\u00e3o Portal MF\" \/>\n<meta name=\"twitter:card\" content=\"summary_large_image\" \/>\n<meta name=\"twitter:creator\" content=\"@https:\/\/x.com\/portalmfoficial\" \/>\n<meta name=\"twitter:label1\" content=\"Escrito por\" \/>\n\t<meta name=\"twitter:data1\" content=\"Reda\u00e7\u00e3o Portal MF\" \/>\n\t<meta name=\"twitter:label2\" content=\"Est. tempo de leitura\" \/>\n\t<meta name=\"twitter:data2\" content=\"3 minutos\" \/>\n<script type=\"application\/ld+json\" class=\"yoast-schema-graph\">{\"@context\":\"https:\/\/schema.org\",\"@graph\":[{\"@type\":\"WebPage\",\"@id\":\"https:\/\/portalmf.com.br\/index.php\/2023\/12\/19\/prefeito-colbert-filho-sanciona-lei-de-reajuste-salarial-para-servidores-municipais\/\",\"url\":\"https:\/\/portalmf.com.br\/index.php\/2023\/12\/19\/prefeito-colbert-filho-sanciona-lei-de-reajuste-salarial-para-servidores-municipais\/\",\"name\":\"Prefeito Colbert Filho sanciona lei de reajuste salarial para servidores municipais - Portal MF\",\"isPartOf\":{\"@id\":\"https:\/\/portalmf.com.br\/#website\"},\"primaryImageOfPage\":{\"@id\":\"https:\/\/portalmf.com.br\/index.php\/2023\/12\/19\/prefeito-colbert-filho-sanciona-lei-de-reajuste-salarial-para-servidores-municipais\/#primaryimage\"},\"image\":{\"@id\":\"https:\/\/portalmf.com.br\/index.php\/2023\/12\/19\/prefeito-colbert-filho-sanciona-lei-de-reajuste-salarial-para-servidores-municipais\/#primaryimage\"},\"thumbnailUrl\":\"https:\/\/portalmf.com.br\/wp-content\/uploads\/2023\/07\/PEREFEITO-COLBERT-MARTINS-FOTO-REGINALDO-JUNIOR-PORTALMF-2.jpg\",\"datePublished\":\"2023-12-19T16:49:14+00:00\",\"dateModified\":\"2023-12-19T16:49:18+00:00\",\"author\":{\"@id\":\"https:\/\/portalmf.com.br\/#\/schema\/person\/9ec101baf56233e53520c26de5d6f6f0\"},\"breadcrumb\":{\"@id\":\"https:\/\/portalmf.com.br\/index.php\/2023\/12\/19\/prefeito-colbert-filho-sanciona-lei-de-reajuste-salarial-para-servidores-municipais\/#breadcrumb\"},\"inLanguage\":\"pt-BR\",\"potentialAction\":[{\"@type\":\"ReadAction\",\"target\":[\"https:\/\/portalmf.com.br\/index.php\/2023\/12\/19\/prefeito-colbert-filho-sanciona-lei-de-reajuste-salarial-para-servidores-municipais\/\"]}]},{\"@type\":\"ImageObject\",\"inLanguage\":\"pt-BR\",\"@id\":\"https:\/\/portalmf.com.br\/index.php\/2023\/12\/19\/prefeito-colbert-filho-sanciona-lei-de-reajuste-salarial-para-servidores-municipais\/#primaryimage\",\"url\":\"https:\/\/portalmf.com.br\/wp-content\/uploads\/2023\/07\/PEREFEITO-COLBERT-MARTINS-FOTO-REGINALDO-JUNIOR-PORTALMF-2.jpg\",\"contentUrl\":\"https:\/\/portalmf.com.br\/wp-content\/uploads\/2023\/07\/PEREFEITO-COLBERT-MARTINS-FOTO-REGINALDO-JUNIOR-PORTALMF-2.jpg\",\"width\":1200,\"height\":540,\"caption\":\"Foto: Reginaldo J\u00fanior \/ Portal MF\"},{\"@type\":\"BreadcrumbList\",\"@id\":\"https:\/\/portalmf.com.br\/index.php\/2023\/12\/19\/prefeito-colbert-filho-sanciona-lei-de-reajuste-salarial-para-servidores-municipais\/#breadcrumb\",\"itemListElement\":[{\"@type\":\"ListItem\",\"position\":1,\"name\":\"In\u00edcio\",\"item\":\"https:\/\/portalmf.com.br\/\"},{\"@type\":\"ListItem\",\"position\":2,\"name\":\"Prefeito Colbert Filho sanciona lei de reajuste salarial para servidores municipais\"}]},{\"@type\":\"WebSite\",\"@id\":\"https:\/\/portalmf.com.br\/#website\",\"url\":\"https:\/\/portalmf.com.br\/\",\"name\":\"Portal MF\",\"description\":\"Voc\u00ea conectado com a informa\u00e7\u00e3o\",\"potentialAction\":[{\"@type\":\"SearchAction\",\"target\":{\"@type\":\"EntryPoint\",\"urlTemplate\":\"https:\/\/portalmf.com.br\/?s={search_term_string}\"},\"query-input\":\"required name=search_term_string\"}],\"inLanguage\":\"pt-BR\"},{\"@type\":\"Person\",\"@id\":\"https:\/\/portalmf.com.br\/#\/schema\/person\/9ec101baf56233e53520c26de5d6f6f0\",\"name\":\"Reda\u00e7\u00e3o Portal MF\",\"image\":{\"@type\":\"ImageObject\",\"inLanguage\":\"pt-BR\",\"@id\":\"https:\/\/portalmf.com.br\/#\/schema\/person\/image\/\",\"url\":\"https:\/\/secure.gravatar.com\/avatar\/41b9aaeb2100835f7c64362330f74c7f?s=96&d=mm&r=g\",\"contentUrl\":\"https:\/\/secure.gravatar.com\/avatar\/41b9aaeb2100835f7c64362330f74c7f?s=96&d=mm&r=g\",\"caption\":\"Reda\u00e7\u00e3o Portal MF\"},\"description\":\"Sejam bem-vindos o portal de informa\u00e7\u00f5es de entretenimento de Feira de Santana, desde 2006 realiza coberturas dos principais eventos com entrevistas exclusivas com as principais personalidades mundiais. Fique conectado tamb\u00e9m nas redes sociais.\",\"sameAs\":[\"http:\/\/www.portalmf.com.br\/\",\"https:\/\/www.facebook.com\/portalmfoficial\",\"https:\/\/www.instagram.com\/portalmf\/\",\"https:\/\/x.com\/https:\/\/x.com\/portalmfoficial\",\"https:\/\/www.youtube.com\/@portalmfoficial\"],\"url\":\"https:\/\/portalmf.com.br\/index.php\/author\/junior\/\"}]}<\/script>\n<!-- \/ Yoast SEO plugin. -->","yoast_head_json":{"title":"Prefeito Colbert Filho sanciona lei de reajuste salarial para servidores municipais - Portal MF","robots":{"index":"index","follow":"follow","max-snippet":"max-snippet:-1","max-image-preview":"max-image-preview:large","max-video-preview":"max-video-preview:-1"},"canonical":"https:\/\/portalmf.com.br\/index.php\/2023\/12\/19\/prefeito-colbert-filho-sanciona-lei-de-reajuste-salarial-para-servidores-municipais\/","og_locale":"pt_BR","og_type":"article","og_title":"Prefeito Colbert Filho sanciona lei de reajuste salarial para servidores municipais - Portal MF","og_description":"Em publica\u00e7\u00e3o realizada nesta ter\u00e7a-feira (19), no Di\u00e1rio Oficial Eletr\u00f4nico do Munic\u00edpio, o prefeito Colbert Filho sancionou o Projeto de Lei 166\/2023, de autoria do Poder Executivo, que estabelece a Revis\u00e3o Anual dos Vencimentos dos Servidores P\u00fablicos Municipais em Feira de Santana. A Lei, identificada como N\u00ba 4.203, de 18 de dezembro de 2023, determina [&hellip;]","og_url":"https:\/\/portalmf.com.br\/index.php\/2023\/12\/19\/prefeito-colbert-filho-sanciona-lei-de-reajuste-salarial-para-servidores-municipais\/","og_site_name":"Portal MF","article_author":"https:\/\/www.facebook.com\/portalmfoficial","article_published_time":"2023-12-19T16:49:14+00:00","article_modified_time":"2023-12-19T16:49:18+00:00","og_image":[{"width":1200,"height":540,"url":"https:\/\/portalmf.com.br\/wp-content\/uploads\/2023\/07\/PEREFEITO-COLBERT-MARTINS-FOTO-REGINALDO-JUNIOR-PORTALMF-2.jpg","type":"image\/jpeg"}],"author":"Reda\u00e7\u00e3o Portal MF","twitter_card":"summary_large_image","twitter_creator":"@https:\/\/x.com\/portalmfoficial","twitter_misc":{"Escrito por":"Reda\u00e7\u00e3o Portal MF","Est. tempo de leitura":"3 minutos"},"schema":{"@context":"https:\/\/schema.org","@graph":[{"@type":"WebPage","@id":"https:\/\/portalmf.com.br\/index.php\/2023\/12\/19\/prefeito-colbert-filho-sanciona-lei-de-reajuste-salarial-para-servidores-municipais\/","url":"https:\/\/portalmf.com.br\/index.php\/2023\/12\/19\/prefeito-colbert-filho-sanciona-lei-de-reajuste-salarial-para-servidores-municipais\/","name":"Prefeito Colbert Filho sanciona lei de reajuste salarial para servidores municipais - Portal MF","isPartOf":{"@id":"https:\/\/portalmf.com.br\/#website"},"primaryImageOfPage":{"@id":"https:\/\/portalmf.com.br\/index.php\/2023\/12\/19\/prefeito-colbert-filho-sanciona-lei-de-reajuste-salarial-para-servidores-municipais\/#primaryimage"},"image":{"@id":"https:\/\/portalmf.com.br\/index.php\/2023\/12\/19\/prefeito-colbert-filho-sanciona-lei-de-reajuste-salarial-para-servidores-municipais\/#primaryimage"},"thumbnailUrl":"https:\/\/portalmf.com.br\/wp-content\/uploads\/2023\/07\/PEREFEITO-COLBERT-MARTINS-FOTO-REGINALDO-JUNIOR-PORTALMF-2.jpg","datePublished":"2023-12-19T16:49:14+00:00","dateModified":"2023-12-19T16:49:18+00:00","author":{"@id":"https:\/\/portalmf.com.br\/#\/schema\/person\/9ec101baf56233e53520c26de5d6f6f0"},"breadcrumb":{"@id":"https:\/\/portalmf.com.br\/index.php\/2023\/12\/19\/prefeito-colbert-filho-sanciona-lei-de-reajuste-salarial-para-servidores-municipais\/#breadcrumb"},"inLanguage":"pt-BR","potentialAction":[{"@type":"ReadAction","target":["https:\/\/portalmf.com.br\/index.php\/2023\/12\/19\/prefeito-colbert-filho-sanciona-lei-de-reajuste-salarial-para-servidores-municipais\/"]}]},{"@type":"ImageObject","inLanguage":"pt-BR","@id":"https:\/\/portalmf.com.br\/index.php\/2023\/12\/19\/prefeito-colbert-filho-sanciona-lei-de-reajuste-salarial-para-servidores-municipais\/#primaryimage","url":"https:\/\/portalmf.com.br\/wp-content\/uploads\/2023\/07\/PEREFEITO-COLBERT-MARTINS-FOTO-REGINALDO-JUNIOR-PORTALMF-2.jpg","contentUrl":"https:\/\/portalmf.com.br\/wp-content\/uploads\/2023\/07\/PEREFEITO-COLBERT-MARTINS-FOTO-REGINALDO-JUNIOR-PORTALMF-2.jpg","width":1200,"height":540,"caption":"Foto: Reginaldo J\u00fanior \/ Portal MF"},{"@type":"BreadcrumbList","@id":"https:\/\/portalmf.com.br\/index.php\/2023\/12\/19\/prefeito-colbert-filho-sanciona-lei-de-reajuste-salarial-para-servidores-municipais\/#breadcrumb","itemListElement":[{"@type":"ListItem","position":1,"name":"In\u00edcio","item":"https:\/\/portalmf.com.br\/"},{"@type":"ListItem","position":2,"name":"Prefeito Colbert Filho sanciona lei de reajuste salarial para servidores municipais"}]},{"@type":"WebSite","@id":"https:\/\/portalmf.com.br\/#website","url":"https:\/\/portalmf.com.br\/","name":"Portal MF","description":"Voc\u00ea conectado com a informa\u00e7\u00e3o","potentialAction":[{"@type":"SearchAction","target":{"@type":"EntryPoint","urlTemplate":"https:\/\/portalmf.com.br\/?s={search_term_string}"},"query-input":"required name=search_term_string"}],"inLanguage":"pt-BR"},{"@type":"Person","@id":"https:\/\/portalmf.com.br\/#\/schema\/person\/9ec101baf56233e53520c26de5d6f6f0","name":"Reda\u00e7\u00e3o Portal MF","image":{"@type":"ImageObject","inLanguage":"pt-BR","@id":"https:\/\/portalmf.com.br\/#\/schema\/person\/image\/","url":"https:\/\/secure.gravatar.com\/avatar\/41b9aaeb2100835f7c64362330f74c7f?s=96&d=mm&r=g","contentUrl":"https:\/\/secure.gravatar.com\/avatar\/41b9aaeb2100835f7c64362330f74c7f?s=96&d=mm&r=g","caption":"Reda\u00e7\u00e3o Portal MF"},"description":"Sejam bem-vindos o portal de informa\u00e7\u00f5es de entretenimento de Feira de Santana, desde 2006 realiza coberturas dos principais eventos com entrevistas exclusivas com as principais personalidades mundiais. Fique conectado tamb\u00e9m nas redes sociais.","sameAs":["http:\/\/www.portalmf.com.br\/","https:\/\/www.facebook.com\/portalmfoficial","https:\/\/www.instagram.com\/portalmf\/","https:\/\/x.com\/https:\/\/x.com\/portalmfoficial","https:\/\/www.youtube.com\/@portalmfoficial"],"url":"https:\/\/portalmf.com.br\/index.php\/author\/junior\/"}]}},"_links":{"self":[{"href":"https:\/\/portalmf.com.br\/index.php\/wp-json\/wp\/v2\/posts\/21033"}],"collection":[{"href":"https:\/\/portalmf.com.br\/index.php\/wp-json\/wp\/v2\/posts"}],"about":[{"href":"https:\/\/portalmf.com.br\/index.php\/wp-json\/wp\/v2\/types\/post"}],"author":[{"embeddable":true,"href":"https:\/\/portalmf.com.br\/index.php\/wp-json\/wp\/v2\/users\/3"}],"replies":[{"embeddable":true,"href":"https:\/\/portalmf.com.br\/index.php\/wp-json\/wp\/v2\/comments?post=21033"}],"version-history":[{"count":1,"href":"https:\/\/portalmf.com.br\/index.php\/wp-json\/wp\/v2\/posts\/21033\/revisions"}],"predecessor-version":[{"id":21034,"href":"https:\/\/portalmf.com.br\/index.php\/wp-json\/wp\/v2\/posts\/21033\/revisions\/21034"}],"wp:featuredmedia":[{"embeddable":true,"href":"https:\/\/portalmf.com.br\/index.php\/wp-json\/wp\/v2\/media\/14781"}],"wp:attachment":[{"href":"https:\/\/portalmf.com.br\/index.php\/wp-json\/wp\/v2\/media?parent=21033"}],"wp:term":[{"taxonomy":"category","embeddable":true,"href":"https:\/\/portalmf.com.br\/index.php\/wp-json\/wp\/v2\/categories?post=21033"},{"taxonomy":"post_tag","embeddable":true,"href":"https:\/\/portalmf.com.br\/index.php\/wp-json\/wp\/v2\/tags?post=21033"}],"curies":[{"name":"wp","href":"https:\/\/api.w.org\/{rel}","templated":true}]}}