{"id":21022,"date":"2023-12-19T12:18:06","date_gmt":"2023-12-19T15:18:06","guid":{"rendered":"https:\/\/portalmf.com.br\/?p=21022"},"modified":"2023-12-19T12:18:07","modified_gmt":"2023-12-19T15:18:07","slug":"obra-de-duplicacao-de-via-que-facilita-acesso-ao-estadio-barradao-e-iniciada","status":"publish","type":"post","link":"https:\/\/portalmf.com.br\/index.php\/2023\/12\/19\/obra-de-duplicacao-de-via-que-facilita-acesso-ao-estadio-barradao-e-iniciada\/","title":{"rendered":"Obra de duplica\u00e7\u00e3o de via que facilita acesso ao est\u00e1dio Barrad\u00e3o \u00e9 iniciada"},"content":{"rendered":"\n<p>Na manh\u00e3 desta ter\u00e7a-feira (19), o governador Jer\u00f4nimo Rodrigues assinou a ordem de servi\u00e7o que marca o in\u00edcio das obras de duplica\u00e7\u00e3o da Rua Art\u00eamio Valente, situada no bairro de Canabrava, em Salvador. Com um investimento de R$ 11,8 milh\u00f5es e extens\u00e3o de 1,2 quil\u00f4metros, a obra contemplar\u00e1 o trecho entre a Avenida M\u00e1rio S\u00e9rgio Pontes de Paiva (Via Barrad\u00e3o) e a Pra\u00e7a J\u00falio R\u00eago, localizada no acesso ao Est\u00e1dio Manoel Barradas (Barrad\u00e3o).<\/p>\n\n\n\n<p>A interven\u00e7\u00e3o, que ser\u00e1 realizada pela Companhia de Desenvolvimento Urbano do Estado da Bahia (Conder), vai melhorar o fluxo de ve\u00edculos na regi\u00e3o, garantindo mais qualidade de vida aos moradores dos bairros de Canabrava, Trobogy, Pau da Lima e toda a regi\u00e3o vizinha. A interven\u00e7\u00e3o tamb\u00e9m facilitar\u00e1 o acesso dos torcedores em dias de jogos no est\u00e1dio.<\/p>\n\n\n\n<p>Conforme Jer\u00f4nimo, o Governo do Estado investiu de forma determinante na mobilidade urbana da capital baiana com obras para o desenvolvimento da cidade, a exemplo da constru\u00e7\u00e3o do metr\u00f4, viadutos, duplica\u00e7\u00f5es e abertura de avenidas e sistemas vi\u00e1rios. &#8220;Essa obra \u00e9 de continuidade ao que j\u00e1 foi feito na regi\u00e3o e considera dois objetivos: atender a demanda de toda esta comunidade que mora na regi\u00e3o e viabilizar mais agilidade e conforto aos torcedores em dias de jogos&#8221;.<\/p>\n\n\n\n<p>O contrato prev\u00ea a entrega da obra para julho de 2024, mas o governador destacou a inten\u00e7\u00e3o de antecipar a conclus\u00e3o dos servi\u00e7os para coincidir com a data de anivers\u00e1rio do Esporte Clube Vit\u00f3ria, no dia 13 de maio.<\/p>\n\n\n\n<p>Ser\u00e3o duas faixas por sentido, al\u00e9m da constru\u00e7\u00e3o de canteiro central, ilumina\u00e7\u00e3o, drenagem, sinaliza\u00e7\u00e3o, paisagismo e urbaniza\u00e7\u00e3o. <em>\u201cQuando a gente pensa em mobilidade urbana em Salvador, a gente pensa no Governo do Estado. Nos \u00faltimos anos, realizamos uma s\u00e9rie de interven\u00e7\u00f5es que garantiram mais qualidade de vida e menos tempo no tr\u00e2nsito em nossa capital\u201d<\/em>, afirmou o presidente da Conder, Jos\u00e9 Trindade.<\/p>\n\n\n\n<figure class=\"wp-block-image size-full\"><img fetchpriority=\"high\" decoding=\"async\" width=\"900\" height=\"600\" src=\"https:\/\/portalmf.com.br\/wp-content\/uploads\/2023\/12\/image-7.png\" alt=\"\" class=\"wp-image-21023\" srcset=\"https:\/\/portalmf.com.br\/wp-content\/uploads\/2023\/12\/image-7.png 900w, https:\/\/portalmf.com.br\/wp-content\/uploads\/2023\/12\/image-7-300x200.png 300w, https:\/\/portalmf.com.br\/wp-content\/uploads\/2023\/12\/image-7-768x512.png 768w, https:\/\/portalmf.com.br\/wp-content\/uploads\/2023\/12\/image-7-585x390.png 585w, https:\/\/portalmf.com.br\/wp-content\/uploads\/2023\/12\/image-7-263x175.png 263w\" sizes=\"(max-width: 900px) 100vw, 900px\" \/><figcaption class=\"wp-element-caption\">Foto: Feij\u00e3o Almeida\/GOVBA<\/figcaption><\/figure>\n\n\n\n<h2 class=\"wp-block-heading\">Via Barrad\u00e3o<\/h2>\n\n\n\n<p>A Avenida M\u00e1rio S\u00e9rgio Pontes de Paiva, mais conhecida como Via Barrad\u00e3o, foi implantada pelo Governo do Estado, por meio da Conder, em 2018, com investimento de R$ 40 milh\u00f5es. S\u00e3o duas faixas em cada sentido, ciclofaixa e passeio em ambos os lados, al\u00e9m de ilumina\u00e7\u00e3o p\u00fablica, sinaliza\u00e7\u00e3o vi\u00e1ria horizontal e vertical.<\/p>\n\n\n\n<p>A via possui quatro quil\u00f4metros de extens\u00e3o, largura de sete metros e desafogou o tr\u00e2nsito no trecho que liga a Avenida Luis Viana Filho (Paralela) \u00e0 Rua Art\u00eamio Castro Valente, que agora ser\u00e1 duplicada pela Conder. Mais de 500 mil pessoas ser\u00e3o contempladas, direta e indiretamente, pelo projeto do Governo do Estado.<\/p>\n","protected":false},"excerpt":{"rendered":"<p>Na manh\u00e3 desta ter\u00e7a-feira (19), o governador Jer\u00f4nimo Rodrigues assinou a ordem de servi\u00e7o que marca o in\u00edcio das obras de duplica\u00e7\u00e3o da Rua Art\u00eamio Valente, situada no bairro de Canabrava, em Salvador. Com um investimento de R$ 11,8 milh\u00f5es e extens\u00e3o de 1,2 quil\u00f4metros, a obra contemplar\u00e1 o trecho entre a Avenida M\u00e1rio S\u00e9rgio [&hellip;]<\/p>\n","protected":false},"author":3,"featured_media":21024,"comment_status":"open","ping_status":"open","sticky":false,"template":"","format":"standard","meta":{"_monsterinsights_skip_tracking":false,"_monsterinsights_sitenote_active":false,"_monsterinsights_sitenote_note":"","_monsterinsights_sitenote_category":0,"footnotes":""},"categories":[34],"tags":[],"yoast_head":"<!-- This site is optimized with the Yoast SEO plugin v22.9 - https:\/\/yoast.com\/wordpress\/plugins\/seo\/ -->\n<title>Obra de duplica\u00e7\u00e3o de via que facilita acesso ao est\u00e1dio Barrad\u00e3o \u00e9 iniciada - Portal MF<\/title>\n<meta name=\"robots\" content=\"index, follow, max-snippet:-1, max-image-preview:large, max-video-preview:-1\" \/>\n<link rel=\"canonical\" href=\"https:\/\/portalmf.com.br\/index.php\/2023\/12\/19\/obra-de-duplicacao-de-via-que-facilita-acesso-ao-estadio-barradao-e-iniciada\/\" \/>\n<meta property=\"og:locale\" content=\"pt_BR\" \/>\n<meta property=\"og:type\" content=\"article\" \/>\n<meta property=\"og:title\" content=\"Obra de duplica\u00e7\u00e3o de via que facilita acesso ao est\u00e1dio Barrad\u00e3o \u00e9 iniciada - Portal MF\" \/>\n<meta property=\"og:description\" content=\"Na manh\u00e3 desta ter\u00e7a-feira (19), o governador Jer\u00f4nimo Rodrigues assinou a ordem de servi\u00e7o que marca o in\u00edcio das obras de duplica\u00e7\u00e3o da Rua Art\u00eamio Valente, situada no bairro de Canabrava, em Salvador. Com um investimento de R$ 11,8 milh\u00f5es e extens\u00e3o de 1,2 quil\u00f4metros, a obra contemplar\u00e1 o trecho entre a Avenida M\u00e1rio S\u00e9rgio [&hellip;]\" \/>\n<meta property=\"og:url\" content=\"https:\/\/portalmf.com.br\/index.php\/2023\/12\/19\/obra-de-duplicacao-de-via-que-facilita-acesso-ao-estadio-barradao-e-iniciada\/\" \/>\n<meta property=\"og:site_name\" content=\"Portal MF\" \/>\n<meta property=\"article:author\" content=\"https:\/\/www.facebook.com\/portalmfoficial\" \/>\n<meta property=\"article:published_time\" content=\"2023-12-19T15:18:06+00:00\" \/>\n<meta property=\"article:modified_time\" content=\"2023-12-19T15:18:07+00:00\" \/>\n<meta property=\"og:image\" content=\"https:\/\/portalmf.com.br\/wp-content\/uploads\/2023\/12\/Duplicacao-via-acesso-ao-Barradao-Foto-Mateus-Pereira-GOVBA-11-900x506-1.jpg\" \/>\n\t<meta property=\"og:image:width\" content=\"900\" \/>\n\t<meta property=\"og:image:height\" content=\"506\" \/>\n\t<meta property=\"og:image:type\" content=\"image\/jpeg\" \/>\n<meta name=\"author\" content=\"Reda\u00e7\u00e3o Portal MF\" \/>\n<meta name=\"twitter:card\" content=\"summary_large_image\" \/>\n<meta name=\"twitter:creator\" content=\"@https:\/\/x.com\/portalmfoficial\" \/>\n<meta name=\"twitter:label1\" content=\"Escrito por\" \/>\n\t<meta name=\"twitter:data1\" content=\"Reda\u00e7\u00e3o Portal MF\" \/>\n\t<meta name=\"twitter:label2\" content=\"Est. tempo de leitura\" \/>\n\t<meta name=\"twitter:data2\" content=\"3 minutos\" \/>\n<script type=\"application\/ld+json\" class=\"yoast-schema-graph\">{\"@context\":\"https:\/\/schema.org\",\"@graph\":[{\"@type\":\"WebPage\",\"@id\":\"https:\/\/portalmf.com.br\/index.php\/2023\/12\/19\/obra-de-duplicacao-de-via-que-facilita-acesso-ao-estadio-barradao-e-iniciada\/\",\"url\":\"https:\/\/portalmf.com.br\/index.php\/2023\/12\/19\/obra-de-duplicacao-de-via-que-facilita-acesso-ao-estadio-barradao-e-iniciada\/\",\"name\":\"Obra de duplica\u00e7\u00e3o de via que facilita acesso ao est\u00e1dio Barrad\u00e3o \u00e9 iniciada - Portal MF\",\"isPartOf\":{\"@id\":\"https:\/\/portalmf.com.br\/#website\"},\"primaryImageOfPage\":{\"@id\":\"https:\/\/portalmf.com.br\/index.php\/2023\/12\/19\/obra-de-duplicacao-de-via-que-facilita-acesso-ao-estadio-barradao-e-iniciada\/#primaryimage\"},\"image\":{\"@id\":\"https:\/\/portalmf.com.br\/index.php\/2023\/12\/19\/obra-de-duplicacao-de-via-que-facilita-acesso-ao-estadio-barradao-e-iniciada\/#primaryimage\"},\"thumbnailUrl\":\"https:\/\/portalmf.com.br\/wp-content\/uploads\/2023\/12\/Duplicacao-via-acesso-ao-Barradao-Foto-Mateus-Pereira-GOVBA-11-900x506-1.jpg\",\"datePublished\":\"2023-12-19T15:18:06+00:00\",\"dateModified\":\"2023-12-19T15:18:07+00:00\",\"author\":{\"@id\":\"https:\/\/portalmf.com.br\/#\/schema\/person\/9ec101baf56233e53520c26de5d6f6f0\"},\"breadcrumb\":{\"@id\":\"https:\/\/portalmf.com.br\/index.php\/2023\/12\/19\/obra-de-duplicacao-de-via-que-facilita-acesso-ao-estadio-barradao-e-iniciada\/#breadcrumb\"},\"inLanguage\":\"pt-BR\",\"potentialAction\":[{\"@type\":\"ReadAction\",\"target\":[\"https:\/\/portalmf.com.br\/index.php\/2023\/12\/19\/obra-de-duplicacao-de-via-que-facilita-acesso-ao-estadio-barradao-e-iniciada\/\"]}]},{\"@type\":\"ImageObject\",\"inLanguage\":\"pt-BR\",\"@id\":\"https:\/\/portalmf.com.br\/index.php\/2023\/12\/19\/obra-de-duplicacao-de-via-que-facilita-acesso-ao-estadio-barradao-e-iniciada\/#primaryimage\",\"url\":\"https:\/\/portalmf.com.br\/wp-content\/uploads\/2023\/12\/Duplicacao-via-acesso-ao-Barradao-Foto-Mateus-Pereira-GOVBA-11-900x506-1.jpg\",\"contentUrl\":\"https:\/\/portalmf.com.br\/wp-content\/uploads\/2023\/12\/Duplicacao-via-acesso-ao-Barradao-Foto-Mateus-Pereira-GOVBA-11-900x506-1.jpg\",\"width\":900,\"height\":506},{\"@type\":\"BreadcrumbList\",\"@id\":\"https:\/\/portalmf.com.br\/index.php\/2023\/12\/19\/obra-de-duplicacao-de-via-que-facilita-acesso-ao-estadio-barradao-e-iniciada\/#breadcrumb\",\"itemListElement\":[{\"@type\":\"ListItem\",\"position\":1,\"name\":\"In\u00edcio\",\"item\":\"https:\/\/portalmf.com.br\/\"},{\"@type\":\"ListItem\",\"position\":2,\"name\":\"Obra de duplica\u00e7\u00e3o de via que facilita acesso ao est\u00e1dio Barrad\u00e3o \u00e9 iniciada\"}]},{\"@type\":\"WebSite\",\"@id\":\"https:\/\/portalmf.com.br\/#website\",\"url\":\"https:\/\/portalmf.com.br\/\",\"name\":\"Portal MF\",\"description\":\"Voc\u00ea conectado com a informa\u00e7\u00e3o\",\"potentialAction\":[{\"@type\":\"SearchAction\",\"target\":{\"@type\":\"EntryPoint\",\"urlTemplate\":\"https:\/\/portalmf.com.br\/?s={search_term_string}\"},\"query-input\":\"required name=search_term_string\"}],\"inLanguage\":\"pt-BR\"},{\"@type\":\"Person\",\"@id\":\"https:\/\/portalmf.com.br\/#\/schema\/person\/9ec101baf56233e53520c26de5d6f6f0\",\"name\":\"Reda\u00e7\u00e3o Portal MF\",\"image\":{\"@type\":\"ImageObject\",\"inLanguage\":\"pt-BR\",\"@id\":\"https:\/\/portalmf.com.br\/#\/schema\/person\/image\/\",\"url\":\"https:\/\/secure.gravatar.com\/avatar\/41b9aaeb2100835f7c64362330f74c7f?s=96&d=mm&r=g\",\"contentUrl\":\"https:\/\/secure.gravatar.com\/avatar\/41b9aaeb2100835f7c64362330f74c7f?s=96&d=mm&r=g\",\"caption\":\"Reda\u00e7\u00e3o Portal MF\"},\"description\":\"Sejam bem-vindos o portal de informa\u00e7\u00f5es de entretenimento de Feira de Santana, desde 2006 realiza coberturas dos principais eventos com entrevistas exclusivas com as principais personalidades mundiais. Fique conectado tamb\u00e9m nas redes sociais.\",\"sameAs\":[\"http:\/\/www.portalmf.com.br\/\",\"https:\/\/www.facebook.com\/portalmfoficial\",\"https:\/\/www.instagram.com\/portalmf\/\",\"https:\/\/x.com\/https:\/\/x.com\/portalmfoficial\",\"https:\/\/www.youtube.com\/@portalmfoficial\"],\"url\":\"https:\/\/portalmf.com.br\/index.php\/author\/junior\/\"}]}<\/script>\n<!-- \/ Yoast SEO plugin. -->","yoast_head_json":{"title":"Obra de duplica\u00e7\u00e3o de via que facilita acesso ao est\u00e1dio Barrad\u00e3o \u00e9 iniciada - Portal MF","robots":{"index":"index","follow":"follow","max-snippet":"max-snippet:-1","max-image-preview":"max-image-preview:large","max-video-preview":"max-video-preview:-1"},"canonical":"https:\/\/portalmf.com.br\/index.php\/2023\/12\/19\/obra-de-duplicacao-de-via-que-facilita-acesso-ao-estadio-barradao-e-iniciada\/","og_locale":"pt_BR","og_type":"article","og_title":"Obra de duplica\u00e7\u00e3o de via que facilita acesso ao est\u00e1dio Barrad\u00e3o \u00e9 iniciada - Portal MF","og_description":"Na manh\u00e3 desta ter\u00e7a-feira (19), o governador Jer\u00f4nimo Rodrigues assinou a ordem de servi\u00e7o que marca o in\u00edcio das obras de duplica\u00e7\u00e3o da Rua Art\u00eamio Valente, situada no bairro de Canabrava, em Salvador. Com um investimento de R$ 11,8 milh\u00f5es e extens\u00e3o de 1,2 quil\u00f4metros, a obra contemplar\u00e1 o trecho entre a Avenida M\u00e1rio S\u00e9rgio [&hellip;]","og_url":"https:\/\/portalmf.com.br\/index.php\/2023\/12\/19\/obra-de-duplicacao-de-via-que-facilita-acesso-ao-estadio-barradao-e-iniciada\/","og_site_name":"Portal MF","article_author":"https:\/\/www.facebook.com\/portalmfoficial","article_published_time":"2023-12-19T15:18:06+00:00","article_modified_time":"2023-12-19T15:18:07+00:00","og_image":[{"width":900,"height":506,"url":"https:\/\/portalmf.com.br\/wp-content\/uploads\/2023\/12\/Duplicacao-via-acesso-ao-Barradao-Foto-Mateus-Pereira-GOVBA-11-900x506-1.jpg","type":"image\/jpeg"}],"author":"Reda\u00e7\u00e3o Portal MF","twitter_card":"summary_large_image","twitter_creator":"@https:\/\/x.com\/portalmfoficial","twitter_misc":{"Escrito por":"Reda\u00e7\u00e3o Portal MF","Est. tempo de leitura":"3 minutos"},"schema":{"@context":"https:\/\/schema.org","@graph":[{"@type":"WebPage","@id":"https:\/\/portalmf.com.br\/index.php\/2023\/12\/19\/obra-de-duplicacao-de-via-que-facilita-acesso-ao-estadio-barradao-e-iniciada\/","url":"https:\/\/portalmf.com.br\/index.php\/2023\/12\/19\/obra-de-duplicacao-de-via-que-facilita-acesso-ao-estadio-barradao-e-iniciada\/","name":"Obra de duplica\u00e7\u00e3o de via que facilita acesso ao est\u00e1dio Barrad\u00e3o \u00e9 iniciada - Portal MF","isPartOf":{"@id":"https:\/\/portalmf.com.br\/#website"},"primaryImageOfPage":{"@id":"https:\/\/portalmf.com.br\/index.php\/2023\/12\/19\/obra-de-duplicacao-de-via-que-facilita-acesso-ao-estadio-barradao-e-iniciada\/#primaryimage"},"image":{"@id":"https:\/\/portalmf.com.br\/index.php\/2023\/12\/19\/obra-de-duplicacao-de-via-que-facilita-acesso-ao-estadio-barradao-e-iniciada\/#primaryimage"},"thumbnailUrl":"https:\/\/portalmf.com.br\/wp-content\/uploads\/2023\/12\/Duplicacao-via-acesso-ao-Barradao-Foto-Mateus-Pereira-GOVBA-11-900x506-1.jpg","datePublished":"2023-12-19T15:18:06+00:00","dateModified":"2023-12-19T15:18:07+00:00","author":{"@id":"https:\/\/portalmf.com.br\/#\/schema\/person\/9ec101baf56233e53520c26de5d6f6f0"},"breadcrumb":{"@id":"https:\/\/portalmf.com.br\/index.php\/2023\/12\/19\/obra-de-duplicacao-de-via-que-facilita-acesso-ao-estadio-barradao-e-iniciada\/#breadcrumb"},"inLanguage":"pt-BR","potentialAction":[{"@type":"ReadAction","target":["https:\/\/portalmf.com.br\/index.php\/2023\/12\/19\/obra-de-duplicacao-de-via-que-facilita-acesso-ao-estadio-barradao-e-iniciada\/"]}]},{"@type":"ImageObject","inLanguage":"pt-BR","@id":"https:\/\/portalmf.com.br\/index.php\/2023\/12\/19\/obra-de-duplicacao-de-via-que-facilita-acesso-ao-estadio-barradao-e-iniciada\/#primaryimage","url":"https:\/\/portalmf.com.br\/wp-content\/uploads\/2023\/12\/Duplicacao-via-acesso-ao-Barradao-Foto-Mateus-Pereira-GOVBA-11-900x506-1.jpg","contentUrl":"https:\/\/portalmf.com.br\/wp-content\/uploads\/2023\/12\/Duplicacao-via-acesso-ao-Barradao-Foto-Mateus-Pereira-GOVBA-11-900x506-1.jpg","width":900,"height":506},{"@type":"BreadcrumbList","@id":"https:\/\/portalmf.com.br\/index.php\/2023\/12\/19\/obra-de-duplicacao-de-via-que-facilita-acesso-ao-estadio-barradao-e-iniciada\/#breadcrumb","itemListElement":[{"@type":"ListItem","position":1,"name":"In\u00edcio","item":"https:\/\/portalmf.com.br\/"},{"@type":"ListItem","position":2,"name":"Obra de duplica\u00e7\u00e3o de via que facilita acesso ao est\u00e1dio Barrad\u00e3o \u00e9 iniciada"}]},{"@type":"WebSite","@id":"https:\/\/portalmf.com.br\/#website","url":"https:\/\/portalmf.com.br\/","name":"Portal MF","description":"Voc\u00ea conectado com a informa\u00e7\u00e3o","potentialAction":[{"@type":"SearchAction","target":{"@type":"EntryPoint","urlTemplate":"https:\/\/portalmf.com.br\/?s={search_term_string}"},"query-input":"required name=search_term_string"}],"inLanguage":"pt-BR"},{"@type":"Person","@id":"https:\/\/portalmf.com.br\/#\/schema\/person\/9ec101baf56233e53520c26de5d6f6f0","name":"Reda\u00e7\u00e3o Portal MF","image":{"@type":"ImageObject","inLanguage":"pt-BR","@id":"https:\/\/portalmf.com.br\/#\/schema\/person\/image\/","url":"https:\/\/secure.gravatar.com\/avatar\/41b9aaeb2100835f7c64362330f74c7f?s=96&d=mm&r=g","contentUrl":"https:\/\/secure.gravatar.com\/avatar\/41b9aaeb2100835f7c64362330f74c7f?s=96&d=mm&r=g","caption":"Reda\u00e7\u00e3o Portal MF"},"description":"Sejam bem-vindos o portal de informa\u00e7\u00f5es de entretenimento de Feira de Santana, desde 2006 realiza coberturas dos principais eventos com entrevistas exclusivas com as principais personalidades mundiais. Fique conectado tamb\u00e9m nas redes sociais.","sameAs":["http:\/\/www.portalmf.com.br\/","https:\/\/www.facebook.com\/portalmfoficial","https:\/\/www.instagram.com\/portalmf\/","https:\/\/x.com\/https:\/\/x.com\/portalmfoficial","https:\/\/www.youtube.com\/@portalmfoficial"],"url":"https:\/\/portalmf.com.br\/index.php\/author\/junior\/"}]}},"_links":{"self":[{"href":"https:\/\/portalmf.com.br\/index.php\/wp-json\/wp\/v2\/posts\/21022"}],"collection":[{"href":"https:\/\/portalmf.com.br\/index.php\/wp-json\/wp\/v2\/posts"}],"about":[{"href":"https:\/\/portalmf.com.br\/index.php\/wp-json\/wp\/v2\/types\/post"}],"author":[{"embeddable":true,"href":"https:\/\/portalmf.com.br\/index.php\/wp-json\/wp\/v2\/users\/3"}],"replies":[{"embeddable":true,"href":"https:\/\/portalmf.com.br\/index.php\/wp-json\/wp\/v2\/comments?post=21022"}],"version-history":[{"count":1,"href":"https:\/\/portalmf.com.br\/index.php\/wp-json\/wp\/v2\/posts\/21022\/revisions"}],"predecessor-version":[{"id":21025,"href":"https:\/\/portalmf.com.br\/index.php\/wp-json\/wp\/v2\/posts\/21022\/revisions\/21025"}],"wp:featuredmedia":[{"embeddable":true,"href":"https:\/\/portalmf.com.br\/index.php\/wp-json\/wp\/v2\/media\/21024"}],"wp:attachment":[{"href":"https:\/\/portalmf.com.br\/index.php\/wp-json\/wp\/v2\/media?parent=21022"}],"wp:term":[{"taxonomy":"category","embeddable":true,"href":"https:\/\/portalmf.com.br\/index.php\/wp-json\/wp\/v2\/categories?post=21022"},{"taxonomy":"post_tag","embeddable":true,"href":"https:\/\/portalmf.com.br\/index.php\/wp-json\/wp\/v2\/tags?post=21022"}],"curies":[{"name":"wp","href":"https:\/\/api.w.org\/{rel}","templated":true}]}}