{"id":21019,"date":"2023-12-19T12:12:53","date_gmt":"2023-12-19T15:12:53","guid":{"rendered":"https:\/\/portalmf.com.br\/?p=21019"},"modified":"2023-12-19T12:12:56","modified_gmt":"2023-12-19T15:12:56","slug":"sec-divulga-quadro-de-vagas-por-nucleo-territorial-para-candidatos-aprovados-e-convocados-em-concurso-publico","status":"publish","type":"post","link":"https:\/\/portalmf.com.br\/index.php\/2023\/12\/19\/sec-divulga-quadro-de-vagas-por-nucleo-territorial-para-candidatos-aprovados-e-convocados-em-concurso-publico\/","title":{"rendered":"SEC divulga quadro de vagas, por n\u00facleo territorial, para candidatos aprovados e convocados em concurso p\u00fablico"},"content":{"rendered":"\n<p>A Secretaria da Educa\u00e7\u00e3o do Estado da Bahia (SEC) divulgou, no Di\u00e1rio Oficial desta ter\u00e7a-feira (19), o quadro de vagas dispon\u00edveis nos 27 N\u00facleos Territoriais de Educa\u00e7\u00e3o (NTEs) do Concurso P\u00fablico SAEB\/03\/2022 de 1\u00b0 de agosto de 2022, cumprindo o dispositivo do Edital de Abertura para aos cargos de Professor Padr\u00e3o P \u2013 Grau III e Coordenador Pedag\u00f3gico Padr\u00e3o P \u2013 Grau III, 40 horas semanais. <\/p>\n\n\n\n<p>Os candidatos aprovados e convocados dever\u00e3o fazer a sua op\u00e7\u00e3o de lota\u00e7\u00e3o nas cidades disponibilizadas no NTE em que foi aprovado.<\/p>\n\n\n\n<p>Caso o procedimento n\u00e3o seja feito, o candidato ser\u00e1 lotado \u00e0 crit\u00e9rio da Administra\u00e7\u00e3o, ressalvado o pedido de desist\u00eancia da nomea\u00e7\u00e3o.<\/p>\n","protected":false},"excerpt":{"rendered":"<p>A Secretaria da Educa\u00e7\u00e3o do Estado da Bahia (SEC) divulgou, no Di\u00e1rio Oficial desta ter\u00e7a-feira (19), o quadro de vagas dispon\u00edveis nos 27 N\u00facleos Territoriais de Educa\u00e7\u00e3o (NTEs) do Concurso P\u00fablico SAEB\/03\/2022 de 1\u00b0 de agosto de 2022, cumprindo o dispositivo do Edital de Abertura para aos cargos de Professor Padr\u00e3o P \u2013 Grau III [&hellip;]<\/p>\n","protected":false},"author":3,"featured_media":21020,"comment_status":"open","ping_status":"open","sticky":false,"template":"","format":"standard","meta":{"_monsterinsights_skip_tracking":false,"_monsterinsights_sitenote_active":false,"_monsterinsights_sitenote_note":"","_monsterinsights_sitenote_category":0,"footnotes":""},"categories":[34],"tags":[],"yoast_head":"<!-- This site is optimized with the Yoast SEO plugin v22.9 - https:\/\/yoast.com\/wordpress\/plugins\/seo\/ -->\n<title>SEC divulga quadro de vagas, por n\u00facleo territorial, para candidatos aprovados e convocados em concurso p\u00fablico - Portal MF<\/title>\n<meta name=\"robots\" content=\"index, follow, max-snippet:-1, max-image-preview:large, max-video-preview:-1\" \/>\n<link rel=\"canonical\" href=\"https:\/\/portalmf.com.br\/index.php\/2023\/12\/19\/sec-divulga-quadro-de-vagas-por-nucleo-territorial-para-candidatos-aprovados-e-convocados-em-concurso-publico\/\" \/>\n<meta property=\"og:locale\" content=\"pt_BR\" \/>\n<meta property=\"og:type\" content=\"article\" \/>\n<meta property=\"og:title\" content=\"SEC divulga quadro de vagas, por n\u00facleo territorial, para candidatos aprovados e convocados em concurso p\u00fablico - Portal MF\" \/>\n<meta property=\"og:description\" content=\"A Secretaria da Educa\u00e7\u00e3o do Estado da Bahia (SEC) divulgou, no Di\u00e1rio Oficial desta ter\u00e7a-feira (19), o quadro de vagas dispon\u00edveis nos 27 N\u00facleos Territoriais de Educa\u00e7\u00e3o (NTEs) do Concurso P\u00fablico SAEB\/03\/2022 de 1\u00b0 de agosto de 2022, cumprindo o dispositivo do Edital de Abertura para aos cargos de Professor Padr\u00e3o P \u2013 Grau III [&hellip;]\" \/>\n<meta property=\"og:url\" content=\"https:\/\/portalmf.com.br\/index.php\/2023\/12\/19\/sec-divulga-quadro-de-vagas-por-nucleo-territorial-para-candidatos-aprovados-e-convocados-em-concurso-publico\/\" \/>\n<meta property=\"og:site_name\" content=\"Portal MF\" \/>\n<meta property=\"article:author\" content=\"https:\/\/www.facebook.com\/portalmfoficial\" \/>\n<meta property=\"article:published_time\" content=\"2023-12-19T15:12:53+00:00\" \/>\n<meta property=\"article:modified_time\" content=\"2023-12-19T15:12:56+00:00\" \/>\n<meta property=\"og:image\" content=\"https:\/\/portalmf.com.br\/wp-content\/uploads\/2023\/12\/noticiasconcursos.com_.br-sec-ba-divulga-gabarito-de-concurso-sec-ba.jpg\" \/>\n\t<meta property=\"og:image:width\" content=\"1000\" \/>\n\t<meta property=\"og:image:height\" content=\"530\" \/>\n\t<meta property=\"og:image:type\" content=\"image\/jpeg\" \/>\n<meta name=\"author\" content=\"Reda\u00e7\u00e3o Portal MF\" \/>\n<meta name=\"twitter:card\" content=\"summary_large_image\" \/>\n<meta name=\"twitter:creator\" content=\"@https:\/\/x.com\/portalmfoficial\" \/>\n<meta name=\"twitter:label1\" content=\"Escrito por\" \/>\n\t<meta name=\"twitter:data1\" content=\"Reda\u00e7\u00e3o Portal MF\" \/>\n\t<meta name=\"twitter:label2\" content=\"Est. tempo de leitura\" \/>\n\t<meta name=\"twitter:data2\" content=\"1 minuto\" \/>\n<script type=\"application\/ld+json\" class=\"yoast-schema-graph\">{\"@context\":\"https:\/\/schema.org\",\"@graph\":[{\"@type\":\"WebPage\",\"@id\":\"https:\/\/portalmf.com.br\/index.php\/2023\/12\/19\/sec-divulga-quadro-de-vagas-por-nucleo-territorial-para-candidatos-aprovados-e-convocados-em-concurso-publico\/\",\"url\":\"https:\/\/portalmf.com.br\/index.php\/2023\/12\/19\/sec-divulga-quadro-de-vagas-por-nucleo-territorial-para-candidatos-aprovados-e-convocados-em-concurso-publico\/\",\"name\":\"SEC divulga quadro de vagas, por n\u00facleo territorial, para candidatos aprovados e convocados em concurso p\u00fablico - Portal MF\",\"isPartOf\":{\"@id\":\"https:\/\/portalmf.com.br\/#website\"},\"primaryImageOfPage\":{\"@id\":\"https:\/\/portalmf.com.br\/index.php\/2023\/12\/19\/sec-divulga-quadro-de-vagas-por-nucleo-territorial-para-candidatos-aprovados-e-convocados-em-concurso-publico\/#primaryimage\"},\"image\":{\"@id\":\"https:\/\/portalmf.com.br\/index.php\/2023\/12\/19\/sec-divulga-quadro-de-vagas-por-nucleo-territorial-para-candidatos-aprovados-e-convocados-em-concurso-publico\/#primaryimage\"},\"thumbnailUrl\":\"https:\/\/portalmf.com.br\/wp-content\/uploads\/2023\/12\/noticiasconcursos.com_.br-sec-ba-divulga-gabarito-de-concurso-sec-ba.jpg\",\"datePublished\":\"2023-12-19T15:12:53+00:00\",\"dateModified\":\"2023-12-19T15:12:56+00:00\",\"author\":{\"@id\":\"https:\/\/portalmf.com.br\/#\/schema\/person\/9ec101baf56233e53520c26de5d6f6f0\"},\"breadcrumb\":{\"@id\":\"https:\/\/portalmf.com.br\/index.php\/2023\/12\/19\/sec-divulga-quadro-de-vagas-por-nucleo-territorial-para-candidatos-aprovados-e-convocados-em-concurso-publico\/#breadcrumb\"},\"inLanguage\":\"pt-BR\",\"potentialAction\":[{\"@type\":\"ReadAction\",\"target\":[\"https:\/\/portalmf.com.br\/index.php\/2023\/12\/19\/sec-divulga-quadro-de-vagas-por-nucleo-territorial-para-candidatos-aprovados-e-convocados-em-concurso-publico\/\"]}]},{\"@type\":\"ImageObject\",\"inLanguage\":\"pt-BR\",\"@id\":\"https:\/\/portalmf.com.br\/index.php\/2023\/12\/19\/sec-divulga-quadro-de-vagas-por-nucleo-territorial-para-candidatos-aprovados-e-convocados-em-concurso-publico\/#primaryimage\",\"url\":\"https:\/\/portalmf.com.br\/wp-content\/uploads\/2023\/12\/noticiasconcursos.com_.br-sec-ba-divulga-gabarito-de-concurso-sec-ba.jpg\",\"contentUrl\":\"https:\/\/portalmf.com.br\/wp-content\/uploads\/2023\/12\/noticiasconcursos.com_.br-sec-ba-divulga-gabarito-de-concurso-sec-ba.jpg\",\"width\":1000,\"height\":530},{\"@type\":\"BreadcrumbList\",\"@id\":\"https:\/\/portalmf.com.br\/index.php\/2023\/12\/19\/sec-divulga-quadro-de-vagas-por-nucleo-territorial-para-candidatos-aprovados-e-convocados-em-concurso-publico\/#breadcrumb\",\"itemListElement\":[{\"@type\":\"ListItem\",\"position\":1,\"name\":\"In\u00edcio\",\"item\":\"https:\/\/portalmf.com.br\/\"},{\"@type\":\"ListItem\",\"position\":2,\"name\":\"SEC divulga quadro de vagas, por n\u00facleo territorial, para candidatos aprovados e convocados em concurso p\u00fablico\"}]},{\"@type\":\"WebSite\",\"@id\":\"https:\/\/portalmf.com.br\/#website\",\"url\":\"https:\/\/portalmf.com.br\/\",\"name\":\"Portal MF\",\"description\":\"Voc\u00ea conectado com a informa\u00e7\u00e3o\",\"potentialAction\":[{\"@type\":\"SearchAction\",\"target\":{\"@type\":\"EntryPoint\",\"urlTemplate\":\"https:\/\/portalmf.com.br\/?s={search_term_string}\"},\"query-input\":\"required name=search_term_string\"}],\"inLanguage\":\"pt-BR\"},{\"@type\":\"Person\",\"@id\":\"https:\/\/portalmf.com.br\/#\/schema\/person\/9ec101baf56233e53520c26de5d6f6f0\",\"name\":\"Reda\u00e7\u00e3o Portal MF\",\"image\":{\"@type\":\"ImageObject\",\"inLanguage\":\"pt-BR\",\"@id\":\"https:\/\/portalmf.com.br\/#\/schema\/person\/image\/\",\"url\":\"https:\/\/secure.gravatar.com\/avatar\/41b9aaeb2100835f7c64362330f74c7f?s=96&d=mm&r=g\",\"contentUrl\":\"https:\/\/secure.gravatar.com\/avatar\/41b9aaeb2100835f7c64362330f74c7f?s=96&d=mm&r=g\",\"caption\":\"Reda\u00e7\u00e3o Portal MF\"},\"description\":\"Sejam bem-vindos o portal de informa\u00e7\u00f5es de entretenimento de Feira de Santana, desde 2006 realiza coberturas dos principais eventos com entrevistas exclusivas com as principais personalidades mundiais. Fique conectado tamb\u00e9m nas redes sociais.\",\"sameAs\":[\"http:\/\/www.portalmf.com.br\/\",\"https:\/\/www.facebook.com\/portalmfoficial\",\"https:\/\/www.instagram.com\/portalmf\/\",\"https:\/\/x.com\/https:\/\/x.com\/portalmfoficial\",\"https:\/\/www.youtube.com\/@portalmfoficial\"],\"url\":\"https:\/\/portalmf.com.br\/index.php\/author\/junior\/\"}]}<\/script>\n<!-- \/ Yoast SEO plugin. -->","yoast_head_json":{"title":"SEC divulga quadro de vagas, por n\u00facleo territorial, para candidatos aprovados e convocados em concurso p\u00fablico - Portal MF","robots":{"index":"index","follow":"follow","max-snippet":"max-snippet:-1","max-image-preview":"max-image-preview:large","max-video-preview":"max-video-preview:-1"},"canonical":"https:\/\/portalmf.com.br\/index.php\/2023\/12\/19\/sec-divulga-quadro-de-vagas-por-nucleo-territorial-para-candidatos-aprovados-e-convocados-em-concurso-publico\/","og_locale":"pt_BR","og_type":"article","og_title":"SEC divulga quadro de vagas, por n\u00facleo territorial, para candidatos aprovados e convocados em concurso p\u00fablico - Portal MF","og_description":"A Secretaria da Educa\u00e7\u00e3o do Estado da Bahia (SEC) divulgou, no Di\u00e1rio Oficial desta ter\u00e7a-feira (19), o quadro de vagas dispon\u00edveis nos 27 N\u00facleos Territoriais de Educa\u00e7\u00e3o (NTEs) do Concurso P\u00fablico SAEB\/03\/2022 de 1\u00b0 de agosto de 2022, cumprindo o dispositivo do Edital de Abertura para aos cargos de Professor Padr\u00e3o P \u2013 Grau III [&hellip;]","og_url":"https:\/\/portalmf.com.br\/index.php\/2023\/12\/19\/sec-divulga-quadro-de-vagas-por-nucleo-territorial-para-candidatos-aprovados-e-convocados-em-concurso-publico\/","og_site_name":"Portal MF","article_author":"https:\/\/www.facebook.com\/portalmfoficial","article_published_time":"2023-12-19T15:12:53+00:00","article_modified_time":"2023-12-19T15:12:56+00:00","og_image":[{"width":1000,"height":530,"url":"https:\/\/portalmf.com.br\/wp-content\/uploads\/2023\/12\/noticiasconcursos.com_.br-sec-ba-divulga-gabarito-de-concurso-sec-ba.jpg","type":"image\/jpeg"}],"author":"Reda\u00e7\u00e3o Portal MF","twitter_card":"summary_large_image","twitter_creator":"@https:\/\/x.com\/portalmfoficial","twitter_misc":{"Escrito por":"Reda\u00e7\u00e3o Portal MF","Est. tempo de leitura":"1 minuto"},"schema":{"@context":"https:\/\/schema.org","@graph":[{"@type":"WebPage","@id":"https:\/\/portalmf.com.br\/index.php\/2023\/12\/19\/sec-divulga-quadro-de-vagas-por-nucleo-territorial-para-candidatos-aprovados-e-convocados-em-concurso-publico\/","url":"https:\/\/portalmf.com.br\/index.php\/2023\/12\/19\/sec-divulga-quadro-de-vagas-por-nucleo-territorial-para-candidatos-aprovados-e-convocados-em-concurso-publico\/","name":"SEC divulga quadro de vagas, por n\u00facleo territorial, para candidatos aprovados e convocados em concurso p\u00fablico - Portal MF","isPartOf":{"@id":"https:\/\/portalmf.com.br\/#website"},"primaryImageOfPage":{"@id":"https:\/\/portalmf.com.br\/index.php\/2023\/12\/19\/sec-divulga-quadro-de-vagas-por-nucleo-territorial-para-candidatos-aprovados-e-convocados-em-concurso-publico\/#primaryimage"},"image":{"@id":"https:\/\/portalmf.com.br\/index.php\/2023\/12\/19\/sec-divulga-quadro-de-vagas-por-nucleo-territorial-para-candidatos-aprovados-e-convocados-em-concurso-publico\/#primaryimage"},"thumbnailUrl":"https:\/\/portalmf.com.br\/wp-content\/uploads\/2023\/12\/noticiasconcursos.com_.br-sec-ba-divulga-gabarito-de-concurso-sec-ba.jpg","datePublished":"2023-12-19T15:12:53+00:00","dateModified":"2023-12-19T15:12:56+00:00","author":{"@id":"https:\/\/portalmf.com.br\/#\/schema\/person\/9ec101baf56233e53520c26de5d6f6f0"},"breadcrumb":{"@id":"https:\/\/portalmf.com.br\/index.php\/2023\/12\/19\/sec-divulga-quadro-de-vagas-por-nucleo-territorial-para-candidatos-aprovados-e-convocados-em-concurso-publico\/#breadcrumb"},"inLanguage":"pt-BR","potentialAction":[{"@type":"ReadAction","target":["https:\/\/portalmf.com.br\/index.php\/2023\/12\/19\/sec-divulga-quadro-de-vagas-por-nucleo-territorial-para-candidatos-aprovados-e-convocados-em-concurso-publico\/"]}]},{"@type":"ImageObject","inLanguage":"pt-BR","@id":"https:\/\/portalmf.com.br\/index.php\/2023\/12\/19\/sec-divulga-quadro-de-vagas-por-nucleo-territorial-para-candidatos-aprovados-e-convocados-em-concurso-publico\/#primaryimage","url":"https:\/\/portalmf.com.br\/wp-content\/uploads\/2023\/12\/noticiasconcursos.com_.br-sec-ba-divulga-gabarito-de-concurso-sec-ba.jpg","contentUrl":"https:\/\/portalmf.com.br\/wp-content\/uploads\/2023\/12\/noticiasconcursos.com_.br-sec-ba-divulga-gabarito-de-concurso-sec-ba.jpg","width":1000,"height":530},{"@type":"BreadcrumbList","@id":"https:\/\/portalmf.com.br\/index.php\/2023\/12\/19\/sec-divulga-quadro-de-vagas-por-nucleo-territorial-para-candidatos-aprovados-e-convocados-em-concurso-publico\/#breadcrumb","itemListElement":[{"@type":"ListItem","position":1,"name":"In\u00edcio","item":"https:\/\/portalmf.com.br\/"},{"@type":"ListItem","position":2,"name":"SEC divulga quadro de vagas, por n\u00facleo territorial, para candidatos aprovados e convocados em concurso p\u00fablico"}]},{"@type":"WebSite","@id":"https:\/\/portalmf.com.br\/#website","url":"https:\/\/portalmf.com.br\/","name":"Portal MF","description":"Voc\u00ea conectado com a informa\u00e7\u00e3o","potentialAction":[{"@type":"SearchAction","target":{"@type":"EntryPoint","urlTemplate":"https:\/\/portalmf.com.br\/?s={search_term_string}"},"query-input":"required name=search_term_string"}],"inLanguage":"pt-BR"},{"@type":"Person","@id":"https:\/\/portalmf.com.br\/#\/schema\/person\/9ec101baf56233e53520c26de5d6f6f0","name":"Reda\u00e7\u00e3o Portal MF","image":{"@type":"ImageObject","inLanguage":"pt-BR","@id":"https:\/\/portalmf.com.br\/#\/schema\/person\/image\/","url":"https:\/\/secure.gravatar.com\/avatar\/41b9aaeb2100835f7c64362330f74c7f?s=96&d=mm&r=g","contentUrl":"https:\/\/secure.gravatar.com\/avatar\/41b9aaeb2100835f7c64362330f74c7f?s=96&d=mm&r=g","caption":"Reda\u00e7\u00e3o Portal MF"},"description":"Sejam bem-vindos o portal de informa\u00e7\u00f5es de entretenimento de Feira de Santana, desde 2006 realiza coberturas dos principais eventos com entrevistas exclusivas com as principais personalidades mundiais. Fique conectado tamb\u00e9m nas redes sociais.","sameAs":["http:\/\/www.portalmf.com.br\/","https:\/\/www.facebook.com\/portalmfoficial","https:\/\/www.instagram.com\/portalmf\/","https:\/\/x.com\/https:\/\/x.com\/portalmfoficial","https:\/\/www.youtube.com\/@portalmfoficial"],"url":"https:\/\/portalmf.com.br\/index.php\/author\/junior\/"}]}},"_links":{"self":[{"href":"https:\/\/portalmf.com.br\/index.php\/wp-json\/wp\/v2\/posts\/21019"}],"collection":[{"href":"https:\/\/portalmf.com.br\/index.php\/wp-json\/wp\/v2\/posts"}],"about":[{"href":"https:\/\/portalmf.com.br\/index.php\/wp-json\/wp\/v2\/types\/post"}],"author":[{"embeddable":true,"href":"https:\/\/portalmf.com.br\/index.php\/wp-json\/wp\/v2\/users\/3"}],"replies":[{"embeddable":true,"href":"https:\/\/portalmf.com.br\/index.php\/wp-json\/wp\/v2\/comments?post=21019"}],"version-history":[{"count":1,"href":"https:\/\/portalmf.com.br\/index.php\/wp-json\/wp\/v2\/posts\/21019\/revisions"}],"predecessor-version":[{"id":21021,"href":"https:\/\/portalmf.com.br\/index.php\/wp-json\/wp\/v2\/posts\/21019\/revisions\/21021"}],"wp:featuredmedia":[{"embeddable":true,"href":"https:\/\/portalmf.com.br\/index.php\/wp-json\/wp\/v2\/media\/21020"}],"wp:attachment":[{"href":"https:\/\/portalmf.com.br\/index.php\/wp-json\/wp\/v2\/media?parent=21019"}],"wp:term":[{"taxonomy":"category","embeddable":true,"href":"https:\/\/portalmf.com.br\/index.php\/wp-json\/wp\/v2\/categories?post=21019"},{"taxonomy":"post_tag","embeddable":true,"href":"https:\/\/portalmf.com.br\/index.php\/wp-json\/wp\/v2\/tags?post=21019"}],"curies":[{"name":"wp","href":"https:\/\/api.w.org\/{rel}","templated":true}]}}