{"id":21013,"date":"2023-12-19T12:07:50","date_gmt":"2023-12-19T15:07:50","guid":{"rendered":"https:\/\/portalmf.com.br\/?p=21013"},"modified":"2023-12-19T12:07:51","modified_gmt":"2023-12-19T15:07:51","slug":"mudanca-em-decreto-estadual-amplia-competitividade-do-setor-atacadista-na-bahia","status":"publish","type":"post","link":"https:\/\/portalmf.com.br\/index.php\/2023\/12\/19\/mudanca-em-decreto-estadual-amplia-competitividade-do-setor-atacadista-na-bahia\/","title":{"rendered":"Mudan\u00e7a em decreto estadual amplia competitividade do setor atacadista na Bahia"},"content":{"rendered":"\n<p>A melhoria das condi\u00e7\u00f5es tribut\u00e1rias nas vendas pelos atacadistas baianos de itens como biscoitos, bolachas, ra\u00e7\u00f5es para pets e aparelhos de barbear, para micro e pequenas empresas de todo o estado, e o favorecimento da oferta de menores pre\u00e7os para o consumidor final s\u00e3o os principais efeitos esperados a partir da revitaliza\u00e7\u00e3o do decreto 7.799\/2000, assinada pelo governador Jer\u00f4nimo Rodrigues, na \u00faltima semana. O setor atacadista \u00e9 respons\u00e1vel pelo abastecimento de mais de 100 mil pontos de vendas do varejo em toda a Bahia.<\/p>\n\n\n\n<p>Voltado para ampliar a competitividade dos atacadistas sediados no estado, o novo decreto inclui, ainda, a diminui\u00e7\u00e3o dos custos tribut\u00e1rios na aquisi\u00e7\u00e3o, por estas empresas, de mercadorias produzidas por ind\u00fastrias baianas, o que tamb\u00e9m dever\u00e1 contribuir para a redu\u00e7\u00e3o de pre\u00e7os para os consumidores. <em>\u201cCom esse decreto, os atacadistas da Bahia passam a ter condi\u00e7\u00f5es de concorrer em p\u00e9 de igualdade com os de outros estados. Com isso, a gente pode continuar gerando emprego e renda, e aumentar a capacidade para que os atacadistas e empres\u00e1rios baianos enfrentem os concorrentes nacionais&#8221;,<\/em> frisou o governador Jer\u00f4nimo Rodrigues ao anunciar o pacote de medidas.<\/p>\n\n\n\n<p>O que levar\u00e1 \u00e0s condi\u00e7\u00f5es para redu\u00e7\u00e3o dos pre\u00e7os ao consumidor \u00e9 a exclus\u00e3o, do regime substitui\u00e7\u00e3o tribut\u00e1ria, dos produtos elencados no decreto. <em>\u201cComo a maioria dos clientes dos atacadistas s\u00e3o optantes do regime do Simples Nacional, essas medidas garantem melhores condi\u00e7\u00f5es tribut\u00e1rias, de forma a permitir a oferta de mercadorias com pre\u00e7os menores do que os oferecidos por contribuintes atacadistas de outros estados\u201d<\/em>, afirma o secret\u00e1rio estadual da Fazenda, Manoel Vit\u00f3rio.<\/p>\n\n\n\n<p>A amplia\u00e7\u00e3o do cr\u00e9dito fiscal nas aquisi\u00e7\u00f5es internas junto a estabelecimentos industriais localizados na Bahia, acrescenta o secret\u00e1rio, permite, por sua vez, uma diminui\u00e7\u00e3o dos custos tribut\u00e1rios nas aquisi\u00e7\u00f5es de mercadorias produzidas no estado<em>. \u201cS\u00e3o medidas que incentivam as atividades comercial e industrial e, em consequ\u00eancia, a gera\u00e7\u00e3o de empregos\u201d<\/em>, afirmou.<\/p>\n\n\n\n<p>Em paralelo, o decreto tamb\u00e9m estimula as opera\u00e7\u00f5es internas com derivados da moagem de produtos de origem vegetal, de alimentos para animais e artefatos de material pl\u00e1stico para uso dom\u00e9stico, desde que sejam industrializados na Bahia.<\/p>\n\n\n\n<h2 class=\"wp-block-heading\">Moderniza\u00e7\u00e3o<\/h2>\n\n\n\n<p>As medidas atendem a um pleito da Associa\u00e7\u00e3o dos Agentes de Distribui\u00e7\u00e3o da Bahia (Asdab) e do Sindicato do Com\u00e9rcio Atacadista e Distribuidores de G\u00eaneros Aliment\u00edcios do Estado (SindAtacado).<\/p>\n\n\n\n<p>O presidente do SindatAcado e diretor da Asdab, Ant\u00f4nio Cabral, destacou que esta atualiza\u00e7\u00e3o impactar\u00e1 positivamente na luta pela melhoria de condi\u00e7\u00f5es das empresas do ramo. &#8220;A moderniza\u00e7\u00e3o do decreto foi feita com a anu\u00eancia do governador e do secret\u00e1rio da Fazenda. Com essa assinatura, o varejo baiano resgata a competitividade&#8221;, afirmou.<\/p>\n\n\n\n<p>A Asdab e o SindAtacado representam cerca de cinco mil empresas do segmento atacadista e distribuidor na Bahia, que, em 2022, apresentaram um faturamento da ordem de R$ 38 bilh\u00f5es. No mesmo ano, toda a cadeia de abastecimento, incluindo distribuidoras, atacadistas, pequenos e m\u00e9dios pontos de venda, geraram mais de 500 mil postos de trabalho.<\/p>\n","protected":false},"excerpt":{"rendered":"<p>A melhoria das condi\u00e7\u00f5es tribut\u00e1rias nas vendas pelos atacadistas baianos de itens como biscoitos, bolachas, ra\u00e7\u00f5es para pets e aparelhos de barbear, para micro e pequenas empresas de todo o estado, e o favorecimento da oferta de menores pre\u00e7os para o consumidor final s\u00e3o os principais efeitos esperados a partir da revitaliza\u00e7\u00e3o do decreto 7.799\/2000, [&hellip;]<\/p>\n","protected":false},"author":3,"featured_media":21014,"comment_status":"open","ping_status":"open","sticky":false,"template":"","format":"standard","meta":{"_monsterinsights_skip_tracking":false,"_monsterinsights_sitenote_active":false,"_monsterinsights_sitenote_note":"","_monsterinsights_sitenote_category":0,"footnotes":""},"categories":[34],"tags":[],"yoast_head":"<!-- This site is optimized with the Yoast SEO plugin v22.9 - https:\/\/yoast.com\/wordpress\/plugins\/seo\/ -->\n<title>Mudan\u00e7a em decreto estadual amplia competitividade do setor atacadista na Bahia - Portal MF<\/title>\n<meta name=\"robots\" content=\"index, follow, max-snippet:-1, max-image-preview:large, max-video-preview:-1\" \/>\n<link rel=\"canonical\" href=\"https:\/\/portalmf.com.br\/index.php\/2023\/12\/19\/mudanca-em-decreto-estadual-amplia-competitividade-do-setor-atacadista-na-bahia\/\" \/>\n<meta property=\"og:locale\" content=\"pt_BR\" \/>\n<meta property=\"og:type\" content=\"article\" \/>\n<meta property=\"og:title\" content=\"Mudan\u00e7a em decreto estadual amplia competitividade do setor atacadista na Bahia - Portal MF\" \/>\n<meta property=\"og:description\" content=\"A melhoria das condi\u00e7\u00f5es tribut\u00e1rias nas vendas pelos atacadistas baianos de itens como biscoitos, bolachas, ra\u00e7\u00f5es para pets e aparelhos de barbear, para micro e pequenas empresas de todo o estado, e o favorecimento da oferta de menores pre\u00e7os para o consumidor final s\u00e3o os principais efeitos esperados a partir da revitaliza\u00e7\u00e3o do decreto 7.799\/2000, [&hellip;]\" \/>\n<meta property=\"og:url\" content=\"https:\/\/portalmf.com.br\/index.php\/2023\/12\/19\/mudanca-em-decreto-estadual-amplia-competitividade-do-setor-atacadista-na-bahia\/\" \/>\n<meta property=\"og:site_name\" content=\"Portal MF\" \/>\n<meta property=\"article:author\" content=\"https:\/\/www.facebook.com\/portalmfoficial\" \/>\n<meta property=\"article:published_time\" content=\"2023-12-19T15:07:50+00:00\" \/>\n<meta property=\"article:modified_time\" content=\"2023-12-19T15:07:51+00:00\" \/>\n<meta property=\"og:image\" content=\"https:\/\/portalmf.com.br\/wp-content\/uploads\/2023\/12\/Mudanca-em-decreto-estadual-amplia-competitividade-do-setor-atacadista-na-Bahia.jpg\" \/>\n\t<meta property=\"og:image:width\" content=\"650\" \/>\n\t<meta property=\"og:image:height\" content=\"433\" \/>\n\t<meta property=\"og:image:type\" content=\"image\/jpeg\" \/>\n<meta name=\"author\" content=\"Reda\u00e7\u00e3o Portal MF\" \/>\n<meta name=\"twitter:card\" content=\"summary_large_image\" \/>\n<meta name=\"twitter:creator\" content=\"@https:\/\/x.com\/portalmfoficial\" \/>\n<meta name=\"twitter:label1\" content=\"Escrito por\" \/>\n\t<meta name=\"twitter:data1\" content=\"Reda\u00e7\u00e3o Portal MF\" \/>\n\t<meta name=\"twitter:label2\" content=\"Est. tempo de leitura\" \/>\n\t<meta name=\"twitter:data2\" content=\"3 minutos\" \/>\n<script type=\"application\/ld+json\" class=\"yoast-schema-graph\">{\"@context\":\"https:\/\/schema.org\",\"@graph\":[{\"@type\":\"WebPage\",\"@id\":\"https:\/\/portalmf.com.br\/index.php\/2023\/12\/19\/mudanca-em-decreto-estadual-amplia-competitividade-do-setor-atacadista-na-bahia\/\",\"url\":\"https:\/\/portalmf.com.br\/index.php\/2023\/12\/19\/mudanca-em-decreto-estadual-amplia-competitividade-do-setor-atacadista-na-bahia\/\",\"name\":\"Mudan\u00e7a em decreto estadual amplia competitividade do setor atacadista na Bahia - Portal MF\",\"isPartOf\":{\"@id\":\"https:\/\/portalmf.com.br\/#website\"},\"primaryImageOfPage\":{\"@id\":\"https:\/\/portalmf.com.br\/index.php\/2023\/12\/19\/mudanca-em-decreto-estadual-amplia-competitividade-do-setor-atacadista-na-bahia\/#primaryimage\"},\"image\":{\"@id\":\"https:\/\/portalmf.com.br\/index.php\/2023\/12\/19\/mudanca-em-decreto-estadual-amplia-competitividade-do-setor-atacadista-na-bahia\/#primaryimage\"},\"thumbnailUrl\":\"https:\/\/portalmf.com.br\/wp-content\/uploads\/2023\/12\/Mudanca-em-decreto-estadual-amplia-competitividade-do-setor-atacadista-na-Bahia.jpg\",\"datePublished\":\"2023-12-19T15:07:50+00:00\",\"dateModified\":\"2023-12-19T15:07:51+00:00\",\"author\":{\"@id\":\"https:\/\/portalmf.com.br\/#\/schema\/person\/9ec101baf56233e53520c26de5d6f6f0\"},\"breadcrumb\":{\"@id\":\"https:\/\/portalmf.com.br\/index.php\/2023\/12\/19\/mudanca-em-decreto-estadual-amplia-competitividade-do-setor-atacadista-na-bahia\/#breadcrumb\"},\"inLanguage\":\"pt-BR\",\"potentialAction\":[{\"@type\":\"ReadAction\",\"target\":[\"https:\/\/portalmf.com.br\/index.php\/2023\/12\/19\/mudanca-em-decreto-estadual-amplia-competitividade-do-setor-atacadista-na-bahia\/\"]}]},{\"@type\":\"ImageObject\",\"inLanguage\":\"pt-BR\",\"@id\":\"https:\/\/portalmf.com.br\/index.php\/2023\/12\/19\/mudanca-em-decreto-estadual-amplia-competitividade-do-setor-atacadista-na-bahia\/#primaryimage\",\"url\":\"https:\/\/portalmf.com.br\/wp-content\/uploads\/2023\/12\/Mudanca-em-decreto-estadual-amplia-competitividade-do-setor-atacadista-na-Bahia.jpg\",\"contentUrl\":\"https:\/\/portalmf.com.br\/wp-content\/uploads\/2023\/12\/Mudanca-em-decreto-estadual-amplia-competitividade-do-setor-atacadista-na-Bahia.jpg\",\"width\":650,\"height\":433},{\"@type\":\"BreadcrumbList\",\"@id\":\"https:\/\/portalmf.com.br\/index.php\/2023\/12\/19\/mudanca-em-decreto-estadual-amplia-competitividade-do-setor-atacadista-na-bahia\/#breadcrumb\",\"itemListElement\":[{\"@type\":\"ListItem\",\"position\":1,\"name\":\"In\u00edcio\",\"item\":\"https:\/\/portalmf.com.br\/\"},{\"@type\":\"ListItem\",\"position\":2,\"name\":\"Mudan\u00e7a em decreto estadual amplia competitividade do setor atacadista na Bahia\"}]},{\"@type\":\"WebSite\",\"@id\":\"https:\/\/portalmf.com.br\/#website\",\"url\":\"https:\/\/portalmf.com.br\/\",\"name\":\"Portal MF\",\"description\":\"Voc\u00ea conectado com a informa\u00e7\u00e3o\",\"potentialAction\":[{\"@type\":\"SearchAction\",\"target\":{\"@type\":\"EntryPoint\",\"urlTemplate\":\"https:\/\/portalmf.com.br\/?s={search_term_string}\"},\"query-input\":\"required name=search_term_string\"}],\"inLanguage\":\"pt-BR\"},{\"@type\":\"Person\",\"@id\":\"https:\/\/portalmf.com.br\/#\/schema\/person\/9ec101baf56233e53520c26de5d6f6f0\",\"name\":\"Reda\u00e7\u00e3o Portal MF\",\"image\":{\"@type\":\"ImageObject\",\"inLanguage\":\"pt-BR\",\"@id\":\"https:\/\/portalmf.com.br\/#\/schema\/person\/image\/\",\"url\":\"https:\/\/secure.gravatar.com\/avatar\/41b9aaeb2100835f7c64362330f74c7f?s=96&d=mm&r=g\",\"contentUrl\":\"https:\/\/secure.gravatar.com\/avatar\/41b9aaeb2100835f7c64362330f74c7f?s=96&d=mm&r=g\",\"caption\":\"Reda\u00e7\u00e3o Portal MF\"},\"description\":\"Sejam bem-vindos o portal de informa\u00e7\u00f5es de entretenimento de Feira de Santana, desde 2006 realiza coberturas dos principais eventos com entrevistas exclusivas com as principais personalidades mundiais. Fique conectado tamb\u00e9m nas redes sociais.\",\"sameAs\":[\"http:\/\/www.portalmf.com.br\/\",\"https:\/\/www.facebook.com\/portalmfoficial\",\"https:\/\/www.instagram.com\/portalmf\/\",\"https:\/\/x.com\/https:\/\/x.com\/portalmfoficial\",\"https:\/\/www.youtube.com\/@portalmfoficial\"],\"url\":\"https:\/\/portalmf.com.br\/index.php\/author\/junior\/\"}]}<\/script>\n<!-- \/ Yoast SEO plugin. -->","yoast_head_json":{"title":"Mudan\u00e7a em decreto estadual amplia competitividade do setor atacadista na Bahia - Portal MF","robots":{"index":"index","follow":"follow","max-snippet":"max-snippet:-1","max-image-preview":"max-image-preview:large","max-video-preview":"max-video-preview:-1"},"canonical":"https:\/\/portalmf.com.br\/index.php\/2023\/12\/19\/mudanca-em-decreto-estadual-amplia-competitividade-do-setor-atacadista-na-bahia\/","og_locale":"pt_BR","og_type":"article","og_title":"Mudan\u00e7a em decreto estadual amplia competitividade do setor atacadista na Bahia - Portal MF","og_description":"A melhoria das condi\u00e7\u00f5es tribut\u00e1rias nas vendas pelos atacadistas baianos de itens como biscoitos, bolachas, ra\u00e7\u00f5es para pets e aparelhos de barbear, para micro e pequenas empresas de todo o estado, e o favorecimento da oferta de menores pre\u00e7os para o consumidor final s\u00e3o os principais efeitos esperados a partir da revitaliza\u00e7\u00e3o do decreto 7.799\/2000, [&hellip;]","og_url":"https:\/\/portalmf.com.br\/index.php\/2023\/12\/19\/mudanca-em-decreto-estadual-amplia-competitividade-do-setor-atacadista-na-bahia\/","og_site_name":"Portal MF","article_author":"https:\/\/www.facebook.com\/portalmfoficial","article_published_time":"2023-12-19T15:07:50+00:00","article_modified_time":"2023-12-19T15:07:51+00:00","og_image":[{"width":650,"height":433,"url":"https:\/\/portalmf.com.br\/wp-content\/uploads\/2023\/12\/Mudanca-em-decreto-estadual-amplia-competitividade-do-setor-atacadista-na-Bahia.jpg","type":"image\/jpeg"}],"author":"Reda\u00e7\u00e3o Portal MF","twitter_card":"summary_large_image","twitter_creator":"@https:\/\/x.com\/portalmfoficial","twitter_misc":{"Escrito por":"Reda\u00e7\u00e3o Portal MF","Est. tempo de leitura":"3 minutos"},"schema":{"@context":"https:\/\/schema.org","@graph":[{"@type":"WebPage","@id":"https:\/\/portalmf.com.br\/index.php\/2023\/12\/19\/mudanca-em-decreto-estadual-amplia-competitividade-do-setor-atacadista-na-bahia\/","url":"https:\/\/portalmf.com.br\/index.php\/2023\/12\/19\/mudanca-em-decreto-estadual-amplia-competitividade-do-setor-atacadista-na-bahia\/","name":"Mudan\u00e7a em decreto estadual amplia competitividade do setor atacadista na Bahia - Portal MF","isPartOf":{"@id":"https:\/\/portalmf.com.br\/#website"},"primaryImageOfPage":{"@id":"https:\/\/portalmf.com.br\/index.php\/2023\/12\/19\/mudanca-em-decreto-estadual-amplia-competitividade-do-setor-atacadista-na-bahia\/#primaryimage"},"image":{"@id":"https:\/\/portalmf.com.br\/index.php\/2023\/12\/19\/mudanca-em-decreto-estadual-amplia-competitividade-do-setor-atacadista-na-bahia\/#primaryimage"},"thumbnailUrl":"https:\/\/portalmf.com.br\/wp-content\/uploads\/2023\/12\/Mudanca-em-decreto-estadual-amplia-competitividade-do-setor-atacadista-na-Bahia.jpg","datePublished":"2023-12-19T15:07:50+00:00","dateModified":"2023-12-19T15:07:51+00:00","author":{"@id":"https:\/\/portalmf.com.br\/#\/schema\/person\/9ec101baf56233e53520c26de5d6f6f0"},"breadcrumb":{"@id":"https:\/\/portalmf.com.br\/index.php\/2023\/12\/19\/mudanca-em-decreto-estadual-amplia-competitividade-do-setor-atacadista-na-bahia\/#breadcrumb"},"inLanguage":"pt-BR","potentialAction":[{"@type":"ReadAction","target":["https:\/\/portalmf.com.br\/index.php\/2023\/12\/19\/mudanca-em-decreto-estadual-amplia-competitividade-do-setor-atacadista-na-bahia\/"]}]},{"@type":"ImageObject","inLanguage":"pt-BR","@id":"https:\/\/portalmf.com.br\/index.php\/2023\/12\/19\/mudanca-em-decreto-estadual-amplia-competitividade-do-setor-atacadista-na-bahia\/#primaryimage","url":"https:\/\/portalmf.com.br\/wp-content\/uploads\/2023\/12\/Mudanca-em-decreto-estadual-amplia-competitividade-do-setor-atacadista-na-Bahia.jpg","contentUrl":"https:\/\/portalmf.com.br\/wp-content\/uploads\/2023\/12\/Mudanca-em-decreto-estadual-amplia-competitividade-do-setor-atacadista-na-Bahia.jpg","width":650,"height":433},{"@type":"BreadcrumbList","@id":"https:\/\/portalmf.com.br\/index.php\/2023\/12\/19\/mudanca-em-decreto-estadual-amplia-competitividade-do-setor-atacadista-na-bahia\/#breadcrumb","itemListElement":[{"@type":"ListItem","position":1,"name":"In\u00edcio","item":"https:\/\/portalmf.com.br\/"},{"@type":"ListItem","position":2,"name":"Mudan\u00e7a em decreto estadual amplia competitividade do setor atacadista na Bahia"}]},{"@type":"WebSite","@id":"https:\/\/portalmf.com.br\/#website","url":"https:\/\/portalmf.com.br\/","name":"Portal MF","description":"Voc\u00ea conectado com a informa\u00e7\u00e3o","potentialAction":[{"@type":"SearchAction","target":{"@type":"EntryPoint","urlTemplate":"https:\/\/portalmf.com.br\/?s={search_term_string}"},"query-input":"required name=search_term_string"}],"inLanguage":"pt-BR"},{"@type":"Person","@id":"https:\/\/portalmf.com.br\/#\/schema\/person\/9ec101baf56233e53520c26de5d6f6f0","name":"Reda\u00e7\u00e3o Portal MF","image":{"@type":"ImageObject","inLanguage":"pt-BR","@id":"https:\/\/portalmf.com.br\/#\/schema\/person\/image\/","url":"https:\/\/secure.gravatar.com\/avatar\/41b9aaeb2100835f7c64362330f74c7f?s=96&d=mm&r=g","contentUrl":"https:\/\/secure.gravatar.com\/avatar\/41b9aaeb2100835f7c64362330f74c7f?s=96&d=mm&r=g","caption":"Reda\u00e7\u00e3o Portal MF"},"description":"Sejam bem-vindos o portal de informa\u00e7\u00f5es de entretenimento de Feira de Santana, desde 2006 realiza coberturas dos principais eventos com entrevistas exclusivas com as principais personalidades mundiais. Fique conectado tamb\u00e9m nas redes sociais.","sameAs":["http:\/\/www.portalmf.com.br\/","https:\/\/www.facebook.com\/portalmfoficial","https:\/\/www.instagram.com\/portalmf\/","https:\/\/x.com\/https:\/\/x.com\/portalmfoficial","https:\/\/www.youtube.com\/@portalmfoficial"],"url":"https:\/\/portalmf.com.br\/index.php\/author\/junior\/"}]}},"_links":{"self":[{"href":"https:\/\/portalmf.com.br\/index.php\/wp-json\/wp\/v2\/posts\/21013"}],"collection":[{"href":"https:\/\/portalmf.com.br\/index.php\/wp-json\/wp\/v2\/posts"}],"about":[{"href":"https:\/\/portalmf.com.br\/index.php\/wp-json\/wp\/v2\/types\/post"}],"author":[{"embeddable":true,"href":"https:\/\/portalmf.com.br\/index.php\/wp-json\/wp\/v2\/users\/3"}],"replies":[{"embeddable":true,"href":"https:\/\/portalmf.com.br\/index.php\/wp-json\/wp\/v2\/comments?post=21013"}],"version-history":[{"count":1,"href":"https:\/\/portalmf.com.br\/index.php\/wp-json\/wp\/v2\/posts\/21013\/revisions"}],"predecessor-version":[{"id":21015,"href":"https:\/\/portalmf.com.br\/index.php\/wp-json\/wp\/v2\/posts\/21013\/revisions\/21015"}],"wp:featuredmedia":[{"embeddable":true,"href":"https:\/\/portalmf.com.br\/index.php\/wp-json\/wp\/v2\/media\/21014"}],"wp:attachment":[{"href":"https:\/\/portalmf.com.br\/index.php\/wp-json\/wp\/v2\/media?parent=21013"}],"wp:term":[{"taxonomy":"category","embeddable":true,"href":"https:\/\/portalmf.com.br\/index.php\/wp-json\/wp\/v2\/categories?post=21013"},{"taxonomy":"post_tag","embeddable":true,"href":"https:\/\/portalmf.com.br\/index.php\/wp-json\/wp\/v2\/tags?post=21013"}],"curies":[{"name":"wp","href":"https:\/\/api.w.org\/{rel}","templated":true}]}}