{"id":21010,"date":"2023-12-19T12:02:57","date_gmt":"2023-12-19T15:02:57","guid":{"rendered":"https:\/\/portalmf.com.br\/?p=21010"},"modified":"2023-12-19T12:02:58","modified_gmt":"2023-12-19T15:02:58","slug":"pesquisa-mostra-desejo-dos-brasileiros-por-mais-tempo-ao-ar-livre-mas-metas-para-o-proximo-ano-sao-mais-focadas-em-produtividade","status":"publish","type":"post","link":"https:\/\/portalmf.com.br\/index.php\/2023\/12\/19\/pesquisa-mostra-desejo-dos-brasileiros-por-mais-tempo-ao-ar-livre-mas-metas-para-o-proximo-ano-sao-mais-focadas-em-produtividade\/","title":{"rendered":"Pesquisa mostra desejo dos brasileiros por mais tempo ao ar livre, mas metas para o pr\u00f3ximo ano s\u00e3o mais focadas em produtividade"},"content":{"rendered":"\n<p>Viver mais a vida l\u00e1 fora, curtir o p\u00f4r do sol depois de um dia agitado, praticar uma atividade f\u00edsica ao ar livre ou simplesmente estar em contato com a natureza. Apesar dos benef\u00edcios dessas tarefas, como al\u00edvio do estresse e sensa\u00e7\u00e3o de leveza, serem conhecidos por todos, a maioria das pessoas ainda foca suas resolu\u00e7\u00f5es no pr\u00f3ximo ano apenas em metas de produtividade, como guardar dinheiro, investir, trocar de emprego, ser promovido, empreender ou outros focos no \u00e2mbito profissional. Os dados s\u00e3o da pesquisa in\u00e9dita feita pela Ipsos a pedido da Cerveja Corona sobre os objetivos dos brasileiros para 2024. Realizado no in\u00edcio de dezembro, o estudo apontou que 70% das pessoas j\u00e1 fizeram sua lista de metas para o pr\u00f3ximo ano.<\/p>\n\n\n\n<p>Em 2023, o brasileiro dedicou bastante do seu tempo ao trabalho e ao cuidado, ficando geralmente dentro dos escrit\u00f3rios ou em casa. Segundo dados do levantamento, as pessoas tiveram como principais atividades neste ano: trabalhar (41%), cuidar da fam\u00edlia (29%) e assistir a TV, filmes e s\u00e9ries (29%). Por outro lado, elas gostariam mesmo de ter realizado outras coisas, como viajar (39%), fazer exerc\u00edcios (29%), focar na sa\u00fade mental (26%) e relaxar (24%), o que mostra como a rotina e a correria di\u00e1ria podem afastar muita gente das atividades ao ar livre, j\u00e1 que 20% dos entrevistados sequer fazem isso pelo menos uma vez por semana.<\/p>\n\n\n\n<p>Em 2024, o cen\u00e1rio deve se repetir. As resolu\u00e7\u00f5es do p\u00fablico ouvido na pesquisa est\u00e3o principalmente relacionadas ao atingimento de metas e n\u00fameros: objetivos financeiros (guardar dinheiro, fazer investimentos) foram citados por 43% das pessoas, \u00edndice id\u00eantico \u00e0s preocupa\u00e7\u00f5es com sa\u00fade f\u00edsica (fazer atividades f\u00edsicas, se alimentar melhor e ter h\u00e1bitos mais saud\u00e1veis), citadas tamb\u00e9m por 43%, e seguido do lado profissional (conseguir um emprego, ser promovido, mudar de carreira, mudar de empresa, empreender, etc.), com 39%. J\u00e1 passar o tempo ao ar livre ou pensar no lazer est\u00e3o na cabe\u00e7a s\u00f3 de 16% e 26% dos entrevistados, respectivamente.<\/p>\n\n\n\n<p>Diante desse cen\u00e1rio, a Cerveja Corona entra em cena neste Ver\u00e3o ao convidar as pessoas a repensarem suas metas para 2024 e inclu\u00edrem experi\u00eancias ao ar livre nessas resolu\u00e7\u00f5es, com diversas a\u00e7\u00f5es para impulsionar esses momentos. Assim, tanto em suas redes sociais como ao lado de formadores de opini\u00e3o parceiros do movimento, a marca prepara uma s\u00e9rie de guias online para viagens, roteiros urbanos e dicas de atividades ao ar livre. Al\u00e9m disso, no offline, est\u00e3o sendo planejadas a\u00e7\u00f5es estrat\u00e9gicas para impulsionar essas metas nos principais eventos de R\u00e9veillon no Brasil, em locais como Alagoas, Bahia, Rio Grande do Norte e Pernambuco, inclusive com ativa\u00e7\u00f5es \u00fanicas em helipontos para proporcionar experi\u00eancias inesquec\u00edveis.<\/p>\n\n\n\n<p><em>\u201cQueremos convidar as pessoas a se conectarem com a natureza e aproveitarem a vida ao ar livre e sob o sol. E n\u00e3o h\u00e1 momento mais prop\u00edcio para isso do que agora, com a chegada do Ver\u00e3o. Queremos que a marca n\u00e3o apenas inspire, mas tamb\u00e9m viabilize a concretiza\u00e7\u00e3o das resolu\u00e7\u00f5es para um 2024 mais ao ar livre. Por isso, vamos oferecer diversos roteiros de atividades e lugares para explorar neste Ver\u00e3o, al\u00e9m da experi\u00eancia presencial nos eventos em que estaremos presentes, incentivando essas metas\u201d,<\/em> afirma Gabriela Gallo, Head de Corona no Brasil.<\/p>\n\n\n\n<p>Confira os principais dados da Pesquisa Corona Ipsos:<\/p>\n\n\n\n<p>Atividades que mais ocuparam o tempo das pessoas em 2023:<\/p>\n\n\n\n<p>1\u00ba &#8211; Trabalho (41%)<\/p>\n\n\n\n<p>2\u00ba &#8211; Cuidado com a fam\u00edlia (29%)<\/p>\n\n\n\n<p>3\u00ba &#8211; Assistir TV, filmes e s\u00e9ries (29%)<\/p>\n\n\n\n<p>16\u00ba, 18\u00ba e 19\u00ba &#8211; Passear \/ explorar a cidade (6%), passear na natureza (5%) e passar o tempo com os pets: 5%<\/p>\n\n\n\n<p>Atividades que gostariam de ter feito:<\/p>\n\n\n\n<p>1\u00ba &#8211; Viajar (39%)<\/p>\n\n\n\n<p>2\u00ba &#8211; Fazer exerc\u00edcios (29%)<\/p>\n\n\n\n<p>3\u00ba &#8211; Cuidar da sa\u00fade mental (26%)<\/p>\n\n\n\n<p>7\u00ba- passear na natureza \u00e9 um dos desejos que muitas pessoas gostariam de ter realizado 18%<\/p>\n\n\n\n<p>34% dos brasileiros dedicam apenas um dia para atividades ao ar livre, enquanto 20% n\u00e3o dedica nenhum tempo<\/p>\n\n\n\n<p>70% j\u00e1 fizeram as resolu\u00e7\u00f5es de 2024:<\/p>\n\n\n\n<p>1\u00ba &#8211; Finan\u00e7as (guardar dinheiro, fazer investimentos):43%<\/p>\n\n\n\n<p>2\u00ba &#8211; Sa\u00fade f\u00edsica (fazer atividades, se alimentar melhor, visitar o m\u00e9dico, parar de fumar): 43%<\/p>\n\n\n\n<p>3\u00ba &#8211; Profissional (conseguir um emprego, ser promovido, mudar de carreira, mudar de empresa, empreender): 39%<\/p>\n\n\n\n<p>4\u00ba &#8211; sa\u00fade mental (fazer terapia, ficar menos nas redes sociais, mudar h\u00e1bitos nocivos, praticar medita\u00e7\u00e3o, etc.): 35%<\/p>\n\n\n\n<p>9\u00ba &#8211; a natureza (passar mais tempo ao ar livre): 16%<\/p>\n\n\n\n<p>Apenas 32% das pessoas se sentem satisfeitas no cumprimento de suas metas<\/p>\n\n\n\n<p>52% possui alta prefer\u00eancia por ambiente ao ar livre, enquanto apenas<\/p>\n\n\n\n<p>2% tem mais gosto pelo ambiente fechado<\/p>\n\n\n\n<p>Relacionam o sucesso ao viver na natureza (praia, campo), concordando totalmente que viver na natureza define uma pessoa de sucesso (41%)<\/p>\n\n\n\n<p>P\u00fablico:<\/p>\n\n\n\n<p>\u201cEstudo online realizado pela Ipsos a pedido de AMBEV no Brasil entre 05\/12\/2023 e 07\/12\/2023. Foram realizadas 800 entrevistas online entre homens e mulheres, de 18 anos ou mais, classes ABC. Margem de erro de 3,5p.p.\u201d<\/p>\n","protected":false},"excerpt":{"rendered":"<p>Viver mais a vida l\u00e1 fora, curtir o p\u00f4r do sol depois de um dia agitado, praticar uma atividade f\u00edsica ao ar livre ou simplesmente estar em contato com a natureza. Apesar dos benef\u00edcios dessas tarefas, como al\u00edvio do estresse e sensa\u00e7\u00e3o de leveza, serem conhecidos por todos, a maioria das pessoas ainda foca suas [&hellip;]<\/p>\n","protected":false},"author":3,"featured_media":21011,"comment_status":"open","ping_status":"open","sticky":false,"template":"","format":"standard","meta":{"_monsterinsights_skip_tracking":false,"_monsterinsights_sitenote_active":false,"_monsterinsights_sitenote_note":"","_monsterinsights_sitenote_category":0,"footnotes":""},"categories":[295],"tags":[],"yoast_head":"<!-- This site is optimized with the Yoast SEO plugin v22.9 - https:\/\/yoast.com\/wordpress\/plugins\/seo\/ -->\n<title>Pesquisa mostra desejo dos brasileiros por mais tempo ao ar livre, mas metas para o pr\u00f3ximo ano s\u00e3o mais focadas em produtividade - Portal MF<\/title>\n<meta name=\"robots\" content=\"index, follow, max-snippet:-1, max-image-preview:large, max-video-preview:-1\" \/>\n<link rel=\"canonical\" href=\"https:\/\/portalmf.com.br\/index.php\/2023\/12\/19\/pesquisa-mostra-desejo-dos-brasileiros-por-mais-tempo-ao-ar-livre-mas-metas-para-o-proximo-ano-sao-mais-focadas-em-produtividade\/\" \/>\n<meta property=\"og:locale\" content=\"pt_BR\" \/>\n<meta property=\"og:type\" content=\"article\" \/>\n<meta property=\"og:title\" content=\"Pesquisa mostra desejo dos brasileiros por mais tempo ao ar livre, mas metas para o pr\u00f3ximo ano s\u00e3o mais focadas em produtividade - Portal MF\" \/>\n<meta property=\"og:description\" content=\"Viver mais a vida l\u00e1 fora, curtir o p\u00f4r do sol depois de um dia agitado, praticar uma atividade f\u00edsica ao ar livre ou simplesmente estar em contato com a natureza. Apesar dos benef\u00edcios dessas tarefas, como al\u00edvio do estresse e sensa\u00e7\u00e3o de leveza, serem conhecidos por todos, a maioria das pessoas ainda foca suas [&hellip;]\" \/>\n<meta property=\"og:url\" content=\"https:\/\/portalmf.com.br\/index.php\/2023\/12\/19\/pesquisa-mostra-desejo-dos-brasileiros-por-mais-tempo-ao-ar-livre-mas-metas-para-o-proximo-ano-sao-mais-focadas-em-produtividade\/\" \/>\n<meta property=\"og:site_name\" content=\"Portal MF\" \/>\n<meta property=\"article:author\" content=\"https:\/\/www.facebook.com\/portalmfoficial\" \/>\n<meta property=\"article:published_time\" content=\"2023-12-19T15:02:57+00:00\" \/>\n<meta property=\"article:modified_time\" content=\"2023-12-19T15:02:58+00:00\" \/>\n<meta property=\"og:image\" content=\"https:\/\/portalmf.com.br\/wp-content\/uploads\/2023\/12\/WhatsApp-Image-2023-12-19-at-10.03.35.jpeg\" \/>\n\t<meta property=\"og:image:width\" content=\"800\" \/>\n\t<meta property=\"og:image:height\" content=\"486\" \/>\n\t<meta property=\"og:image:type\" content=\"image\/jpeg\" \/>\n<meta name=\"author\" content=\"Reda\u00e7\u00e3o Portal MF\" \/>\n<meta name=\"twitter:card\" content=\"summary_large_image\" \/>\n<meta name=\"twitter:creator\" content=\"@https:\/\/x.com\/portalmfoficial\" \/>\n<meta name=\"twitter:label1\" content=\"Escrito por\" \/>\n\t<meta name=\"twitter:data1\" content=\"Reda\u00e7\u00e3o Portal MF\" \/>\n\t<meta name=\"twitter:label2\" content=\"Est. tempo de leitura\" \/>\n\t<meta name=\"twitter:data2\" content=\"5 minutos\" \/>\n<script type=\"application\/ld+json\" class=\"yoast-schema-graph\">{\"@context\":\"https:\/\/schema.org\",\"@graph\":[{\"@type\":\"WebPage\",\"@id\":\"https:\/\/portalmf.com.br\/index.php\/2023\/12\/19\/pesquisa-mostra-desejo-dos-brasileiros-por-mais-tempo-ao-ar-livre-mas-metas-para-o-proximo-ano-sao-mais-focadas-em-produtividade\/\",\"url\":\"https:\/\/portalmf.com.br\/index.php\/2023\/12\/19\/pesquisa-mostra-desejo-dos-brasileiros-por-mais-tempo-ao-ar-livre-mas-metas-para-o-proximo-ano-sao-mais-focadas-em-produtividade\/\",\"name\":\"Pesquisa mostra desejo dos brasileiros por mais tempo ao ar livre, mas metas para o pr\u00f3ximo ano s\u00e3o mais focadas em produtividade - Portal MF\",\"isPartOf\":{\"@id\":\"https:\/\/portalmf.com.br\/#website\"},\"primaryImageOfPage\":{\"@id\":\"https:\/\/portalmf.com.br\/index.php\/2023\/12\/19\/pesquisa-mostra-desejo-dos-brasileiros-por-mais-tempo-ao-ar-livre-mas-metas-para-o-proximo-ano-sao-mais-focadas-em-produtividade\/#primaryimage\"},\"image\":{\"@id\":\"https:\/\/portalmf.com.br\/index.php\/2023\/12\/19\/pesquisa-mostra-desejo-dos-brasileiros-por-mais-tempo-ao-ar-livre-mas-metas-para-o-proximo-ano-sao-mais-focadas-em-produtividade\/#primaryimage\"},\"thumbnailUrl\":\"https:\/\/portalmf.com.br\/wp-content\/uploads\/2023\/12\/WhatsApp-Image-2023-12-19-at-10.03.35.jpeg\",\"datePublished\":\"2023-12-19T15:02:57+00:00\",\"dateModified\":\"2023-12-19T15:02:58+00:00\",\"author\":{\"@id\":\"https:\/\/portalmf.com.br\/#\/schema\/person\/9ec101baf56233e53520c26de5d6f6f0\"},\"breadcrumb\":{\"@id\":\"https:\/\/portalmf.com.br\/index.php\/2023\/12\/19\/pesquisa-mostra-desejo-dos-brasileiros-por-mais-tempo-ao-ar-livre-mas-metas-para-o-proximo-ano-sao-mais-focadas-em-produtividade\/#breadcrumb\"},\"inLanguage\":\"pt-BR\",\"potentialAction\":[{\"@type\":\"ReadAction\",\"target\":[\"https:\/\/portalmf.com.br\/index.php\/2023\/12\/19\/pesquisa-mostra-desejo-dos-brasileiros-por-mais-tempo-ao-ar-livre-mas-metas-para-o-proximo-ano-sao-mais-focadas-em-produtividade\/\"]}]},{\"@type\":\"ImageObject\",\"inLanguage\":\"pt-BR\",\"@id\":\"https:\/\/portalmf.com.br\/index.php\/2023\/12\/19\/pesquisa-mostra-desejo-dos-brasileiros-por-mais-tempo-ao-ar-livre-mas-metas-para-o-proximo-ano-sao-mais-focadas-em-produtividade\/#primaryimage\",\"url\":\"https:\/\/portalmf.com.br\/wp-content\/uploads\/2023\/12\/WhatsApp-Image-2023-12-19-at-10.03.35.jpeg\",\"contentUrl\":\"https:\/\/portalmf.com.br\/wp-content\/uploads\/2023\/12\/WhatsApp-Image-2023-12-19-at-10.03.35.jpeg\",\"width\":800,\"height\":486},{\"@type\":\"BreadcrumbList\",\"@id\":\"https:\/\/portalmf.com.br\/index.php\/2023\/12\/19\/pesquisa-mostra-desejo-dos-brasileiros-por-mais-tempo-ao-ar-livre-mas-metas-para-o-proximo-ano-sao-mais-focadas-em-produtividade\/#breadcrumb\",\"itemListElement\":[{\"@type\":\"ListItem\",\"position\":1,\"name\":\"In\u00edcio\",\"item\":\"https:\/\/portalmf.com.br\/\"},{\"@type\":\"ListItem\",\"position\":2,\"name\":\"Pesquisa mostra desejo dos brasileiros por mais tempo ao ar livre, mas metas para o pr\u00f3ximo ano s\u00e3o mais focadas em produtividade\"}]},{\"@type\":\"WebSite\",\"@id\":\"https:\/\/portalmf.com.br\/#website\",\"url\":\"https:\/\/portalmf.com.br\/\",\"name\":\"Portal MF\",\"description\":\"Voc\u00ea conectado com a informa\u00e7\u00e3o\",\"potentialAction\":[{\"@type\":\"SearchAction\",\"target\":{\"@type\":\"EntryPoint\",\"urlTemplate\":\"https:\/\/portalmf.com.br\/?s={search_term_string}\"},\"query-input\":\"required name=search_term_string\"}],\"inLanguage\":\"pt-BR\"},{\"@type\":\"Person\",\"@id\":\"https:\/\/portalmf.com.br\/#\/schema\/person\/9ec101baf56233e53520c26de5d6f6f0\",\"name\":\"Reda\u00e7\u00e3o Portal MF\",\"image\":{\"@type\":\"ImageObject\",\"inLanguage\":\"pt-BR\",\"@id\":\"https:\/\/portalmf.com.br\/#\/schema\/person\/image\/\",\"url\":\"https:\/\/secure.gravatar.com\/avatar\/41b9aaeb2100835f7c64362330f74c7f?s=96&d=mm&r=g\",\"contentUrl\":\"https:\/\/secure.gravatar.com\/avatar\/41b9aaeb2100835f7c64362330f74c7f?s=96&d=mm&r=g\",\"caption\":\"Reda\u00e7\u00e3o Portal MF\"},\"description\":\"Sejam bem-vindos o portal de informa\u00e7\u00f5es de entretenimento de Feira de Santana, desde 2006 realiza coberturas dos principais eventos com entrevistas exclusivas com as principais personalidades mundiais. Fique conectado tamb\u00e9m nas redes sociais.\",\"sameAs\":[\"http:\/\/www.portalmf.com.br\/\",\"https:\/\/www.facebook.com\/portalmfoficial\",\"https:\/\/www.instagram.com\/portalmf\/\",\"https:\/\/x.com\/https:\/\/x.com\/portalmfoficial\",\"https:\/\/www.youtube.com\/@portalmfoficial\"],\"url\":\"https:\/\/portalmf.com.br\/index.php\/author\/junior\/\"}]}<\/script>\n<!-- \/ Yoast SEO plugin. -->","yoast_head_json":{"title":"Pesquisa mostra desejo dos brasileiros por mais tempo ao ar livre, mas metas para o pr\u00f3ximo ano s\u00e3o mais focadas em produtividade - Portal MF","robots":{"index":"index","follow":"follow","max-snippet":"max-snippet:-1","max-image-preview":"max-image-preview:large","max-video-preview":"max-video-preview:-1"},"canonical":"https:\/\/portalmf.com.br\/index.php\/2023\/12\/19\/pesquisa-mostra-desejo-dos-brasileiros-por-mais-tempo-ao-ar-livre-mas-metas-para-o-proximo-ano-sao-mais-focadas-em-produtividade\/","og_locale":"pt_BR","og_type":"article","og_title":"Pesquisa mostra desejo dos brasileiros por mais tempo ao ar livre, mas metas para o pr\u00f3ximo ano s\u00e3o mais focadas em produtividade - Portal MF","og_description":"Viver mais a vida l\u00e1 fora, curtir o p\u00f4r do sol depois de um dia agitado, praticar uma atividade f\u00edsica ao ar livre ou simplesmente estar em contato com a natureza. Apesar dos benef\u00edcios dessas tarefas, como al\u00edvio do estresse e sensa\u00e7\u00e3o de leveza, serem conhecidos por todos, a maioria das pessoas ainda foca suas [&hellip;]","og_url":"https:\/\/portalmf.com.br\/index.php\/2023\/12\/19\/pesquisa-mostra-desejo-dos-brasileiros-por-mais-tempo-ao-ar-livre-mas-metas-para-o-proximo-ano-sao-mais-focadas-em-produtividade\/","og_site_name":"Portal MF","article_author":"https:\/\/www.facebook.com\/portalmfoficial","article_published_time":"2023-12-19T15:02:57+00:00","article_modified_time":"2023-12-19T15:02:58+00:00","og_image":[{"width":800,"height":486,"url":"https:\/\/portalmf.com.br\/wp-content\/uploads\/2023\/12\/WhatsApp-Image-2023-12-19-at-10.03.35.jpeg","type":"image\/jpeg"}],"author":"Reda\u00e7\u00e3o Portal MF","twitter_card":"summary_large_image","twitter_creator":"@https:\/\/x.com\/portalmfoficial","twitter_misc":{"Escrito por":"Reda\u00e7\u00e3o Portal MF","Est. tempo de leitura":"5 minutos"},"schema":{"@context":"https:\/\/schema.org","@graph":[{"@type":"WebPage","@id":"https:\/\/portalmf.com.br\/index.php\/2023\/12\/19\/pesquisa-mostra-desejo-dos-brasileiros-por-mais-tempo-ao-ar-livre-mas-metas-para-o-proximo-ano-sao-mais-focadas-em-produtividade\/","url":"https:\/\/portalmf.com.br\/index.php\/2023\/12\/19\/pesquisa-mostra-desejo-dos-brasileiros-por-mais-tempo-ao-ar-livre-mas-metas-para-o-proximo-ano-sao-mais-focadas-em-produtividade\/","name":"Pesquisa mostra desejo dos brasileiros por mais tempo ao ar livre, mas metas para o pr\u00f3ximo ano s\u00e3o mais focadas em produtividade - Portal MF","isPartOf":{"@id":"https:\/\/portalmf.com.br\/#website"},"primaryImageOfPage":{"@id":"https:\/\/portalmf.com.br\/index.php\/2023\/12\/19\/pesquisa-mostra-desejo-dos-brasileiros-por-mais-tempo-ao-ar-livre-mas-metas-para-o-proximo-ano-sao-mais-focadas-em-produtividade\/#primaryimage"},"image":{"@id":"https:\/\/portalmf.com.br\/index.php\/2023\/12\/19\/pesquisa-mostra-desejo-dos-brasileiros-por-mais-tempo-ao-ar-livre-mas-metas-para-o-proximo-ano-sao-mais-focadas-em-produtividade\/#primaryimage"},"thumbnailUrl":"https:\/\/portalmf.com.br\/wp-content\/uploads\/2023\/12\/WhatsApp-Image-2023-12-19-at-10.03.35.jpeg","datePublished":"2023-12-19T15:02:57+00:00","dateModified":"2023-12-19T15:02:58+00:00","author":{"@id":"https:\/\/portalmf.com.br\/#\/schema\/person\/9ec101baf56233e53520c26de5d6f6f0"},"breadcrumb":{"@id":"https:\/\/portalmf.com.br\/index.php\/2023\/12\/19\/pesquisa-mostra-desejo-dos-brasileiros-por-mais-tempo-ao-ar-livre-mas-metas-para-o-proximo-ano-sao-mais-focadas-em-produtividade\/#breadcrumb"},"inLanguage":"pt-BR","potentialAction":[{"@type":"ReadAction","target":["https:\/\/portalmf.com.br\/index.php\/2023\/12\/19\/pesquisa-mostra-desejo-dos-brasileiros-por-mais-tempo-ao-ar-livre-mas-metas-para-o-proximo-ano-sao-mais-focadas-em-produtividade\/"]}]},{"@type":"ImageObject","inLanguage":"pt-BR","@id":"https:\/\/portalmf.com.br\/index.php\/2023\/12\/19\/pesquisa-mostra-desejo-dos-brasileiros-por-mais-tempo-ao-ar-livre-mas-metas-para-o-proximo-ano-sao-mais-focadas-em-produtividade\/#primaryimage","url":"https:\/\/portalmf.com.br\/wp-content\/uploads\/2023\/12\/WhatsApp-Image-2023-12-19-at-10.03.35.jpeg","contentUrl":"https:\/\/portalmf.com.br\/wp-content\/uploads\/2023\/12\/WhatsApp-Image-2023-12-19-at-10.03.35.jpeg","width":800,"height":486},{"@type":"BreadcrumbList","@id":"https:\/\/portalmf.com.br\/index.php\/2023\/12\/19\/pesquisa-mostra-desejo-dos-brasileiros-por-mais-tempo-ao-ar-livre-mas-metas-para-o-proximo-ano-sao-mais-focadas-em-produtividade\/#breadcrumb","itemListElement":[{"@type":"ListItem","position":1,"name":"In\u00edcio","item":"https:\/\/portalmf.com.br\/"},{"@type":"ListItem","position":2,"name":"Pesquisa mostra desejo dos brasileiros por mais tempo ao ar livre, mas metas para o pr\u00f3ximo ano s\u00e3o mais focadas em produtividade"}]},{"@type":"WebSite","@id":"https:\/\/portalmf.com.br\/#website","url":"https:\/\/portalmf.com.br\/","name":"Portal MF","description":"Voc\u00ea conectado com a informa\u00e7\u00e3o","potentialAction":[{"@type":"SearchAction","target":{"@type":"EntryPoint","urlTemplate":"https:\/\/portalmf.com.br\/?s={search_term_string}"},"query-input":"required name=search_term_string"}],"inLanguage":"pt-BR"},{"@type":"Person","@id":"https:\/\/portalmf.com.br\/#\/schema\/person\/9ec101baf56233e53520c26de5d6f6f0","name":"Reda\u00e7\u00e3o Portal MF","image":{"@type":"ImageObject","inLanguage":"pt-BR","@id":"https:\/\/portalmf.com.br\/#\/schema\/person\/image\/","url":"https:\/\/secure.gravatar.com\/avatar\/41b9aaeb2100835f7c64362330f74c7f?s=96&d=mm&r=g","contentUrl":"https:\/\/secure.gravatar.com\/avatar\/41b9aaeb2100835f7c64362330f74c7f?s=96&d=mm&r=g","caption":"Reda\u00e7\u00e3o Portal MF"},"description":"Sejam bem-vindos o portal de informa\u00e7\u00f5es de entretenimento de Feira de Santana, desde 2006 realiza coberturas dos principais eventos com entrevistas exclusivas com as principais personalidades mundiais. Fique conectado tamb\u00e9m nas redes sociais.","sameAs":["http:\/\/www.portalmf.com.br\/","https:\/\/www.facebook.com\/portalmfoficial","https:\/\/www.instagram.com\/portalmf\/","https:\/\/x.com\/https:\/\/x.com\/portalmfoficial","https:\/\/www.youtube.com\/@portalmfoficial"],"url":"https:\/\/portalmf.com.br\/index.php\/author\/junior\/"}]}},"_links":{"self":[{"href":"https:\/\/portalmf.com.br\/index.php\/wp-json\/wp\/v2\/posts\/21010"}],"collection":[{"href":"https:\/\/portalmf.com.br\/index.php\/wp-json\/wp\/v2\/posts"}],"about":[{"href":"https:\/\/portalmf.com.br\/index.php\/wp-json\/wp\/v2\/types\/post"}],"author":[{"embeddable":true,"href":"https:\/\/portalmf.com.br\/index.php\/wp-json\/wp\/v2\/users\/3"}],"replies":[{"embeddable":true,"href":"https:\/\/portalmf.com.br\/index.php\/wp-json\/wp\/v2\/comments?post=21010"}],"version-history":[{"count":1,"href":"https:\/\/portalmf.com.br\/index.php\/wp-json\/wp\/v2\/posts\/21010\/revisions"}],"predecessor-version":[{"id":21012,"href":"https:\/\/portalmf.com.br\/index.php\/wp-json\/wp\/v2\/posts\/21010\/revisions\/21012"}],"wp:featuredmedia":[{"embeddable":true,"href":"https:\/\/portalmf.com.br\/index.php\/wp-json\/wp\/v2\/media\/21011"}],"wp:attachment":[{"href":"https:\/\/portalmf.com.br\/index.php\/wp-json\/wp\/v2\/media?parent=21010"}],"wp:term":[{"taxonomy":"category","embeddable":true,"href":"https:\/\/portalmf.com.br\/index.php\/wp-json\/wp\/v2\/categories?post=21010"},{"taxonomy":"post_tag","embeddable":true,"href":"https:\/\/portalmf.com.br\/index.php\/wp-json\/wp\/v2\/tags?post=21010"}],"curies":[{"name":"wp","href":"https:\/\/api.w.org\/{rel}","templated":true}]}}