{"id":20997,"date":"2023-12-18T11:00:57","date_gmt":"2023-12-18T14:00:57","guid":{"rendered":"https:\/\/portalmf.com.br\/?p=20997"},"modified":"2023-12-18T11:01:01","modified_gmt":"2023-12-18T14:01:01","slug":"por-emenda-de-ze-neto-cabucu-bom-jesus-e-regiao-de-saubara-recebem-nova-base-movel-da-policia-militar","status":"publish","type":"post","link":"https:\/\/portalmf.com.br\/index.php\/2023\/12\/18\/por-emenda-de-ze-neto-cabucu-bom-jesus-e-regiao-de-saubara-recebem-nova-base-movel-da-policia-militar\/","title":{"rendered":"Por emenda de Z\u00e9 Neto, Cabu\u00e7u, Bom Jesus e regi\u00e3o de Saubara recebem nova Base M\u00f3vel da Pol\u00edcia Militar"},"content":{"rendered":"\n<p>As praias de Cabu\u00e7u e Bom Jesus dos Pobres, localizadas no munic\u00edpio de Saubara, foram contempladas com uma nova Base M\u00f3vel da Pol\u00edcia Militar neste domingo (17), para refor\u00e7ar o policiamento e seguran\u00e7a em toda a regi\u00e3o. A aquisi\u00e7\u00e3o da Base M\u00f3vel \u00e9 fruto de emenda parlamentar do deputado federal Z\u00e9 Neto (PT), em parceria com o deputado estadual Robinson Almeida, o vereador Silvio Dias, a Prefeitura de Saubara e a PM da Bahia.<\/p>\n\n\n\n<p>A entrega oficial foi feita por Z\u00e9 Neto ao comandante da 20\u00aa Companhia Independente de Pol\u00edcia Militar (CIPM), Major Marcos Davi, e ao secret\u00e1rio de Administra\u00e7\u00e3o de Saubara, Ant\u00f4nio Raimundo \u201cBolinha\u201d, que representou a prefeita M\u00e1rcia de Bolinha na solenidade, em Praia do Sol.<\/p>\n\n\n\n<p><em>\u201cEssa ferramenta agrega muito o combate \u00e0 viol\u00eancia no munic\u00edpio, onde passamos praticamente o ano de 2023 sem nenhum homic\u00eddio, com exce\u00e7\u00e3o de uma fatalidade agora em dezembro. A gente vem combatendo o crime e com a \u2018Opera\u00e7\u00e3o Ver\u00e3o\u2019, iniciada pelo Governo do Estado, e n\u00f3s temos tido um incremento dessa Base M\u00f3vel em Praia do Sol, com quadriciclos e viaturas todos os finais de semana at\u00e9 o m\u00eas de mar\u00e7o ou abril\u201c,<\/em> destacou o Major PM Davi.<\/p>\n\n\n\n<p>Ao saudar os presentes, o secret\u00e1rio Bolinha agradeceu a Z\u00e9 Neto e a \u201ctodos que colaboraram e contribu\u00edram para que isso acontecesse\u201d.<\/p>\n\n\n\n<figure class=\"wp-block-image size-full\"><img fetchpriority=\"high\" decoding=\"async\" width=\"1024\" height=\"683\" src=\"https:\/\/portalmf.com.br\/wp-content\/uploads\/2023\/12\/Por-emenda-de-Ze-Neto-Cabucu-Bom-Jesus-e-regiao-de-Saubara-recebem-nova-Base-Movel-da-Policia-Militar-1.jpeg\" alt=\"\" class=\"wp-image-20999\" srcset=\"https:\/\/portalmf.com.br\/wp-content\/uploads\/2023\/12\/Por-emenda-de-Ze-Neto-Cabucu-Bom-Jesus-e-regiao-de-Saubara-recebem-nova-Base-Movel-da-Policia-Militar-1.jpeg 1024w, https:\/\/portalmf.com.br\/wp-content\/uploads\/2023\/12\/Por-emenda-de-Ze-Neto-Cabucu-Bom-Jesus-e-regiao-de-Saubara-recebem-nova-Base-Movel-da-Policia-Militar-1-300x200.jpeg 300w, https:\/\/portalmf.com.br\/wp-content\/uploads\/2023\/12\/Por-emenda-de-Ze-Neto-Cabucu-Bom-Jesus-e-regiao-de-Saubara-recebem-nova-Base-Movel-da-Policia-Militar-1-768x512.jpeg 768w, https:\/\/portalmf.com.br\/wp-content\/uploads\/2023\/12\/Por-emenda-de-Ze-Neto-Cabucu-Bom-Jesus-e-regiao-de-Saubara-recebem-nova-Base-Movel-da-Policia-Militar-1-585x390.jpeg 585w, https:\/\/portalmf.com.br\/wp-content\/uploads\/2023\/12\/Por-emenda-de-Ze-Neto-Cabucu-Bom-Jesus-e-regiao-de-Saubara-recebem-nova-Base-Movel-da-Policia-Militar-1-263x175.jpeg 263w\" sizes=\"(max-width: 1024px) 100vw, 1024px\" \/><figcaption class=\"wp-element-caption\">Foto: Divulga\u00e7\u00e3o \/ Ascom<\/figcaption><\/figure>\n\n\n\n<p>Para o deputado Z\u00e9 Neto, a chegada da Base M\u00f3vel da PM em Cabu\u00e7u dar\u00e1 suporte adequado aos policiais no trabalho ostensivo, estrat\u00e9gico e preventivo \u00e0 popula\u00e7\u00e3o<em>. \u201cCabu\u00e7u \u00e9 a praia mais frequentada pelos feirenses, principalmente nesse per\u00edodo de veraneio, quando o fluxo de turistas aumenta na regi\u00e3o e necessita de aten\u00e7\u00e3o ainda maior no quesito seguran\u00e7a. E a Base M\u00f3vel, fruto dessa parceria do nosso Mandato com o governador Jer\u00f4nimo; o secret\u00e1rio de Seguran\u00e7a P\u00fablica, Marcelo Werner; os comandantes geral da Pol\u00edcia Militar da Bahia, Coronel Paulo Coutinho, do Policiamento da Regi\u00e3o Maria Quit\u00e9ria, Coronel Ant\u00f4nio Lopes, e da 20\u00aa CIPM, Major Davi; o deputado Robinson; o vereador Silvio Dias; a prefeita M\u00e1rcia e o secret\u00e1rio Bolinha; e as lideran\u00e7as Ronaldo e Nildo; os quais, eu agrade\u00e7o pela aten\u00e7\u00e3o e cuidado com nosso povo, v\u00eam exatamente pra refor\u00e7ar o policiamento e a seguran\u00e7a de todas e todos\u201d, <\/em>afirmou.<\/p>\n\n\n\n<p>Tamb\u00e9m estiveram presentes na entrega o vice-prefeito de Saubara, Marco Ceuta; o delegado Andr\u00e9, da Pol\u00edcia Civil; o sargento PM Jean Jackson; as lideran\u00e7as Ronaldo Salom\u00e3o e Nildo Santos, da Pousada e Restaurante Kanto do Sol; e a comunidade.<\/p>\n","protected":false},"excerpt":{"rendered":"<p>As praias de Cabu\u00e7u e Bom Jesus dos Pobres, localizadas no munic\u00edpio de Saubara, foram contempladas com uma nova Base M\u00f3vel da Pol\u00edcia Militar neste domingo (17), para refor\u00e7ar o policiamento e seguran\u00e7a em toda a regi\u00e3o. A aquisi\u00e7\u00e3o da Base M\u00f3vel \u00e9 fruto de emenda parlamentar do deputado federal Z\u00e9 Neto (PT), em parceria [&hellip;]<\/p>\n","protected":false},"author":3,"featured_media":20998,"comment_status":"open","ping_status":"open","sticky":false,"template":"","format":"standard","meta":{"_monsterinsights_skip_tracking":false,"_monsterinsights_sitenote_active":false,"_monsterinsights_sitenote_note":"","_monsterinsights_sitenote_category":0,"footnotes":""},"categories":[34],"tags":[],"yoast_head":"<!-- This site is optimized with the Yoast SEO plugin v22.9 - https:\/\/yoast.com\/wordpress\/plugins\/seo\/ -->\n<title>Por emenda de Z\u00e9 Neto, Cabu\u00e7u, Bom Jesus e regi\u00e3o de Saubara recebem nova Base M\u00f3vel da Pol\u00edcia Militar - Portal MF<\/title>\n<meta name=\"robots\" content=\"index, follow, max-snippet:-1, max-image-preview:large, max-video-preview:-1\" \/>\n<link rel=\"canonical\" href=\"https:\/\/portalmf.com.br\/index.php\/2023\/12\/18\/por-emenda-de-ze-neto-cabucu-bom-jesus-e-regiao-de-saubara-recebem-nova-base-movel-da-policia-militar\/\" \/>\n<meta property=\"og:locale\" content=\"pt_BR\" \/>\n<meta property=\"og:type\" content=\"article\" \/>\n<meta property=\"og:title\" content=\"Por emenda de Z\u00e9 Neto, Cabu\u00e7u, Bom Jesus e regi\u00e3o de Saubara recebem nova Base M\u00f3vel da Pol\u00edcia Militar - Portal MF\" \/>\n<meta property=\"og:description\" content=\"As praias de Cabu\u00e7u e Bom Jesus dos Pobres, localizadas no munic\u00edpio de Saubara, foram contempladas com uma nova Base M\u00f3vel da Pol\u00edcia Militar neste domingo (17), para refor\u00e7ar o policiamento e seguran\u00e7a em toda a regi\u00e3o. A aquisi\u00e7\u00e3o da Base M\u00f3vel \u00e9 fruto de emenda parlamentar do deputado federal Z\u00e9 Neto (PT), em parceria [&hellip;]\" \/>\n<meta property=\"og:url\" content=\"https:\/\/portalmf.com.br\/index.php\/2023\/12\/18\/por-emenda-de-ze-neto-cabucu-bom-jesus-e-regiao-de-saubara-recebem-nova-base-movel-da-policia-militar\/\" \/>\n<meta property=\"og:site_name\" content=\"Portal MF\" \/>\n<meta property=\"article:author\" content=\"https:\/\/www.facebook.com\/portalmfoficial\" \/>\n<meta property=\"article:published_time\" content=\"2023-12-18T14:00:57+00:00\" \/>\n<meta property=\"article:modified_time\" content=\"2023-12-18T14:01:01+00:00\" \/>\n<meta property=\"og:image\" content=\"https:\/\/portalmf.com.br\/wp-content\/uploads\/2023\/12\/Por-emenda-de-Ze-Neto-Cabucu-Bom-Jesus-e-regiao-de-Saubara-recebem-nova-Base-Movel-da-Policia-Militar-2.jpeg\" \/>\n\t<meta property=\"og:image:width\" content=\"1024\" \/>\n\t<meta property=\"og:image:height\" content=\"683\" \/>\n\t<meta property=\"og:image:type\" content=\"image\/jpeg\" \/>\n<meta name=\"author\" content=\"Reda\u00e7\u00e3o Portal MF\" \/>\n<meta name=\"twitter:card\" content=\"summary_large_image\" \/>\n<meta name=\"twitter:creator\" content=\"@https:\/\/x.com\/portalmfoficial\" \/>\n<meta name=\"twitter:label1\" content=\"Escrito por\" \/>\n\t<meta name=\"twitter:data1\" content=\"Reda\u00e7\u00e3o Portal MF\" \/>\n\t<meta name=\"twitter:label2\" content=\"Est. tempo de leitura\" \/>\n\t<meta name=\"twitter:data2\" content=\"3 minutos\" \/>\n<script type=\"application\/ld+json\" class=\"yoast-schema-graph\">{\"@context\":\"https:\/\/schema.org\",\"@graph\":[{\"@type\":\"WebPage\",\"@id\":\"https:\/\/portalmf.com.br\/index.php\/2023\/12\/18\/por-emenda-de-ze-neto-cabucu-bom-jesus-e-regiao-de-saubara-recebem-nova-base-movel-da-policia-militar\/\",\"url\":\"https:\/\/portalmf.com.br\/index.php\/2023\/12\/18\/por-emenda-de-ze-neto-cabucu-bom-jesus-e-regiao-de-saubara-recebem-nova-base-movel-da-policia-militar\/\",\"name\":\"Por emenda de Z\u00e9 Neto, Cabu\u00e7u, Bom Jesus e regi\u00e3o de Saubara recebem nova Base M\u00f3vel da Pol\u00edcia Militar - Portal MF\",\"isPartOf\":{\"@id\":\"https:\/\/portalmf.com.br\/#website\"},\"primaryImageOfPage\":{\"@id\":\"https:\/\/portalmf.com.br\/index.php\/2023\/12\/18\/por-emenda-de-ze-neto-cabucu-bom-jesus-e-regiao-de-saubara-recebem-nova-base-movel-da-policia-militar\/#primaryimage\"},\"image\":{\"@id\":\"https:\/\/portalmf.com.br\/index.php\/2023\/12\/18\/por-emenda-de-ze-neto-cabucu-bom-jesus-e-regiao-de-saubara-recebem-nova-base-movel-da-policia-militar\/#primaryimage\"},\"thumbnailUrl\":\"https:\/\/portalmf.com.br\/wp-content\/uploads\/2023\/12\/Por-emenda-de-Ze-Neto-Cabucu-Bom-Jesus-e-regiao-de-Saubara-recebem-nova-Base-Movel-da-Policia-Militar-2.jpeg\",\"datePublished\":\"2023-12-18T14:00:57+00:00\",\"dateModified\":\"2023-12-18T14:01:01+00:00\",\"author\":{\"@id\":\"https:\/\/portalmf.com.br\/#\/schema\/person\/9ec101baf56233e53520c26de5d6f6f0\"},\"breadcrumb\":{\"@id\":\"https:\/\/portalmf.com.br\/index.php\/2023\/12\/18\/por-emenda-de-ze-neto-cabucu-bom-jesus-e-regiao-de-saubara-recebem-nova-base-movel-da-policia-militar\/#breadcrumb\"},\"inLanguage\":\"pt-BR\",\"potentialAction\":[{\"@type\":\"ReadAction\",\"target\":[\"https:\/\/portalmf.com.br\/index.php\/2023\/12\/18\/por-emenda-de-ze-neto-cabucu-bom-jesus-e-regiao-de-saubara-recebem-nova-base-movel-da-policia-militar\/\"]}]},{\"@type\":\"ImageObject\",\"inLanguage\":\"pt-BR\",\"@id\":\"https:\/\/portalmf.com.br\/index.php\/2023\/12\/18\/por-emenda-de-ze-neto-cabucu-bom-jesus-e-regiao-de-saubara-recebem-nova-base-movel-da-policia-militar\/#primaryimage\",\"url\":\"https:\/\/portalmf.com.br\/wp-content\/uploads\/2023\/12\/Por-emenda-de-Ze-Neto-Cabucu-Bom-Jesus-e-regiao-de-Saubara-recebem-nova-Base-Movel-da-Policia-Militar-2.jpeg\",\"contentUrl\":\"https:\/\/portalmf.com.br\/wp-content\/uploads\/2023\/12\/Por-emenda-de-Ze-Neto-Cabucu-Bom-Jesus-e-regiao-de-Saubara-recebem-nova-Base-Movel-da-Policia-Militar-2.jpeg\",\"width\":1024,\"height\":683},{\"@type\":\"BreadcrumbList\",\"@id\":\"https:\/\/portalmf.com.br\/index.php\/2023\/12\/18\/por-emenda-de-ze-neto-cabucu-bom-jesus-e-regiao-de-saubara-recebem-nova-base-movel-da-policia-militar\/#breadcrumb\",\"itemListElement\":[{\"@type\":\"ListItem\",\"position\":1,\"name\":\"In\u00edcio\",\"item\":\"https:\/\/portalmf.com.br\/\"},{\"@type\":\"ListItem\",\"position\":2,\"name\":\"Por emenda de Z\u00e9 Neto, Cabu\u00e7u, Bom Jesus e regi\u00e3o de Saubara recebem nova Base M\u00f3vel da Pol\u00edcia Militar\"}]},{\"@type\":\"WebSite\",\"@id\":\"https:\/\/portalmf.com.br\/#website\",\"url\":\"https:\/\/portalmf.com.br\/\",\"name\":\"Portal MF\",\"description\":\"Voc\u00ea conectado com a informa\u00e7\u00e3o\",\"potentialAction\":[{\"@type\":\"SearchAction\",\"target\":{\"@type\":\"EntryPoint\",\"urlTemplate\":\"https:\/\/portalmf.com.br\/?s={search_term_string}\"},\"query-input\":\"required name=search_term_string\"}],\"inLanguage\":\"pt-BR\"},{\"@type\":\"Person\",\"@id\":\"https:\/\/portalmf.com.br\/#\/schema\/person\/9ec101baf56233e53520c26de5d6f6f0\",\"name\":\"Reda\u00e7\u00e3o Portal MF\",\"image\":{\"@type\":\"ImageObject\",\"inLanguage\":\"pt-BR\",\"@id\":\"https:\/\/portalmf.com.br\/#\/schema\/person\/image\/\",\"url\":\"https:\/\/secure.gravatar.com\/avatar\/41b9aaeb2100835f7c64362330f74c7f?s=96&d=mm&r=g\",\"contentUrl\":\"https:\/\/secure.gravatar.com\/avatar\/41b9aaeb2100835f7c64362330f74c7f?s=96&d=mm&r=g\",\"caption\":\"Reda\u00e7\u00e3o Portal MF\"},\"description\":\"Sejam bem-vindos o portal de informa\u00e7\u00f5es de entretenimento de Feira de Santana, desde 2006 realiza coberturas dos principais eventos com entrevistas exclusivas com as principais personalidades mundiais. Fique conectado tamb\u00e9m nas redes sociais.\",\"sameAs\":[\"http:\/\/www.portalmf.com.br\/\",\"https:\/\/www.facebook.com\/portalmfoficial\",\"https:\/\/www.instagram.com\/portalmf\/\",\"https:\/\/x.com\/https:\/\/x.com\/portalmfoficial\",\"https:\/\/www.youtube.com\/@portalmfoficial\"],\"url\":\"https:\/\/portalmf.com.br\/index.php\/author\/junior\/\"}]}<\/script>\n<!-- \/ Yoast SEO plugin. -->","yoast_head_json":{"title":"Por emenda de Z\u00e9 Neto, Cabu\u00e7u, Bom Jesus e regi\u00e3o de Saubara recebem nova Base M\u00f3vel da Pol\u00edcia Militar - Portal MF","robots":{"index":"index","follow":"follow","max-snippet":"max-snippet:-1","max-image-preview":"max-image-preview:large","max-video-preview":"max-video-preview:-1"},"canonical":"https:\/\/portalmf.com.br\/index.php\/2023\/12\/18\/por-emenda-de-ze-neto-cabucu-bom-jesus-e-regiao-de-saubara-recebem-nova-base-movel-da-policia-militar\/","og_locale":"pt_BR","og_type":"article","og_title":"Por emenda de Z\u00e9 Neto, Cabu\u00e7u, Bom Jesus e regi\u00e3o de Saubara recebem nova Base M\u00f3vel da Pol\u00edcia Militar - Portal MF","og_description":"As praias de Cabu\u00e7u e Bom Jesus dos Pobres, localizadas no munic\u00edpio de Saubara, foram contempladas com uma nova Base M\u00f3vel da Pol\u00edcia Militar neste domingo (17), para refor\u00e7ar o policiamento e seguran\u00e7a em toda a regi\u00e3o. A aquisi\u00e7\u00e3o da Base M\u00f3vel \u00e9 fruto de emenda parlamentar do deputado federal Z\u00e9 Neto (PT), em parceria [&hellip;]","og_url":"https:\/\/portalmf.com.br\/index.php\/2023\/12\/18\/por-emenda-de-ze-neto-cabucu-bom-jesus-e-regiao-de-saubara-recebem-nova-base-movel-da-policia-militar\/","og_site_name":"Portal MF","article_author":"https:\/\/www.facebook.com\/portalmfoficial","article_published_time":"2023-12-18T14:00:57+00:00","article_modified_time":"2023-12-18T14:01:01+00:00","og_image":[{"width":1024,"height":683,"url":"https:\/\/portalmf.com.br\/wp-content\/uploads\/2023\/12\/Por-emenda-de-Ze-Neto-Cabucu-Bom-Jesus-e-regiao-de-Saubara-recebem-nova-Base-Movel-da-Policia-Militar-2.jpeg","type":"image\/jpeg"}],"author":"Reda\u00e7\u00e3o Portal MF","twitter_card":"summary_large_image","twitter_creator":"@https:\/\/x.com\/portalmfoficial","twitter_misc":{"Escrito por":"Reda\u00e7\u00e3o Portal MF","Est. tempo de leitura":"3 minutos"},"schema":{"@context":"https:\/\/schema.org","@graph":[{"@type":"WebPage","@id":"https:\/\/portalmf.com.br\/index.php\/2023\/12\/18\/por-emenda-de-ze-neto-cabucu-bom-jesus-e-regiao-de-saubara-recebem-nova-base-movel-da-policia-militar\/","url":"https:\/\/portalmf.com.br\/index.php\/2023\/12\/18\/por-emenda-de-ze-neto-cabucu-bom-jesus-e-regiao-de-saubara-recebem-nova-base-movel-da-policia-militar\/","name":"Por emenda de Z\u00e9 Neto, Cabu\u00e7u, Bom Jesus e regi\u00e3o de Saubara recebem nova Base M\u00f3vel da Pol\u00edcia Militar - Portal MF","isPartOf":{"@id":"https:\/\/portalmf.com.br\/#website"},"primaryImageOfPage":{"@id":"https:\/\/portalmf.com.br\/index.php\/2023\/12\/18\/por-emenda-de-ze-neto-cabucu-bom-jesus-e-regiao-de-saubara-recebem-nova-base-movel-da-policia-militar\/#primaryimage"},"image":{"@id":"https:\/\/portalmf.com.br\/index.php\/2023\/12\/18\/por-emenda-de-ze-neto-cabucu-bom-jesus-e-regiao-de-saubara-recebem-nova-base-movel-da-policia-militar\/#primaryimage"},"thumbnailUrl":"https:\/\/portalmf.com.br\/wp-content\/uploads\/2023\/12\/Por-emenda-de-Ze-Neto-Cabucu-Bom-Jesus-e-regiao-de-Saubara-recebem-nova-Base-Movel-da-Policia-Militar-2.jpeg","datePublished":"2023-12-18T14:00:57+00:00","dateModified":"2023-12-18T14:01:01+00:00","author":{"@id":"https:\/\/portalmf.com.br\/#\/schema\/person\/9ec101baf56233e53520c26de5d6f6f0"},"breadcrumb":{"@id":"https:\/\/portalmf.com.br\/index.php\/2023\/12\/18\/por-emenda-de-ze-neto-cabucu-bom-jesus-e-regiao-de-saubara-recebem-nova-base-movel-da-policia-militar\/#breadcrumb"},"inLanguage":"pt-BR","potentialAction":[{"@type":"ReadAction","target":["https:\/\/portalmf.com.br\/index.php\/2023\/12\/18\/por-emenda-de-ze-neto-cabucu-bom-jesus-e-regiao-de-saubara-recebem-nova-base-movel-da-policia-militar\/"]}]},{"@type":"ImageObject","inLanguage":"pt-BR","@id":"https:\/\/portalmf.com.br\/index.php\/2023\/12\/18\/por-emenda-de-ze-neto-cabucu-bom-jesus-e-regiao-de-saubara-recebem-nova-base-movel-da-policia-militar\/#primaryimage","url":"https:\/\/portalmf.com.br\/wp-content\/uploads\/2023\/12\/Por-emenda-de-Ze-Neto-Cabucu-Bom-Jesus-e-regiao-de-Saubara-recebem-nova-Base-Movel-da-Policia-Militar-2.jpeg","contentUrl":"https:\/\/portalmf.com.br\/wp-content\/uploads\/2023\/12\/Por-emenda-de-Ze-Neto-Cabucu-Bom-Jesus-e-regiao-de-Saubara-recebem-nova-Base-Movel-da-Policia-Militar-2.jpeg","width":1024,"height":683},{"@type":"BreadcrumbList","@id":"https:\/\/portalmf.com.br\/index.php\/2023\/12\/18\/por-emenda-de-ze-neto-cabucu-bom-jesus-e-regiao-de-saubara-recebem-nova-base-movel-da-policia-militar\/#breadcrumb","itemListElement":[{"@type":"ListItem","position":1,"name":"In\u00edcio","item":"https:\/\/portalmf.com.br\/"},{"@type":"ListItem","position":2,"name":"Por emenda de Z\u00e9 Neto, Cabu\u00e7u, Bom Jesus e regi\u00e3o de Saubara recebem nova Base M\u00f3vel da Pol\u00edcia Militar"}]},{"@type":"WebSite","@id":"https:\/\/portalmf.com.br\/#website","url":"https:\/\/portalmf.com.br\/","name":"Portal MF","description":"Voc\u00ea conectado com a informa\u00e7\u00e3o","potentialAction":[{"@type":"SearchAction","target":{"@type":"EntryPoint","urlTemplate":"https:\/\/portalmf.com.br\/?s={search_term_string}"},"query-input":"required name=search_term_string"}],"inLanguage":"pt-BR"},{"@type":"Person","@id":"https:\/\/portalmf.com.br\/#\/schema\/person\/9ec101baf56233e53520c26de5d6f6f0","name":"Reda\u00e7\u00e3o Portal MF","image":{"@type":"ImageObject","inLanguage":"pt-BR","@id":"https:\/\/portalmf.com.br\/#\/schema\/person\/image\/","url":"https:\/\/secure.gravatar.com\/avatar\/41b9aaeb2100835f7c64362330f74c7f?s=96&d=mm&r=g","contentUrl":"https:\/\/secure.gravatar.com\/avatar\/41b9aaeb2100835f7c64362330f74c7f?s=96&d=mm&r=g","caption":"Reda\u00e7\u00e3o Portal MF"},"description":"Sejam bem-vindos o portal de informa\u00e7\u00f5es de entretenimento de Feira de Santana, desde 2006 realiza coberturas dos principais eventos com entrevistas exclusivas com as principais personalidades mundiais. Fique conectado tamb\u00e9m nas redes sociais.","sameAs":["http:\/\/www.portalmf.com.br\/","https:\/\/www.facebook.com\/portalmfoficial","https:\/\/www.instagram.com\/portalmf\/","https:\/\/x.com\/https:\/\/x.com\/portalmfoficial","https:\/\/www.youtube.com\/@portalmfoficial"],"url":"https:\/\/portalmf.com.br\/index.php\/author\/junior\/"}]}},"_links":{"self":[{"href":"https:\/\/portalmf.com.br\/index.php\/wp-json\/wp\/v2\/posts\/20997"}],"collection":[{"href":"https:\/\/portalmf.com.br\/index.php\/wp-json\/wp\/v2\/posts"}],"about":[{"href":"https:\/\/portalmf.com.br\/index.php\/wp-json\/wp\/v2\/types\/post"}],"author":[{"embeddable":true,"href":"https:\/\/portalmf.com.br\/index.php\/wp-json\/wp\/v2\/users\/3"}],"replies":[{"embeddable":true,"href":"https:\/\/portalmf.com.br\/index.php\/wp-json\/wp\/v2\/comments?post=20997"}],"version-history":[{"count":1,"href":"https:\/\/portalmf.com.br\/index.php\/wp-json\/wp\/v2\/posts\/20997\/revisions"}],"predecessor-version":[{"id":21000,"href":"https:\/\/portalmf.com.br\/index.php\/wp-json\/wp\/v2\/posts\/20997\/revisions\/21000"}],"wp:featuredmedia":[{"embeddable":true,"href":"https:\/\/portalmf.com.br\/index.php\/wp-json\/wp\/v2\/media\/20998"}],"wp:attachment":[{"href":"https:\/\/portalmf.com.br\/index.php\/wp-json\/wp\/v2\/media?parent=20997"}],"wp:term":[{"taxonomy":"category","embeddable":true,"href":"https:\/\/portalmf.com.br\/index.php\/wp-json\/wp\/v2\/categories?post=20997"},{"taxonomy":"post_tag","embeddable":true,"href":"https:\/\/portalmf.com.br\/index.php\/wp-json\/wp\/v2\/tags?post=20997"}],"curies":[{"name":"wp","href":"https:\/\/api.w.org\/{rel}","templated":true}]}}