{"id":20953,"date":"2023-12-15T12:20:00","date_gmt":"2023-12-15T15:20:00","guid":{"rendered":"https:\/\/portalmf.com.br\/?p=20953"},"modified":"2023-12-15T18:21:26","modified_gmt":"2023-12-15T21:21:26","slug":"apos-afirmar-que-faria-pagamento-de-imediato-colbert-muda-discurso-sobre-reajuste-do-funcionalismo","status":"publish","type":"post","link":"https:\/\/portalmf.com.br\/index.php\/2023\/12\/15\/apos-afirmar-que-faria-pagamento-de-imediato-colbert-muda-discurso-sobre-reajuste-do-funcionalismo\/","title":{"rendered":"Ap\u00f3s afirmar que faria pagamento de imediato, Colbert muda discurso sobre reajuste do funcionalismo"},"content":{"rendered":"\n<p>Depois de afirmar v\u00e1rias vezes na imprensa que o Governo tem o dinheiro em caixa para pagar o reajuste salarial dos servidores municipais, de 4% retroativo a maio, imediatamente ap\u00f3s aprova\u00e7\u00e3o do projeto de lei pela C\u00e2mara, o prefeito de Feira de Santana, Colbert Filho, mudou o discurso. Em entrevista a um programa de r\u00e1dio, nesta sexta (15), ele condicionou o compromisso \u00e0 aprova\u00e7\u00e3o do Or\u00e7amento do exerc\u00edcio de 2024. A presidente da C\u00e2mara assegura que vai promulgar o reajuste, caso o Poder Executivo n\u00e3o sancione, fazendo com que se torne lei e tenha que ser cumprido pelo Govermo<\/p>\n\n\n\n<p>Durante a entrevista a presidente do Legislativo, Eremita Mota (PSDB), contestou o chefe do Executivo.<em> &#8220;\u00c9 um absurdo, inacredit\u00e1vel, que ele esteja, agora fazendo uma alega\u00e7\u00e3o dessa natureza. Estamos tratando de uma despesa de 2023, que tem or\u00e7amento em vigor. N\u00e3o h\u00e1, absolutamente, nenhum impedimento or\u00e7ament\u00e1rio para o pagamento imediato&#8221;,<\/em> afirmou.<\/p>\n\n\n\n<p>O projeto concedendo o reajuste foi aprovado na \u00faltima quarta-feira, dia 13. Durante a sess\u00e3o, foi garantido pelo prefeito, pelo secret\u00e1rio Moura Pinho e pelo l\u00edder do governo da C\u00e2mara, Jos\u00e9 Carneiro, que haveria &#8220;dinheiro em caixa&#8221; e seria feito uma folha extra para pagamento imediato.<\/p>\n\n\n\n<p>\u201cLamento que o chefe do Executivo, mais uma vez esteja deixando de cumprir a palavra e usando um argumento inexistente, mentiroso, para deixar de quitar o sal\u00e1rio do funcionalismo com o reajuste aprovado. Ele est\u00e1 jogando mais uma vez, para a C\u00e2mara, um problema que \u00e9 dele&#8221;, destacou. No entanto, ela diz, n\u00e3o h\u00e1 surpresa neste fato: &#8220;todos temos testemunhado, al\u00e9m de uma gest\u00e3o desastrosa do Munic\u00edpio, a falta de compromisso de Colbert com os servidores&#8221;.<\/p>\n","protected":false},"excerpt":{"rendered":"<p>Depois de afirmar v\u00e1rias vezes na imprensa que o Governo tem o dinheiro em caixa para pagar o reajuste salarial dos servidores municipais, de 4% retroativo a maio, imediatamente ap\u00f3s aprova\u00e7\u00e3o do projeto de lei pela C\u00e2mara, o prefeito de Feira de Santana, Colbert Filho, mudou o discurso. Em entrevista a um programa de r\u00e1dio, [&hellip;]<\/p>\n","protected":false},"author":3,"featured_media":20954,"comment_status":"open","ping_status":"open","sticky":false,"template":"","format":"standard","meta":{"_monsterinsights_skip_tracking":false,"_monsterinsights_sitenote_active":false,"_monsterinsights_sitenote_note":"","_monsterinsights_sitenote_category":0,"footnotes":""},"categories":[34],"tags":[],"yoast_head":"<!-- This site is optimized with the Yoast SEO plugin v22.9 - https:\/\/yoast.com\/wordpress\/plugins\/seo\/ -->\n<title>Ap\u00f3s afirmar que faria pagamento de imediato, Colbert muda discurso sobre reajuste do funcionalismo - Portal MF<\/title>\n<meta name=\"robots\" content=\"index, follow, max-snippet:-1, max-image-preview:large, max-video-preview:-1\" \/>\n<link rel=\"canonical\" href=\"https:\/\/portalmf.com.br\/index.php\/2023\/12\/15\/apos-afirmar-que-faria-pagamento-de-imediato-colbert-muda-discurso-sobre-reajuste-do-funcionalismo\/\" \/>\n<meta property=\"og:locale\" content=\"pt_BR\" \/>\n<meta property=\"og:type\" content=\"article\" \/>\n<meta property=\"og:title\" content=\"Ap\u00f3s afirmar que faria pagamento de imediato, Colbert muda discurso sobre reajuste do funcionalismo - Portal MF\" \/>\n<meta property=\"og:description\" content=\"Depois de afirmar v\u00e1rias vezes na imprensa que o Governo tem o dinheiro em caixa para pagar o reajuste salarial dos servidores municipais, de 4% retroativo a maio, imediatamente ap\u00f3s aprova\u00e7\u00e3o do projeto de lei pela C\u00e2mara, o prefeito de Feira de Santana, Colbert Filho, mudou o discurso. Em entrevista a um programa de r\u00e1dio, [&hellip;]\" \/>\n<meta property=\"og:url\" content=\"https:\/\/portalmf.com.br\/index.php\/2023\/12\/15\/apos-afirmar-que-faria-pagamento-de-imediato-colbert-muda-discurso-sobre-reajuste-do-funcionalismo\/\" \/>\n<meta property=\"og:site_name\" content=\"Portal MF\" \/>\n<meta property=\"article:author\" content=\"https:\/\/www.facebook.com\/portalmfoficial\" \/>\n<meta property=\"article:published_time\" content=\"2023-12-15T15:20:00+00:00\" \/>\n<meta property=\"article:modified_time\" content=\"2023-12-15T21:21:26+00:00\" \/>\n<meta property=\"og:image\" content=\"https:\/\/portalmf.com.br\/wp-content\/uploads\/2023\/12\/Apos-afirmar-que-faria-pagamento-de-imediato-Colbert-muda-discurso-sobre-reajuste-do-funcionalismo.jpeg\" \/>\n\t<meta property=\"og:image:width\" content=\"1600\" \/>\n\t<meta property=\"og:image:height\" content=\"1066\" \/>\n\t<meta property=\"og:image:type\" content=\"image\/jpeg\" \/>\n<meta name=\"author\" content=\"Reda\u00e7\u00e3o Portal MF\" \/>\n<meta name=\"twitter:card\" content=\"summary_large_image\" \/>\n<meta name=\"twitter:creator\" content=\"@https:\/\/x.com\/portalmfoficial\" \/>\n<meta name=\"twitter:label1\" content=\"Escrito por\" \/>\n\t<meta name=\"twitter:data1\" content=\"Reda\u00e7\u00e3o Portal MF\" \/>\n\t<meta name=\"twitter:label2\" content=\"Est. tempo de leitura\" \/>\n\t<meta name=\"twitter:data2\" content=\"2 minutos\" \/>\n<script type=\"application\/ld+json\" class=\"yoast-schema-graph\">{\"@context\":\"https:\/\/schema.org\",\"@graph\":[{\"@type\":\"WebPage\",\"@id\":\"https:\/\/portalmf.com.br\/index.php\/2023\/12\/15\/apos-afirmar-que-faria-pagamento-de-imediato-colbert-muda-discurso-sobre-reajuste-do-funcionalismo\/\",\"url\":\"https:\/\/portalmf.com.br\/index.php\/2023\/12\/15\/apos-afirmar-que-faria-pagamento-de-imediato-colbert-muda-discurso-sobre-reajuste-do-funcionalismo\/\",\"name\":\"Ap\u00f3s afirmar que faria pagamento de imediato, Colbert muda discurso sobre reajuste do funcionalismo - Portal MF\",\"isPartOf\":{\"@id\":\"https:\/\/portalmf.com.br\/#website\"},\"primaryImageOfPage\":{\"@id\":\"https:\/\/portalmf.com.br\/index.php\/2023\/12\/15\/apos-afirmar-que-faria-pagamento-de-imediato-colbert-muda-discurso-sobre-reajuste-do-funcionalismo\/#primaryimage\"},\"image\":{\"@id\":\"https:\/\/portalmf.com.br\/index.php\/2023\/12\/15\/apos-afirmar-que-faria-pagamento-de-imediato-colbert-muda-discurso-sobre-reajuste-do-funcionalismo\/#primaryimage\"},\"thumbnailUrl\":\"https:\/\/portalmf.com.br\/wp-content\/uploads\/2023\/12\/Apos-afirmar-que-faria-pagamento-de-imediato-Colbert-muda-discurso-sobre-reajuste-do-funcionalismo.jpeg\",\"datePublished\":\"2023-12-15T15:20:00+00:00\",\"dateModified\":\"2023-12-15T21:21:26+00:00\",\"author\":{\"@id\":\"https:\/\/portalmf.com.br\/#\/schema\/person\/9ec101baf56233e53520c26de5d6f6f0\"},\"breadcrumb\":{\"@id\":\"https:\/\/portalmf.com.br\/index.php\/2023\/12\/15\/apos-afirmar-que-faria-pagamento-de-imediato-colbert-muda-discurso-sobre-reajuste-do-funcionalismo\/#breadcrumb\"},\"inLanguage\":\"pt-BR\",\"potentialAction\":[{\"@type\":\"ReadAction\",\"target\":[\"https:\/\/portalmf.com.br\/index.php\/2023\/12\/15\/apos-afirmar-que-faria-pagamento-de-imediato-colbert-muda-discurso-sobre-reajuste-do-funcionalismo\/\"]}]},{\"@type\":\"ImageObject\",\"inLanguage\":\"pt-BR\",\"@id\":\"https:\/\/portalmf.com.br\/index.php\/2023\/12\/15\/apos-afirmar-que-faria-pagamento-de-imediato-colbert-muda-discurso-sobre-reajuste-do-funcionalismo\/#primaryimage\",\"url\":\"https:\/\/portalmf.com.br\/wp-content\/uploads\/2023\/12\/Apos-afirmar-que-faria-pagamento-de-imediato-Colbert-muda-discurso-sobre-reajuste-do-funcionalismo.jpeg\",\"contentUrl\":\"https:\/\/portalmf.com.br\/wp-content\/uploads\/2023\/12\/Apos-afirmar-que-faria-pagamento-de-imediato-Colbert-muda-discurso-sobre-reajuste-do-funcionalismo.jpeg\",\"width\":1600,\"height\":1066},{\"@type\":\"BreadcrumbList\",\"@id\":\"https:\/\/portalmf.com.br\/index.php\/2023\/12\/15\/apos-afirmar-que-faria-pagamento-de-imediato-colbert-muda-discurso-sobre-reajuste-do-funcionalismo\/#breadcrumb\",\"itemListElement\":[{\"@type\":\"ListItem\",\"position\":1,\"name\":\"In\u00edcio\",\"item\":\"https:\/\/portalmf.com.br\/\"},{\"@type\":\"ListItem\",\"position\":2,\"name\":\"Ap\u00f3s afirmar que faria pagamento de imediato, Colbert muda discurso sobre reajuste do funcionalismo\"}]},{\"@type\":\"WebSite\",\"@id\":\"https:\/\/portalmf.com.br\/#website\",\"url\":\"https:\/\/portalmf.com.br\/\",\"name\":\"Portal MF\",\"description\":\"Voc\u00ea conectado com a informa\u00e7\u00e3o\",\"potentialAction\":[{\"@type\":\"SearchAction\",\"target\":{\"@type\":\"EntryPoint\",\"urlTemplate\":\"https:\/\/portalmf.com.br\/?s={search_term_string}\"},\"query-input\":\"required name=search_term_string\"}],\"inLanguage\":\"pt-BR\"},{\"@type\":\"Person\",\"@id\":\"https:\/\/portalmf.com.br\/#\/schema\/person\/9ec101baf56233e53520c26de5d6f6f0\",\"name\":\"Reda\u00e7\u00e3o Portal MF\",\"image\":{\"@type\":\"ImageObject\",\"inLanguage\":\"pt-BR\",\"@id\":\"https:\/\/portalmf.com.br\/#\/schema\/person\/image\/\",\"url\":\"https:\/\/secure.gravatar.com\/avatar\/41b9aaeb2100835f7c64362330f74c7f?s=96&d=mm&r=g\",\"contentUrl\":\"https:\/\/secure.gravatar.com\/avatar\/41b9aaeb2100835f7c64362330f74c7f?s=96&d=mm&r=g\",\"caption\":\"Reda\u00e7\u00e3o Portal MF\"},\"description\":\"Sejam bem-vindos o portal de informa\u00e7\u00f5es de entretenimento de Feira de Santana, desde 2006 realiza coberturas dos principais eventos com entrevistas exclusivas com as principais personalidades mundiais. Fique conectado tamb\u00e9m nas redes sociais.\",\"sameAs\":[\"http:\/\/www.portalmf.com.br\/\",\"https:\/\/www.facebook.com\/portalmfoficial\",\"https:\/\/www.instagram.com\/portalmf\/\",\"https:\/\/x.com\/https:\/\/x.com\/portalmfoficial\",\"https:\/\/www.youtube.com\/@portalmfoficial\"],\"url\":\"https:\/\/portalmf.com.br\/index.php\/author\/junior\/\"}]}<\/script>\n<!-- \/ Yoast SEO plugin. -->","yoast_head_json":{"title":"Ap\u00f3s afirmar que faria pagamento de imediato, Colbert muda discurso sobre reajuste do funcionalismo - Portal MF","robots":{"index":"index","follow":"follow","max-snippet":"max-snippet:-1","max-image-preview":"max-image-preview:large","max-video-preview":"max-video-preview:-1"},"canonical":"https:\/\/portalmf.com.br\/index.php\/2023\/12\/15\/apos-afirmar-que-faria-pagamento-de-imediato-colbert-muda-discurso-sobre-reajuste-do-funcionalismo\/","og_locale":"pt_BR","og_type":"article","og_title":"Ap\u00f3s afirmar que faria pagamento de imediato, Colbert muda discurso sobre reajuste do funcionalismo - Portal MF","og_description":"Depois de afirmar v\u00e1rias vezes na imprensa que o Governo tem o dinheiro em caixa para pagar o reajuste salarial dos servidores municipais, de 4% retroativo a maio, imediatamente ap\u00f3s aprova\u00e7\u00e3o do projeto de lei pela C\u00e2mara, o prefeito de Feira de Santana, Colbert Filho, mudou o discurso. Em entrevista a um programa de r\u00e1dio, [&hellip;]","og_url":"https:\/\/portalmf.com.br\/index.php\/2023\/12\/15\/apos-afirmar-que-faria-pagamento-de-imediato-colbert-muda-discurso-sobre-reajuste-do-funcionalismo\/","og_site_name":"Portal MF","article_author":"https:\/\/www.facebook.com\/portalmfoficial","article_published_time":"2023-12-15T15:20:00+00:00","article_modified_time":"2023-12-15T21:21:26+00:00","og_image":[{"width":1600,"height":1066,"url":"https:\/\/portalmf.com.br\/wp-content\/uploads\/2023\/12\/Apos-afirmar-que-faria-pagamento-de-imediato-Colbert-muda-discurso-sobre-reajuste-do-funcionalismo.jpeg","type":"image\/jpeg"}],"author":"Reda\u00e7\u00e3o Portal MF","twitter_card":"summary_large_image","twitter_creator":"@https:\/\/x.com\/portalmfoficial","twitter_misc":{"Escrito por":"Reda\u00e7\u00e3o Portal MF","Est. tempo de leitura":"2 minutos"},"schema":{"@context":"https:\/\/schema.org","@graph":[{"@type":"WebPage","@id":"https:\/\/portalmf.com.br\/index.php\/2023\/12\/15\/apos-afirmar-que-faria-pagamento-de-imediato-colbert-muda-discurso-sobre-reajuste-do-funcionalismo\/","url":"https:\/\/portalmf.com.br\/index.php\/2023\/12\/15\/apos-afirmar-que-faria-pagamento-de-imediato-colbert-muda-discurso-sobre-reajuste-do-funcionalismo\/","name":"Ap\u00f3s afirmar que faria pagamento de imediato, Colbert muda discurso sobre reajuste do funcionalismo - Portal MF","isPartOf":{"@id":"https:\/\/portalmf.com.br\/#website"},"primaryImageOfPage":{"@id":"https:\/\/portalmf.com.br\/index.php\/2023\/12\/15\/apos-afirmar-que-faria-pagamento-de-imediato-colbert-muda-discurso-sobre-reajuste-do-funcionalismo\/#primaryimage"},"image":{"@id":"https:\/\/portalmf.com.br\/index.php\/2023\/12\/15\/apos-afirmar-que-faria-pagamento-de-imediato-colbert-muda-discurso-sobre-reajuste-do-funcionalismo\/#primaryimage"},"thumbnailUrl":"https:\/\/portalmf.com.br\/wp-content\/uploads\/2023\/12\/Apos-afirmar-que-faria-pagamento-de-imediato-Colbert-muda-discurso-sobre-reajuste-do-funcionalismo.jpeg","datePublished":"2023-12-15T15:20:00+00:00","dateModified":"2023-12-15T21:21:26+00:00","author":{"@id":"https:\/\/portalmf.com.br\/#\/schema\/person\/9ec101baf56233e53520c26de5d6f6f0"},"breadcrumb":{"@id":"https:\/\/portalmf.com.br\/index.php\/2023\/12\/15\/apos-afirmar-que-faria-pagamento-de-imediato-colbert-muda-discurso-sobre-reajuste-do-funcionalismo\/#breadcrumb"},"inLanguage":"pt-BR","potentialAction":[{"@type":"ReadAction","target":["https:\/\/portalmf.com.br\/index.php\/2023\/12\/15\/apos-afirmar-que-faria-pagamento-de-imediato-colbert-muda-discurso-sobre-reajuste-do-funcionalismo\/"]}]},{"@type":"ImageObject","inLanguage":"pt-BR","@id":"https:\/\/portalmf.com.br\/index.php\/2023\/12\/15\/apos-afirmar-que-faria-pagamento-de-imediato-colbert-muda-discurso-sobre-reajuste-do-funcionalismo\/#primaryimage","url":"https:\/\/portalmf.com.br\/wp-content\/uploads\/2023\/12\/Apos-afirmar-que-faria-pagamento-de-imediato-Colbert-muda-discurso-sobre-reajuste-do-funcionalismo.jpeg","contentUrl":"https:\/\/portalmf.com.br\/wp-content\/uploads\/2023\/12\/Apos-afirmar-que-faria-pagamento-de-imediato-Colbert-muda-discurso-sobre-reajuste-do-funcionalismo.jpeg","width":1600,"height":1066},{"@type":"BreadcrumbList","@id":"https:\/\/portalmf.com.br\/index.php\/2023\/12\/15\/apos-afirmar-que-faria-pagamento-de-imediato-colbert-muda-discurso-sobre-reajuste-do-funcionalismo\/#breadcrumb","itemListElement":[{"@type":"ListItem","position":1,"name":"In\u00edcio","item":"https:\/\/portalmf.com.br\/"},{"@type":"ListItem","position":2,"name":"Ap\u00f3s afirmar que faria pagamento de imediato, Colbert muda discurso sobre reajuste do funcionalismo"}]},{"@type":"WebSite","@id":"https:\/\/portalmf.com.br\/#website","url":"https:\/\/portalmf.com.br\/","name":"Portal MF","description":"Voc\u00ea conectado com a informa\u00e7\u00e3o","potentialAction":[{"@type":"SearchAction","target":{"@type":"EntryPoint","urlTemplate":"https:\/\/portalmf.com.br\/?s={search_term_string}"},"query-input":"required name=search_term_string"}],"inLanguage":"pt-BR"},{"@type":"Person","@id":"https:\/\/portalmf.com.br\/#\/schema\/person\/9ec101baf56233e53520c26de5d6f6f0","name":"Reda\u00e7\u00e3o Portal MF","image":{"@type":"ImageObject","inLanguage":"pt-BR","@id":"https:\/\/portalmf.com.br\/#\/schema\/person\/image\/","url":"https:\/\/secure.gravatar.com\/avatar\/41b9aaeb2100835f7c64362330f74c7f?s=96&d=mm&r=g","contentUrl":"https:\/\/secure.gravatar.com\/avatar\/41b9aaeb2100835f7c64362330f74c7f?s=96&d=mm&r=g","caption":"Reda\u00e7\u00e3o Portal MF"},"description":"Sejam bem-vindos o portal de informa\u00e7\u00f5es de entretenimento de Feira de Santana, desde 2006 realiza coberturas dos principais eventos com entrevistas exclusivas com as principais personalidades mundiais. Fique conectado tamb\u00e9m nas redes sociais.","sameAs":["http:\/\/www.portalmf.com.br\/","https:\/\/www.facebook.com\/portalmfoficial","https:\/\/www.instagram.com\/portalmf\/","https:\/\/x.com\/https:\/\/x.com\/portalmfoficial","https:\/\/www.youtube.com\/@portalmfoficial"],"url":"https:\/\/portalmf.com.br\/index.php\/author\/junior\/"}]}},"_links":{"self":[{"href":"https:\/\/portalmf.com.br\/index.php\/wp-json\/wp\/v2\/posts\/20953"}],"collection":[{"href":"https:\/\/portalmf.com.br\/index.php\/wp-json\/wp\/v2\/posts"}],"about":[{"href":"https:\/\/portalmf.com.br\/index.php\/wp-json\/wp\/v2\/types\/post"}],"author":[{"embeddable":true,"href":"https:\/\/portalmf.com.br\/index.php\/wp-json\/wp\/v2\/users\/3"}],"replies":[{"embeddable":true,"href":"https:\/\/portalmf.com.br\/index.php\/wp-json\/wp\/v2\/comments?post=20953"}],"version-history":[{"count":1,"href":"https:\/\/portalmf.com.br\/index.php\/wp-json\/wp\/v2\/posts\/20953\/revisions"}],"predecessor-version":[{"id":20955,"href":"https:\/\/portalmf.com.br\/index.php\/wp-json\/wp\/v2\/posts\/20953\/revisions\/20955"}],"wp:featuredmedia":[{"embeddable":true,"href":"https:\/\/portalmf.com.br\/index.php\/wp-json\/wp\/v2\/media\/20954"}],"wp:attachment":[{"href":"https:\/\/portalmf.com.br\/index.php\/wp-json\/wp\/v2\/media?parent=20953"}],"wp:term":[{"taxonomy":"category","embeddable":true,"href":"https:\/\/portalmf.com.br\/index.php\/wp-json\/wp\/v2\/categories?post=20953"},{"taxonomy":"post_tag","embeddable":true,"href":"https:\/\/portalmf.com.br\/index.php\/wp-json\/wp\/v2\/tags?post=20953"}],"curies":[{"name":"wp","href":"https:\/\/api.w.org\/{rel}","templated":true}]}}