{"id":20950,"date":"2023-12-15T18:19:39","date_gmt":"2023-12-15T21:19:39","guid":{"rendered":"https:\/\/portalmf.com.br\/?p=20950"},"modified":"2023-12-15T18:19:40","modified_gmt":"2023-12-15T21:19:40","slug":"vereador-petronio-lima-participou-celebracao-ao-dia-da-biblia-na-alba","status":"publish","type":"post","link":"https:\/\/portalmf.com.br\/index.php\/2023\/12\/15\/vereador-petronio-lima-participou-celebracao-ao-dia-da-biblia-na-alba\/","title":{"rendered":"Vereador Petr\u00f4nio Lima participou celebra\u00e7\u00e3o ao Dia da B\u00edblia na ALBA"},"content":{"rendered":"\n<p>Na tarde da \u00faltima quinta-feira (16) o vereador Petr\u00f4nio Lima (Republicanos), participou da sess\u00e3o especial em homenagem ao Dia da B\u00edblia, que \u00e9 celebrado anualmente no segundo domingo de dezembro, reconhecendo a import\u00e2ncia das igrejas e dos l\u00edderes evang\u00e9licos no trabalho de propagar a palavra de Deus.<\/p>\n\n\n\n<p>A sess\u00e3o especial aconteceu no Plen\u00e1rio Orlando Sp\u00ednola da Assembleia Legislativa da Bahia (ALBA), entregando placas honor\u00edficas a pastores, bispos, di\u00e1conos, mission\u00e1rios, obreiros, entre outros. O proponente da sess\u00e3o, deputado Jos\u00e9 de Arimateia (Republicanos), destacou a import\u00e2ncia da data e dos convidados que <em>\u201cpropagam a palavra de Deus<\/em>\u201d, registrando que a solenidade superou a dos anos anteriores, homenageando ao todo 105 l\u00edderes religiosos.<\/p>\n\n\n\n<p>A cerim\u00f4nia contou com a participa\u00e7\u00e3o da cantora Thalyta, que entoou louvores para plateia, al\u00e9m da exibi\u00e7\u00e3o de um v\u00eddeo intitulado \u201cO fim est\u00e1 pr\u00f3ximo \u2013 como permanecer at\u00e9 o final\u201d, com reflex\u00f5es sobre os acontecimentos recentes no mundo.<\/p>\n\n\n\n<p>A sess\u00e3o contou com a presen\u00e7a de pastores, bispos, di\u00e1conos, mission\u00e1rios e autoridades de v\u00e1rias ordens religiosas de toda a Bahia.<\/p>\n\n\n\n<p>O Vereador Petr\u00f4nio Lima esteve presente no evento representando a c\u00e2mara de vereadores de Feira de Santana. Por indica\u00e7\u00e3o de Petr\u00f4nio, foram homenageados tr\u00eas pastores da cidade:<\/p>\n\n\n\n<p>Pr. Carlos Andr\u00e9 &#8211;&nbsp; Minist\u00e9rio Comunidade Maravilhosa Gra\u00e7a<\/p>\n\n\n\n<p>Pr. Kleberson Rocha &#8211; Minist\u00e9rio Trazendo a Arca do Deus Vivo<\/p>\n\n\n\n<p>Reverendo J\u00falio Junior &#8211;&nbsp; 1\u00aa Igreja Presbiteriana Conservadora de Feira de Santana<strong>Em Tempo:<\/strong>&nbsp;O Dia da B\u00edblia surgiu em 1549, na Gr\u00e3-Bretanha, quando o bispo Cranmer incluiu, no livro de ora\u00e7\u00f5es do Rei Eduardo VI, um dia especial para que o povo pudesse se aprofundar sobre a leitura dos vers\u00edculos, salmos, profecias e hist\u00f3rias contidas no Livro Sagrado. No Brasil, desde dezembro de 2001, essa data passou a integrar o calend\u00e1rio oficial do pa\u00eds, gra\u00e7as \u00e0 Lei Federal 10.335, consagrada anualmente<\/p>\n","protected":false},"excerpt":{"rendered":"<p>Na tarde da \u00faltima quinta-feira (16) o vereador Petr\u00f4nio Lima (Republicanos), participou da sess\u00e3o especial em homenagem ao Dia da B\u00edblia, que \u00e9 celebrado anualmente no segundo domingo de dezembro, reconhecendo a import\u00e2ncia das igrejas e dos l\u00edderes evang\u00e9licos no trabalho de propagar a palavra de Deus. A sess\u00e3o especial aconteceu no Plen\u00e1rio Orlando Sp\u00ednola [&hellip;]<\/p>\n","protected":false},"author":3,"featured_media":20951,"comment_status":"open","ping_status":"open","sticky":false,"template":"","format":"standard","meta":{"_monsterinsights_skip_tracking":false,"_monsterinsights_sitenote_active":false,"_monsterinsights_sitenote_note":"","_monsterinsights_sitenote_category":0,"footnotes":""},"categories":[34],"tags":[],"yoast_head":"<!-- This site is optimized with the Yoast SEO plugin v22.9 - https:\/\/yoast.com\/wordpress\/plugins\/seo\/ -->\n<title>Vereador Petr\u00f4nio Lima participou celebra\u00e7\u00e3o ao Dia da B\u00edblia na ALBA - Portal MF<\/title>\n<meta name=\"robots\" content=\"index, follow, max-snippet:-1, max-image-preview:large, max-video-preview:-1\" \/>\n<link rel=\"canonical\" href=\"https:\/\/portalmf.com.br\/index.php\/2023\/12\/15\/vereador-petronio-lima-participou-celebracao-ao-dia-da-biblia-na-alba\/\" \/>\n<meta property=\"og:locale\" content=\"pt_BR\" \/>\n<meta property=\"og:type\" content=\"article\" \/>\n<meta property=\"og:title\" content=\"Vereador Petr\u00f4nio Lima participou celebra\u00e7\u00e3o ao Dia da B\u00edblia na ALBA - Portal MF\" \/>\n<meta property=\"og:description\" content=\"Na tarde da \u00faltima quinta-feira (16) o vereador Petr\u00f4nio Lima (Republicanos), participou da sess\u00e3o especial em homenagem ao Dia da B\u00edblia, que \u00e9 celebrado anualmente no segundo domingo de dezembro, reconhecendo a import\u00e2ncia das igrejas e dos l\u00edderes evang\u00e9licos no trabalho de propagar a palavra de Deus. A sess\u00e3o especial aconteceu no Plen\u00e1rio Orlando Sp\u00ednola [&hellip;]\" \/>\n<meta property=\"og:url\" content=\"https:\/\/portalmf.com.br\/index.php\/2023\/12\/15\/vereador-petronio-lima-participou-celebracao-ao-dia-da-biblia-na-alba\/\" \/>\n<meta property=\"og:site_name\" content=\"Portal MF\" \/>\n<meta property=\"article:author\" content=\"https:\/\/www.facebook.com\/portalmfoficial\" \/>\n<meta property=\"article:published_time\" content=\"2023-12-15T21:19:39+00:00\" \/>\n<meta property=\"article:modified_time\" content=\"2023-12-15T21:19:40+00:00\" \/>\n<meta property=\"og:image\" content=\"https:\/\/portalmf.com.br\/wp-content\/uploads\/2023\/12\/DIA-DA-BIBLIA-2023.jpg\" \/>\n\t<meta property=\"og:image:width\" content=\"1184\" \/>\n\t<meta property=\"og:image:height\" content=\"996\" \/>\n\t<meta property=\"og:image:type\" content=\"image\/jpeg\" \/>\n<meta name=\"author\" content=\"Reda\u00e7\u00e3o Portal MF\" \/>\n<meta name=\"twitter:card\" content=\"summary_large_image\" \/>\n<meta name=\"twitter:creator\" content=\"@https:\/\/x.com\/portalmfoficial\" \/>\n<meta name=\"twitter:label1\" content=\"Escrito por\" \/>\n\t<meta name=\"twitter:data1\" content=\"Reda\u00e7\u00e3o Portal MF\" \/>\n\t<meta name=\"twitter:label2\" content=\"Est. tempo de leitura\" \/>\n\t<meta name=\"twitter:data2\" content=\"2 minutos\" \/>\n<script type=\"application\/ld+json\" class=\"yoast-schema-graph\">{\"@context\":\"https:\/\/schema.org\",\"@graph\":[{\"@type\":\"WebPage\",\"@id\":\"https:\/\/portalmf.com.br\/index.php\/2023\/12\/15\/vereador-petronio-lima-participou-celebracao-ao-dia-da-biblia-na-alba\/\",\"url\":\"https:\/\/portalmf.com.br\/index.php\/2023\/12\/15\/vereador-petronio-lima-participou-celebracao-ao-dia-da-biblia-na-alba\/\",\"name\":\"Vereador Petr\u00f4nio Lima participou celebra\u00e7\u00e3o ao Dia da B\u00edblia na ALBA - Portal MF\",\"isPartOf\":{\"@id\":\"https:\/\/portalmf.com.br\/#website\"},\"primaryImageOfPage\":{\"@id\":\"https:\/\/portalmf.com.br\/index.php\/2023\/12\/15\/vereador-petronio-lima-participou-celebracao-ao-dia-da-biblia-na-alba\/#primaryimage\"},\"image\":{\"@id\":\"https:\/\/portalmf.com.br\/index.php\/2023\/12\/15\/vereador-petronio-lima-participou-celebracao-ao-dia-da-biblia-na-alba\/#primaryimage\"},\"thumbnailUrl\":\"https:\/\/portalmf.com.br\/wp-content\/uploads\/2023\/12\/DIA-DA-BIBLIA-2023.jpg\",\"datePublished\":\"2023-12-15T21:19:39+00:00\",\"dateModified\":\"2023-12-15T21:19:40+00:00\",\"author\":{\"@id\":\"https:\/\/portalmf.com.br\/#\/schema\/person\/9ec101baf56233e53520c26de5d6f6f0\"},\"breadcrumb\":{\"@id\":\"https:\/\/portalmf.com.br\/index.php\/2023\/12\/15\/vereador-petronio-lima-participou-celebracao-ao-dia-da-biblia-na-alba\/#breadcrumb\"},\"inLanguage\":\"pt-BR\",\"potentialAction\":[{\"@type\":\"ReadAction\",\"target\":[\"https:\/\/portalmf.com.br\/index.php\/2023\/12\/15\/vereador-petronio-lima-participou-celebracao-ao-dia-da-biblia-na-alba\/\"]}]},{\"@type\":\"ImageObject\",\"inLanguage\":\"pt-BR\",\"@id\":\"https:\/\/portalmf.com.br\/index.php\/2023\/12\/15\/vereador-petronio-lima-participou-celebracao-ao-dia-da-biblia-na-alba\/#primaryimage\",\"url\":\"https:\/\/portalmf.com.br\/wp-content\/uploads\/2023\/12\/DIA-DA-BIBLIA-2023.jpg\",\"contentUrl\":\"https:\/\/portalmf.com.br\/wp-content\/uploads\/2023\/12\/DIA-DA-BIBLIA-2023.jpg\",\"width\":1184,\"height\":996},{\"@type\":\"BreadcrumbList\",\"@id\":\"https:\/\/portalmf.com.br\/index.php\/2023\/12\/15\/vereador-petronio-lima-participou-celebracao-ao-dia-da-biblia-na-alba\/#breadcrumb\",\"itemListElement\":[{\"@type\":\"ListItem\",\"position\":1,\"name\":\"In\u00edcio\",\"item\":\"https:\/\/portalmf.com.br\/\"},{\"@type\":\"ListItem\",\"position\":2,\"name\":\"Vereador Petr\u00f4nio Lima participou celebra\u00e7\u00e3o ao Dia da B\u00edblia na ALBA\"}]},{\"@type\":\"WebSite\",\"@id\":\"https:\/\/portalmf.com.br\/#website\",\"url\":\"https:\/\/portalmf.com.br\/\",\"name\":\"Portal MF\",\"description\":\"Voc\u00ea conectado com a informa\u00e7\u00e3o\",\"potentialAction\":[{\"@type\":\"SearchAction\",\"target\":{\"@type\":\"EntryPoint\",\"urlTemplate\":\"https:\/\/portalmf.com.br\/?s={search_term_string}\"},\"query-input\":\"required name=search_term_string\"}],\"inLanguage\":\"pt-BR\"},{\"@type\":\"Person\",\"@id\":\"https:\/\/portalmf.com.br\/#\/schema\/person\/9ec101baf56233e53520c26de5d6f6f0\",\"name\":\"Reda\u00e7\u00e3o Portal MF\",\"image\":{\"@type\":\"ImageObject\",\"inLanguage\":\"pt-BR\",\"@id\":\"https:\/\/portalmf.com.br\/#\/schema\/person\/image\/\",\"url\":\"https:\/\/secure.gravatar.com\/avatar\/41b9aaeb2100835f7c64362330f74c7f?s=96&d=mm&r=g\",\"contentUrl\":\"https:\/\/secure.gravatar.com\/avatar\/41b9aaeb2100835f7c64362330f74c7f?s=96&d=mm&r=g\",\"caption\":\"Reda\u00e7\u00e3o Portal MF\"},\"description\":\"Sejam bem-vindos o portal de informa\u00e7\u00f5es de entretenimento de Feira de Santana, desde 2006 realiza coberturas dos principais eventos com entrevistas exclusivas com as principais personalidades mundiais. Fique conectado tamb\u00e9m nas redes sociais.\",\"sameAs\":[\"http:\/\/www.portalmf.com.br\/\",\"https:\/\/www.facebook.com\/portalmfoficial\",\"https:\/\/www.instagram.com\/portalmf\/\",\"https:\/\/x.com\/https:\/\/x.com\/portalmfoficial\",\"https:\/\/www.youtube.com\/@portalmfoficial\"],\"url\":\"https:\/\/portalmf.com.br\/index.php\/author\/junior\/\"}]}<\/script>\n<!-- \/ Yoast SEO plugin. -->","yoast_head_json":{"title":"Vereador Petr\u00f4nio Lima participou celebra\u00e7\u00e3o ao Dia da B\u00edblia na ALBA - Portal MF","robots":{"index":"index","follow":"follow","max-snippet":"max-snippet:-1","max-image-preview":"max-image-preview:large","max-video-preview":"max-video-preview:-1"},"canonical":"https:\/\/portalmf.com.br\/index.php\/2023\/12\/15\/vereador-petronio-lima-participou-celebracao-ao-dia-da-biblia-na-alba\/","og_locale":"pt_BR","og_type":"article","og_title":"Vereador Petr\u00f4nio Lima participou celebra\u00e7\u00e3o ao Dia da B\u00edblia na ALBA - Portal MF","og_description":"Na tarde da \u00faltima quinta-feira (16) o vereador Petr\u00f4nio Lima (Republicanos), participou da sess\u00e3o especial em homenagem ao Dia da B\u00edblia, que \u00e9 celebrado anualmente no segundo domingo de dezembro, reconhecendo a import\u00e2ncia das igrejas e dos l\u00edderes evang\u00e9licos no trabalho de propagar a palavra de Deus. A sess\u00e3o especial aconteceu no Plen\u00e1rio Orlando Sp\u00ednola [&hellip;]","og_url":"https:\/\/portalmf.com.br\/index.php\/2023\/12\/15\/vereador-petronio-lima-participou-celebracao-ao-dia-da-biblia-na-alba\/","og_site_name":"Portal MF","article_author":"https:\/\/www.facebook.com\/portalmfoficial","article_published_time":"2023-12-15T21:19:39+00:00","article_modified_time":"2023-12-15T21:19:40+00:00","og_image":[{"width":1184,"height":996,"url":"https:\/\/portalmf.com.br\/wp-content\/uploads\/2023\/12\/DIA-DA-BIBLIA-2023.jpg","type":"image\/jpeg"}],"author":"Reda\u00e7\u00e3o Portal MF","twitter_card":"summary_large_image","twitter_creator":"@https:\/\/x.com\/portalmfoficial","twitter_misc":{"Escrito por":"Reda\u00e7\u00e3o Portal MF","Est. tempo de leitura":"2 minutos"},"schema":{"@context":"https:\/\/schema.org","@graph":[{"@type":"WebPage","@id":"https:\/\/portalmf.com.br\/index.php\/2023\/12\/15\/vereador-petronio-lima-participou-celebracao-ao-dia-da-biblia-na-alba\/","url":"https:\/\/portalmf.com.br\/index.php\/2023\/12\/15\/vereador-petronio-lima-participou-celebracao-ao-dia-da-biblia-na-alba\/","name":"Vereador Petr\u00f4nio Lima participou celebra\u00e7\u00e3o ao Dia da B\u00edblia na ALBA - Portal MF","isPartOf":{"@id":"https:\/\/portalmf.com.br\/#website"},"primaryImageOfPage":{"@id":"https:\/\/portalmf.com.br\/index.php\/2023\/12\/15\/vereador-petronio-lima-participou-celebracao-ao-dia-da-biblia-na-alba\/#primaryimage"},"image":{"@id":"https:\/\/portalmf.com.br\/index.php\/2023\/12\/15\/vereador-petronio-lima-participou-celebracao-ao-dia-da-biblia-na-alba\/#primaryimage"},"thumbnailUrl":"https:\/\/portalmf.com.br\/wp-content\/uploads\/2023\/12\/DIA-DA-BIBLIA-2023.jpg","datePublished":"2023-12-15T21:19:39+00:00","dateModified":"2023-12-15T21:19:40+00:00","author":{"@id":"https:\/\/portalmf.com.br\/#\/schema\/person\/9ec101baf56233e53520c26de5d6f6f0"},"breadcrumb":{"@id":"https:\/\/portalmf.com.br\/index.php\/2023\/12\/15\/vereador-petronio-lima-participou-celebracao-ao-dia-da-biblia-na-alba\/#breadcrumb"},"inLanguage":"pt-BR","potentialAction":[{"@type":"ReadAction","target":["https:\/\/portalmf.com.br\/index.php\/2023\/12\/15\/vereador-petronio-lima-participou-celebracao-ao-dia-da-biblia-na-alba\/"]}]},{"@type":"ImageObject","inLanguage":"pt-BR","@id":"https:\/\/portalmf.com.br\/index.php\/2023\/12\/15\/vereador-petronio-lima-participou-celebracao-ao-dia-da-biblia-na-alba\/#primaryimage","url":"https:\/\/portalmf.com.br\/wp-content\/uploads\/2023\/12\/DIA-DA-BIBLIA-2023.jpg","contentUrl":"https:\/\/portalmf.com.br\/wp-content\/uploads\/2023\/12\/DIA-DA-BIBLIA-2023.jpg","width":1184,"height":996},{"@type":"BreadcrumbList","@id":"https:\/\/portalmf.com.br\/index.php\/2023\/12\/15\/vereador-petronio-lima-participou-celebracao-ao-dia-da-biblia-na-alba\/#breadcrumb","itemListElement":[{"@type":"ListItem","position":1,"name":"In\u00edcio","item":"https:\/\/portalmf.com.br\/"},{"@type":"ListItem","position":2,"name":"Vereador Petr\u00f4nio Lima participou celebra\u00e7\u00e3o ao Dia da B\u00edblia na ALBA"}]},{"@type":"WebSite","@id":"https:\/\/portalmf.com.br\/#website","url":"https:\/\/portalmf.com.br\/","name":"Portal MF","description":"Voc\u00ea conectado com a informa\u00e7\u00e3o","potentialAction":[{"@type":"SearchAction","target":{"@type":"EntryPoint","urlTemplate":"https:\/\/portalmf.com.br\/?s={search_term_string}"},"query-input":"required name=search_term_string"}],"inLanguage":"pt-BR"},{"@type":"Person","@id":"https:\/\/portalmf.com.br\/#\/schema\/person\/9ec101baf56233e53520c26de5d6f6f0","name":"Reda\u00e7\u00e3o Portal MF","image":{"@type":"ImageObject","inLanguage":"pt-BR","@id":"https:\/\/portalmf.com.br\/#\/schema\/person\/image\/","url":"https:\/\/secure.gravatar.com\/avatar\/41b9aaeb2100835f7c64362330f74c7f?s=96&d=mm&r=g","contentUrl":"https:\/\/secure.gravatar.com\/avatar\/41b9aaeb2100835f7c64362330f74c7f?s=96&d=mm&r=g","caption":"Reda\u00e7\u00e3o Portal MF"},"description":"Sejam bem-vindos o portal de informa\u00e7\u00f5es de entretenimento de Feira de Santana, desde 2006 realiza coberturas dos principais eventos com entrevistas exclusivas com as principais personalidades mundiais. Fique conectado tamb\u00e9m nas redes sociais.","sameAs":["http:\/\/www.portalmf.com.br\/","https:\/\/www.facebook.com\/portalmfoficial","https:\/\/www.instagram.com\/portalmf\/","https:\/\/x.com\/https:\/\/x.com\/portalmfoficial","https:\/\/www.youtube.com\/@portalmfoficial"],"url":"https:\/\/portalmf.com.br\/index.php\/author\/junior\/"}]}},"_links":{"self":[{"href":"https:\/\/portalmf.com.br\/index.php\/wp-json\/wp\/v2\/posts\/20950"}],"collection":[{"href":"https:\/\/portalmf.com.br\/index.php\/wp-json\/wp\/v2\/posts"}],"about":[{"href":"https:\/\/portalmf.com.br\/index.php\/wp-json\/wp\/v2\/types\/post"}],"author":[{"embeddable":true,"href":"https:\/\/portalmf.com.br\/index.php\/wp-json\/wp\/v2\/users\/3"}],"replies":[{"embeddable":true,"href":"https:\/\/portalmf.com.br\/index.php\/wp-json\/wp\/v2\/comments?post=20950"}],"version-history":[{"count":1,"href":"https:\/\/portalmf.com.br\/index.php\/wp-json\/wp\/v2\/posts\/20950\/revisions"}],"predecessor-version":[{"id":20952,"href":"https:\/\/portalmf.com.br\/index.php\/wp-json\/wp\/v2\/posts\/20950\/revisions\/20952"}],"wp:featuredmedia":[{"embeddable":true,"href":"https:\/\/portalmf.com.br\/index.php\/wp-json\/wp\/v2\/media\/20951"}],"wp:attachment":[{"href":"https:\/\/portalmf.com.br\/index.php\/wp-json\/wp\/v2\/media?parent=20950"}],"wp:term":[{"taxonomy":"category","embeddable":true,"href":"https:\/\/portalmf.com.br\/index.php\/wp-json\/wp\/v2\/categories?post=20950"},{"taxonomy":"post_tag","embeddable":true,"href":"https:\/\/portalmf.com.br\/index.php\/wp-json\/wp\/v2\/tags?post=20950"}],"curies":[{"name":"wp","href":"https:\/\/api.w.org\/{rel}","templated":true}]}}