{"id":20946,"date":"2023-12-15T18:11:37","date_gmt":"2023-12-15T21:11:37","guid":{"rendered":"https:\/\/portalmf.com.br\/?p=20946"},"modified":"2023-12-15T18:11:40","modified_gmt":"2023-12-15T21:11:40","slug":"em-votacao-popular-radio-e-tv-geral-ganham-quatro-trofeus-arnold-silva","status":"publish","type":"post","link":"https:\/\/portalmf.com.br\/index.php\/2023\/12\/15\/em-votacao-popular-radio-e-tv-geral-ganham-quatro-trofeus-arnold-silva\/","title":{"rendered":"Em vota\u00e7\u00e3o popular, R\u00e1dio e TV Geral ganham quatro trof\u00e9us Arnold Silva"},"content":{"rendered":"\n<p>Em sess\u00e3o solene, na noite desta quinta (14), a C\u00e2mara de Vereadores de Feira de Santana premiou&nbsp;profissionais de imprensa e&nbsp;ve\u00edculos de comunica\u00e7\u00e3o, com a&nbsp;entrega do Trof\u00e9u Jornalista Arnold Ferreira da Silva (Um dos mais not\u00f3rios e expressivos&nbsp;representantes da imprensa feirense).&nbsp;<\/p>\n\n\n\n<p>Em 2023 o destaque na premia\u00e7\u00e3o foi a TV e R\u00e1dio Geral, que ganharam quatro pr\u00eamios na noite, al\u00e9m dos melhores ve\u00edculos de comunica\u00e7\u00e3o web, os jornalistas Reginaldo Junior e Amaury Jr tamb\u00e9m foram premiados.<\/p>\n\n\n\n<p>O evento que acontece desde o ano de 1986 e&nbsp;foi idealizado pelo jornalista Luiz M\u00e1rio de Cerqueira, visando reconhecer o trabalho dos profissionais da comunica\u00e7\u00e3o que cobrem e divulgam as atividades do legislativo feirense, s\u00f3 que dessa vez um novo modelo de vota\u00e7\u00e3o mais transparente e democr\u00e1tico foi aplicado, quando os vereadores indicam tr\u00eas candidatos de cada categoria, que s\u00e3o submetidos ao voto popular.<\/p>\n\n\n\n<figure class=\"wp-block-image size-large\"><img fetchpriority=\"high\" decoding=\"async\" width=\"1024\" height=\"682\" src=\"https:\/\/portalmf.com.br\/wp-content\/uploads\/2023\/12\/TROFEU-IMPRENSA-1024x682.jpeg\" alt=\"\" class=\"wp-image-20947\" srcset=\"https:\/\/portalmf.com.br\/wp-content\/uploads\/2023\/12\/TROFEU-IMPRENSA-1024x682.jpeg 1024w, https:\/\/portalmf.com.br\/wp-content\/uploads\/2023\/12\/TROFEU-IMPRENSA-300x200.jpeg 300w, https:\/\/portalmf.com.br\/wp-content\/uploads\/2023\/12\/TROFEU-IMPRENSA-768x512.jpeg 768w, https:\/\/portalmf.com.br\/wp-content\/uploads\/2023\/12\/TROFEU-IMPRENSA-1536x1023.jpeg 1536w, https:\/\/portalmf.com.br\/wp-content\/uploads\/2023\/12\/TROFEU-IMPRENSA-1170x780.jpeg 1170w, https:\/\/portalmf.com.br\/wp-content\/uploads\/2023\/12\/TROFEU-IMPRENSA-585x390.jpeg 585w, https:\/\/portalmf.com.br\/wp-content\/uploads\/2023\/12\/TROFEU-IMPRENSA-263x175.jpeg 263w, https:\/\/portalmf.com.br\/wp-content\/uploads\/2023\/12\/TROFEU-IMPRENSA.jpeg 1600w\" sizes=\"(max-width: 1024px) 100vw, 1024px\" \/><figcaption class=\"wp-element-caption\">Foto: ASCOM<\/figcaption><\/figure>\n\n\n\n<p>A presidente da c\u00e2mara Vereadora Eremita Mota em seu discurso citou essa mudan\u00e7a e deu um tom harmonioso ao evento, que contou com um formato leve, s\u00e9rio e transparente.<\/p>\n\n\n\n<p><em>&#8220;Precis\u00e1vamos promover essa mudan\u00e7a para tornar a premia\u00e7\u00e3o mais objetiva e transparente, esperam que tenham gostado do novo formato, que \u00e9 pra mim uma realiza\u00e7\u00e3o, pois sei que ser\u00e1 uma noite memor\u00e1vel, estou muito satisfeita com o que vamos apresentar e agrade\u00e7o toda a equipe que trabalhou na formata\u00e7\u00e3o desse grande evento\u201d,<\/em> concluiu Eremita.<\/p>\n\n\n\n<p>Antes de anunciar os ganhadores nos diversos segmentos, o jornalista Valdomiro Silva, mais antigo da equipe da Ascom recebeu uma homenagem especial. O veterano comunicador recebeu o trof\u00e9u das m\u00e3os da presidente da c\u00e2mara de vereadores Eremita.<\/p>\n\n\n\n<p>Em seguida, o cerimonial passou a convidar os vencedores do Arnold Silva 2023, com destaque para o Grupo Folha do Estado<\/p>\n\n\n\n<p><strong><em>Confira lista dos vencedores:<\/em><\/strong><\/p>\n\n\n\n<p><strong>Jornal<\/strong>: Folha do Estado<\/p>\n\n\n\n<p><strong>TV Aberta:<\/strong> TV Suba\u00e9<\/p>\n\n\n\n<p><strong>TV Web:<\/strong> TV Geral<\/p>\n\n\n\n<p><strong>Radio Aberta:<\/strong> Sociedade News<\/p>\n\n\n\n<p><strong>Radio Web:<\/strong> R\u00e1dio Geral<\/p>\n\n\n\n<p><strong>Programa de r\u00e1dio:<\/strong> Acorda Cidade<\/p>\n\n\n\n<p><strong>Site:<\/strong> Acorda Cidade<\/p>\n\n\n\n<p><strong>Redes sociais:<\/strong> Feira Diferente<\/p>\n\n\n\n<p><strong>Rep\u00f3rter de TV web:<\/strong> Reginaldo J\u00fanior (TV Geral)<\/p>\n\n\n\n<p><strong>Rep\u00f3rter de TV Aberta:<\/strong> Madalena Braga (TV Suba\u00e9)<\/p>\n\n\n\n<p><strong>Rep\u00f3rter de R\u00e1dio Web:<\/strong> Amaury Junior (Radio Geral)<\/p>\n\n\n\n<p><strong>Rep\u00f3rter de R\u00e1dio Aberta:<\/strong> Paulo Jos\u00e9 (Acorda Cidade)<\/p>\n\n\n\n<p><strong>Rep\u00f3rter de Jornal:<\/strong> Adriele Merc\u00eas (Jornal Folha do Estado)<\/p>\n\n\n\n<p><strong>Revela\u00e7\u00e3o do Ano:<\/strong> Leandro Oliveira (Blog do Velame)<\/p>\n","protected":false},"excerpt":{"rendered":"<p>Em sess\u00e3o solene, na noite desta quinta (14), a C\u00e2mara de Vereadores de Feira de Santana premiou&nbsp;profissionais de imprensa e&nbsp;ve\u00edculos de comunica\u00e7\u00e3o, com a&nbsp;entrega do Trof\u00e9u Jornalista Arnold Ferreira da Silva (Um dos mais not\u00f3rios e expressivos&nbsp;representantes da imprensa feirense).&nbsp; Em 2023 o destaque na premia\u00e7\u00e3o foi a TV e R\u00e1dio Geral, que ganharam quatro [&hellip;]<\/p>\n","protected":false},"author":3,"featured_media":20948,"comment_status":"open","ping_status":"open","sticky":false,"template":"","format":"standard","meta":{"_monsterinsights_skip_tracking":false,"_monsterinsights_sitenote_active":false,"_monsterinsights_sitenote_note":"","_monsterinsights_sitenote_category":0,"footnotes":""},"categories":[47,50,34],"tags":[],"yoast_head":"<!-- This site is optimized with the Yoast SEO plugin v22.9 - https:\/\/yoast.com\/wordpress\/plugins\/seo\/ -->\n<title>Em vota\u00e7\u00e3o popular, R\u00e1dio e TV Geral ganham quatro trof\u00e9us Arnold Silva - Portal MF<\/title>\n<meta name=\"robots\" content=\"index, follow, max-snippet:-1, max-image-preview:large, max-video-preview:-1\" \/>\n<link rel=\"canonical\" href=\"https:\/\/portalmf.com.br\/index.php\/2023\/12\/15\/em-votacao-popular-radio-e-tv-geral-ganham-quatro-trofeus-arnold-silva\/\" \/>\n<meta property=\"og:locale\" content=\"pt_BR\" \/>\n<meta property=\"og:type\" content=\"article\" \/>\n<meta property=\"og:title\" content=\"Em vota\u00e7\u00e3o popular, R\u00e1dio e TV Geral ganham quatro trof\u00e9us Arnold Silva - Portal MF\" \/>\n<meta property=\"og:description\" content=\"Em sess\u00e3o solene, na noite desta quinta (14), a C\u00e2mara de Vereadores de Feira de Santana premiou&nbsp;profissionais de imprensa e&nbsp;ve\u00edculos de comunica\u00e7\u00e3o, com a&nbsp;entrega do Trof\u00e9u Jornalista Arnold Ferreira da Silva (Um dos mais not\u00f3rios e expressivos&nbsp;representantes da imprensa feirense).&nbsp; Em 2023 o destaque na premia\u00e7\u00e3o foi a TV e R\u00e1dio Geral, que ganharam quatro [&hellip;]\" \/>\n<meta property=\"og:url\" content=\"https:\/\/portalmf.com.br\/index.php\/2023\/12\/15\/em-votacao-popular-radio-e-tv-geral-ganham-quatro-trofeus-arnold-silva\/\" \/>\n<meta property=\"og:site_name\" content=\"Portal MF\" \/>\n<meta property=\"article:author\" content=\"https:\/\/www.facebook.com\/portalmfoficial\" \/>\n<meta property=\"article:published_time\" content=\"2023-12-15T21:11:37+00:00\" \/>\n<meta property=\"article:modified_time\" content=\"2023-12-15T21:11:40+00:00\" \/>\n<meta property=\"og:image\" content=\"https:\/\/portalmf.com.br\/wp-content\/uploads\/2023\/12\/Reginaldo-Junior-e-Ze-Neto-na-Entrega-do-trofeu_site.jpg\" \/>\n\t<meta property=\"og:image:width\" content=\"1280\" \/>\n\t<meta property=\"og:image:height\" content=\"960\" \/>\n\t<meta property=\"og:image:type\" content=\"image\/jpeg\" \/>\n<meta name=\"author\" content=\"Reda\u00e7\u00e3o Portal MF\" \/>\n<meta name=\"twitter:card\" content=\"summary_large_image\" \/>\n<meta name=\"twitter:creator\" content=\"@https:\/\/x.com\/portalmfoficial\" \/>\n<meta name=\"twitter:label1\" content=\"Escrito por\" \/>\n\t<meta name=\"twitter:data1\" content=\"Reda\u00e7\u00e3o Portal MF\" \/>\n\t<meta name=\"twitter:label2\" content=\"Est. tempo de leitura\" \/>\n\t<meta name=\"twitter:data2\" content=\"3 minutos\" \/>\n<script type=\"application\/ld+json\" class=\"yoast-schema-graph\">{\"@context\":\"https:\/\/schema.org\",\"@graph\":[{\"@type\":\"WebPage\",\"@id\":\"https:\/\/portalmf.com.br\/index.php\/2023\/12\/15\/em-votacao-popular-radio-e-tv-geral-ganham-quatro-trofeus-arnold-silva\/\",\"url\":\"https:\/\/portalmf.com.br\/index.php\/2023\/12\/15\/em-votacao-popular-radio-e-tv-geral-ganham-quatro-trofeus-arnold-silva\/\",\"name\":\"Em vota\u00e7\u00e3o popular, R\u00e1dio e TV Geral ganham quatro trof\u00e9us Arnold Silva - Portal MF\",\"isPartOf\":{\"@id\":\"https:\/\/portalmf.com.br\/#website\"},\"primaryImageOfPage\":{\"@id\":\"https:\/\/portalmf.com.br\/index.php\/2023\/12\/15\/em-votacao-popular-radio-e-tv-geral-ganham-quatro-trofeus-arnold-silva\/#primaryimage\"},\"image\":{\"@id\":\"https:\/\/portalmf.com.br\/index.php\/2023\/12\/15\/em-votacao-popular-radio-e-tv-geral-ganham-quatro-trofeus-arnold-silva\/#primaryimage\"},\"thumbnailUrl\":\"https:\/\/portalmf.com.br\/wp-content\/uploads\/2023\/12\/Reginaldo-Junior-e-Ze-Neto-na-Entrega-do-trofeu_site.jpg\",\"datePublished\":\"2023-12-15T21:11:37+00:00\",\"dateModified\":\"2023-12-15T21:11:40+00:00\",\"author\":{\"@id\":\"https:\/\/portalmf.com.br\/#\/schema\/person\/9ec101baf56233e53520c26de5d6f6f0\"},\"breadcrumb\":{\"@id\":\"https:\/\/portalmf.com.br\/index.php\/2023\/12\/15\/em-votacao-popular-radio-e-tv-geral-ganham-quatro-trofeus-arnold-silva\/#breadcrumb\"},\"inLanguage\":\"pt-BR\",\"potentialAction\":[{\"@type\":\"ReadAction\",\"target\":[\"https:\/\/portalmf.com.br\/index.php\/2023\/12\/15\/em-votacao-popular-radio-e-tv-geral-ganham-quatro-trofeus-arnold-silva\/\"]}]},{\"@type\":\"ImageObject\",\"inLanguage\":\"pt-BR\",\"@id\":\"https:\/\/portalmf.com.br\/index.php\/2023\/12\/15\/em-votacao-popular-radio-e-tv-geral-ganham-quatro-trofeus-arnold-silva\/#primaryimage\",\"url\":\"https:\/\/portalmf.com.br\/wp-content\/uploads\/2023\/12\/Reginaldo-Junior-e-Ze-Neto-na-Entrega-do-trofeu_site.jpg\",\"contentUrl\":\"https:\/\/portalmf.com.br\/wp-content\/uploads\/2023\/12\/Reginaldo-Junior-e-Ze-Neto-na-Entrega-do-trofeu_site.jpg\",\"width\":1280,\"height\":960},{\"@type\":\"BreadcrumbList\",\"@id\":\"https:\/\/portalmf.com.br\/index.php\/2023\/12\/15\/em-votacao-popular-radio-e-tv-geral-ganham-quatro-trofeus-arnold-silva\/#breadcrumb\",\"itemListElement\":[{\"@type\":\"ListItem\",\"position\":1,\"name\":\"In\u00edcio\",\"item\":\"https:\/\/portalmf.com.br\/\"},{\"@type\":\"ListItem\",\"position\":2,\"name\":\"Em vota\u00e7\u00e3o popular, R\u00e1dio e TV Geral ganham quatro trof\u00e9us Arnold Silva\"}]},{\"@type\":\"WebSite\",\"@id\":\"https:\/\/portalmf.com.br\/#website\",\"url\":\"https:\/\/portalmf.com.br\/\",\"name\":\"Portal MF\",\"description\":\"Voc\u00ea conectado com a informa\u00e7\u00e3o\",\"potentialAction\":[{\"@type\":\"SearchAction\",\"target\":{\"@type\":\"EntryPoint\",\"urlTemplate\":\"https:\/\/portalmf.com.br\/?s={search_term_string}\"},\"query-input\":\"required name=search_term_string\"}],\"inLanguage\":\"pt-BR\"},{\"@type\":\"Person\",\"@id\":\"https:\/\/portalmf.com.br\/#\/schema\/person\/9ec101baf56233e53520c26de5d6f6f0\",\"name\":\"Reda\u00e7\u00e3o Portal MF\",\"image\":{\"@type\":\"ImageObject\",\"inLanguage\":\"pt-BR\",\"@id\":\"https:\/\/portalmf.com.br\/#\/schema\/person\/image\/\",\"url\":\"https:\/\/secure.gravatar.com\/avatar\/41b9aaeb2100835f7c64362330f74c7f?s=96&d=mm&r=g\",\"contentUrl\":\"https:\/\/secure.gravatar.com\/avatar\/41b9aaeb2100835f7c64362330f74c7f?s=96&d=mm&r=g\",\"caption\":\"Reda\u00e7\u00e3o Portal MF\"},\"description\":\"Sejam bem-vindos o portal de informa\u00e7\u00f5es de entretenimento de Feira de Santana, desde 2006 realiza coberturas dos principais eventos com entrevistas exclusivas com as principais personalidades mundiais. Fique conectado tamb\u00e9m nas redes sociais.\",\"sameAs\":[\"http:\/\/www.portalmf.com.br\/\",\"https:\/\/www.facebook.com\/portalmfoficial\",\"https:\/\/www.instagram.com\/portalmf\/\",\"https:\/\/x.com\/https:\/\/x.com\/portalmfoficial\",\"https:\/\/www.youtube.com\/@portalmfoficial\"],\"url\":\"https:\/\/portalmf.com.br\/index.php\/author\/junior\/\"}]}<\/script>\n<!-- \/ Yoast SEO plugin. -->","yoast_head_json":{"title":"Em vota\u00e7\u00e3o popular, R\u00e1dio e TV Geral ganham quatro trof\u00e9us Arnold Silva - Portal MF","robots":{"index":"index","follow":"follow","max-snippet":"max-snippet:-1","max-image-preview":"max-image-preview:large","max-video-preview":"max-video-preview:-1"},"canonical":"https:\/\/portalmf.com.br\/index.php\/2023\/12\/15\/em-votacao-popular-radio-e-tv-geral-ganham-quatro-trofeus-arnold-silva\/","og_locale":"pt_BR","og_type":"article","og_title":"Em vota\u00e7\u00e3o popular, R\u00e1dio e TV Geral ganham quatro trof\u00e9us Arnold Silva - Portal MF","og_description":"Em sess\u00e3o solene, na noite desta quinta (14), a C\u00e2mara de Vereadores de Feira de Santana premiou&nbsp;profissionais de imprensa e&nbsp;ve\u00edculos de comunica\u00e7\u00e3o, com a&nbsp;entrega do Trof\u00e9u Jornalista Arnold Ferreira da Silva (Um dos mais not\u00f3rios e expressivos&nbsp;representantes da imprensa feirense).&nbsp; Em 2023 o destaque na premia\u00e7\u00e3o foi a TV e R\u00e1dio Geral, que ganharam quatro [&hellip;]","og_url":"https:\/\/portalmf.com.br\/index.php\/2023\/12\/15\/em-votacao-popular-radio-e-tv-geral-ganham-quatro-trofeus-arnold-silva\/","og_site_name":"Portal MF","article_author":"https:\/\/www.facebook.com\/portalmfoficial","article_published_time":"2023-12-15T21:11:37+00:00","article_modified_time":"2023-12-15T21:11:40+00:00","og_image":[{"width":1280,"height":960,"url":"https:\/\/portalmf.com.br\/wp-content\/uploads\/2023\/12\/Reginaldo-Junior-e-Ze-Neto-na-Entrega-do-trofeu_site.jpg","type":"image\/jpeg"}],"author":"Reda\u00e7\u00e3o Portal MF","twitter_card":"summary_large_image","twitter_creator":"@https:\/\/x.com\/portalmfoficial","twitter_misc":{"Escrito por":"Reda\u00e7\u00e3o Portal MF","Est. tempo de leitura":"3 minutos"},"schema":{"@context":"https:\/\/schema.org","@graph":[{"@type":"WebPage","@id":"https:\/\/portalmf.com.br\/index.php\/2023\/12\/15\/em-votacao-popular-radio-e-tv-geral-ganham-quatro-trofeus-arnold-silva\/","url":"https:\/\/portalmf.com.br\/index.php\/2023\/12\/15\/em-votacao-popular-radio-e-tv-geral-ganham-quatro-trofeus-arnold-silva\/","name":"Em vota\u00e7\u00e3o popular, R\u00e1dio e TV Geral ganham quatro trof\u00e9us Arnold Silva - Portal MF","isPartOf":{"@id":"https:\/\/portalmf.com.br\/#website"},"primaryImageOfPage":{"@id":"https:\/\/portalmf.com.br\/index.php\/2023\/12\/15\/em-votacao-popular-radio-e-tv-geral-ganham-quatro-trofeus-arnold-silva\/#primaryimage"},"image":{"@id":"https:\/\/portalmf.com.br\/index.php\/2023\/12\/15\/em-votacao-popular-radio-e-tv-geral-ganham-quatro-trofeus-arnold-silva\/#primaryimage"},"thumbnailUrl":"https:\/\/portalmf.com.br\/wp-content\/uploads\/2023\/12\/Reginaldo-Junior-e-Ze-Neto-na-Entrega-do-trofeu_site.jpg","datePublished":"2023-12-15T21:11:37+00:00","dateModified":"2023-12-15T21:11:40+00:00","author":{"@id":"https:\/\/portalmf.com.br\/#\/schema\/person\/9ec101baf56233e53520c26de5d6f6f0"},"breadcrumb":{"@id":"https:\/\/portalmf.com.br\/index.php\/2023\/12\/15\/em-votacao-popular-radio-e-tv-geral-ganham-quatro-trofeus-arnold-silva\/#breadcrumb"},"inLanguage":"pt-BR","potentialAction":[{"@type":"ReadAction","target":["https:\/\/portalmf.com.br\/index.php\/2023\/12\/15\/em-votacao-popular-radio-e-tv-geral-ganham-quatro-trofeus-arnold-silva\/"]}]},{"@type":"ImageObject","inLanguage":"pt-BR","@id":"https:\/\/portalmf.com.br\/index.php\/2023\/12\/15\/em-votacao-popular-radio-e-tv-geral-ganham-quatro-trofeus-arnold-silva\/#primaryimage","url":"https:\/\/portalmf.com.br\/wp-content\/uploads\/2023\/12\/Reginaldo-Junior-e-Ze-Neto-na-Entrega-do-trofeu_site.jpg","contentUrl":"https:\/\/portalmf.com.br\/wp-content\/uploads\/2023\/12\/Reginaldo-Junior-e-Ze-Neto-na-Entrega-do-trofeu_site.jpg","width":1280,"height":960},{"@type":"BreadcrumbList","@id":"https:\/\/portalmf.com.br\/index.php\/2023\/12\/15\/em-votacao-popular-radio-e-tv-geral-ganham-quatro-trofeus-arnold-silva\/#breadcrumb","itemListElement":[{"@type":"ListItem","position":1,"name":"In\u00edcio","item":"https:\/\/portalmf.com.br\/"},{"@type":"ListItem","position":2,"name":"Em vota\u00e7\u00e3o popular, R\u00e1dio e TV Geral ganham quatro trof\u00e9us Arnold Silva"}]},{"@type":"WebSite","@id":"https:\/\/portalmf.com.br\/#website","url":"https:\/\/portalmf.com.br\/","name":"Portal MF","description":"Voc\u00ea conectado com a informa\u00e7\u00e3o","potentialAction":[{"@type":"SearchAction","target":{"@type":"EntryPoint","urlTemplate":"https:\/\/portalmf.com.br\/?s={search_term_string}"},"query-input":"required name=search_term_string"}],"inLanguage":"pt-BR"},{"@type":"Person","@id":"https:\/\/portalmf.com.br\/#\/schema\/person\/9ec101baf56233e53520c26de5d6f6f0","name":"Reda\u00e7\u00e3o Portal MF","image":{"@type":"ImageObject","inLanguage":"pt-BR","@id":"https:\/\/portalmf.com.br\/#\/schema\/person\/image\/","url":"https:\/\/secure.gravatar.com\/avatar\/41b9aaeb2100835f7c64362330f74c7f?s=96&d=mm&r=g","contentUrl":"https:\/\/secure.gravatar.com\/avatar\/41b9aaeb2100835f7c64362330f74c7f?s=96&d=mm&r=g","caption":"Reda\u00e7\u00e3o Portal MF"},"description":"Sejam bem-vindos o portal de informa\u00e7\u00f5es de entretenimento de Feira de Santana, desde 2006 realiza coberturas dos principais eventos com entrevistas exclusivas com as principais personalidades mundiais. Fique conectado tamb\u00e9m nas redes sociais.","sameAs":["http:\/\/www.portalmf.com.br\/","https:\/\/www.facebook.com\/portalmfoficial","https:\/\/www.instagram.com\/portalmf\/","https:\/\/x.com\/https:\/\/x.com\/portalmfoficial","https:\/\/www.youtube.com\/@portalmfoficial"],"url":"https:\/\/portalmf.com.br\/index.php\/author\/junior\/"}]}},"_links":{"self":[{"href":"https:\/\/portalmf.com.br\/index.php\/wp-json\/wp\/v2\/posts\/20946"}],"collection":[{"href":"https:\/\/portalmf.com.br\/index.php\/wp-json\/wp\/v2\/posts"}],"about":[{"href":"https:\/\/portalmf.com.br\/index.php\/wp-json\/wp\/v2\/types\/post"}],"author":[{"embeddable":true,"href":"https:\/\/portalmf.com.br\/index.php\/wp-json\/wp\/v2\/users\/3"}],"replies":[{"embeddable":true,"href":"https:\/\/portalmf.com.br\/index.php\/wp-json\/wp\/v2\/comments?post=20946"}],"version-history":[{"count":1,"href":"https:\/\/portalmf.com.br\/index.php\/wp-json\/wp\/v2\/posts\/20946\/revisions"}],"predecessor-version":[{"id":20949,"href":"https:\/\/portalmf.com.br\/index.php\/wp-json\/wp\/v2\/posts\/20946\/revisions\/20949"}],"wp:featuredmedia":[{"embeddable":true,"href":"https:\/\/portalmf.com.br\/index.php\/wp-json\/wp\/v2\/media\/20948"}],"wp:attachment":[{"href":"https:\/\/portalmf.com.br\/index.php\/wp-json\/wp\/v2\/media?parent=20946"}],"wp:term":[{"taxonomy":"category","embeddable":true,"href":"https:\/\/portalmf.com.br\/index.php\/wp-json\/wp\/v2\/categories?post=20946"},{"taxonomy":"post_tag","embeddable":true,"href":"https:\/\/portalmf.com.br\/index.php\/wp-json\/wp\/v2\/tags?post=20946"}],"curies":[{"name":"wp","href":"https:\/\/api.w.org\/{rel}","templated":true}]}}