{"id":20943,"date":"2023-12-14T16:47:49","date_gmt":"2023-12-14T19:47:49","guid":{"rendered":"https:\/\/portalmf.com.br\/?p=20943"},"modified":"2023-12-14T16:47:50","modified_gmt":"2023-12-14T19:47:50","slug":"pis-pasep-2024-comeca-a-ser-pago-em-fevereiro","status":"publish","type":"post","link":"https:\/\/portalmf.com.br\/index.php\/2023\/12\/14\/pis-pasep-2024-comeca-a-ser-pago-em-fevereiro\/","title":{"rendered":"PIS\/Pasep 2024 come\u00e7a a ser pago em fevereiro"},"content":{"rendered":"\n<p>Cerca de 24 milh\u00f5es de pessoas que trabalharam com carteira assinada em 2022 poder\u00e3o sacar R$ 22,6 bilh\u00f5es do abono salarial de fevereiro a agosto do pr\u00f3ximo ano. O Conselho Deliberativo do Fundo de Amparo ao Trabalhador (Codefat) aprovou nesta quarta-feira (13) o calend\u00e1rio do Programa de Integra\u00e7\u00e3o Social (PIS) e do Programa de Forma\u00e7\u00e3o do Patrim\u00f4nio do Servidor P\u00fablico (Pasep) para 2024.<img decoding=\"async\" src=\"https:\/\/agenciabrasil.ebc.com.br\/ebc.png?id=1572208&amp;o=node\"><img decoding=\"async\" src=\"https:\/\/agenciabrasil.ebc.com.br\/ebc.gif?id=1572208&amp;o=node\"><\/p>\n\n\n\n<p>Segundo o Codefat, o abono salarial do pr\u00f3ximo ano ser\u00e1 pago a 24,67 milh\u00f5es de trabalhadores em todo o pa\u00eds. Desse total, 21,95 milh\u00f5es que trabalham na iniciativa privada receber\u00e3o R$ 19,8 bilh\u00f5es do PIS e 2,72 milh\u00f5es de servidores p\u00fablicos, empregados de estatais e militares t\u00eam direito a R$ 2,7 bilh\u00f5es do Pasep. O PIS \u00e9 pago pela Caixa Econ\u00f4mica Federal e o Pasep, pelo Banco do Brasil.<\/p>\n\n\n\n<p>Como ocorre tradicionalmente, os pagamentos ser\u00e3o divididos em seis lotes, baseados no m\u00eas de nascimento, no caso do PIS, e no n\u00famero final de inscri\u00e7\u00e3o, no caso do Pasep. O saque ter\u00e1 in\u00edcio nas datas de libera\u00e7\u00e3o dos lotes e acabar\u00e1 em 27 de dezembro de 2024. Ap\u00f3s esse prazo, ser\u00e1 necess\u00e1rio aguardar convoca\u00e7\u00e3o especial do Minist\u00e9rio do Trabalho e Previd\u00eancia.<\/p>\n\n\n\n<h2 class=\"wp-block-heading\">Quem tem direito<\/h2>\n\n\n\n<p>Tem direito ao benef\u00edcio o trabalhador inscrito no PIS\/Pasep h\u00e1, pelo menos, 5 anos, e que tenha trabalhado formalmente por, no m\u00ednimo, 30 dias no ano-base considerado para a apura\u00e7\u00e3o, com remunera\u00e7\u00e3o mensal m\u00e9dia de at\u00e9 dois sal\u00e1rios m\u00ednimos. Tamb\u00e9m \u00e9 necess\u00e1rio que os dados tenham sido informados corretamente pelo empregador na Rela\u00e7\u00e3o Anual de Informa\u00e7\u00f5es Sociais (Rais).<\/p>\n\n\n\n<p>O valor do abono \u00e9 proporcional ao per\u00edodo em que o empregado trabalhou com carteira assinada em 2022. Cada m\u00eas trabalhado equivale a um benef\u00edcio de R$ 108,50, com per\u00edodos iguais ou superiores a 15 dias contados como m\u00eas cheio. Quem trabalhou 12 meses com carteira assinada receber\u00e1 o sal\u00e1rio m\u00ednimo cheio, previsto para R$ 1.413 no pr\u00f3ximo ano, segundo o relat\u00f3rio setorial do Or\u00e7amento Geral da Uni\u00e3o de 2024.<\/p>\n\n\n\n<p>Saque do PIS, pago pela Caixa<\/p>\n\n\n\n<p>Para trabalhadores de empresas privadas<\/p>\n\n\n\n<p>Nascidos em\u2002 Recebem a partir de\u2002\u2002\u2002\u2002\u2002 Recebem at\u00e9<\/p>\n\n\n\n<p>Janeiro\u2002\u2002\u2002\u2002\u2002&nbsp;&nbsp;&nbsp;&nbsp;&nbsp;&nbsp;&nbsp;&nbsp;&nbsp;&nbsp;&nbsp;&nbsp;&nbsp;&nbsp;&nbsp;&nbsp; 15\/2\/2024\u2002\u2002\u2002&nbsp;&nbsp;&nbsp;&nbsp; 27\/12\/2024<\/p>\n\n\n\n<p>Fevereiro\u2002\u2002\u2002&nbsp;&nbsp;&nbsp;&nbsp;&nbsp;&nbsp;&nbsp;&nbsp;&nbsp;&nbsp;&nbsp;&nbsp;&nbsp;&nbsp;&nbsp;&nbsp; 15\/3\/2024\u2002\u2002\u2002&nbsp;&nbsp;&nbsp;&nbsp;&nbsp; 27\/12\/2024<\/p>\n\n\n\n<p>Mar\u00e7o e abril\u2002&nbsp;&nbsp;&nbsp;&nbsp;&nbsp;&nbsp;&nbsp;&nbsp;&nbsp;&nbsp;&nbsp;&nbsp;&nbsp;&nbsp; 15\/4\/2024\u2002\u2002\u2002&nbsp;&nbsp;&nbsp;&nbsp;&nbsp; 27\/12\/2024<\/p>\n\n\n\n<p>Maio e junho\u2002&nbsp;&nbsp;&nbsp;&nbsp;&nbsp;&nbsp;&nbsp;&nbsp;&nbsp;&nbsp;&nbsp;&nbsp;&nbsp;&nbsp; 15\/5\/2024\u2002\u2002\u2002&nbsp;&nbsp;&nbsp;&nbsp;&nbsp; 27\/12\/2024<\/p>\n\n\n\n<p>Julho e agosto&nbsp;&nbsp;&nbsp;&nbsp;&nbsp;&nbsp;&nbsp;&nbsp;&nbsp;&nbsp;&nbsp;&nbsp;&nbsp;&nbsp; 17\/6\/2024\u2002\u2002\u2002&nbsp;&nbsp;&nbsp;&nbsp;&nbsp; 27\/12\/2024<\/p>\n\n\n\n<p>Setembro e outubro&nbsp;&nbsp;&nbsp;&nbsp;&nbsp;&nbsp; 15\/7\/2024\u2002\u2002\u2002&nbsp;&nbsp;&nbsp;&nbsp;&nbsp; 27\/12\/2024<\/p>\n\n\n\n<p>Novembro e dezembro&nbsp;&nbsp;&nbsp; 17\/8\/2024\u2002&nbsp;&nbsp;&nbsp;&nbsp;&nbsp;&nbsp;&nbsp;&nbsp; 27\/12\/2024<\/p>\n\n\n\n<p>Saque do Pasep, pago pelo Banco do Brasil<\/p>\n\n\n\n<p>Para quem trabalhou em empresas p\u00fablicas<\/p>\n\n\n\n<p>Final da inscri\u00e7\u00e3o\u2002\u2002\u2002\u2002\u2002\u2002Recebem a partir de\u2002\u2002\u2002\u2002\u2002Recebem at\u00e9<\/p>\n\n\n\n<p>0\u2002\u2002\u2002\u2002\u2002&nbsp;&nbsp;&nbsp;&nbsp;&nbsp;&nbsp;&nbsp;&nbsp;&nbsp;&nbsp;&nbsp;&nbsp;&nbsp;&nbsp;&nbsp;&nbsp;&nbsp;&nbsp;&nbsp;&nbsp;&nbsp;&nbsp;&nbsp;&nbsp;&nbsp;&nbsp;&nbsp;&nbsp;&nbsp;&nbsp; 15\/2\/2024\u2002\u2002\u2002&nbsp;&nbsp;&nbsp;&nbsp;&nbsp;&nbsp;&nbsp;&nbsp;&nbsp; 27\/12\/2024<\/p>\n\n\n\n<p>1\u2002\u2002\u2002\u2002\u2002&nbsp;&nbsp;&nbsp;&nbsp;&nbsp;&nbsp;&nbsp;&nbsp;&nbsp;&nbsp;&nbsp;&nbsp;&nbsp;&nbsp;&nbsp;&nbsp;&nbsp;&nbsp;&nbsp;&nbsp;&nbsp;&nbsp;&nbsp;&nbsp;&nbsp;&nbsp;&nbsp;&nbsp;&nbsp;&nbsp; 15\/3\/2024\u2002\u2002\u2002&nbsp;&nbsp;&nbsp;&nbsp;&nbsp;&nbsp;&nbsp;&nbsp;&nbsp; 27\/12\/2024<\/p>\n\n\n\n<p>2 e 3\u2002&nbsp;&nbsp;&nbsp;&nbsp;&nbsp;&nbsp;&nbsp;&nbsp;&nbsp;&nbsp;&nbsp;&nbsp;&nbsp;&nbsp;&nbsp;&nbsp;&nbsp;&nbsp;&nbsp;&nbsp;&nbsp;&nbsp;&nbsp;&nbsp;&nbsp;&nbsp;&nbsp;&nbsp;&nbsp;&nbsp;&nbsp;&nbsp; 15\/4\/2024\u2002\u2002\u2002&nbsp;&nbsp;&nbsp;&nbsp;&nbsp;&nbsp;&nbsp;&nbsp;&nbsp; 27\/12\/2024<\/p>\n\n\n\n<p>4 e 5\u2002&nbsp;&nbsp;&nbsp;&nbsp;&nbsp;&nbsp;&nbsp;&nbsp;&nbsp;&nbsp;&nbsp;&nbsp;&nbsp;&nbsp;&nbsp;&nbsp;&nbsp;&nbsp;&nbsp;&nbsp;&nbsp;&nbsp;&nbsp;&nbsp;&nbsp;&nbsp;&nbsp;&nbsp;&nbsp;&nbsp;&nbsp;&nbsp; 15\/5\/2024\u2002\u2002\u2002&nbsp;&nbsp;&nbsp;&nbsp;&nbsp;&nbsp;&nbsp;&nbsp;&nbsp; 27\/12\/2024<\/p>\n\n\n\n<p>6 e 7\u2002&nbsp;&nbsp;&nbsp;&nbsp;&nbsp;&nbsp;&nbsp;&nbsp;&nbsp;&nbsp;&nbsp;&nbsp;&nbsp;&nbsp;&nbsp;&nbsp;&nbsp;&nbsp;&nbsp;&nbsp;&nbsp;&nbsp;&nbsp;&nbsp;&nbsp;&nbsp;&nbsp;&nbsp;&nbsp;&nbsp;&nbsp;&nbsp; 17\/6\/2024\u2002\u2002\u2002&nbsp;&nbsp;&nbsp;&nbsp;&nbsp;&nbsp;&nbsp;&nbsp;&nbsp; 27\/12\/2024<\/p>\n\n\n\n<p>8\u2002\u2002\u2002\u2002\u2002&nbsp;&nbsp;&nbsp;&nbsp;&nbsp;&nbsp;&nbsp;&nbsp;&nbsp;&nbsp;&nbsp;&nbsp;&nbsp;&nbsp;&nbsp;&nbsp;&nbsp;&nbsp;&nbsp;&nbsp;&nbsp;&nbsp;&nbsp;&nbsp;&nbsp;&nbsp;&nbsp;&nbsp;&nbsp;&nbsp; 15\/7\/2024\u2002\u2002\u2002&nbsp;&nbsp;&nbsp;&nbsp;&nbsp;&nbsp;&nbsp;&nbsp;&nbsp; 27\/12\/2024<\/p>\n\n\n\n<p>9\u2002\u2002\u2002\u2002\u2002&nbsp;&nbsp;&nbsp;&nbsp;&nbsp;&nbsp;&nbsp;&nbsp;&nbsp;&nbsp;&nbsp;&nbsp;&nbsp;&nbsp;&nbsp;&nbsp;&nbsp;&nbsp;&nbsp;&nbsp;&nbsp;&nbsp;&nbsp;&nbsp;&nbsp;&nbsp;&nbsp;&nbsp;&nbsp;&nbsp; 17\/8\/2024\u2002\u2002\u2002&nbsp;&nbsp;&nbsp;&nbsp;&nbsp;&nbsp;&nbsp;&nbsp;&nbsp; 27\/12\/2024<\/p>\n\n\n\n<p>Fonte: Codefat<\/p>\n\n\n\n<h2 class=\"wp-block-heading\">Pagamento<\/h2>\n\n\n\n<p>Trabalhadores da iniciativa privada com conta corrente ou poupan\u00e7a na Caixa receber\u00e3o o cr\u00e9dito automaticamente no banco, de acordo com o m\u00eas de seu nascimento.<\/p>\n\n\n\n<p>Os demais benefici\u00e1rios receber\u00e3o os valores por meio da poupan\u00e7a social digital, que pode ser movimentada pelo aplicativo Caixa Tem. Caso n\u00e3o seja poss\u00edvel a abertura da conta digital, o saque poder\u00e1 ser realizado com o Cart\u00e3o do Cidad\u00e3o e senha nos terminais de autoatendimento, unidades lot\u00e9ricas, Caixa Aqui ou ag\u00eancias, tamb\u00e9m de acordo com o calend\u00e1rio de pagamento escalonado por m\u00eas de nascimento.<\/p>\n\n\n\n<p>O pagamento do abono do Pasep ocorre via cr\u00e9dito em conta para quem \u00e9 correntista ou tem poupan\u00e7a no Banco do Brasil. O trabalhador que n\u00e3o \u00e9 correntista do BB pode efetuar a transfer\u00eancia via TED para conta de sua titularidade nos terminais de autoatendimento e no portal www.bb.com.br\/pasep ou no guich\u00ea de caixa das ag\u00eancias, mediante apresenta\u00e7\u00e3o de documento oficial de identidade.<\/p>\n\n\n\n<p>At\u00e9 2020, o abono salarial do ano anterior era pago de julho do ano corrente a junho do ano seguinte. No in\u00edcio de 2021, o Codefat atendeu a recomenda\u00e7\u00e3o da Controladoria-Geral da Uni\u00e3o (CGU) e passou a depositar o dinheiro\u00a0somente 2 anos ap\u00f3s o trabalho com carteira assinada.<\/p>\n\n\n\n<p>Com informa\u00e7\u00f5es da Ag\u00eancia Brasil<\/p>\n","protected":false},"excerpt":{"rendered":"<p>Cerca de 24 milh\u00f5es de pessoas que trabalharam com carteira assinada em 2022 poder\u00e3o sacar R$ 22,6 bilh\u00f5es do abono salarial de fevereiro a agosto do pr\u00f3ximo ano. O Conselho Deliberativo do Fundo de Amparo ao Trabalhador (Codefat) aprovou nesta quarta-feira (13) o calend\u00e1rio do Programa de Integra\u00e7\u00e3o Social (PIS) e do Programa de Forma\u00e7\u00e3o [&hellip;]<\/p>\n","protected":false},"author":3,"featured_media":20944,"comment_status":"open","ping_status":"open","sticky":false,"template":"","format":"standard","meta":{"_monsterinsights_skip_tracking":false,"_monsterinsights_sitenote_active":false,"_monsterinsights_sitenote_note":"","_monsterinsights_sitenote_category":0,"footnotes":""},"categories":[34],"tags":[],"yoast_head":"<!-- This site is optimized with the Yoast SEO plugin v22.9 - https:\/\/yoast.com\/wordpress\/plugins\/seo\/ -->\n<title>PIS\/Pasep 2024 come\u00e7a a ser pago em fevereiro - Portal MF<\/title>\n<meta name=\"robots\" content=\"index, follow, max-snippet:-1, max-image-preview:large, max-video-preview:-1\" \/>\n<link rel=\"canonical\" href=\"https:\/\/portalmf.com.br\/index.php\/2023\/12\/14\/pis-pasep-2024-comeca-a-ser-pago-em-fevereiro\/\" \/>\n<meta property=\"og:locale\" content=\"pt_BR\" \/>\n<meta property=\"og:type\" content=\"article\" \/>\n<meta property=\"og:title\" content=\"PIS\/Pasep 2024 come\u00e7a a ser pago em fevereiro - Portal MF\" \/>\n<meta property=\"og:description\" content=\"Cerca de 24 milh\u00f5es de pessoas que trabalharam com carteira assinada em 2022 poder\u00e3o sacar R$ 22,6 bilh\u00f5es do abono salarial de fevereiro a agosto do pr\u00f3ximo ano. O Conselho Deliberativo do Fundo de Amparo ao Trabalhador (Codefat) aprovou nesta quarta-feira (13) o calend\u00e1rio do Programa de Integra\u00e7\u00e3o Social (PIS) e do Programa de Forma\u00e7\u00e3o [&hellip;]\" \/>\n<meta property=\"og:url\" content=\"https:\/\/portalmf.com.br\/index.php\/2023\/12\/14\/pis-pasep-2024-comeca-a-ser-pago-em-fevereiro\/\" \/>\n<meta property=\"og:site_name\" content=\"Portal MF\" \/>\n<meta property=\"article:author\" content=\"https:\/\/www.facebook.com\/portalmfoficial\" \/>\n<meta property=\"article:published_time\" content=\"2023-12-14T19:47:49+00:00\" \/>\n<meta property=\"article:modified_time\" content=\"2023-12-14T19:47:50+00:00\" \/>\n<meta property=\"og:image\" content=\"https:\/\/portalmf.com.br\/wp-content\/uploads\/2023\/12\/real_moeda_dinheiro_mcajr_2904223675.jpg\" \/>\n\t<meta property=\"og:image:width\" content=\"1170\" \/>\n\t<meta property=\"og:image:height\" content=\"700\" \/>\n\t<meta property=\"og:image:type\" content=\"image\/jpeg\" \/>\n<meta name=\"author\" content=\"Reda\u00e7\u00e3o Portal MF\" \/>\n<meta name=\"twitter:card\" content=\"summary_large_image\" \/>\n<meta name=\"twitter:creator\" content=\"@https:\/\/x.com\/portalmfoficial\" \/>\n<meta name=\"twitter:label1\" content=\"Escrito por\" \/>\n\t<meta name=\"twitter:data1\" content=\"Reda\u00e7\u00e3o Portal MF\" \/>\n\t<meta name=\"twitter:label2\" content=\"Est. tempo de leitura\" \/>\n\t<meta name=\"twitter:data2\" content=\"4 minutos\" \/>\n<script type=\"application\/ld+json\" class=\"yoast-schema-graph\">{\"@context\":\"https:\/\/schema.org\",\"@graph\":[{\"@type\":\"WebPage\",\"@id\":\"https:\/\/portalmf.com.br\/index.php\/2023\/12\/14\/pis-pasep-2024-comeca-a-ser-pago-em-fevereiro\/\",\"url\":\"https:\/\/portalmf.com.br\/index.php\/2023\/12\/14\/pis-pasep-2024-comeca-a-ser-pago-em-fevereiro\/\",\"name\":\"PIS\/Pasep 2024 come\u00e7a a ser pago em fevereiro - Portal MF\",\"isPartOf\":{\"@id\":\"https:\/\/portalmf.com.br\/#website\"},\"primaryImageOfPage\":{\"@id\":\"https:\/\/portalmf.com.br\/index.php\/2023\/12\/14\/pis-pasep-2024-comeca-a-ser-pago-em-fevereiro\/#primaryimage\"},\"image\":{\"@id\":\"https:\/\/portalmf.com.br\/index.php\/2023\/12\/14\/pis-pasep-2024-comeca-a-ser-pago-em-fevereiro\/#primaryimage\"},\"thumbnailUrl\":\"https:\/\/portalmf.com.br\/wp-content\/uploads\/2023\/12\/real_moeda_dinheiro_mcajr_2904223675.jpg\",\"datePublished\":\"2023-12-14T19:47:49+00:00\",\"dateModified\":\"2023-12-14T19:47:50+00:00\",\"author\":{\"@id\":\"https:\/\/portalmf.com.br\/#\/schema\/person\/9ec101baf56233e53520c26de5d6f6f0\"},\"breadcrumb\":{\"@id\":\"https:\/\/portalmf.com.br\/index.php\/2023\/12\/14\/pis-pasep-2024-comeca-a-ser-pago-em-fevereiro\/#breadcrumb\"},\"inLanguage\":\"pt-BR\",\"potentialAction\":[{\"@type\":\"ReadAction\",\"target\":[\"https:\/\/portalmf.com.br\/index.php\/2023\/12\/14\/pis-pasep-2024-comeca-a-ser-pago-em-fevereiro\/\"]}]},{\"@type\":\"ImageObject\",\"inLanguage\":\"pt-BR\",\"@id\":\"https:\/\/portalmf.com.br\/index.php\/2023\/12\/14\/pis-pasep-2024-comeca-a-ser-pago-em-fevereiro\/#primaryimage\",\"url\":\"https:\/\/portalmf.com.br\/wp-content\/uploads\/2023\/12\/real_moeda_dinheiro_mcajr_2904223675.jpg\",\"contentUrl\":\"https:\/\/portalmf.com.br\/wp-content\/uploads\/2023\/12\/real_moeda_dinheiro_mcajr_2904223675.jpg\",\"width\":1170,\"height\":700},{\"@type\":\"BreadcrumbList\",\"@id\":\"https:\/\/portalmf.com.br\/index.php\/2023\/12\/14\/pis-pasep-2024-comeca-a-ser-pago-em-fevereiro\/#breadcrumb\",\"itemListElement\":[{\"@type\":\"ListItem\",\"position\":1,\"name\":\"In\u00edcio\",\"item\":\"https:\/\/portalmf.com.br\/\"},{\"@type\":\"ListItem\",\"position\":2,\"name\":\"PIS\/Pasep 2024 come\u00e7a a ser pago em fevereiro\"}]},{\"@type\":\"WebSite\",\"@id\":\"https:\/\/portalmf.com.br\/#website\",\"url\":\"https:\/\/portalmf.com.br\/\",\"name\":\"Portal MF\",\"description\":\"Voc\u00ea conectado com a informa\u00e7\u00e3o\",\"potentialAction\":[{\"@type\":\"SearchAction\",\"target\":{\"@type\":\"EntryPoint\",\"urlTemplate\":\"https:\/\/portalmf.com.br\/?s={search_term_string}\"},\"query-input\":\"required name=search_term_string\"}],\"inLanguage\":\"pt-BR\"},{\"@type\":\"Person\",\"@id\":\"https:\/\/portalmf.com.br\/#\/schema\/person\/9ec101baf56233e53520c26de5d6f6f0\",\"name\":\"Reda\u00e7\u00e3o Portal MF\",\"image\":{\"@type\":\"ImageObject\",\"inLanguage\":\"pt-BR\",\"@id\":\"https:\/\/portalmf.com.br\/#\/schema\/person\/image\/\",\"url\":\"https:\/\/secure.gravatar.com\/avatar\/41b9aaeb2100835f7c64362330f74c7f?s=96&d=mm&r=g\",\"contentUrl\":\"https:\/\/secure.gravatar.com\/avatar\/41b9aaeb2100835f7c64362330f74c7f?s=96&d=mm&r=g\",\"caption\":\"Reda\u00e7\u00e3o Portal MF\"},\"description\":\"Sejam bem-vindos o portal de informa\u00e7\u00f5es de entretenimento de Feira de Santana, desde 2006 realiza coberturas dos principais eventos com entrevistas exclusivas com as principais personalidades mundiais. Fique conectado tamb\u00e9m nas redes sociais.\",\"sameAs\":[\"http:\/\/www.portalmf.com.br\/\",\"https:\/\/www.facebook.com\/portalmfoficial\",\"https:\/\/www.instagram.com\/portalmf\/\",\"https:\/\/x.com\/https:\/\/x.com\/portalmfoficial\",\"https:\/\/www.youtube.com\/@portalmfoficial\"],\"url\":\"https:\/\/portalmf.com.br\/index.php\/author\/junior\/\"}]}<\/script>\n<!-- \/ Yoast SEO plugin. -->","yoast_head_json":{"title":"PIS\/Pasep 2024 come\u00e7a a ser pago em fevereiro - Portal MF","robots":{"index":"index","follow":"follow","max-snippet":"max-snippet:-1","max-image-preview":"max-image-preview:large","max-video-preview":"max-video-preview:-1"},"canonical":"https:\/\/portalmf.com.br\/index.php\/2023\/12\/14\/pis-pasep-2024-comeca-a-ser-pago-em-fevereiro\/","og_locale":"pt_BR","og_type":"article","og_title":"PIS\/Pasep 2024 come\u00e7a a ser pago em fevereiro - Portal MF","og_description":"Cerca de 24 milh\u00f5es de pessoas que trabalharam com carteira assinada em 2022 poder\u00e3o sacar R$ 22,6 bilh\u00f5es do abono salarial de fevereiro a agosto do pr\u00f3ximo ano. O Conselho Deliberativo do Fundo de Amparo ao Trabalhador (Codefat) aprovou nesta quarta-feira (13) o calend\u00e1rio do Programa de Integra\u00e7\u00e3o Social (PIS) e do Programa de Forma\u00e7\u00e3o [&hellip;]","og_url":"https:\/\/portalmf.com.br\/index.php\/2023\/12\/14\/pis-pasep-2024-comeca-a-ser-pago-em-fevereiro\/","og_site_name":"Portal MF","article_author":"https:\/\/www.facebook.com\/portalmfoficial","article_published_time":"2023-12-14T19:47:49+00:00","article_modified_time":"2023-12-14T19:47:50+00:00","og_image":[{"width":1170,"height":700,"url":"https:\/\/portalmf.com.br\/wp-content\/uploads\/2023\/12\/real_moeda_dinheiro_mcajr_2904223675.jpg","type":"image\/jpeg"}],"author":"Reda\u00e7\u00e3o Portal MF","twitter_card":"summary_large_image","twitter_creator":"@https:\/\/x.com\/portalmfoficial","twitter_misc":{"Escrito por":"Reda\u00e7\u00e3o Portal MF","Est. tempo de leitura":"4 minutos"},"schema":{"@context":"https:\/\/schema.org","@graph":[{"@type":"WebPage","@id":"https:\/\/portalmf.com.br\/index.php\/2023\/12\/14\/pis-pasep-2024-comeca-a-ser-pago-em-fevereiro\/","url":"https:\/\/portalmf.com.br\/index.php\/2023\/12\/14\/pis-pasep-2024-comeca-a-ser-pago-em-fevereiro\/","name":"PIS\/Pasep 2024 come\u00e7a a ser pago em fevereiro - Portal MF","isPartOf":{"@id":"https:\/\/portalmf.com.br\/#website"},"primaryImageOfPage":{"@id":"https:\/\/portalmf.com.br\/index.php\/2023\/12\/14\/pis-pasep-2024-comeca-a-ser-pago-em-fevereiro\/#primaryimage"},"image":{"@id":"https:\/\/portalmf.com.br\/index.php\/2023\/12\/14\/pis-pasep-2024-comeca-a-ser-pago-em-fevereiro\/#primaryimage"},"thumbnailUrl":"https:\/\/portalmf.com.br\/wp-content\/uploads\/2023\/12\/real_moeda_dinheiro_mcajr_2904223675.jpg","datePublished":"2023-12-14T19:47:49+00:00","dateModified":"2023-12-14T19:47:50+00:00","author":{"@id":"https:\/\/portalmf.com.br\/#\/schema\/person\/9ec101baf56233e53520c26de5d6f6f0"},"breadcrumb":{"@id":"https:\/\/portalmf.com.br\/index.php\/2023\/12\/14\/pis-pasep-2024-comeca-a-ser-pago-em-fevereiro\/#breadcrumb"},"inLanguage":"pt-BR","potentialAction":[{"@type":"ReadAction","target":["https:\/\/portalmf.com.br\/index.php\/2023\/12\/14\/pis-pasep-2024-comeca-a-ser-pago-em-fevereiro\/"]}]},{"@type":"ImageObject","inLanguage":"pt-BR","@id":"https:\/\/portalmf.com.br\/index.php\/2023\/12\/14\/pis-pasep-2024-comeca-a-ser-pago-em-fevereiro\/#primaryimage","url":"https:\/\/portalmf.com.br\/wp-content\/uploads\/2023\/12\/real_moeda_dinheiro_mcajr_2904223675.jpg","contentUrl":"https:\/\/portalmf.com.br\/wp-content\/uploads\/2023\/12\/real_moeda_dinheiro_mcajr_2904223675.jpg","width":1170,"height":700},{"@type":"BreadcrumbList","@id":"https:\/\/portalmf.com.br\/index.php\/2023\/12\/14\/pis-pasep-2024-comeca-a-ser-pago-em-fevereiro\/#breadcrumb","itemListElement":[{"@type":"ListItem","position":1,"name":"In\u00edcio","item":"https:\/\/portalmf.com.br\/"},{"@type":"ListItem","position":2,"name":"PIS\/Pasep 2024 come\u00e7a a ser pago em fevereiro"}]},{"@type":"WebSite","@id":"https:\/\/portalmf.com.br\/#website","url":"https:\/\/portalmf.com.br\/","name":"Portal MF","description":"Voc\u00ea conectado com a informa\u00e7\u00e3o","potentialAction":[{"@type":"SearchAction","target":{"@type":"EntryPoint","urlTemplate":"https:\/\/portalmf.com.br\/?s={search_term_string}"},"query-input":"required name=search_term_string"}],"inLanguage":"pt-BR"},{"@type":"Person","@id":"https:\/\/portalmf.com.br\/#\/schema\/person\/9ec101baf56233e53520c26de5d6f6f0","name":"Reda\u00e7\u00e3o Portal MF","image":{"@type":"ImageObject","inLanguage":"pt-BR","@id":"https:\/\/portalmf.com.br\/#\/schema\/person\/image\/","url":"https:\/\/secure.gravatar.com\/avatar\/41b9aaeb2100835f7c64362330f74c7f?s=96&d=mm&r=g","contentUrl":"https:\/\/secure.gravatar.com\/avatar\/41b9aaeb2100835f7c64362330f74c7f?s=96&d=mm&r=g","caption":"Reda\u00e7\u00e3o Portal MF"},"description":"Sejam bem-vindos o portal de informa\u00e7\u00f5es de entretenimento de Feira de Santana, desde 2006 realiza coberturas dos principais eventos com entrevistas exclusivas com as principais personalidades mundiais. Fique conectado tamb\u00e9m nas redes sociais.","sameAs":["http:\/\/www.portalmf.com.br\/","https:\/\/www.facebook.com\/portalmfoficial","https:\/\/www.instagram.com\/portalmf\/","https:\/\/x.com\/https:\/\/x.com\/portalmfoficial","https:\/\/www.youtube.com\/@portalmfoficial"],"url":"https:\/\/portalmf.com.br\/index.php\/author\/junior\/"}]}},"_links":{"self":[{"href":"https:\/\/portalmf.com.br\/index.php\/wp-json\/wp\/v2\/posts\/20943"}],"collection":[{"href":"https:\/\/portalmf.com.br\/index.php\/wp-json\/wp\/v2\/posts"}],"about":[{"href":"https:\/\/portalmf.com.br\/index.php\/wp-json\/wp\/v2\/types\/post"}],"author":[{"embeddable":true,"href":"https:\/\/portalmf.com.br\/index.php\/wp-json\/wp\/v2\/users\/3"}],"replies":[{"embeddable":true,"href":"https:\/\/portalmf.com.br\/index.php\/wp-json\/wp\/v2\/comments?post=20943"}],"version-history":[{"count":1,"href":"https:\/\/portalmf.com.br\/index.php\/wp-json\/wp\/v2\/posts\/20943\/revisions"}],"predecessor-version":[{"id":20945,"href":"https:\/\/portalmf.com.br\/index.php\/wp-json\/wp\/v2\/posts\/20943\/revisions\/20945"}],"wp:featuredmedia":[{"embeddable":true,"href":"https:\/\/portalmf.com.br\/index.php\/wp-json\/wp\/v2\/media\/20944"}],"wp:attachment":[{"href":"https:\/\/portalmf.com.br\/index.php\/wp-json\/wp\/v2\/media?parent=20943"}],"wp:term":[{"taxonomy":"category","embeddable":true,"href":"https:\/\/portalmf.com.br\/index.php\/wp-json\/wp\/v2\/categories?post=20943"},{"taxonomy":"post_tag","embeddable":true,"href":"https:\/\/portalmf.com.br\/index.php\/wp-json\/wp\/v2\/tags?post=20943"}],"curies":[{"name":"wp","href":"https:\/\/api.w.org\/{rel}","templated":true}]}}