{"id":20933,"date":"2023-12-14T13:36:00","date_gmt":"2023-12-14T16:36:00","guid":{"rendered":"https:\/\/portalmf.com.br\/?p=20933"},"modified":"2023-12-14T16:43:34","modified_gmt":"2023-12-14T19:43:34","slug":"qualifica-feira-certifica-155-jovens-para-ingressar-no-mercado-de-trabalho","status":"publish","type":"post","link":"https:\/\/portalmf.com.br\/index.php\/2023\/12\/14\/qualifica-feira-certifica-155-jovens-para-ingressar-no-mercado-de-trabalho\/","title":{"rendered":"Qualifica Feira certifica 155 jovens para ingressar no mercado de trabalho"},"content":{"rendered":"\n<p>Mais 155 jovens foram certificados pela Secretaria Municipal de Desenvolvimento Social (Sedeso) na manh\u00e3 desta quinta-feira (13) ap\u00f3s conclu\u00edrem um dos sete cursos oferecidos pela Prefeitura de Feira de Santana, por meio do Qualifica Feira.<\/p>\n\n\n\n<p>O Munic\u00edpio ofertou os seguintes cursos: seguran\u00e7a em instala\u00e7\u00f5es el\u00e9tricas; manuten\u00e7\u00e3o de notebook e microcomputador; inform\u00e1tica; unhas em gel; preparo de salgados e o curso de agente de portaria. As aulas foram ministradas pelo Senai, Senac e Sest\/Senat.<\/p>\n\n\n\n<figure class=\"wp-block-image size-large\"><img fetchpriority=\"high\" decoding=\"async\" width=\"1024\" height=\"683\" src=\"https:\/\/portalmf.com.br\/wp-content\/uploads\/2023\/12\/image-2-1024x683.png\" alt=\"\" class=\"wp-image-20934\" srcset=\"https:\/\/portalmf.com.br\/wp-content\/uploads\/2023\/12\/image-2-1024x683.png 1024w, https:\/\/portalmf.com.br\/wp-content\/uploads\/2023\/12\/image-2-300x200.png 300w, https:\/\/portalmf.com.br\/wp-content\/uploads\/2023\/12\/image-2-768x512.png 768w, https:\/\/portalmf.com.br\/wp-content\/uploads\/2023\/12\/image-2-585x390.png 585w, https:\/\/portalmf.com.br\/wp-content\/uploads\/2023\/12\/image-2-263x175.png 263w, https:\/\/portalmf.com.br\/wp-content\/uploads\/2023\/12\/image-2.png 1169w\" sizes=\"(max-width: 1024px) 100vw, 1024px\" \/><figcaption class=\"wp-element-caption\"><strong>Foto: Valdenir Lima<\/strong><\/figcaption><\/figure>\n\n\n\n<p>Rosane Laranjeira Costa foi uma das participantes do curso de manuten\u00e7\u00e3o de microcomputador e inform\u00e1tica. J\u00e1 qualificada em confeitaria e panifica\u00e7\u00e3o tamb\u00e9m por meio da Prefeitura de Feira de Santana, ela acredita que est\u00e1 preparada para atuar no mercado de trabalho.<\/p>\n\n\n\n<p><em>\u201cAl\u00e9m de renovar minha autoestima, uma vez que me sinto mais qualificada para compartilhar meus conhecimentos com outras pessoas [ela ensina a produzir salgados, doces, bolos e p\u00e3es], agora o curso de inform\u00e1tica agregou valor ao meu trabalho para que eu possa fazer planilhas de custos e, futuramente, dar aulas online\u201d,<\/em>\u00a0disse.<\/p>\n\n\n\n<figure class=\"wp-block-image size-large\"><img decoding=\"async\" width=\"1024\" height=\"683\" src=\"https:\/\/portalmf.com.br\/wp-content\/uploads\/2023\/12\/image-3-1024x683.png\" alt=\"\" class=\"wp-image-20935\" srcset=\"https:\/\/portalmf.com.br\/wp-content\/uploads\/2023\/12\/image-3-1024x683.png 1024w, https:\/\/portalmf.com.br\/wp-content\/uploads\/2023\/12\/image-3-300x200.png 300w, https:\/\/portalmf.com.br\/wp-content\/uploads\/2023\/12\/image-3-768x512.png 768w, https:\/\/portalmf.com.br\/wp-content\/uploads\/2023\/12\/image-3-585x390.png 585w, https:\/\/portalmf.com.br\/wp-content\/uploads\/2023\/12\/image-3-263x175.png 263w, https:\/\/portalmf.com.br\/wp-content\/uploads\/2023\/12\/image-3.png 1169w\" sizes=\"(max-width: 1024px) 100vw, 1024px\" \/><figcaption class=\"wp-element-caption\"><strong>Foto: Valdenir Lima<\/strong><\/figcaption><\/figure>\n\n\n\n<p>A jovem Makselaine Machado, de 23 anos, encontrou no Qualifica Feira a oportunidade de adquirir conhecimento profissional para tamb\u00e9m atuar no mercado de trabalho. Ela recebeu a certifica\u00e7\u00e3o em preparo de salgados. \u201c<em>O curso me proporcionou a qualifica\u00e7\u00e3o\u201d<\/em>.<\/p>\n\n\n\n<figure class=\"wp-block-image size-large is-resized\"><img decoding=\"async\" src=\"https:\/\/portalmf.com.br\/wp-content\/uploads\/2023\/12\/image-4-1024x683.png\" alt=\"\" class=\"wp-image-20936\" width=\"780\" height=\"520\" srcset=\"https:\/\/portalmf.com.br\/wp-content\/uploads\/2023\/12\/image-4-1024x683.png 1024w, https:\/\/portalmf.com.br\/wp-content\/uploads\/2023\/12\/image-4-300x200.png 300w, https:\/\/portalmf.com.br\/wp-content\/uploads\/2023\/12\/image-4-768x512.png 768w, https:\/\/portalmf.com.br\/wp-content\/uploads\/2023\/12\/image-4-585x390.png 585w, https:\/\/portalmf.com.br\/wp-content\/uploads\/2023\/12\/image-4-263x175.png 263w, https:\/\/portalmf.com.br\/wp-content\/uploads\/2023\/12\/image-4.png 1169w\" sizes=\"(max-width: 780px) 100vw, 780px\" \/><figcaption class=\"wp-element-caption\"><strong>Foto: Valdenir Lima<\/strong><\/figcaption><\/figure>\n\n\n\n<p>A chefe da Divis\u00e3o de A\u00e7\u00f5es de Cidadania e Inclus\u00e3o Produtiva, Ivone Fernandes, observa que\u00a0<em>\u201co Qualifica Feira \u00e9 um projeto da Prefeitura de Feira que tem contribu\u00eddo para agregar valor aos jovens que ainda n\u00e3o t\u00eam forma\u00e7\u00e3o e capacita\u00e7\u00e3o em alguma \u00e1rea no campo profissional\u201d.<\/em><\/p>\n\n\n\n<p>Com informa\u00e7\u00f5es da Secom<\/p>\n","protected":false},"excerpt":{"rendered":"<p>Mais 155 jovens foram certificados pela Secretaria Municipal de Desenvolvimento Social (Sedeso) na manh\u00e3 desta quinta-feira (13) ap\u00f3s conclu\u00edrem um dos sete cursos oferecidos pela Prefeitura de Feira de Santana, por meio do Qualifica Feira. O Munic\u00edpio ofertou os seguintes cursos: seguran\u00e7a em instala\u00e7\u00f5es el\u00e9tricas; manuten\u00e7\u00e3o de notebook e microcomputador; inform\u00e1tica; unhas em gel; preparo [&hellip;]<\/p>\n","protected":false},"author":3,"featured_media":20937,"comment_status":"open","ping_status":"open","sticky":false,"template":"","format":"standard","meta":{"_monsterinsights_skip_tracking":false,"_monsterinsights_sitenote_active":false,"_monsterinsights_sitenote_note":"","_monsterinsights_sitenote_category":0,"footnotes":""},"categories":[34],"tags":[],"yoast_head":"<!-- This site is optimized with the Yoast SEO plugin v22.9 - https:\/\/yoast.com\/wordpress\/plugins\/seo\/ -->\n<title>Qualifica Feira certifica 155 jovens para ingressar no mercado de trabalho - Portal MF<\/title>\n<meta name=\"robots\" content=\"index, follow, max-snippet:-1, max-image-preview:large, max-video-preview:-1\" \/>\n<link rel=\"canonical\" href=\"https:\/\/portalmf.com.br\/index.php\/2023\/12\/14\/qualifica-feira-certifica-155-jovens-para-ingressar-no-mercado-de-trabalho\/\" \/>\n<meta property=\"og:locale\" content=\"pt_BR\" \/>\n<meta property=\"og:type\" content=\"article\" \/>\n<meta property=\"og:title\" content=\"Qualifica Feira certifica 155 jovens para ingressar no mercado de trabalho - Portal MF\" \/>\n<meta property=\"og:description\" content=\"Mais 155 jovens foram certificados pela Secretaria Municipal de Desenvolvimento Social (Sedeso) na manh\u00e3 desta quinta-feira (13) ap\u00f3s conclu\u00edrem um dos sete cursos oferecidos pela Prefeitura de Feira de Santana, por meio do Qualifica Feira. O Munic\u00edpio ofertou os seguintes cursos: seguran\u00e7a em instala\u00e7\u00f5es el\u00e9tricas; manuten\u00e7\u00e3o de notebook e microcomputador; inform\u00e1tica; unhas em gel; preparo [&hellip;]\" \/>\n<meta property=\"og:url\" content=\"https:\/\/portalmf.com.br\/index.php\/2023\/12\/14\/qualifica-feira-certifica-155-jovens-para-ingressar-no-mercado-de-trabalho\/\" \/>\n<meta property=\"og:site_name\" content=\"Portal MF\" \/>\n<meta property=\"article:author\" content=\"https:\/\/www.facebook.com\/portalmfoficial\" \/>\n<meta property=\"article:published_time\" content=\"2023-12-14T16:36:00+00:00\" \/>\n<meta property=\"article:modified_time\" content=\"2023-12-14T19:43:34+00:00\" \/>\n<meta property=\"og:image\" content=\"https:\/\/portalmf.com.br\/wp-content\/uploads\/2023\/12\/thumbnail_QUALIFICA-FEIRA-ENTREGA-DIPLOMAS-FOTO-VALDENIR-LIMA-13.jpg\" \/>\n\t<meta property=\"og:image:width\" content=\"1169\" \/>\n\t<meta property=\"og:image:height\" content=\"780\" \/>\n\t<meta property=\"og:image:type\" content=\"image\/jpeg\" \/>\n<meta name=\"author\" content=\"Reda\u00e7\u00e3o Portal MF\" \/>\n<meta name=\"twitter:card\" content=\"summary_large_image\" \/>\n<meta name=\"twitter:creator\" content=\"@https:\/\/x.com\/portalmfoficial\" \/>\n<meta name=\"twitter:label1\" content=\"Escrito por\" \/>\n\t<meta name=\"twitter:data1\" content=\"Reda\u00e7\u00e3o Portal MF\" \/>\n\t<meta name=\"twitter:label2\" content=\"Est. tempo de leitura\" \/>\n\t<meta name=\"twitter:data2\" content=\"3 minutos\" \/>\n<script type=\"application\/ld+json\" class=\"yoast-schema-graph\">{\"@context\":\"https:\/\/schema.org\",\"@graph\":[{\"@type\":\"WebPage\",\"@id\":\"https:\/\/portalmf.com.br\/index.php\/2023\/12\/14\/qualifica-feira-certifica-155-jovens-para-ingressar-no-mercado-de-trabalho\/\",\"url\":\"https:\/\/portalmf.com.br\/index.php\/2023\/12\/14\/qualifica-feira-certifica-155-jovens-para-ingressar-no-mercado-de-trabalho\/\",\"name\":\"Qualifica Feira certifica 155 jovens para ingressar no mercado de trabalho - Portal MF\",\"isPartOf\":{\"@id\":\"https:\/\/portalmf.com.br\/#website\"},\"primaryImageOfPage\":{\"@id\":\"https:\/\/portalmf.com.br\/index.php\/2023\/12\/14\/qualifica-feira-certifica-155-jovens-para-ingressar-no-mercado-de-trabalho\/#primaryimage\"},\"image\":{\"@id\":\"https:\/\/portalmf.com.br\/index.php\/2023\/12\/14\/qualifica-feira-certifica-155-jovens-para-ingressar-no-mercado-de-trabalho\/#primaryimage\"},\"thumbnailUrl\":\"https:\/\/portalmf.com.br\/wp-content\/uploads\/2023\/12\/thumbnail_QUALIFICA-FEIRA-ENTREGA-DIPLOMAS-FOTO-VALDENIR-LIMA-13.jpg\",\"datePublished\":\"2023-12-14T16:36:00+00:00\",\"dateModified\":\"2023-12-14T19:43:34+00:00\",\"author\":{\"@id\":\"https:\/\/portalmf.com.br\/#\/schema\/person\/9ec101baf56233e53520c26de5d6f6f0\"},\"breadcrumb\":{\"@id\":\"https:\/\/portalmf.com.br\/index.php\/2023\/12\/14\/qualifica-feira-certifica-155-jovens-para-ingressar-no-mercado-de-trabalho\/#breadcrumb\"},\"inLanguage\":\"pt-BR\",\"potentialAction\":[{\"@type\":\"ReadAction\",\"target\":[\"https:\/\/portalmf.com.br\/index.php\/2023\/12\/14\/qualifica-feira-certifica-155-jovens-para-ingressar-no-mercado-de-trabalho\/\"]}]},{\"@type\":\"ImageObject\",\"inLanguage\":\"pt-BR\",\"@id\":\"https:\/\/portalmf.com.br\/index.php\/2023\/12\/14\/qualifica-feira-certifica-155-jovens-para-ingressar-no-mercado-de-trabalho\/#primaryimage\",\"url\":\"https:\/\/portalmf.com.br\/wp-content\/uploads\/2023\/12\/thumbnail_QUALIFICA-FEIRA-ENTREGA-DIPLOMAS-FOTO-VALDENIR-LIMA-13.jpg\",\"contentUrl\":\"https:\/\/portalmf.com.br\/wp-content\/uploads\/2023\/12\/thumbnail_QUALIFICA-FEIRA-ENTREGA-DIPLOMAS-FOTO-VALDENIR-LIMA-13.jpg\",\"width\":1169,\"height\":780},{\"@type\":\"BreadcrumbList\",\"@id\":\"https:\/\/portalmf.com.br\/index.php\/2023\/12\/14\/qualifica-feira-certifica-155-jovens-para-ingressar-no-mercado-de-trabalho\/#breadcrumb\",\"itemListElement\":[{\"@type\":\"ListItem\",\"position\":1,\"name\":\"In\u00edcio\",\"item\":\"https:\/\/portalmf.com.br\/\"},{\"@type\":\"ListItem\",\"position\":2,\"name\":\"Qualifica Feira certifica 155 jovens para ingressar no mercado de trabalho\"}]},{\"@type\":\"WebSite\",\"@id\":\"https:\/\/portalmf.com.br\/#website\",\"url\":\"https:\/\/portalmf.com.br\/\",\"name\":\"Portal MF\",\"description\":\"Voc\u00ea conectado com a informa\u00e7\u00e3o\",\"potentialAction\":[{\"@type\":\"SearchAction\",\"target\":{\"@type\":\"EntryPoint\",\"urlTemplate\":\"https:\/\/portalmf.com.br\/?s={search_term_string}\"},\"query-input\":\"required name=search_term_string\"}],\"inLanguage\":\"pt-BR\"},{\"@type\":\"Person\",\"@id\":\"https:\/\/portalmf.com.br\/#\/schema\/person\/9ec101baf56233e53520c26de5d6f6f0\",\"name\":\"Reda\u00e7\u00e3o Portal MF\",\"image\":{\"@type\":\"ImageObject\",\"inLanguage\":\"pt-BR\",\"@id\":\"https:\/\/portalmf.com.br\/#\/schema\/person\/image\/\",\"url\":\"https:\/\/secure.gravatar.com\/avatar\/41b9aaeb2100835f7c64362330f74c7f?s=96&d=mm&r=g\",\"contentUrl\":\"https:\/\/secure.gravatar.com\/avatar\/41b9aaeb2100835f7c64362330f74c7f?s=96&d=mm&r=g\",\"caption\":\"Reda\u00e7\u00e3o Portal MF\"},\"description\":\"Sejam bem-vindos o portal de informa\u00e7\u00f5es de entretenimento de Feira de Santana, desde 2006 realiza coberturas dos principais eventos com entrevistas exclusivas com as principais personalidades mundiais. Fique conectado tamb\u00e9m nas redes sociais.\",\"sameAs\":[\"http:\/\/www.portalmf.com.br\/\",\"https:\/\/www.facebook.com\/portalmfoficial\",\"https:\/\/www.instagram.com\/portalmf\/\",\"https:\/\/x.com\/https:\/\/x.com\/portalmfoficial\",\"https:\/\/www.youtube.com\/@portalmfoficial\"],\"url\":\"https:\/\/portalmf.com.br\/index.php\/author\/junior\/\"}]}<\/script>\n<!-- \/ Yoast SEO plugin. -->","yoast_head_json":{"title":"Qualifica Feira certifica 155 jovens para ingressar no mercado de trabalho - Portal MF","robots":{"index":"index","follow":"follow","max-snippet":"max-snippet:-1","max-image-preview":"max-image-preview:large","max-video-preview":"max-video-preview:-1"},"canonical":"https:\/\/portalmf.com.br\/index.php\/2023\/12\/14\/qualifica-feira-certifica-155-jovens-para-ingressar-no-mercado-de-trabalho\/","og_locale":"pt_BR","og_type":"article","og_title":"Qualifica Feira certifica 155 jovens para ingressar no mercado de trabalho - Portal MF","og_description":"Mais 155 jovens foram certificados pela Secretaria Municipal de Desenvolvimento Social (Sedeso) na manh\u00e3 desta quinta-feira (13) ap\u00f3s conclu\u00edrem um dos sete cursos oferecidos pela Prefeitura de Feira de Santana, por meio do Qualifica Feira. O Munic\u00edpio ofertou os seguintes cursos: seguran\u00e7a em instala\u00e7\u00f5es el\u00e9tricas; manuten\u00e7\u00e3o de notebook e microcomputador; inform\u00e1tica; unhas em gel; preparo [&hellip;]","og_url":"https:\/\/portalmf.com.br\/index.php\/2023\/12\/14\/qualifica-feira-certifica-155-jovens-para-ingressar-no-mercado-de-trabalho\/","og_site_name":"Portal MF","article_author":"https:\/\/www.facebook.com\/portalmfoficial","article_published_time":"2023-12-14T16:36:00+00:00","article_modified_time":"2023-12-14T19:43:34+00:00","og_image":[{"width":1169,"height":780,"url":"https:\/\/portalmf.com.br\/wp-content\/uploads\/2023\/12\/thumbnail_QUALIFICA-FEIRA-ENTREGA-DIPLOMAS-FOTO-VALDENIR-LIMA-13.jpg","type":"image\/jpeg"}],"author":"Reda\u00e7\u00e3o Portal MF","twitter_card":"summary_large_image","twitter_creator":"@https:\/\/x.com\/portalmfoficial","twitter_misc":{"Escrito por":"Reda\u00e7\u00e3o Portal MF","Est. tempo de leitura":"3 minutos"},"schema":{"@context":"https:\/\/schema.org","@graph":[{"@type":"WebPage","@id":"https:\/\/portalmf.com.br\/index.php\/2023\/12\/14\/qualifica-feira-certifica-155-jovens-para-ingressar-no-mercado-de-trabalho\/","url":"https:\/\/portalmf.com.br\/index.php\/2023\/12\/14\/qualifica-feira-certifica-155-jovens-para-ingressar-no-mercado-de-trabalho\/","name":"Qualifica Feira certifica 155 jovens para ingressar no mercado de trabalho - Portal MF","isPartOf":{"@id":"https:\/\/portalmf.com.br\/#website"},"primaryImageOfPage":{"@id":"https:\/\/portalmf.com.br\/index.php\/2023\/12\/14\/qualifica-feira-certifica-155-jovens-para-ingressar-no-mercado-de-trabalho\/#primaryimage"},"image":{"@id":"https:\/\/portalmf.com.br\/index.php\/2023\/12\/14\/qualifica-feira-certifica-155-jovens-para-ingressar-no-mercado-de-trabalho\/#primaryimage"},"thumbnailUrl":"https:\/\/portalmf.com.br\/wp-content\/uploads\/2023\/12\/thumbnail_QUALIFICA-FEIRA-ENTREGA-DIPLOMAS-FOTO-VALDENIR-LIMA-13.jpg","datePublished":"2023-12-14T16:36:00+00:00","dateModified":"2023-12-14T19:43:34+00:00","author":{"@id":"https:\/\/portalmf.com.br\/#\/schema\/person\/9ec101baf56233e53520c26de5d6f6f0"},"breadcrumb":{"@id":"https:\/\/portalmf.com.br\/index.php\/2023\/12\/14\/qualifica-feira-certifica-155-jovens-para-ingressar-no-mercado-de-trabalho\/#breadcrumb"},"inLanguage":"pt-BR","potentialAction":[{"@type":"ReadAction","target":["https:\/\/portalmf.com.br\/index.php\/2023\/12\/14\/qualifica-feira-certifica-155-jovens-para-ingressar-no-mercado-de-trabalho\/"]}]},{"@type":"ImageObject","inLanguage":"pt-BR","@id":"https:\/\/portalmf.com.br\/index.php\/2023\/12\/14\/qualifica-feira-certifica-155-jovens-para-ingressar-no-mercado-de-trabalho\/#primaryimage","url":"https:\/\/portalmf.com.br\/wp-content\/uploads\/2023\/12\/thumbnail_QUALIFICA-FEIRA-ENTREGA-DIPLOMAS-FOTO-VALDENIR-LIMA-13.jpg","contentUrl":"https:\/\/portalmf.com.br\/wp-content\/uploads\/2023\/12\/thumbnail_QUALIFICA-FEIRA-ENTREGA-DIPLOMAS-FOTO-VALDENIR-LIMA-13.jpg","width":1169,"height":780},{"@type":"BreadcrumbList","@id":"https:\/\/portalmf.com.br\/index.php\/2023\/12\/14\/qualifica-feira-certifica-155-jovens-para-ingressar-no-mercado-de-trabalho\/#breadcrumb","itemListElement":[{"@type":"ListItem","position":1,"name":"In\u00edcio","item":"https:\/\/portalmf.com.br\/"},{"@type":"ListItem","position":2,"name":"Qualifica Feira certifica 155 jovens para ingressar no mercado de trabalho"}]},{"@type":"WebSite","@id":"https:\/\/portalmf.com.br\/#website","url":"https:\/\/portalmf.com.br\/","name":"Portal MF","description":"Voc\u00ea conectado com a informa\u00e7\u00e3o","potentialAction":[{"@type":"SearchAction","target":{"@type":"EntryPoint","urlTemplate":"https:\/\/portalmf.com.br\/?s={search_term_string}"},"query-input":"required name=search_term_string"}],"inLanguage":"pt-BR"},{"@type":"Person","@id":"https:\/\/portalmf.com.br\/#\/schema\/person\/9ec101baf56233e53520c26de5d6f6f0","name":"Reda\u00e7\u00e3o Portal MF","image":{"@type":"ImageObject","inLanguage":"pt-BR","@id":"https:\/\/portalmf.com.br\/#\/schema\/person\/image\/","url":"https:\/\/secure.gravatar.com\/avatar\/41b9aaeb2100835f7c64362330f74c7f?s=96&d=mm&r=g","contentUrl":"https:\/\/secure.gravatar.com\/avatar\/41b9aaeb2100835f7c64362330f74c7f?s=96&d=mm&r=g","caption":"Reda\u00e7\u00e3o Portal MF"},"description":"Sejam bem-vindos o portal de informa\u00e7\u00f5es de entretenimento de Feira de Santana, desde 2006 realiza coberturas dos principais eventos com entrevistas exclusivas com as principais personalidades mundiais. Fique conectado tamb\u00e9m nas redes sociais.","sameAs":["http:\/\/www.portalmf.com.br\/","https:\/\/www.facebook.com\/portalmfoficial","https:\/\/www.instagram.com\/portalmf\/","https:\/\/x.com\/https:\/\/x.com\/portalmfoficial","https:\/\/www.youtube.com\/@portalmfoficial"],"url":"https:\/\/portalmf.com.br\/index.php\/author\/junior\/"}]}},"_links":{"self":[{"href":"https:\/\/portalmf.com.br\/index.php\/wp-json\/wp\/v2\/posts\/20933"}],"collection":[{"href":"https:\/\/portalmf.com.br\/index.php\/wp-json\/wp\/v2\/posts"}],"about":[{"href":"https:\/\/portalmf.com.br\/index.php\/wp-json\/wp\/v2\/types\/post"}],"author":[{"embeddable":true,"href":"https:\/\/portalmf.com.br\/index.php\/wp-json\/wp\/v2\/users\/3"}],"replies":[{"embeddable":true,"href":"https:\/\/portalmf.com.br\/index.php\/wp-json\/wp\/v2\/comments?post=20933"}],"version-history":[{"count":1,"href":"https:\/\/portalmf.com.br\/index.php\/wp-json\/wp\/v2\/posts\/20933\/revisions"}],"predecessor-version":[{"id":20938,"href":"https:\/\/portalmf.com.br\/index.php\/wp-json\/wp\/v2\/posts\/20933\/revisions\/20938"}],"wp:featuredmedia":[{"embeddable":true,"href":"https:\/\/portalmf.com.br\/index.php\/wp-json\/wp\/v2\/media\/20937"}],"wp:attachment":[{"href":"https:\/\/portalmf.com.br\/index.php\/wp-json\/wp\/v2\/media?parent=20933"}],"wp:term":[{"taxonomy":"category","embeddable":true,"href":"https:\/\/portalmf.com.br\/index.php\/wp-json\/wp\/v2\/categories?post=20933"},{"taxonomy":"post_tag","embeddable":true,"href":"https:\/\/portalmf.com.br\/index.php\/wp-json\/wp\/v2\/tags?post=20933"}],"curies":[{"name":"wp","href":"https:\/\/api.w.org\/{rel}","templated":true}]}}