{"id":20930,"date":"2023-12-14T16:36:00","date_gmt":"2023-12-14T19:36:00","guid":{"rendered":"https:\/\/portalmf.com.br\/?p=20930"},"modified":"2023-12-14T16:36:01","modified_gmt":"2023-12-14T19:36:01","slug":"camara-inicia-recesso-nesta-sexta-projeto-do-orcamento-municipal-esta-aprovado","status":"publish","type":"post","link":"https:\/\/portalmf.com.br\/index.php\/2023\/12\/14\/camara-inicia-recesso-nesta-sexta-projeto-do-orcamento-municipal-esta-aprovado\/","title":{"rendered":"C\u00e2mara inicia recesso nesta sexta; Projeto do Or\u00e7amento Municipal est\u00e1 aprovado"},"content":{"rendered":"\n<p>Conclu\u00edda a vota\u00e7\u00e3o da Lei Or\u00e7ament\u00e1ria Anual (LOA) do Munic\u00edpio para 2024, a C\u00e2mara de Feira de Santana entra em recesso a partir desta sexta-feira (15), quando estar\u00e1 encerrado o per\u00edodo de&nbsp; sess\u00f5es ordin\u00e1rias deste segundo semestre. A presidente da Casa da Cidadania, Eremita Mota (PSDB), comandou hoje a \u00faltima sess\u00e3o ordin\u00e1ria do atual exerc\u00edcio: &#8220;Encerramos os trabalhos legislativos com a aprova\u00e7\u00e3o, no prazo recomendado, da considerada mais importante das leis a serem apreciadas na Casa&#8221;.<\/p>\n\n\n\n<p>Ela destacou o esp\u00edrito p\u00fablico e o empenho dos colegas parlamentares no resultado alcan\u00e7ado. Isto, segundo a dirigente, viabilizou o cumprimento do calend\u00e1rio legislativo estabelecido para as vota\u00e7\u00f5es em plen\u00e1rio, o que&nbsp; permitir\u00e1, pela segunda vez durante sua gest\u00e3o,&nbsp; o in\u00edcio do recesso dentro da previs\u00e3o legal.<\/p>\n\n\n\n<p>O retorno das atividades legislativas est\u00e1 previsto para o dia 2 de fevereiro. Antes desta data, neste per\u00edodo de 30 dias, n\u00e3o dever\u00e1 acontecer sess\u00e3o de qualquer natureza, salvo seja convocada\u00a0 extraordinariamente\u00a0 por iniciativa da Mesa Diretora da Casa ou pelo Poder Executivo Municipal.<\/p>\n\n\n\n<p>Com informa\u00e7\u00f5es da Ascom <\/p>\n","protected":false},"excerpt":{"rendered":"<p>Conclu\u00edda a vota\u00e7\u00e3o da Lei Or\u00e7ament\u00e1ria Anual (LOA) do Munic\u00edpio para 2024, a C\u00e2mara de Feira de Santana entra em recesso a partir desta sexta-feira (15), quando estar\u00e1 encerrado o per\u00edodo de&nbsp; sess\u00f5es ordin\u00e1rias deste segundo semestre. A presidente da Casa da Cidadania, Eremita Mota (PSDB), comandou hoje a \u00faltima sess\u00e3o ordin\u00e1ria do atual exerc\u00edcio: [&hellip;]<\/p>\n","protected":false},"author":3,"featured_media":20931,"comment_status":"open","ping_status":"open","sticky":false,"template":"","format":"standard","meta":{"_monsterinsights_skip_tracking":false,"_monsterinsights_sitenote_active":false,"_monsterinsights_sitenote_note":"","_monsterinsights_sitenote_category":0,"footnotes":""},"categories":[34],"tags":[],"yoast_head":"<!-- This site is optimized with the Yoast SEO plugin v22.9 - https:\/\/yoast.com\/wordpress\/plugins\/seo\/ -->\n<title>C\u00e2mara inicia recesso nesta sexta; Projeto do Or\u00e7amento Municipal est\u00e1 aprovado - Portal MF<\/title>\n<meta name=\"robots\" content=\"index, follow, max-snippet:-1, max-image-preview:large, max-video-preview:-1\" \/>\n<link rel=\"canonical\" href=\"https:\/\/portalmf.com.br\/index.php\/2023\/12\/14\/camara-inicia-recesso-nesta-sexta-projeto-do-orcamento-municipal-esta-aprovado\/\" \/>\n<meta property=\"og:locale\" content=\"pt_BR\" \/>\n<meta property=\"og:type\" content=\"article\" \/>\n<meta property=\"og:title\" content=\"C\u00e2mara inicia recesso nesta sexta; Projeto do Or\u00e7amento Municipal est\u00e1 aprovado - Portal MF\" \/>\n<meta property=\"og:description\" content=\"Conclu\u00edda a vota\u00e7\u00e3o da Lei Or\u00e7ament\u00e1ria Anual (LOA) do Munic\u00edpio para 2024, a C\u00e2mara de Feira de Santana entra em recesso a partir desta sexta-feira (15), quando estar\u00e1 encerrado o per\u00edodo de&nbsp; sess\u00f5es ordin\u00e1rias deste segundo semestre. A presidente da Casa da Cidadania, Eremita Mota (PSDB), comandou hoje a \u00faltima sess\u00e3o ordin\u00e1ria do atual exerc\u00edcio: [&hellip;]\" \/>\n<meta property=\"og:url\" content=\"https:\/\/portalmf.com.br\/index.php\/2023\/12\/14\/camara-inicia-recesso-nesta-sexta-projeto-do-orcamento-municipal-esta-aprovado\/\" \/>\n<meta property=\"og:site_name\" content=\"Portal MF\" \/>\n<meta property=\"article:author\" content=\"https:\/\/www.facebook.com\/portalmfoficial\" \/>\n<meta property=\"article:published_time\" content=\"2023-12-14T19:36:00+00:00\" \/>\n<meta property=\"article:modified_time\" content=\"2023-12-14T19:36:01+00:00\" \/>\n<meta property=\"og:image\" content=\"https:\/\/portalmf.com.br\/wp-content\/uploads\/2023\/12\/Camara-inicia-recesso-nesta-sexta-Projeto-do-Orcamento-Municipal-esta-aprovado.jpeg\" \/>\n\t<meta property=\"og:image:width\" content=\"1306\" \/>\n\t<meta property=\"og:image:height\" content=\"870\" \/>\n\t<meta property=\"og:image:type\" content=\"image\/jpeg\" \/>\n<meta name=\"author\" content=\"Reda\u00e7\u00e3o Portal MF\" \/>\n<meta name=\"twitter:card\" content=\"summary_large_image\" \/>\n<meta name=\"twitter:creator\" content=\"@https:\/\/x.com\/portalmfoficial\" \/>\n<meta name=\"twitter:label1\" content=\"Escrito por\" \/>\n\t<meta name=\"twitter:data1\" content=\"Reda\u00e7\u00e3o Portal MF\" \/>\n\t<meta name=\"twitter:label2\" content=\"Est. tempo de leitura\" \/>\n\t<meta name=\"twitter:data2\" content=\"1 minuto\" \/>\n<script type=\"application\/ld+json\" class=\"yoast-schema-graph\">{\"@context\":\"https:\/\/schema.org\",\"@graph\":[{\"@type\":\"WebPage\",\"@id\":\"https:\/\/portalmf.com.br\/index.php\/2023\/12\/14\/camara-inicia-recesso-nesta-sexta-projeto-do-orcamento-municipal-esta-aprovado\/\",\"url\":\"https:\/\/portalmf.com.br\/index.php\/2023\/12\/14\/camara-inicia-recesso-nesta-sexta-projeto-do-orcamento-municipal-esta-aprovado\/\",\"name\":\"C\u00e2mara inicia recesso nesta sexta; Projeto do Or\u00e7amento Municipal est\u00e1 aprovado - Portal MF\",\"isPartOf\":{\"@id\":\"https:\/\/portalmf.com.br\/#website\"},\"primaryImageOfPage\":{\"@id\":\"https:\/\/portalmf.com.br\/index.php\/2023\/12\/14\/camara-inicia-recesso-nesta-sexta-projeto-do-orcamento-municipal-esta-aprovado\/#primaryimage\"},\"image\":{\"@id\":\"https:\/\/portalmf.com.br\/index.php\/2023\/12\/14\/camara-inicia-recesso-nesta-sexta-projeto-do-orcamento-municipal-esta-aprovado\/#primaryimage\"},\"thumbnailUrl\":\"https:\/\/portalmf.com.br\/wp-content\/uploads\/2023\/12\/Camara-inicia-recesso-nesta-sexta-Projeto-do-Orcamento-Municipal-esta-aprovado.jpeg\",\"datePublished\":\"2023-12-14T19:36:00+00:00\",\"dateModified\":\"2023-12-14T19:36:01+00:00\",\"author\":{\"@id\":\"https:\/\/portalmf.com.br\/#\/schema\/person\/9ec101baf56233e53520c26de5d6f6f0\"},\"breadcrumb\":{\"@id\":\"https:\/\/portalmf.com.br\/index.php\/2023\/12\/14\/camara-inicia-recesso-nesta-sexta-projeto-do-orcamento-municipal-esta-aprovado\/#breadcrumb\"},\"inLanguage\":\"pt-BR\",\"potentialAction\":[{\"@type\":\"ReadAction\",\"target\":[\"https:\/\/portalmf.com.br\/index.php\/2023\/12\/14\/camara-inicia-recesso-nesta-sexta-projeto-do-orcamento-municipal-esta-aprovado\/\"]}]},{\"@type\":\"ImageObject\",\"inLanguage\":\"pt-BR\",\"@id\":\"https:\/\/portalmf.com.br\/index.php\/2023\/12\/14\/camara-inicia-recesso-nesta-sexta-projeto-do-orcamento-municipal-esta-aprovado\/#primaryimage\",\"url\":\"https:\/\/portalmf.com.br\/wp-content\/uploads\/2023\/12\/Camara-inicia-recesso-nesta-sexta-Projeto-do-Orcamento-Municipal-esta-aprovado.jpeg\",\"contentUrl\":\"https:\/\/portalmf.com.br\/wp-content\/uploads\/2023\/12\/Camara-inicia-recesso-nesta-sexta-Projeto-do-Orcamento-Municipal-esta-aprovado.jpeg\",\"width\":1306,\"height\":870},{\"@type\":\"BreadcrumbList\",\"@id\":\"https:\/\/portalmf.com.br\/index.php\/2023\/12\/14\/camara-inicia-recesso-nesta-sexta-projeto-do-orcamento-municipal-esta-aprovado\/#breadcrumb\",\"itemListElement\":[{\"@type\":\"ListItem\",\"position\":1,\"name\":\"In\u00edcio\",\"item\":\"https:\/\/portalmf.com.br\/\"},{\"@type\":\"ListItem\",\"position\":2,\"name\":\"C\u00e2mara inicia recesso nesta sexta; Projeto do Or\u00e7amento Municipal est\u00e1 aprovado\"}]},{\"@type\":\"WebSite\",\"@id\":\"https:\/\/portalmf.com.br\/#website\",\"url\":\"https:\/\/portalmf.com.br\/\",\"name\":\"Portal MF\",\"description\":\"Voc\u00ea conectado com a informa\u00e7\u00e3o\",\"potentialAction\":[{\"@type\":\"SearchAction\",\"target\":{\"@type\":\"EntryPoint\",\"urlTemplate\":\"https:\/\/portalmf.com.br\/?s={search_term_string}\"},\"query-input\":\"required name=search_term_string\"}],\"inLanguage\":\"pt-BR\"},{\"@type\":\"Person\",\"@id\":\"https:\/\/portalmf.com.br\/#\/schema\/person\/9ec101baf56233e53520c26de5d6f6f0\",\"name\":\"Reda\u00e7\u00e3o Portal MF\",\"image\":{\"@type\":\"ImageObject\",\"inLanguage\":\"pt-BR\",\"@id\":\"https:\/\/portalmf.com.br\/#\/schema\/person\/image\/\",\"url\":\"https:\/\/secure.gravatar.com\/avatar\/41b9aaeb2100835f7c64362330f74c7f?s=96&d=mm&r=g\",\"contentUrl\":\"https:\/\/secure.gravatar.com\/avatar\/41b9aaeb2100835f7c64362330f74c7f?s=96&d=mm&r=g\",\"caption\":\"Reda\u00e7\u00e3o Portal MF\"},\"description\":\"Sejam bem-vindos o portal de informa\u00e7\u00f5es de entretenimento de Feira de Santana, desde 2006 realiza coberturas dos principais eventos com entrevistas exclusivas com as principais personalidades mundiais. Fique conectado tamb\u00e9m nas redes sociais.\",\"sameAs\":[\"http:\/\/www.portalmf.com.br\/\",\"https:\/\/www.facebook.com\/portalmfoficial\",\"https:\/\/www.instagram.com\/portalmf\/\",\"https:\/\/x.com\/https:\/\/x.com\/portalmfoficial\",\"https:\/\/www.youtube.com\/@portalmfoficial\"],\"url\":\"https:\/\/portalmf.com.br\/index.php\/author\/junior\/\"}]}<\/script>\n<!-- \/ Yoast SEO plugin. -->","yoast_head_json":{"title":"C\u00e2mara inicia recesso nesta sexta; Projeto do Or\u00e7amento Municipal est\u00e1 aprovado - Portal MF","robots":{"index":"index","follow":"follow","max-snippet":"max-snippet:-1","max-image-preview":"max-image-preview:large","max-video-preview":"max-video-preview:-1"},"canonical":"https:\/\/portalmf.com.br\/index.php\/2023\/12\/14\/camara-inicia-recesso-nesta-sexta-projeto-do-orcamento-municipal-esta-aprovado\/","og_locale":"pt_BR","og_type":"article","og_title":"C\u00e2mara inicia recesso nesta sexta; Projeto do Or\u00e7amento Municipal est\u00e1 aprovado - Portal MF","og_description":"Conclu\u00edda a vota\u00e7\u00e3o da Lei Or\u00e7ament\u00e1ria Anual (LOA) do Munic\u00edpio para 2024, a C\u00e2mara de Feira de Santana entra em recesso a partir desta sexta-feira (15), quando estar\u00e1 encerrado o per\u00edodo de&nbsp; sess\u00f5es ordin\u00e1rias deste segundo semestre. A presidente da Casa da Cidadania, Eremita Mota (PSDB), comandou hoje a \u00faltima sess\u00e3o ordin\u00e1ria do atual exerc\u00edcio: [&hellip;]","og_url":"https:\/\/portalmf.com.br\/index.php\/2023\/12\/14\/camara-inicia-recesso-nesta-sexta-projeto-do-orcamento-municipal-esta-aprovado\/","og_site_name":"Portal MF","article_author":"https:\/\/www.facebook.com\/portalmfoficial","article_published_time":"2023-12-14T19:36:00+00:00","article_modified_time":"2023-12-14T19:36:01+00:00","og_image":[{"width":1306,"height":870,"url":"https:\/\/portalmf.com.br\/wp-content\/uploads\/2023\/12\/Camara-inicia-recesso-nesta-sexta-Projeto-do-Orcamento-Municipal-esta-aprovado.jpeg","type":"image\/jpeg"}],"author":"Reda\u00e7\u00e3o Portal MF","twitter_card":"summary_large_image","twitter_creator":"@https:\/\/x.com\/portalmfoficial","twitter_misc":{"Escrito por":"Reda\u00e7\u00e3o Portal MF","Est. tempo de leitura":"1 minuto"},"schema":{"@context":"https:\/\/schema.org","@graph":[{"@type":"WebPage","@id":"https:\/\/portalmf.com.br\/index.php\/2023\/12\/14\/camara-inicia-recesso-nesta-sexta-projeto-do-orcamento-municipal-esta-aprovado\/","url":"https:\/\/portalmf.com.br\/index.php\/2023\/12\/14\/camara-inicia-recesso-nesta-sexta-projeto-do-orcamento-municipal-esta-aprovado\/","name":"C\u00e2mara inicia recesso nesta sexta; Projeto do Or\u00e7amento Municipal est\u00e1 aprovado - Portal MF","isPartOf":{"@id":"https:\/\/portalmf.com.br\/#website"},"primaryImageOfPage":{"@id":"https:\/\/portalmf.com.br\/index.php\/2023\/12\/14\/camara-inicia-recesso-nesta-sexta-projeto-do-orcamento-municipal-esta-aprovado\/#primaryimage"},"image":{"@id":"https:\/\/portalmf.com.br\/index.php\/2023\/12\/14\/camara-inicia-recesso-nesta-sexta-projeto-do-orcamento-municipal-esta-aprovado\/#primaryimage"},"thumbnailUrl":"https:\/\/portalmf.com.br\/wp-content\/uploads\/2023\/12\/Camara-inicia-recesso-nesta-sexta-Projeto-do-Orcamento-Municipal-esta-aprovado.jpeg","datePublished":"2023-12-14T19:36:00+00:00","dateModified":"2023-12-14T19:36:01+00:00","author":{"@id":"https:\/\/portalmf.com.br\/#\/schema\/person\/9ec101baf56233e53520c26de5d6f6f0"},"breadcrumb":{"@id":"https:\/\/portalmf.com.br\/index.php\/2023\/12\/14\/camara-inicia-recesso-nesta-sexta-projeto-do-orcamento-municipal-esta-aprovado\/#breadcrumb"},"inLanguage":"pt-BR","potentialAction":[{"@type":"ReadAction","target":["https:\/\/portalmf.com.br\/index.php\/2023\/12\/14\/camara-inicia-recesso-nesta-sexta-projeto-do-orcamento-municipal-esta-aprovado\/"]}]},{"@type":"ImageObject","inLanguage":"pt-BR","@id":"https:\/\/portalmf.com.br\/index.php\/2023\/12\/14\/camara-inicia-recesso-nesta-sexta-projeto-do-orcamento-municipal-esta-aprovado\/#primaryimage","url":"https:\/\/portalmf.com.br\/wp-content\/uploads\/2023\/12\/Camara-inicia-recesso-nesta-sexta-Projeto-do-Orcamento-Municipal-esta-aprovado.jpeg","contentUrl":"https:\/\/portalmf.com.br\/wp-content\/uploads\/2023\/12\/Camara-inicia-recesso-nesta-sexta-Projeto-do-Orcamento-Municipal-esta-aprovado.jpeg","width":1306,"height":870},{"@type":"BreadcrumbList","@id":"https:\/\/portalmf.com.br\/index.php\/2023\/12\/14\/camara-inicia-recesso-nesta-sexta-projeto-do-orcamento-municipal-esta-aprovado\/#breadcrumb","itemListElement":[{"@type":"ListItem","position":1,"name":"In\u00edcio","item":"https:\/\/portalmf.com.br\/"},{"@type":"ListItem","position":2,"name":"C\u00e2mara inicia recesso nesta sexta; Projeto do Or\u00e7amento Municipal est\u00e1 aprovado"}]},{"@type":"WebSite","@id":"https:\/\/portalmf.com.br\/#website","url":"https:\/\/portalmf.com.br\/","name":"Portal MF","description":"Voc\u00ea conectado com a informa\u00e7\u00e3o","potentialAction":[{"@type":"SearchAction","target":{"@type":"EntryPoint","urlTemplate":"https:\/\/portalmf.com.br\/?s={search_term_string}"},"query-input":"required name=search_term_string"}],"inLanguage":"pt-BR"},{"@type":"Person","@id":"https:\/\/portalmf.com.br\/#\/schema\/person\/9ec101baf56233e53520c26de5d6f6f0","name":"Reda\u00e7\u00e3o Portal MF","image":{"@type":"ImageObject","inLanguage":"pt-BR","@id":"https:\/\/portalmf.com.br\/#\/schema\/person\/image\/","url":"https:\/\/secure.gravatar.com\/avatar\/41b9aaeb2100835f7c64362330f74c7f?s=96&d=mm&r=g","contentUrl":"https:\/\/secure.gravatar.com\/avatar\/41b9aaeb2100835f7c64362330f74c7f?s=96&d=mm&r=g","caption":"Reda\u00e7\u00e3o Portal MF"},"description":"Sejam bem-vindos o portal de informa\u00e7\u00f5es de entretenimento de Feira de Santana, desde 2006 realiza coberturas dos principais eventos com entrevistas exclusivas com as principais personalidades mundiais. Fique conectado tamb\u00e9m nas redes sociais.","sameAs":["http:\/\/www.portalmf.com.br\/","https:\/\/www.facebook.com\/portalmfoficial","https:\/\/www.instagram.com\/portalmf\/","https:\/\/x.com\/https:\/\/x.com\/portalmfoficial","https:\/\/www.youtube.com\/@portalmfoficial"],"url":"https:\/\/portalmf.com.br\/index.php\/author\/junior\/"}]}},"_links":{"self":[{"href":"https:\/\/portalmf.com.br\/index.php\/wp-json\/wp\/v2\/posts\/20930"}],"collection":[{"href":"https:\/\/portalmf.com.br\/index.php\/wp-json\/wp\/v2\/posts"}],"about":[{"href":"https:\/\/portalmf.com.br\/index.php\/wp-json\/wp\/v2\/types\/post"}],"author":[{"embeddable":true,"href":"https:\/\/portalmf.com.br\/index.php\/wp-json\/wp\/v2\/users\/3"}],"replies":[{"embeddable":true,"href":"https:\/\/portalmf.com.br\/index.php\/wp-json\/wp\/v2\/comments?post=20930"}],"version-history":[{"count":1,"href":"https:\/\/portalmf.com.br\/index.php\/wp-json\/wp\/v2\/posts\/20930\/revisions"}],"predecessor-version":[{"id":20932,"href":"https:\/\/portalmf.com.br\/index.php\/wp-json\/wp\/v2\/posts\/20930\/revisions\/20932"}],"wp:featuredmedia":[{"embeddable":true,"href":"https:\/\/portalmf.com.br\/index.php\/wp-json\/wp\/v2\/media\/20931"}],"wp:attachment":[{"href":"https:\/\/portalmf.com.br\/index.php\/wp-json\/wp\/v2\/media?parent=20930"}],"wp:term":[{"taxonomy":"category","embeddable":true,"href":"https:\/\/portalmf.com.br\/index.php\/wp-json\/wp\/v2\/categories?post=20930"},{"taxonomy":"post_tag","embeddable":true,"href":"https:\/\/portalmf.com.br\/index.php\/wp-json\/wp\/v2\/tags?post=20930"}],"curies":[{"name":"wp","href":"https:\/\/api.w.org\/{rel}","templated":true}]}}