{"id":20922,"date":"2023-12-14T12:30:37","date_gmt":"2023-12-14T15:30:37","guid":{"rendered":"https:\/\/portalmf.com.br\/?p=20922"},"modified":"2023-12-14T12:30:38","modified_gmt":"2023-12-14T15:30:38","slug":"setor-de-oncologia-pediatrica-do-hec-completa-10-anos-de-funcionamento","status":"publish","type":"post","link":"https:\/\/portalmf.com.br\/index.php\/2023\/12\/14\/setor-de-oncologia-pediatrica-do-hec-completa-10-anos-de-funcionamento\/","title":{"rendered":"Setor de oncologia pedi\u00e1trica do HEC completa 10 anos de funcionamento"},"content":{"rendered":"\n<p>O Centro de Oncologia infantojuvenil do Hospital Estadual da Crian\u00e7a (HEC) completou, em 2023, dez anos de servi\u00e7os prestados. Neste per\u00edodo, mais de 600 crian\u00e7as e adolescentes foram acolhidas no servi\u00e7o. Dentre as doen\u00e7as oncol\u00f3gicas mais prevalentes, est\u00e3o as leucemias, linfomas e tumores de sistema nervoso central.<\/p>\n\n\n\n<p>\u201cAssim como o HEC, o centro se tornou refer\u00eancia no interior do estado da Bahia. \u00c9 um servi\u00e7o ofertado com acolhimento humanizado, atrav\u00e9s de uma equipe multidisciplinar, tendo em vista sua import\u00e2ncia no tratamento da doen\u00e7a para pacientes e fam\u00edlias\u201d, afirma a diretora operacional do hospital, L\u00edvia Leite. Unidade da Secretaria de Sa\u00fade do Estado (Sesab), o HEC \u00e9 gerido pela Liga \u00c1lvaro Bahia Contra a Mortalidade Infantil.<\/p>\n\n\n\n<p>Coordenador do setor, o oncopediatra Maur\u00edcio Meira destaca que um ter\u00e7o dos pacientes atendidos \u00e9 de Feira de Santana e cidades pr\u00f3ximas e que o diagn\u00f3stico precoce \u00e9 imprescind\u00edvel para aumentar as possibilidades de cur<em>a. \u201cT\u00e3o importante quanto o tratamento \u00e9 o diagn\u00f3stico precoce do c\u00e2ncer pedi\u00e1trico, que por si s\u00f3 j\u00e1 aumenta as chances de sucesso de toda terapia\u201d, <\/em>frisa.<\/p>\n\n\n\n<p>Neste per\u00edodo, o Centro realizou uma s\u00e9rie de projetos para contribuir para o tratamento dos pacientes. Dentre eles, est\u00e1 o \u201cP\u00e9 de Esperan\u00e7a\u201d: todo paciente que recebe alta do servi\u00e7o planta uma muda de \u00e1rvore na \u00e1rea externa do hospital, junto com um colaborador do servi\u00e7o como &#8220;padrinho&#8221;.<\/p>\n\n\n\n<p>H\u00e1, ainda, o<em> \u201cProjeto Dod\u00f3i\u201d: <\/em>uma parceria junto \u00e0 Associa\u00e7\u00e3o Brasileira de Leucemia e Linfoma (ABRALE) e o Instituto Mauricio de Sousa , tendo como objetivo facilitar os processos de express\u00e3o de sentimentos e de comunica\u00e7\u00e3o e integra\u00e7\u00e3o entre a crian\u00e7a hospitalizada, atrav\u00e9s do brinquedo terap\u00eautico e atividades l\u00fadicas.<\/p>\n\n\n\n<p>J\u00e1 o <em>\u201cProjeto B\u00eaaba\u201d <\/em>\u00e9 um guia informativo distribu\u00eddo para crian\u00e7as e adolescentes em tratamento oncol\u00f3gico, tendo em vista um melhor entendimento e enfrentamento da doen\u00e7a oncol\u00f3gica.<\/p>\n\n\n\n<p>Ascom\/HEC<\/p>\n","protected":false},"excerpt":{"rendered":"<p>O Centro de Oncologia infantojuvenil do Hospital Estadual da Crian\u00e7a (HEC) completou, em 2023, dez anos de servi\u00e7os prestados. Neste per\u00edodo, mais de 600 crian\u00e7as e adolescentes foram acolhidas no servi\u00e7o. Dentre as doen\u00e7as oncol\u00f3gicas mais prevalentes, est\u00e3o as leucemias, linfomas e tumores de sistema nervoso central. \u201cAssim como o HEC, o centro se tornou [&hellip;]<\/p>\n","protected":false},"author":3,"featured_media":16930,"comment_status":"open","ping_status":"open","sticky":false,"template":"","format":"standard","meta":{"_monsterinsights_skip_tracking":false,"_monsterinsights_sitenote_active":false,"_monsterinsights_sitenote_note":"","_monsterinsights_sitenote_category":0,"footnotes":""},"categories":[34],"tags":[],"yoast_head":"<!-- This site is optimized with the Yoast SEO plugin v22.9 - https:\/\/yoast.com\/wordpress\/plugins\/seo\/ -->\n<title>Setor de oncologia pedi\u00e1trica do HEC completa 10 anos de funcionamento - Portal MF<\/title>\n<meta name=\"robots\" content=\"index, follow, max-snippet:-1, max-image-preview:large, max-video-preview:-1\" \/>\n<link rel=\"canonical\" href=\"https:\/\/portalmf.com.br\/index.php\/2023\/12\/14\/setor-de-oncologia-pediatrica-do-hec-completa-10-anos-de-funcionamento\/\" \/>\n<meta property=\"og:locale\" content=\"pt_BR\" \/>\n<meta property=\"og:type\" content=\"article\" \/>\n<meta property=\"og:title\" content=\"Setor de oncologia pedi\u00e1trica do HEC completa 10 anos de funcionamento - Portal MF\" \/>\n<meta property=\"og:description\" content=\"O Centro de Oncologia infantojuvenil do Hospital Estadual da Crian\u00e7a (HEC) completou, em 2023, dez anos de servi\u00e7os prestados. Neste per\u00edodo, mais de 600 crian\u00e7as e adolescentes foram acolhidas no servi\u00e7o. Dentre as doen\u00e7as oncol\u00f3gicas mais prevalentes, est\u00e3o as leucemias, linfomas e tumores de sistema nervoso central. \u201cAssim como o HEC, o centro se tornou [&hellip;]\" \/>\n<meta property=\"og:url\" content=\"https:\/\/portalmf.com.br\/index.php\/2023\/12\/14\/setor-de-oncologia-pediatrica-do-hec-completa-10-anos-de-funcionamento\/\" \/>\n<meta property=\"og:site_name\" content=\"Portal MF\" \/>\n<meta property=\"article:author\" content=\"https:\/\/www.facebook.com\/portalmfoficial\" \/>\n<meta property=\"article:published_time\" content=\"2023-12-14T15:30:37+00:00\" \/>\n<meta property=\"article:modified_time\" content=\"2023-12-14T15:30:38+00:00\" \/>\n<meta property=\"og:image\" content=\"https:\/\/portalmf.com.br\/wp-content\/uploads\/2023\/08\/HEC.jpeg\" \/>\n\t<meta property=\"og:image:width\" content=\"1200\" \/>\n\t<meta property=\"og:image:height\" content=\"800\" \/>\n\t<meta property=\"og:image:type\" content=\"image\/jpeg\" \/>\n<meta name=\"author\" content=\"Reda\u00e7\u00e3o Portal MF\" \/>\n<meta name=\"twitter:card\" content=\"summary_large_image\" \/>\n<meta name=\"twitter:creator\" content=\"@https:\/\/x.com\/portalmfoficial\" \/>\n<meta name=\"twitter:label1\" content=\"Escrito por\" \/>\n\t<meta name=\"twitter:data1\" content=\"Reda\u00e7\u00e3o Portal MF\" \/>\n\t<meta name=\"twitter:label2\" content=\"Est. tempo de leitura\" \/>\n\t<meta name=\"twitter:data2\" content=\"2 minutos\" \/>\n<script type=\"application\/ld+json\" class=\"yoast-schema-graph\">{\"@context\":\"https:\/\/schema.org\",\"@graph\":[{\"@type\":\"WebPage\",\"@id\":\"https:\/\/portalmf.com.br\/index.php\/2023\/12\/14\/setor-de-oncologia-pediatrica-do-hec-completa-10-anos-de-funcionamento\/\",\"url\":\"https:\/\/portalmf.com.br\/index.php\/2023\/12\/14\/setor-de-oncologia-pediatrica-do-hec-completa-10-anos-de-funcionamento\/\",\"name\":\"Setor de oncologia pedi\u00e1trica do HEC completa 10 anos de funcionamento - Portal MF\",\"isPartOf\":{\"@id\":\"https:\/\/portalmf.com.br\/#website\"},\"primaryImageOfPage\":{\"@id\":\"https:\/\/portalmf.com.br\/index.php\/2023\/12\/14\/setor-de-oncologia-pediatrica-do-hec-completa-10-anos-de-funcionamento\/#primaryimage\"},\"image\":{\"@id\":\"https:\/\/portalmf.com.br\/index.php\/2023\/12\/14\/setor-de-oncologia-pediatrica-do-hec-completa-10-anos-de-funcionamento\/#primaryimage\"},\"thumbnailUrl\":\"https:\/\/portalmf.com.br\/wp-content\/uploads\/2023\/08\/HEC.jpeg\",\"datePublished\":\"2023-12-14T15:30:37+00:00\",\"dateModified\":\"2023-12-14T15:30:38+00:00\",\"author\":{\"@id\":\"https:\/\/portalmf.com.br\/#\/schema\/person\/9ec101baf56233e53520c26de5d6f6f0\"},\"breadcrumb\":{\"@id\":\"https:\/\/portalmf.com.br\/index.php\/2023\/12\/14\/setor-de-oncologia-pediatrica-do-hec-completa-10-anos-de-funcionamento\/#breadcrumb\"},\"inLanguage\":\"pt-BR\",\"potentialAction\":[{\"@type\":\"ReadAction\",\"target\":[\"https:\/\/portalmf.com.br\/index.php\/2023\/12\/14\/setor-de-oncologia-pediatrica-do-hec-completa-10-anos-de-funcionamento\/\"]}]},{\"@type\":\"ImageObject\",\"inLanguage\":\"pt-BR\",\"@id\":\"https:\/\/portalmf.com.br\/index.php\/2023\/12\/14\/setor-de-oncologia-pediatrica-do-hec-completa-10-anos-de-funcionamento\/#primaryimage\",\"url\":\"https:\/\/portalmf.com.br\/wp-content\/uploads\/2023\/08\/HEC.jpeg\",\"contentUrl\":\"https:\/\/portalmf.com.br\/wp-content\/uploads\/2023\/08\/HEC.jpeg\",\"width\":1200,\"height\":800,\"caption\":\"Foto: Leonardo Rattes\/SA\u00daDE GOVBA\"},{\"@type\":\"BreadcrumbList\",\"@id\":\"https:\/\/portalmf.com.br\/index.php\/2023\/12\/14\/setor-de-oncologia-pediatrica-do-hec-completa-10-anos-de-funcionamento\/#breadcrumb\",\"itemListElement\":[{\"@type\":\"ListItem\",\"position\":1,\"name\":\"In\u00edcio\",\"item\":\"https:\/\/portalmf.com.br\/\"},{\"@type\":\"ListItem\",\"position\":2,\"name\":\"Setor de oncologia pedi\u00e1trica do HEC completa 10 anos de funcionamento\"}]},{\"@type\":\"WebSite\",\"@id\":\"https:\/\/portalmf.com.br\/#website\",\"url\":\"https:\/\/portalmf.com.br\/\",\"name\":\"Portal MF\",\"description\":\"Voc\u00ea conectado com a informa\u00e7\u00e3o\",\"potentialAction\":[{\"@type\":\"SearchAction\",\"target\":{\"@type\":\"EntryPoint\",\"urlTemplate\":\"https:\/\/portalmf.com.br\/?s={search_term_string}\"},\"query-input\":\"required name=search_term_string\"}],\"inLanguage\":\"pt-BR\"},{\"@type\":\"Person\",\"@id\":\"https:\/\/portalmf.com.br\/#\/schema\/person\/9ec101baf56233e53520c26de5d6f6f0\",\"name\":\"Reda\u00e7\u00e3o Portal MF\",\"image\":{\"@type\":\"ImageObject\",\"inLanguage\":\"pt-BR\",\"@id\":\"https:\/\/portalmf.com.br\/#\/schema\/person\/image\/\",\"url\":\"https:\/\/secure.gravatar.com\/avatar\/41b9aaeb2100835f7c64362330f74c7f?s=96&d=mm&r=g\",\"contentUrl\":\"https:\/\/secure.gravatar.com\/avatar\/41b9aaeb2100835f7c64362330f74c7f?s=96&d=mm&r=g\",\"caption\":\"Reda\u00e7\u00e3o Portal MF\"},\"description\":\"Sejam bem-vindos o portal de informa\u00e7\u00f5es de entretenimento de Feira de Santana, desde 2006 realiza coberturas dos principais eventos com entrevistas exclusivas com as principais personalidades mundiais. Fique conectado tamb\u00e9m nas redes sociais.\",\"sameAs\":[\"http:\/\/www.portalmf.com.br\/\",\"https:\/\/www.facebook.com\/portalmfoficial\",\"https:\/\/www.instagram.com\/portalmf\/\",\"https:\/\/x.com\/https:\/\/x.com\/portalmfoficial\",\"https:\/\/www.youtube.com\/@portalmfoficial\"],\"url\":\"https:\/\/portalmf.com.br\/index.php\/author\/junior\/\"}]}<\/script>\n<!-- \/ Yoast SEO plugin. -->","yoast_head_json":{"title":"Setor de oncologia pedi\u00e1trica do HEC completa 10 anos de funcionamento - Portal MF","robots":{"index":"index","follow":"follow","max-snippet":"max-snippet:-1","max-image-preview":"max-image-preview:large","max-video-preview":"max-video-preview:-1"},"canonical":"https:\/\/portalmf.com.br\/index.php\/2023\/12\/14\/setor-de-oncologia-pediatrica-do-hec-completa-10-anos-de-funcionamento\/","og_locale":"pt_BR","og_type":"article","og_title":"Setor de oncologia pedi\u00e1trica do HEC completa 10 anos de funcionamento - Portal MF","og_description":"O Centro de Oncologia infantojuvenil do Hospital Estadual da Crian\u00e7a (HEC) completou, em 2023, dez anos de servi\u00e7os prestados. Neste per\u00edodo, mais de 600 crian\u00e7as e adolescentes foram acolhidas no servi\u00e7o. Dentre as doen\u00e7as oncol\u00f3gicas mais prevalentes, est\u00e3o as leucemias, linfomas e tumores de sistema nervoso central. \u201cAssim como o HEC, o centro se tornou [&hellip;]","og_url":"https:\/\/portalmf.com.br\/index.php\/2023\/12\/14\/setor-de-oncologia-pediatrica-do-hec-completa-10-anos-de-funcionamento\/","og_site_name":"Portal MF","article_author":"https:\/\/www.facebook.com\/portalmfoficial","article_published_time":"2023-12-14T15:30:37+00:00","article_modified_time":"2023-12-14T15:30:38+00:00","og_image":[{"width":1200,"height":800,"url":"https:\/\/portalmf.com.br\/wp-content\/uploads\/2023\/08\/HEC.jpeg","type":"image\/jpeg"}],"author":"Reda\u00e7\u00e3o Portal MF","twitter_card":"summary_large_image","twitter_creator":"@https:\/\/x.com\/portalmfoficial","twitter_misc":{"Escrito por":"Reda\u00e7\u00e3o Portal MF","Est. tempo de leitura":"2 minutos"},"schema":{"@context":"https:\/\/schema.org","@graph":[{"@type":"WebPage","@id":"https:\/\/portalmf.com.br\/index.php\/2023\/12\/14\/setor-de-oncologia-pediatrica-do-hec-completa-10-anos-de-funcionamento\/","url":"https:\/\/portalmf.com.br\/index.php\/2023\/12\/14\/setor-de-oncologia-pediatrica-do-hec-completa-10-anos-de-funcionamento\/","name":"Setor de oncologia pedi\u00e1trica do HEC completa 10 anos de funcionamento - Portal MF","isPartOf":{"@id":"https:\/\/portalmf.com.br\/#website"},"primaryImageOfPage":{"@id":"https:\/\/portalmf.com.br\/index.php\/2023\/12\/14\/setor-de-oncologia-pediatrica-do-hec-completa-10-anos-de-funcionamento\/#primaryimage"},"image":{"@id":"https:\/\/portalmf.com.br\/index.php\/2023\/12\/14\/setor-de-oncologia-pediatrica-do-hec-completa-10-anos-de-funcionamento\/#primaryimage"},"thumbnailUrl":"https:\/\/portalmf.com.br\/wp-content\/uploads\/2023\/08\/HEC.jpeg","datePublished":"2023-12-14T15:30:37+00:00","dateModified":"2023-12-14T15:30:38+00:00","author":{"@id":"https:\/\/portalmf.com.br\/#\/schema\/person\/9ec101baf56233e53520c26de5d6f6f0"},"breadcrumb":{"@id":"https:\/\/portalmf.com.br\/index.php\/2023\/12\/14\/setor-de-oncologia-pediatrica-do-hec-completa-10-anos-de-funcionamento\/#breadcrumb"},"inLanguage":"pt-BR","potentialAction":[{"@type":"ReadAction","target":["https:\/\/portalmf.com.br\/index.php\/2023\/12\/14\/setor-de-oncologia-pediatrica-do-hec-completa-10-anos-de-funcionamento\/"]}]},{"@type":"ImageObject","inLanguage":"pt-BR","@id":"https:\/\/portalmf.com.br\/index.php\/2023\/12\/14\/setor-de-oncologia-pediatrica-do-hec-completa-10-anos-de-funcionamento\/#primaryimage","url":"https:\/\/portalmf.com.br\/wp-content\/uploads\/2023\/08\/HEC.jpeg","contentUrl":"https:\/\/portalmf.com.br\/wp-content\/uploads\/2023\/08\/HEC.jpeg","width":1200,"height":800,"caption":"Foto: Leonardo Rattes\/SA\u00daDE GOVBA"},{"@type":"BreadcrumbList","@id":"https:\/\/portalmf.com.br\/index.php\/2023\/12\/14\/setor-de-oncologia-pediatrica-do-hec-completa-10-anos-de-funcionamento\/#breadcrumb","itemListElement":[{"@type":"ListItem","position":1,"name":"In\u00edcio","item":"https:\/\/portalmf.com.br\/"},{"@type":"ListItem","position":2,"name":"Setor de oncologia pedi\u00e1trica do HEC completa 10 anos de funcionamento"}]},{"@type":"WebSite","@id":"https:\/\/portalmf.com.br\/#website","url":"https:\/\/portalmf.com.br\/","name":"Portal MF","description":"Voc\u00ea conectado com a informa\u00e7\u00e3o","potentialAction":[{"@type":"SearchAction","target":{"@type":"EntryPoint","urlTemplate":"https:\/\/portalmf.com.br\/?s={search_term_string}"},"query-input":"required name=search_term_string"}],"inLanguage":"pt-BR"},{"@type":"Person","@id":"https:\/\/portalmf.com.br\/#\/schema\/person\/9ec101baf56233e53520c26de5d6f6f0","name":"Reda\u00e7\u00e3o Portal MF","image":{"@type":"ImageObject","inLanguage":"pt-BR","@id":"https:\/\/portalmf.com.br\/#\/schema\/person\/image\/","url":"https:\/\/secure.gravatar.com\/avatar\/41b9aaeb2100835f7c64362330f74c7f?s=96&d=mm&r=g","contentUrl":"https:\/\/secure.gravatar.com\/avatar\/41b9aaeb2100835f7c64362330f74c7f?s=96&d=mm&r=g","caption":"Reda\u00e7\u00e3o Portal MF"},"description":"Sejam bem-vindos o portal de informa\u00e7\u00f5es de entretenimento de Feira de Santana, desde 2006 realiza coberturas dos principais eventos com entrevistas exclusivas com as principais personalidades mundiais. Fique conectado tamb\u00e9m nas redes sociais.","sameAs":["http:\/\/www.portalmf.com.br\/","https:\/\/www.facebook.com\/portalmfoficial","https:\/\/www.instagram.com\/portalmf\/","https:\/\/x.com\/https:\/\/x.com\/portalmfoficial","https:\/\/www.youtube.com\/@portalmfoficial"],"url":"https:\/\/portalmf.com.br\/index.php\/author\/junior\/"}]}},"_links":{"self":[{"href":"https:\/\/portalmf.com.br\/index.php\/wp-json\/wp\/v2\/posts\/20922"}],"collection":[{"href":"https:\/\/portalmf.com.br\/index.php\/wp-json\/wp\/v2\/posts"}],"about":[{"href":"https:\/\/portalmf.com.br\/index.php\/wp-json\/wp\/v2\/types\/post"}],"author":[{"embeddable":true,"href":"https:\/\/portalmf.com.br\/index.php\/wp-json\/wp\/v2\/users\/3"}],"replies":[{"embeddable":true,"href":"https:\/\/portalmf.com.br\/index.php\/wp-json\/wp\/v2\/comments?post=20922"}],"version-history":[{"count":1,"href":"https:\/\/portalmf.com.br\/index.php\/wp-json\/wp\/v2\/posts\/20922\/revisions"}],"predecessor-version":[{"id":20923,"href":"https:\/\/portalmf.com.br\/index.php\/wp-json\/wp\/v2\/posts\/20922\/revisions\/20923"}],"wp:featuredmedia":[{"embeddable":true,"href":"https:\/\/portalmf.com.br\/index.php\/wp-json\/wp\/v2\/media\/16930"}],"wp:attachment":[{"href":"https:\/\/portalmf.com.br\/index.php\/wp-json\/wp\/v2\/media?parent=20922"}],"wp:term":[{"taxonomy":"category","embeddable":true,"href":"https:\/\/portalmf.com.br\/index.php\/wp-json\/wp\/v2\/categories?post=20922"},{"taxonomy":"post_tag","embeddable":true,"href":"https:\/\/portalmf.com.br\/index.php\/wp-json\/wp\/v2\/tags?post=20922"}],"curies":[{"name":"wp","href":"https:\/\/api.w.org\/{rel}","templated":true}]}}