{"id":20920,"date":"2023-12-14T12:26:36","date_gmt":"2023-12-14T15:26:36","guid":{"rendered":"https:\/\/portalmf.com.br\/?p=20920"},"modified":"2023-12-14T12:26:36","modified_gmt":"2023-12-14T15:26:36","slug":"pablo-roberto-e-o-deputado-mais-assiduo-na-assembleia-legislativa-da-bahia","status":"publish","type":"post","link":"https:\/\/portalmf.com.br\/index.php\/2023\/12\/14\/pablo-roberto-e-o-deputado-mais-assiduo-na-assembleia-legislativa-da-bahia\/","title":{"rendered":"Pablo Roberto \u00e9 o Deputado mais ass\u00edduo na Assembleia Legislativa da Bahia"},"content":{"rendered":"\n<p>O Deputado Estadual, Pablo Roberto (PSDB), \u00e9 o parlamentar com maior frequ\u00eancia comprovada na Assembleia Legislativa da Bahia (ALBA), segundo o portal de transpar\u00eancia da ALBA. O levantamento aponta que de fevereiro a novembro deste ano, Pablo foi o Deputado que mais esteve presente, levadas em considera\u00e7\u00e3o as presen\u00e7as marcadas em sess\u00f5es plen\u00e1rias e sess\u00f5es extraordin\u00e1rias, totalizando apenas duas faltas em 2023.<\/p>\n\n\n\n<p><em>\u201cAcredito que \u00e9 minha obriga\u00e7\u00e3o estar presente, e trabalhar todos os dias. A Bahia me conferiu um mandato, e esse mandato me d\u00e1 a responsabilidade de estar aqui todos os dias, desde as sess\u00f5es no plen\u00e1rio, at\u00e9 as extraordin\u00e1rias, nas Comiss\u00f5es, reuni\u00f5es internas e externas. Minha obriga\u00e7\u00e3o \u00e9 estar presente, \u00e9 trabalhar e, dessa forma, retribuir o voto que me foi dado\u201d, <\/em>afirmou o parlamentar.<\/p>\n\n\n\n<p>Pablo Roberto tamb\u00e9m comentou da alegria e satisfa\u00e7\u00e3o em aparecer como primeiro no ranking dos mais presentes.<em> \u201cMuito feliz e tamb\u00e9m ainda mais convicto de que estamos no caminho certo. N\u00e3o tenham d\u00favidas de que em 2024 tamb\u00e9m estaremos presentes e atuantes\u201d,<\/em> afirmou o tucano.<\/p>\n\n\n\n<p>O Deputado Pablo chega a dezembro de 2023 com uma extensa bagagem na Assembleia Legislativa da Bahia. Ao longo do primeiro ano de mandato foram protocolados pelo parlamentar: 13 requerimentos; 3 Projetos de Resolu\u00e7\u00e3o; 12 Projetos de Lei; 1 Proposta de Emenda \u00e0 Constitui\u00e7\u00e3o; 1 Projeto de Decreto Legislativo; 46 Mo\u00e7\u00f5es; e 8 Indica\u00e7\u00f5es.<\/p>\n\n\n\n<p><em>\u201cOs n\u00fameros mostram que n\u00e3o \u00e9 s\u00f3 a presen\u00e7a f\u00edsica, mas uma presen\u00e7a de muito trabalho e atua\u00e7\u00e3o pela Bahia. Acredito que estamos no caminho certo, entregando atrav\u00e9s do nosso mandato o melhor para o nosso Estado. Ano que vem ser\u00e1 um ano de muito mais comprometimento e trabalho, podem ter certeza\u201d, c<\/em>onclui o parlamentar.<\/p>\n","protected":false},"excerpt":{"rendered":"<p>O Deputado Estadual, Pablo Roberto (PSDB), \u00e9 o parlamentar com maior frequ\u00eancia comprovada na Assembleia Legislativa da Bahia (ALBA), segundo o portal de transpar\u00eancia da ALBA. O levantamento aponta que de fevereiro a novembro deste ano, Pablo foi o Deputado que mais esteve presente, levadas em considera\u00e7\u00e3o as presen\u00e7as marcadas em sess\u00f5es plen\u00e1rias e sess\u00f5es [&hellip;]<\/p>\n","protected":false},"author":3,"featured_media":8708,"comment_status":"open","ping_status":"open","sticky":false,"template":"","format":"standard","meta":{"_monsterinsights_skip_tracking":false,"_monsterinsights_sitenote_active":false,"_monsterinsights_sitenote_note":"","_monsterinsights_sitenote_category":0,"footnotes":""},"categories":[34],"tags":[],"yoast_head":"<!-- This site is optimized with the Yoast SEO plugin v22.9 - https:\/\/yoast.com\/wordpress\/plugins\/seo\/ -->\n<title>Pablo Roberto \u00e9 o Deputado mais ass\u00edduo na Assembleia Legislativa da Bahia - Portal MF<\/title>\n<meta name=\"robots\" content=\"index, follow, max-snippet:-1, max-image-preview:large, max-video-preview:-1\" \/>\n<link rel=\"canonical\" href=\"https:\/\/portalmf.com.br\/index.php\/2023\/12\/14\/pablo-roberto-e-o-deputado-mais-assiduo-na-assembleia-legislativa-da-bahia\/\" \/>\n<meta property=\"og:locale\" content=\"pt_BR\" \/>\n<meta property=\"og:type\" content=\"article\" \/>\n<meta property=\"og:title\" content=\"Pablo Roberto \u00e9 o Deputado mais ass\u00edduo na Assembleia Legislativa da Bahia - Portal MF\" \/>\n<meta property=\"og:description\" content=\"O Deputado Estadual, Pablo Roberto (PSDB), \u00e9 o parlamentar com maior frequ\u00eancia comprovada na Assembleia Legislativa da Bahia (ALBA), segundo o portal de transpar\u00eancia da ALBA. O levantamento aponta que de fevereiro a novembro deste ano, Pablo foi o Deputado que mais esteve presente, levadas em considera\u00e7\u00e3o as presen\u00e7as marcadas em sess\u00f5es plen\u00e1rias e sess\u00f5es [&hellip;]\" \/>\n<meta property=\"og:url\" content=\"https:\/\/portalmf.com.br\/index.php\/2023\/12\/14\/pablo-roberto-e-o-deputado-mais-assiduo-na-assembleia-legislativa-da-bahia\/\" \/>\n<meta property=\"og:site_name\" content=\"Portal MF\" \/>\n<meta property=\"article:author\" content=\"https:\/\/www.facebook.com\/portalmfoficial\" \/>\n<meta property=\"article:published_time\" content=\"2023-12-14T15:26:36+00:00\" \/>\n<meta property=\"og:image\" content=\"https:\/\/portalmf.com.br\/wp-content\/uploads\/2023\/02\/Deputado-Pablo-Roberto.jpg\" \/>\n\t<meta property=\"og:image:width\" content=\"1600\" \/>\n\t<meta property=\"og:image:height\" content=\"1200\" \/>\n\t<meta property=\"og:image:type\" content=\"image\/jpeg\" \/>\n<meta name=\"author\" content=\"Reda\u00e7\u00e3o Portal MF\" \/>\n<meta name=\"twitter:card\" content=\"summary_large_image\" \/>\n<meta name=\"twitter:creator\" content=\"@https:\/\/x.com\/portalmfoficial\" \/>\n<meta name=\"twitter:label1\" content=\"Escrito por\" \/>\n\t<meta name=\"twitter:data1\" content=\"Reda\u00e7\u00e3o Portal MF\" \/>\n\t<meta name=\"twitter:label2\" content=\"Est. tempo de leitura\" \/>\n\t<meta name=\"twitter:data2\" content=\"2 minutos\" \/>\n<script type=\"application\/ld+json\" class=\"yoast-schema-graph\">{\"@context\":\"https:\/\/schema.org\",\"@graph\":[{\"@type\":\"WebPage\",\"@id\":\"https:\/\/portalmf.com.br\/index.php\/2023\/12\/14\/pablo-roberto-e-o-deputado-mais-assiduo-na-assembleia-legislativa-da-bahia\/\",\"url\":\"https:\/\/portalmf.com.br\/index.php\/2023\/12\/14\/pablo-roberto-e-o-deputado-mais-assiduo-na-assembleia-legislativa-da-bahia\/\",\"name\":\"Pablo Roberto \u00e9 o Deputado mais ass\u00edduo na Assembleia Legislativa da Bahia - Portal MF\",\"isPartOf\":{\"@id\":\"https:\/\/portalmf.com.br\/#website\"},\"primaryImageOfPage\":{\"@id\":\"https:\/\/portalmf.com.br\/index.php\/2023\/12\/14\/pablo-roberto-e-o-deputado-mais-assiduo-na-assembleia-legislativa-da-bahia\/#primaryimage\"},\"image\":{\"@id\":\"https:\/\/portalmf.com.br\/index.php\/2023\/12\/14\/pablo-roberto-e-o-deputado-mais-assiduo-na-assembleia-legislativa-da-bahia\/#primaryimage\"},\"thumbnailUrl\":\"https:\/\/portalmf.com.br\/wp-content\/uploads\/2023\/02\/Deputado-Pablo-Roberto.jpg\",\"datePublished\":\"2023-12-14T15:26:36+00:00\",\"dateModified\":\"2023-12-14T15:26:36+00:00\",\"author\":{\"@id\":\"https:\/\/portalmf.com.br\/#\/schema\/person\/9ec101baf56233e53520c26de5d6f6f0\"},\"breadcrumb\":{\"@id\":\"https:\/\/portalmf.com.br\/index.php\/2023\/12\/14\/pablo-roberto-e-o-deputado-mais-assiduo-na-assembleia-legislativa-da-bahia\/#breadcrumb\"},\"inLanguage\":\"pt-BR\",\"potentialAction\":[{\"@type\":\"ReadAction\",\"target\":[\"https:\/\/portalmf.com.br\/index.php\/2023\/12\/14\/pablo-roberto-e-o-deputado-mais-assiduo-na-assembleia-legislativa-da-bahia\/\"]}]},{\"@type\":\"ImageObject\",\"inLanguage\":\"pt-BR\",\"@id\":\"https:\/\/portalmf.com.br\/index.php\/2023\/12\/14\/pablo-roberto-e-o-deputado-mais-assiduo-na-assembleia-legislativa-da-bahia\/#primaryimage\",\"url\":\"https:\/\/portalmf.com.br\/wp-content\/uploads\/2023\/02\/Deputado-Pablo-Roberto.jpg\",\"contentUrl\":\"https:\/\/portalmf.com.br\/wp-content\/uploads\/2023\/02\/Deputado-Pablo-Roberto.jpg\",\"width\":1600,\"height\":1200},{\"@type\":\"BreadcrumbList\",\"@id\":\"https:\/\/portalmf.com.br\/index.php\/2023\/12\/14\/pablo-roberto-e-o-deputado-mais-assiduo-na-assembleia-legislativa-da-bahia\/#breadcrumb\",\"itemListElement\":[{\"@type\":\"ListItem\",\"position\":1,\"name\":\"In\u00edcio\",\"item\":\"https:\/\/portalmf.com.br\/\"},{\"@type\":\"ListItem\",\"position\":2,\"name\":\"Pablo Roberto \u00e9 o Deputado mais ass\u00edduo na Assembleia Legislativa da Bahia\"}]},{\"@type\":\"WebSite\",\"@id\":\"https:\/\/portalmf.com.br\/#website\",\"url\":\"https:\/\/portalmf.com.br\/\",\"name\":\"Portal MF\",\"description\":\"Voc\u00ea conectado com a informa\u00e7\u00e3o\",\"potentialAction\":[{\"@type\":\"SearchAction\",\"target\":{\"@type\":\"EntryPoint\",\"urlTemplate\":\"https:\/\/portalmf.com.br\/?s={search_term_string}\"},\"query-input\":\"required name=search_term_string\"}],\"inLanguage\":\"pt-BR\"},{\"@type\":\"Person\",\"@id\":\"https:\/\/portalmf.com.br\/#\/schema\/person\/9ec101baf56233e53520c26de5d6f6f0\",\"name\":\"Reda\u00e7\u00e3o Portal MF\",\"image\":{\"@type\":\"ImageObject\",\"inLanguage\":\"pt-BR\",\"@id\":\"https:\/\/portalmf.com.br\/#\/schema\/person\/image\/\",\"url\":\"https:\/\/secure.gravatar.com\/avatar\/41b9aaeb2100835f7c64362330f74c7f?s=96&d=mm&r=g\",\"contentUrl\":\"https:\/\/secure.gravatar.com\/avatar\/41b9aaeb2100835f7c64362330f74c7f?s=96&d=mm&r=g\",\"caption\":\"Reda\u00e7\u00e3o Portal MF\"},\"description\":\"Sejam bem-vindos o portal de informa\u00e7\u00f5es de entretenimento de Feira de Santana, desde 2006 realiza coberturas dos principais eventos com entrevistas exclusivas com as principais personalidades mundiais. Fique conectado tamb\u00e9m nas redes sociais.\",\"sameAs\":[\"http:\/\/www.portalmf.com.br\/\",\"https:\/\/www.facebook.com\/portalmfoficial\",\"https:\/\/www.instagram.com\/portalmf\/\",\"https:\/\/x.com\/https:\/\/x.com\/portalmfoficial\",\"https:\/\/www.youtube.com\/@portalmfoficial\"],\"url\":\"https:\/\/portalmf.com.br\/index.php\/author\/junior\/\"}]}<\/script>\n<!-- \/ Yoast SEO plugin. -->","yoast_head_json":{"title":"Pablo Roberto \u00e9 o Deputado mais ass\u00edduo na Assembleia Legislativa da Bahia - Portal MF","robots":{"index":"index","follow":"follow","max-snippet":"max-snippet:-1","max-image-preview":"max-image-preview:large","max-video-preview":"max-video-preview:-1"},"canonical":"https:\/\/portalmf.com.br\/index.php\/2023\/12\/14\/pablo-roberto-e-o-deputado-mais-assiduo-na-assembleia-legislativa-da-bahia\/","og_locale":"pt_BR","og_type":"article","og_title":"Pablo Roberto \u00e9 o Deputado mais ass\u00edduo na Assembleia Legislativa da Bahia - Portal MF","og_description":"O Deputado Estadual, Pablo Roberto (PSDB), \u00e9 o parlamentar com maior frequ\u00eancia comprovada na Assembleia Legislativa da Bahia (ALBA), segundo o portal de transpar\u00eancia da ALBA. O levantamento aponta que de fevereiro a novembro deste ano, Pablo foi o Deputado que mais esteve presente, levadas em considera\u00e7\u00e3o as presen\u00e7as marcadas em sess\u00f5es plen\u00e1rias e sess\u00f5es [&hellip;]","og_url":"https:\/\/portalmf.com.br\/index.php\/2023\/12\/14\/pablo-roberto-e-o-deputado-mais-assiduo-na-assembleia-legislativa-da-bahia\/","og_site_name":"Portal MF","article_author":"https:\/\/www.facebook.com\/portalmfoficial","article_published_time":"2023-12-14T15:26:36+00:00","og_image":[{"width":1600,"height":1200,"url":"https:\/\/portalmf.com.br\/wp-content\/uploads\/2023\/02\/Deputado-Pablo-Roberto.jpg","type":"image\/jpeg"}],"author":"Reda\u00e7\u00e3o Portal MF","twitter_card":"summary_large_image","twitter_creator":"@https:\/\/x.com\/portalmfoficial","twitter_misc":{"Escrito por":"Reda\u00e7\u00e3o Portal MF","Est. tempo de leitura":"2 minutos"},"schema":{"@context":"https:\/\/schema.org","@graph":[{"@type":"WebPage","@id":"https:\/\/portalmf.com.br\/index.php\/2023\/12\/14\/pablo-roberto-e-o-deputado-mais-assiduo-na-assembleia-legislativa-da-bahia\/","url":"https:\/\/portalmf.com.br\/index.php\/2023\/12\/14\/pablo-roberto-e-o-deputado-mais-assiduo-na-assembleia-legislativa-da-bahia\/","name":"Pablo Roberto \u00e9 o Deputado mais ass\u00edduo na Assembleia Legislativa da Bahia - Portal MF","isPartOf":{"@id":"https:\/\/portalmf.com.br\/#website"},"primaryImageOfPage":{"@id":"https:\/\/portalmf.com.br\/index.php\/2023\/12\/14\/pablo-roberto-e-o-deputado-mais-assiduo-na-assembleia-legislativa-da-bahia\/#primaryimage"},"image":{"@id":"https:\/\/portalmf.com.br\/index.php\/2023\/12\/14\/pablo-roberto-e-o-deputado-mais-assiduo-na-assembleia-legislativa-da-bahia\/#primaryimage"},"thumbnailUrl":"https:\/\/portalmf.com.br\/wp-content\/uploads\/2023\/02\/Deputado-Pablo-Roberto.jpg","datePublished":"2023-12-14T15:26:36+00:00","dateModified":"2023-12-14T15:26:36+00:00","author":{"@id":"https:\/\/portalmf.com.br\/#\/schema\/person\/9ec101baf56233e53520c26de5d6f6f0"},"breadcrumb":{"@id":"https:\/\/portalmf.com.br\/index.php\/2023\/12\/14\/pablo-roberto-e-o-deputado-mais-assiduo-na-assembleia-legislativa-da-bahia\/#breadcrumb"},"inLanguage":"pt-BR","potentialAction":[{"@type":"ReadAction","target":["https:\/\/portalmf.com.br\/index.php\/2023\/12\/14\/pablo-roberto-e-o-deputado-mais-assiduo-na-assembleia-legislativa-da-bahia\/"]}]},{"@type":"ImageObject","inLanguage":"pt-BR","@id":"https:\/\/portalmf.com.br\/index.php\/2023\/12\/14\/pablo-roberto-e-o-deputado-mais-assiduo-na-assembleia-legislativa-da-bahia\/#primaryimage","url":"https:\/\/portalmf.com.br\/wp-content\/uploads\/2023\/02\/Deputado-Pablo-Roberto.jpg","contentUrl":"https:\/\/portalmf.com.br\/wp-content\/uploads\/2023\/02\/Deputado-Pablo-Roberto.jpg","width":1600,"height":1200},{"@type":"BreadcrumbList","@id":"https:\/\/portalmf.com.br\/index.php\/2023\/12\/14\/pablo-roberto-e-o-deputado-mais-assiduo-na-assembleia-legislativa-da-bahia\/#breadcrumb","itemListElement":[{"@type":"ListItem","position":1,"name":"In\u00edcio","item":"https:\/\/portalmf.com.br\/"},{"@type":"ListItem","position":2,"name":"Pablo Roberto \u00e9 o Deputado mais ass\u00edduo na Assembleia Legislativa da Bahia"}]},{"@type":"WebSite","@id":"https:\/\/portalmf.com.br\/#website","url":"https:\/\/portalmf.com.br\/","name":"Portal MF","description":"Voc\u00ea conectado com a informa\u00e7\u00e3o","potentialAction":[{"@type":"SearchAction","target":{"@type":"EntryPoint","urlTemplate":"https:\/\/portalmf.com.br\/?s={search_term_string}"},"query-input":"required name=search_term_string"}],"inLanguage":"pt-BR"},{"@type":"Person","@id":"https:\/\/portalmf.com.br\/#\/schema\/person\/9ec101baf56233e53520c26de5d6f6f0","name":"Reda\u00e7\u00e3o Portal MF","image":{"@type":"ImageObject","inLanguage":"pt-BR","@id":"https:\/\/portalmf.com.br\/#\/schema\/person\/image\/","url":"https:\/\/secure.gravatar.com\/avatar\/41b9aaeb2100835f7c64362330f74c7f?s=96&d=mm&r=g","contentUrl":"https:\/\/secure.gravatar.com\/avatar\/41b9aaeb2100835f7c64362330f74c7f?s=96&d=mm&r=g","caption":"Reda\u00e7\u00e3o Portal MF"},"description":"Sejam bem-vindos o portal de informa\u00e7\u00f5es de entretenimento de Feira de Santana, desde 2006 realiza coberturas dos principais eventos com entrevistas exclusivas com as principais personalidades mundiais. Fique conectado tamb\u00e9m nas redes sociais.","sameAs":["http:\/\/www.portalmf.com.br\/","https:\/\/www.facebook.com\/portalmfoficial","https:\/\/www.instagram.com\/portalmf\/","https:\/\/x.com\/https:\/\/x.com\/portalmfoficial","https:\/\/www.youtube.com\/@portalmfoficial"],"url":"https:\/\/portalmf.com.br\/index.php\/author\/junior\/"}]}},"_links":{"self":[{"href":"https:\/\/portalmf.com.br\/index.php\/wp-json\/wp\/v2\/posts\/20920"}],"collection":[{"href":"https:\/\/portalmf.com.br\/index.php\/wp-json\/wp\/v2\/posts"}],"about":[{"href":"https:\/\/portalmf.com.br\/index.php\/wp-json\/wp\/v2\/types\/post"}],"author":[{"embeddable":true,"href":"https:\/\/portalmf.com.br\/index.php\/wp-json\/wp\/v2\/users\/3"}],"replies":[{"embeddable":true,"href":"https:\/\/portalmf.com.br\/index.php\/wp-json\/wp\/v2\/comments?post=20920"}],"version-history":[{"count":1,"href":"https:\/\/portalmf.com.br\/index.php\/wp-json\/wp\/v2\/posts\/20920\/revisions"}],"predecessor-version":[{"id":20921,"href":"https:\/\/portalmf.com.br\/index.php\/wp-json\/wp\/v2\/posts\/20920\/revisions\/20921"}],"wp:featuredmedia":[{"embeddable":true,"href":"https:\/\/portalmf.com.br\/index.php\/wp-json\/wp\/v2\/media\/8708"}],"wp:attachment":[{"href":"https:\/\/portalmf.com.br\/index.php\/wp-json\/wp\/v2\/media?parent=20920"}],"wp:term":[{"taxonomy":"category","embeddable":true,"href":"https:\/\/portalmf.com.br\/index.php\/wp-json\/wp\/v2\/categories?post=20920"},{"taxonomy":"post_tag","embeddable":true,"href":"https:\/\/portalmf.com.br\/index.php\/wp-json\/wp\/v2\/tags?post=20920"}],"curies":[{"name":"wp","href":"https:\/\/api.w.org\/{rel}","templated":true}]}}