{"id":20917,"date":"2023-12-13T12:21:33","date_gmt":"2023-12-13T15:21:33","guid":{"rendered":"https:\/\/portalmf.com.br\/?p=20917"},"modified":"2023-12-14T12:24:22","modified_gmt":"2023-12-14T15:24:22","slug":"ricardo-machado-tem-contas-aprovadas-pelo-tre","status":"publish","type":"post","link":"https:\/\/portalmf.com.br\/index.php\/2023\/12\/13\/ricardo-machado-tem-contas-aprovadas-pelo-tre\/","title":{"rendered":"Ricardo Machado tem contas aprovadas pelo TRE"},"content":{"rendered":"\n<p>O Pleno do Tribunal Regional Eleitoral acatou recurso dos advogados Emanuel Almeida e Ian Almeida e aprovou as contas de campanha do ex-prefeito de Santo Amaro, Ricardo Machado (PT). Ele foi candidato a deputado estadual em 2022, obtendo 40.888 votos.<\/p>\n\n\n\n<p>A aprova\u00e7\u00e3o das contas de Ricardo Machado levou em considera\u00e7\u00e3o os argumentos da defesa, expostos em recurso, contra a decis\u00e3o que julgou, inicialmente, as contas como desaprovadas.<\/p>\n\n\n\n<p>O desembargador Abelardo Paulo Matta Neto foi o relator do processo. Todos os demais membros do Tribunal Regional Eleitoral votaram, de forma un\u00e2nime, pelo acolhimento do recurso. A vota\u00e7\u00e3o ocorreu na tarde desta segunda-feira (11).<\/p>\n\n\n\n<p>Os advogados Emanuel Almeida e Ian Almeida conseguiram provar que houve falha apontada pelo setor t\u00e9cnico do TRE, que teria ensejada, inclusive, a desaprova\u00e7\u00e3o das contas do candidato. Al\u00e9m disso, a primeira decis\u00e3o, j\u00e1 reformada, ainda previa o recolhimento da quantia de R$ 16 mil, tida como irregular.<\/p>\n\n\n\n<h2 class=\"wp-block-heading\">RECURSO<\/h2>\n\n\n\n<p><em>\u201cConseguimos provar que houve equ\u00edvoco com rela\u00e7\u00e3o as informa\u00e7\u00f5es da movimenta\u00e7\u00e3o banc\u00e1rias de Ricardo Machado obtidas, via sistema, pela equipe t\u00e9cnica do TRE\u201d,<\/em> disse Emanuel Almeida.<\/p>\n\n\n\n<p>A decis\u00e3o do desembargador Abelardo Paulo Matta Neto tamb\u00e9m acompanhou o resultado do parecer t\u00e9cnico da Assessoria de Exames de Contas Eleitorais e Partid\u00e1rias do TRE.<\/p>\n\n\n\n<p>No parecer, a assessoria t\u00e9cnica do \u00f3rg\u00e3o reconheceu que foram saneadas as inconsist\u00eancias e diverg\u00eancias inicialmente apontadas na an\u00e1lise das contas do candidato Ricardo Machado.<\/p>\n\n\n\n<p>O advogado Ian Almeida tamb\u00e9m ressaltou a import\u00e2ncia do reexame dos autos, especialmente, destacando o trabalho dos t\u00e9cnicos do Tribunal Regional Eleitoral e de toda Corte<em>. \u201cA justi\u00e7a foi feita\u201d,<\/em> comemorou.<\/p>\n","protected":false},"excerpt":{"rendered":"<p>O Pleno do Tribunal Regional Eleitoral acatou recurso dos advogados Emanuel Almeida e Ian Almeida e aprovou as contas de campanha do ex-prefeito de Santo Amaro, Ricardo Machado (PT). Ele foi candidato a deputado estadual em 2022, obtendo 40.888 votos. A aprova\u00e7\u00e3o das contas de Ricardo Machado levou em considera\u00e7\u00e3o os argumentos da defesa, expostos [&hellip;]<\/p>\n","protected":false},"author":3,"featured_media":20918,"comment_status":"open","ping_status":"open","sticky":false,"template":"","format":"standard","meta":{"_monsterinsights_skip_tracking":false,"_monsterinsights_sitenote_active":false,"_monsterinsights_sitenote_note":"","_monsterinsights_sitenote_category":0,"footnotes":""},"categories":[34],"tags":[],"yoast_head":"<!-- This site is optimized with the Yoast SEO plugin v22.9 - https:\/\/yoast.com\/wordpress\/plugins\/seo\/ -->\n<title>Ricardo Machado tem contas aprovadas pelo TRE - Portal MF<\/title>\n<meta name=\"robots\" content=\"index, follow, max-snippet:-1, max-image-preview:large, max-video-preview:-1\" \/>\n<link rel=\"canonical\" href=\"https:\/\/portalmf.com.br\/index.php\/2023\/12\/13\/ricardo-machado-tem-contas-aprovadas-pelo-tre\/\" \/>\n<meta property=\"og:locale\" content=\"pt_BR\" \/>\n<meta property=\"og:type\" content=\"article\" \/>\n<meta property=\"og:title\" content=\"Ricardo Machado tem contas aprovadas pelo TRE - Portal MF\" \/>\n<meta property=\"og:description\" content=\"O Pleno do Tribunal Regional Eleitoral acatou recurso dos advogados Emanuel Almeida e Ian Almeida e aprovou as contas de campanha do ex-prefeito de Santo Amaro, Ricardo Machado (PT). Ele foi candidato a deputado estadual em 2022, obtendo 40.888 votos. A aprova\u00e7\u00e3o das contas de Ricardo Machado levou em considera\u00e7\u00e3o os argumentos da defesa, expostos [&hellip;]\" \/>\n<meta property=\"og:url\" content=\"https:\/\/portalmf.com.br\/index.php\/2023\/12\/13\/ricardo-machado-tem-contas-aprovadas-pelo-tre\/\" \/>\n<meta property=\"og:site_name\" content=\"Portal MF\" \/>\n<meta property=\"article:author\" content=\"https:\/\/www.facebook.com\/portalmfoficial\" \/>\n<meta property=\"article:published_time\" content=\"2023-12-13T15:21:33+00:00\" \/>\n<meta property=\"article:modified_time\" content=\"2023-12-14T15:24:22+00:00\" \/>\n<meta property=\"og:image\" content=\"https:\/\/portalmf.com.br\/wp-content\/uploads\/2023\/12\/Ricardo-Machado-tem-contas-aprovadas-pelo-TRE.jpeg\" \/>\n\t<meta property=\"og:image:width\" content=\"1080\" \/>\n\t<meta property=\"og:image:height\" content=\"698\" \/>\n\t<meta property=\"og:image:type\" content=\"image\/jpeg\" \/>\n<meta name=\"author\" content=\"Reda\u00e7\u00e3o Portal MF\" \/>\n<meta name=\"twitter:card\" content=\"summary_large_image\" \/>\n<meta name=\"twitter:creator\" content=\"@https:\/\/x.com\/portalmfoficial\" \/>\n<meta name=\"twitter:label1\" content=\"Escrito por\" \/>\n\t<meta name=\"twitter:data1\" content=\"Reda\u00e7\u00e3o Portal MF\" \/>\n\t<meta name=\"twitter:label2\" content=\"Est. tempo de leitura\" \/>\n\t<meta name=\"twitter:data2\" content=\"2 minutos\" \/>\n<script type=\"application\/ld+json\" class=\"yoast-schema-graph\">{\"@context\":\"https:\/\/schema.org\",\"@graph\":[{\"@type\":\"WebPage\",\"@id\":\"https:\/\/portalmf.com.br\/index.php\/2023\/12\/13\/ricardo-machado-tem-contas-aprovadas-pelo-tre\/\",\"url\":\"https:\/\/portalmf.com.br\/index.php\/2023\/12\/13\/ricardo-machado-tem-contas-aprovadas-pelo-tre\/\",\"name\":\"Ricardo Machado tem contas aprovadas pelo TRE - Portal MF\",\"isPartOf\":{\"@id\":\"https:\/\/portalmf.com.br\/#website\"},\"primaryImageOfPage\":{\"@id\":\"https:\/\/portalmf.com.br\/index.php\/2023\/12\/13\/ricardo-machado-tem-contas-aprovadas-pelo-tre\/#primaryimage\"},\"image\":{\"@id\":\"https:\/\/portalmf.com.br\/index.php\/2023\/12\/13\/ricardo-machado-tem-contas-aprovadas-pelo-tre\/#primaryimage\"},\"thumbnailUrl\":\"https:\/\/portalmf.com.br\/wp-content\/uploads\/2023\/12\/Ricardo-Machado-tem-contas-aprovadas-pelo-TRE.jpeg\",\"datePublished\":\"2023-12-13T15:21:33+00:00\",\"dateModified\":\"2023-12-14T15:24:22+00:00\",\"author\":{\"@id\":\"https:\/\/portalmf.com.br\/#\/schema\/person\/9ec101baf56233e53520c26de5d6f6f0\"},\"breadcrumb\":{\"@id\":\"https:\/\/portalmf.com.br\/index.php\/2023\/12\/13\/ricardo-machado-tem-contas-aprovadas-pelo-tre\/#breadcrumb\"},\"inLanguage\":\"pt-BR\",\"potentialAction\":[{\"@type\":\"ReadAction\",\"target\":[\"https:\/\/portalmf.com.br\/index.php\/2023\/12\/13\/ricardo-machado-tem-contas-aprovadas-pelo-tre\/\"]}]},{\"@type\":\"ImageObject\",\"inLanguage\":\"pt-BR\",\"@id\":\"https:\/\/portalmf.com.br\/index.php\/2023\/12\/13\/ricardo-machado-tem-contas-aprovadas-pelo-tre\/#primaryimage\",\"url\":\"https:\/\/portalmf.com.br\/wp-content\/uploads\/2023\/12\/Ricardo-Machado-tem-contas-aprovadas-pelo-TRE.jpeg\",\"contentUrl\":\"https:\/\/portalmf.com.br\/wp-content\/uploads\/2023\/12\/Ricardo-Machado-tem-contas-aprovadas-pelo-TRE.jpeg\",\"width\":1080,\"height\":698},{\"@type\":\"BreadcrumbList\",\"@id\":\"https:\/\/portalmf.com.br\/index.php\/2023\/12\/13\/ricardo-machado-tem-contas-aprovadas-pelo-tre\/#breadcrumb\",\"itemListElement\":[{\"@type\":\"ListItem\",\"position\":1,\"name\":\"In\u00edcio\",\"item\":\"https:\/\/portalmf.com.br\/\"},{\"@type\":\"ListItem\",\"position\":2,\"name\":\"Ricardo Machado tem contas aprovadas pelo TRE\"}]},{\"@type\":\"WebSite\",\"@id\":\"https:\/\/portalmf.com.br\/#website\",\"url\":\"https:\/\/portalmf.com.br\/\",\"name\":\"Portal MF\",\"description\":\"Voc\u00ea conectado com a informa\u00e7\u00e3o\",\"potentialAction\":[{\"@type\":\"SearchAction\",\"target\":{\"@type\":\"EntryPoint\",\"urlTemplate\":\"https:\/\/portalmf.com.br\/?s={search_term_string}\"},\"query-input\":\"required name=search_term_string\"}],\"inLanguage\":\"pt-BR\"},{\"@type\":\"Person\",\"@id\":\"https:\/\/portalmf.com.br\/#\/schema\/person\/9ec101baf56233e53520c26de5d6f6f0\",\"name\":\"Reda\u00e7\u00e3o Portal MF\",\"image\":{\"@type\":\"ImageObject\",\"inLanguage\":\"pt-BR\",\"@id\":\"https:\/\/portalmf.com.br\/#\/schema\/person\/image\/\",\"url\":\"https:\/\/secure.gravatar.com\/avatar\/41b9aaeb2100835f7c64362330f74c7f?s=96&d=mm&r=g\",\"contentUrl\":\"https:\/\/secure.gravatar.com\/avatar\/41b9aaeb2100835f7c64362330f74c7f?s=96&d=mm&r=g\",\"caption\":\"Reda\u00e7\u00e3o Portal MF\"},\"description\":\"Sejam bem-vindos o portal de informa\u00e7\u00f5es de entretenimento de Feira de Santana, desde 2006 realiza coberturas dos principais eventos com entrevistas exclusivas com as principais personalidades mundiais. Fique conectado tamb\u00e9m nas redes sociais.\",\"sameAs\":[\"http:\/\/www.portalmf.com.br\/\",\"https:\/\/www.facebook.com\/portalmfoficial\",\"https:\/\/www.instagram.com\/portalmf\/\",\"https:\/\/x.com\/https:\/\/x.com\/portalmfoficial\",\"https:\/\/www.youtube.com\/@portalmfoficial\"],\"url\":\"https:\/\/portalmf.com.br\/index.php\/author\/junior\/\"}]}<\/script>\n<!-- \/ Yoast SEO plugin. -->","yoast_head_json":{"title":"Ricardo Machado tem contas aprovadas pelo TRE - Portal MF","robots":{"index":"index","follow":"follow","max-snippet":"max-snippet:-1","max-image-preview":"max-image-preview:large","max-video-preview":"max-video-preview:-1"},"canonical":"https:\/\/portalmf.com.br\/index.php\/2023\/12\/13\/ricardo-machado-tem-contas-aprovadas-pelo-tre\/","og_locale":"pt_BR","og_type":"article","og_title":"Ricardo Machado tem contas aprovadas pelo TRE - Portal MF","og_description":"O Pleno do Tribunal Regional Eleitoral acatou recurso dos advogados Emanuel Almeida e Ian Almeida e aprovou as contas de campanha do ex-prefeito de Santo Amaro, Ricardo Machado (PT). Ele foi candidato a deputado estadual em 2022, obtendo 40.888 votos. A aprova\u00e7\u00e3o das contas de Ricardo Machado levou em considera\u00e7\u00e3o os argumentos da defesa, expostos [&hellip;]","og_url":"https:\/\/portalmf.com.br\/index.php\/2023\/12\/13\/ricardo-machado-tem-contas-aprovadas-pelo-tre\/","og_site_name":"Portal MF","article_author":"https:\/\/www.facebook.com\/portalmfoficial","article_published_time":"2023-12-13T15:21:33+00:00","article_modified_time":"2023-12-14T15:24:22+00:00","og_image":[{"width":1080,"height":698,"url":"https:\/\/portalmf.com.br\/wp-content\/uploads\/2023\/12\/Ricardo-Machado-tem-contas-aprovadas-pelo-TRE.jpeg","type":"image\/jpeg"}],"author":"Reda\u00e7\u00e3o Portal MF","twitter_card":"summary_large_image","twitter_creator":"@https:\/\/x.com\/portalmfoficial","twitter_misc":{"Escrito por":"Reda\u00e7\u00e3o Portal MF","Est. tempo de leitura":"2 minutos"},"schema":{"@context":"https:\/\/schema.org","@graph":[{"@type":"WebPage","@id":"https:\/\/portalmf.com.br\/index.php\/2023\/12\/13\/ricardo-machado-tem-contas-aprovadas-pelo-tre\/","url":"https:\/\/portalmf.com.br\/index.php\/2023\/12\/13\/ricardo-machado-tem-contas-aprovadas-pelo-tre\/","name":"Ricardo Machado tem contas aprovadas pelo TRE - Portal MF","isPartOf":{"@id":"https:\/\/portalmf.com.br\/#website"},"primaryImageOfPage":{"@id":"https:\/\/portalmf.com.br\/index.php\/2023\/12\/13\/ricardo-machado-tem-contas-aprovadas-pelo-tre\/#primaryimage"},"image":{"@id":"https:\/\/portalmf.com.br\/index.php\/2023\/12\/13\/ricardo-machado-tem-contas-aprovadas-pelo-tre\/#primaryimage"},"thumbnailUrl":"https:\/\/portalmf.com.br\/wp-content\/uploads\/2023\/12\/Ricardo-Machado-tem-contas-aprovadas-pelo-TRE.jpeg","datePublished":"2023-12-13T15:21:33+00:00","dateModified":"2023-12-14T15:24:22+00:00","author":{"@id":"https:\/\/portalmf.com.br\/#\/schema\/person\/9ec101baf56233e53520c26de5d6f6f0"},"breadcrumb":{"@id":"https:\/\/portalmf.com.br\/index.php\/2023\/12\/13\/ricardo-machado-tem-contas-aprovadas-pelo-tre\/#breadcrumb"},"inLanguage":"pt-BR","potentialAction":[{"@type":"ReadAction","target":["https:\/\/portalmf.com.br\/index.php\/2023\/12\/13\/ricardo-machado-tem-contas-aprovadas-pelo-tre\/"]}]},{"@type":"ImageObject","inLanguage":"pt-BR","@id":"https:\/\/portalmf.com.br\/index.php\/2023\/12\/13\/ricardo-machado-tem-contas-aprovadas-pelo-tre\/#primaryimage","url":"https:\/\/portalmf.com.br\/wp-content\/uploads\/2023\/12\/Ricardo-Machado-tem-contas-aprovadas-pelo-TRE.jpeg","contentUrl":"https:\/\/portalmf.com.br\/wp-content\/uploads\/2023\/12\/Ricardo-Machado-tem-contas-aprovadas-pelo-TRE.jpeg","width":1080,"height":698},{"@type":"BreadcrumbList","@id":"https:\/\/portalmf.com.br\/index.php\/2023\/12\/13\/ricardo-machado-tem-contas-aprovadas-pelo-tre\/#breadcrumb","itemListElement":[{"@type":"ListItem","position":1,"name":"In\u00edcio","item":"https:\/\/portalmf.com.br\/"},{"@type":"ListItem","position":2,"name":"Ricardo Machado tem contas aprovadas pelo TRE"}]},{"@type":"WebSite","@id":"https:\/\/portalmf.com.br\/#website","url":"https:\/\/portalmf.com.br\/","name":"Portal MF","description":"Voc\u00ea conectado com a informa\u00e7\u00e3o","potentialAction":[{"@type":"SearchAction","target":{"@type":"EntryPoint","urlTemplate":"https:\/\/portalmf.com.br\/?s={search_term_string}"},"query-input":"required name=search_term_string"}],"inLanguage":"pt-BR"},{"@type":"Person","@id":"https:\/\/portalmf.com.br\/#\/schema\/person\/9ec101baf56233e53520c26de5d6f6f0","name":"Reda\u00e7\u00e3o Portal MF","image":{"@type":"ImageObject","inLanguage":"pt-BR","@id":"https:\/\/portalmf.com.br\/#\/schema\/person\/image\/","url":"https:\/\/secure.gravatar.com\/avatar\/41b9aaeb2100835f7c64362330f74c7f?s=96&d=mm&r=g","contentUrl":"https:\/\/secure.gravatar.com\/avatar\/41b9aaeb2100835f7c64362330f74c7f?s=96&d=mm&r=g","caption":"Reda\u00e7\u00e3o Portal MF"},"description":"Sejam bem-vindos o portal de informa\u00e7\u00f5es de entretenimento de Feira de Santana, desde 2006 realiza coberturas dos principais eventos com entrevistas exclusivas com as principais personalidades mundiais. Fique conectado tamb\u00e9m nas redes sociais.","sameAs":["http:\/\/www.portalmf.com.br\/","https:\/\/www.facebook.com\/portalmfoficial","https:\/\/www.instagram.com\/portalmf\/","https:\/\/x.com\/https:\/\/x.com\/portalmfoficial","https:\/\/www.youtube.com\/@portalmfoficial"],"url":"https:\/\/portalmf.com.br\/index.php\/author\/junior\/"}]}},"_links":{"self":[{"href":"https:\/\/portalmf.com.br\/index.php\/wp-json\/wp\/v2\/posts\/20917"}],"collection":[{"href":"https:\/\/portalmf.com.br\/index.php\/wp-json\/wp\/v2\/posts"}],"about":[{"href":"https:\/\/portalmf.com.br\/index.php\/wp-json\/wp\/v2\/types\/post"}],"author":[{"embeddable":true,"href":"https:\/\/portalmf.com.br\/index.php\/wp-json\/wp\/v2\/users\/3"}],"replies":[{"embeddable":true,"href":"https:\/\/portalmf.com.br\/index.php\/wp-json\/wp\/v2\/comments?post=20917"}],"version-history":[{"count":1,"href":"https:\/\/portalmf.com.br\/index.php\/wp-json\/wp\/v2\/posts\/20917\/revisions"}],"predecessor-version":[{"id":20919,"href":"https:\/\/portalmf.com.br\/index.php\/wp-json\/wp\/v2\/posts\/20917\/revisions\/20919"}],"wp:featuredmedia":[{"embeddable":true,"href":"https:\/\/portalmf.com.br\/index.php\/wp-json\/wp\/v2\/media\/20918"}],"wp:attachment":[{"href":"https:\/\/portalmf.com.br\/index.php\/wp-json\/wp\/v2\/media?parent=20917"}],"wp:term":[{"taxonomy":"category","embeddable":true,"href":"https:\/\/portalmf.com.br\/index.php\/wp-json\/wp\/v2\/categories?post=20917"},{"taxonomy":"post_tag","embeddable":true,"href":"https:\/\/portalmf.com.br\/index.php\/wp-json\/wp\/v2\/tags?post=20917"}],"curies":[{"name":"wp","href":"https:\/\/api.w.org\/{rel}","templated":true}]}}