{"id":20907,"date":"2023-12-14T11:57:02","date_gmt":"2023-12-14T14:57:02","guid":{"rendered":"https:\/\/portalmf.com.br\/?p=20907"},"modified":"2023-12-14T11:57:03","modified_gmt":"2023-12-14T14:57:03","slug":"fundacao-indigo-vai-lancar-escola-para-capacitacao-de-liderancas-politicas-em-2024","status":"publish","type":"post","link":"https:\/\/portalmf.com.br\/index.php\/2023\/12\/14\/fundacao-indigo-vai-lancar-escola-para-capacitacao-de-liderancas-politicas-em-2024\/","title":{"rendered":"Funda\u00e7\u00e3o \u00cdndigo vai lan\u00e7ar escola para capacita\u00e7\u00e3o de lideran\u00e7as pol\u00edticas em 2024"},"content":{"rendered":"\n<p>Secret\u00e1rio-geral do Uni\u00e3o Brasil e presidente da Funda\u00e7\u00e3o \u00cdndigo, ACM Neto apresentou para a bancada da sigla no Congresso Nacional, na tarde desta quarta-feira (13), o planejamento estrat\u00e9gico e os novos projetos a serem desenvolvidos pela institui\u00e7\u00e3o em 2024. Na reuni\u00e3o, Neto destacou a cria\u00e7\u00e3o da Escola de L\u00edderes para formar e capacitar agentes p\u00fablicos e lideran\u00e7as pol\u00edticas de todo o pa\u00eds.<\/p>\n\n\n\n<p>Para ACM Neto, o principal papel a ser exercido pela Funda\u00e7\u00e3o \u00cdndigo \u00e9 a prepara\u00e7\u00e3o de quadros capazes de melhorar a pol\u00edtica e a vida da popula\u00e7\u00e3o do nosso pa\u00eds. <em>\u201cFizemos um diagn\u00f3stico n\u00e3o s\u00f3 do posicionamento da Funda\u00e7\u00e3o, mas de todo o cen\u00e1rio externo, procuramos definir a miss\u00e3o, a vis\u00e3o e os valores e, em seguida, tra\u00e7amos as nossas perspectivas e definimos os nossos objetivos<\/em>\u201d, explicou. <\/p>\n\n\n\n<p><em>\u201cN\u00f3s chegamos \u00e0 conclus\u00e3o de que a nossa miss\u00e3o \u00e9 ser presen\u00e7a constante, tendo uma vis\u00e3o de futuro, contribuindo com o desenvolvimento do Brasil atrav\u00e9s de um debate construtivo e plural, da produ\u00e7\u00e3o de conhecimento impactante, da qualifica\u00e7\u00e3o dos agentes pol\u00edticos, da identifica\u00e7\u00e3o e forma\u00e7\u00e3o de jovens l\u00edderes tendo como base os princ\u00edpios democr\u00e1ticos\u201d, <\/em>acrescentou.<\/p>\n\n\n\n<p>Parlamentares que comp\u00f5em as bancadas do Uni\u00e3o Brasil na C\u00e2mara dos Deputados e no Senado Federal acompanharam a apresenta\u00e7\u00e3o. O l\u00edder do partido na C\u00e2mara, deputado Elmar Nascimento, parabenizou a constru\u00e7\u00e3o do planejamento e destacou que ACM Neto desempenha um papel de extrema import\u00e2ncia na constru\u00e7\u00e3o do futuro do Brasil.<\/p>\n\n\n\n<p><em>\u201cA Funda\u00e7\u00e3o n\u00e3o poderia estar sendo conduzida por uma pessoa melhor. Com a sua juventude, determina\u00e7\u00e3o, esp\u00edrito p\u00fablico e a experi\u00eancia acumulada como parlamentar e \u00e0 frente do Executivo, com muito sucesso, na Prefeitura de Salvador, eu tenho certeza que esse \u00e9 s\u00f3 o in\u00edcio de um grande projeto que ser\u00e1 desenvolvido por ACM Neto\u201d, <\/em>disse.<\/p>\n\n\n\n<figure class=\"wp-block-image size-large\"><img fetchpriority=\"high\" decoding=\"async\" width=\"1024\" height=\"682\" src=\"https:\/\/portalmf.com.br\/wp-content\/uploads\/2023\/12\/Fundacao-Indigo-vai-lancar-escola-para-capacitacao-de-liderancas-politicas-em-2024-1-1024x682.jpeg\" alt=\"\" class=\"wp-image-20908\" srcset=\"https:\/\/portalmf.com.br\/wp-content\/uploads\/2023\/12\/Fundacao-Indigo-vai-lancar-escola-para-capacitacao-de-liderancas-politicas-em-2024-1-1024x682.jpeg 1024w, https:\/\/portalmf.com.br\/wp-content\/uploads\/2023\/12\/Fundacao-Indigo-vai-lancar-escola-para-capacitacao-de-liderancas-politicas-em-2024-1-300x200.jpeg 300w, https:\/\/portalmf.com.br\/wp-content\/uploads\/2023\/12\/Fundacao-Indigo-vai-lancar-escola-para-capacitacao-de-liderancas-politicas-em-2024-1-768x512.jpeg 768w, https:\/\/portalmf.com.br\/wp-content\/uploads\/2023\/12\/Fundacao-Indigo-vai-lancar-escola-para-capacitacao-de-liderancas-politicas-em-2024-1-1536x1023.jpeg 1536w, https:\/\/portalmf.com.br\/wp-content\/uploads\/2023\/12\/Fundacao-Indigo-vai-lancar-escola-para-capacitacao-de-liderancas-politicas-em-2024-1-1170x780.jpeg 1170w, https:\/\/portalmf.com.br\/wp-content\/uploads\/2023\/12\/Fundacao-Indigo-vai-lancar-escola-para-capacitacao-de-liderancas-politicas-em-2024-1-585x390.jpeg 585w, https:\/\/portalmf.com.br\/wp-content\/uploads\/2023\/12\/Fundacao-Indigo-vai-lancar-escola-para-capacitacao-de-liderancas-politicas-em-2024-1-263x175.jpeg 263w, https:\/\/portalmf.com.br\/wp-content\/uploads\/2023\/12\/Fundacao-Indigo-vai-lancar-escola-para-capacitacao-de-liderancas-politicas-em-2024-1.jpeg 1600w\" sizes=\"(max-width: 1024px) 100vw, 1024px\" \/><\/figure>\n\n\n\n<p>O planejamento apresentado prev\u00ea a realiza\u00e7\u00e3o de 26 projetos entre 2024 e 2028. Em janeiro, ser\u00e1 apresentada a nova Escola de L\u00edderes da Funda\u00e7\u00e3o \u00cdndigo.<em> \u201cEstamos entrando em um novo momento da Funda\u00e7\u00e3o, e nos preparamos para fazer parte da constru\u00e7\u00e3o do pa\u00eds que tanto queremos para nossa popula\u00e7\u00e3o\u201d,<\/em> enfatizou ACM Neto.<\/p>\n\n\n\n<p>Al\u00e9m da Escola de L\u00edderes, Neto tamb\u00e9m adiantou que est\u00e3o previstas parcerias entre institui\u00e7\u00f5es internacionais, empresas privadas de ensino e pesquisa em todo o Brasil, e capacita\u00e7\u00e3o para pr\u00e9-candidatos que v\u00e3o concorrer \u00e0s elei\u00e7\u00f5es de 2024.<\/p>\n\n\n\n<p><em>\u201cVamos fazer parte do desenvolvimento integral do Brasil, inclusive considerando um compromisso com a sustentabilidade e com a vis\u00e3o de longo prazo de um pa\u00eds que precisa focar em pol\u00edticas p\u00fablicas que enxerguem as futuras gera\u00e7\u00f5es, a moderniza\u00e7\u00e3o do pa\u00eds<\/em>\u201d, finalizou o presidente da Funda\u00e7\u00e3o.<\/p>\n","protected":false},"excerpt":{"rendered":"<p>Secret\u00e1rio-geral do Uni\u00e3o Brasil e presidente da Funda\u00e7\u00e3o \u00cdndigo, ACM Neto apresentou para a bancada da sigla no Congresso Nacional, na tarde desta quarta-feira (13), o planejamento estrat\u00e9gico e os novos projetos a serem desenvolvidos pela institui\u00e7\u00e3o em 2024. Na reuni\u00e3o, Neto destacou a cria\u00e7\u00e3o da Escola de L\u00edderes para formar e capacitar agentes p\u00fablicos [&hellip;]<\/p>\n","protected":false},"author":3,"featured_media":20909,"comment_status":"open","ping_status":"open","sticky":false,"template":"","format":"standard","meta":{"_monsterinsights_skip_tracking":false,"_monsterinsights_sitenote_active":false,"_monsterinsights_sitenote_note":"","_monsterinsights_sitenote_category":0,"footnotes":""},"categories":[34],"tags":[],"yoast_head":"<!-- This site is optimized with the Yoast SEO plugin v22.9 - https:\/\/yoast.com\/wordpress\/plugins\/seo\/ -->\n<title>Funda\u00e7\u00e3o \u00cdndigo vai lan\u00e7ar escola para capacita\u00e7\u00e3o de lideran\u00e7as pol\u00edticas em 2024 - Portal MF<\/title>\n<meta name=\"robots\" content=\"index, follow, max-snippet:-1, max-image-preview:large, max-video-preview:-1\" \/>\n<link rel=\"canonical\" href=\"https:\/\/portalmf.com.br\/index.php\/2023\/12\/14\/fundacao-indigo-vai-lancar-escola-para-capacitacao-de-liderancas-politicas-em-2024\/\" \/>\n<meta property=\"og:locale\" content=\"pt_BR\" \/>\n<meta property=\"og:type\" content=\"article\" \/>\n<meta property=\"og:title\" content=\"Funda\u00e7\u00e3o \u00cdndigo vai lan\u00e7ar escola para capacita\u00e7\u00e3o de lideran\u00e7as pol\u00edticas em 2024 - Portal MF\" \/>\n<meta property=\"og:description\" content=\"Secret\u00e1rio-geral do Uni\u00e3o Brasil e presidente da Funda\u00e7\u00e3o \u00cdndigo, ACM Neto apresentou para a bancada da sigla no Congresso Nacional, na tarde desta quarta-feira (13), o planejamento estrat\u00e9gico e os novos projetos a serem desenvolvidos pela institui\u00e7\u00e3o em 2024. Na reuni\u00e3o, Neto destacou a cria\u00e7\u00e3o da Escola de L\u00edderes para formar e capacitar agentes p\u00fablicos [&hellip;]\" \/>\n<meta property=\"og:url\" content=\"https:\/\/portalmf.com.br\/index.php\/2023\/12\/14\/fundacao-indigo-vai-lancar-escola-para-capacitacao-de-liderancas-politicas-em-2024\/\" \/>\n<meta property=\"og:site_name\" content=\"Portal MF\" \/>\n<meta property=\"article:author\" content=\"https:\/\/www.facebook.com\/portalmfoficial\" \/>\n<meta property=\"article:published_time\" content=\"2023-12-14T14:57:02+00:00\" \/>\n<meta property=\"article:modified_time\" content=\"2023-12-14T14:57:03+00:00\" \/>\n<meta property=\"og:image\" content=\"https:\/\/portalmf.com.br\/wp-content\/uploads\/2023\/12\/Fundacao-Indigo-vai-lancar-escola-para-capacitacao-de-liderancas-politicas-em-2024-2.jpeg\" \/>\n\t<meta property=\"og:image:width\" content=\"1600\" \/>\n\t<meta property=\"og:image:height\" content=\"1066\" \/>\n\t<meta property=\"og:image:type\" content=\"image\/jpeg\" \/>\n<meta name=\"author\" content=\"Reda\u00e7\u00e3o Portal MF\" \/>\n<meta name=\"twitter:card\" content=\"summary_large_image\" \/>\n<meta name=\"twitter:creator\" content=\"@https:\/\/x.com\/portalmfoficial\" \/>\n<meta name=\"twitter:label1\" content=\"Escrito por\" \/>\n\t<meta name=\"twitter:data1\" content=\"Reda\u00e7\u00e3o Portal MF\" \/>\n\t<meta name=\"twitter:label2\" content=\"Est. tempo de leitura\" \/>\n\t<meta name=\"twitter:data2\" content=\"3 minutos\" \/>\n<script type=\"application\/ld+json\" class=\"yoast-schema-graph\">{\"@context\":\"https:\/\/schema.org\",\"@graph\":[{\"@type\":\"WebPage\",\"@id\":\"https:\/\/portalmf.com.br\/index.php\/2023\/12\/14\/fundacao-indigo-vai-lancar-escola-para-capacitacao-de-liderancas-politicas-em-2024\/\",\"url\":\"https:\/\/portalmf.com.br\/index.php\/2023\/12\/14\/fundacao-indigo-vai-lancar-escola-para-capacitacao-de-liderancas-politicas-em-2024\/\",\"name\":\"Funda\u00e7\u00e3o \u00cdndigo vai lan\u00e7ar escola para capacita\u00e7\u00e3o de lideran\u00e7as pol\u00edticas em 2024 - Portal MF\",\"isPartOf\":{\"@id\":\"https:\/\/portalmf.com.br\/#website\"},\"primaryImageOfPage\":{\"@id\":\"https:\/\/portalmf.com.br\/index.php\/2023\/12\/14\/fundacao-indigo-vai-lancar-escola-para-capacitacao-de-liderancas-politicas-em-2024\/#primaryimage\"},\"image\":{\"@id\":\"https:\/\/portalmf.com.br\/index.php\/2023\/12\/14\/fundacao-indigo-vai-lancar-escola-para-capacitacao-de-liderancas-politicas-em-2024\/#primaryimage\"},\"thumbnailUrl\":\"https:\/\/portalmf.com.br\/wp-content\/uploads\/2023\/12\/Fundacao-Indigo-vai-lancar-escola-para-capacitacao-de-liderancas-politicas-em-2024-2.jpeg\",\"datePublished\":\"2023-12-14T14:57:02+00:00\",\"dateModified\":\"2023-12-14T14:57:03+00:00\",\"author\":{\"@id\":\"https:\/\/portalmf.com.br\/#\/schema\/person\/9ec101baf56233e53520c26de5d6f6f0\"},\"breadcrumb\":{\"@id\":\"https:\/\/portalmf.com.br\/index.php\/2023\/12\/14\/fundacao-indigo-vai-lancar-escola-para-capacitacao-de-liderancas-politicas-em-2024\/#breadcrumb\"},\"inLanguage\":\"pt-BR\",\"potentialAction\":[{\"@type\":\"ReadAction\",\"target\":[\"https:\/\/portalmf.com.br\/index.php\/2023\/12\/14\/fundacao-indigo-vai-lancar-escola-para-capacitacao-de-liderancas-politicas-em-2024\/\"]}]},{\"@type\":\"ImageObject\",\"inLanguage\":\"pt-BR\",\"@id\":\"https:\/\/portalmf.com.br\/index.php\/2023\/12\/14\/fundacao-indigo-vai-lancar-escola-para-capacitacao-de-liderancas-politicas-em-2024\/#primaryimage\",\"url\":\"https:\/\/portalmf.com.br\/wp-content\/uploads\/2023\/12\/Fundacao-Indigo-vai-lancar-escola-para-capacitacao-de-liderancas-politicas-em-2024-2.jpeg\",\"contentUrl\":\"https:\/\/portalmf.com.br\/wp-content\/uploads\/2023\/12\/Fundacao-Indigo-vai-lancar-escola-para-capacitacao-de-liderancas-politicas-em-2024-2.jpeg\",\"width\":1600,\"height\":1066},{\"@type\":\"BreadcrumbList\",\"@id\":\"https:\/\/portalmf.com.br\/index.php\/2023\/12\/14\/fundacao-indigo-vai-lancar-escola-para-capacitacao-de-liderancas-politicas-em-2024\/#breadcrumb\",\"itemListElement\":[{\"@type\":\"ListItem\",\"position\":1,\"name\":\"In\u00edcio\",\"item\":\"https:\/\/portalmf.com.br\/\"},{\"@type\":\"ListItem\",\"position\":2,\"name\":\"Funda\u00e7\u00e3o \u00cdndigo vai lan\u00e7ar escola para capacita\u00e7\u00e3o de lideran\u00e7as pol\u00edticas em 2024\"}]},{\"@type\":\"WebSite\",\"@id\":\"https:\/\/portalmf.com.br\/#website\",\"url\":\"https:\/\/portalmf.com.br\/\",\"name\":\"Portal MF\",\"description\":\"Voc\u00ea conectado com a informa\u00e7\u00e3o\",\"potentialAction\":[{\"@type\":\"SearchAction\",\"target\":{\"@type\":\"EntryPoint\",\"urlTemplate\":\"https:\/\/portalmf.com.br\/?s={search_term_string}\"},\"query-input\":\"required name=search_term_string\"}],\"inLanguage\":\"pt-BR\"},{\"@type\":\"Person\",\"@id\":\"https:\/\/portalmf.com.br\/#\/schema\/person\/9ec101baf56233e53520c26de5d6f6f0\",\"name\":\"Reda\u00e7\u00e3o Portal MF\",\"image\":{\"@type\":\"ImageObject\",\"inLanguage\":\"pt-BR\",\"@id\":\"https:\/\/portalmf.com.br\/#\/schema\/person\/image\/\",\"url\":\"https:\/\/secure.gravatar.com\/avatar\/41b9aaeb2100835f7c64362330f74c7f?s=96&d=mm&r=g\",\"contentUrl\":\"https:\/\/secure.gravatar.com\/avatar\/41b9aaeb2100835f7c64362330f74c7f?s=96&d=mm&r=g\",\"caption\":\"Reda\u00e7\u00e3o Portal MF\"},\"description\":\"Sejam bem-vindos o portal de informa\u00e7\u00f5es de entretenimento de Feira de Santana, desde 2006 realiza coberturas dos principais eventos com entrevistas exclusivas com as principais personalidades mundiais. Fique conectado tamb\u00e9m nas redes sociais.\",\"sameAs\":[\"http:\/\/www.portalmf.com.br\/\",\"https:\/\/www.facebook.com\/portalmfoficial\",\"https:\/\/www.instagram.com\/portalmf\/\",\"https:\/\/x.com\/https:\/\/x.com\/portalmfoficial\",\"https:\/\/www.youtube.com\/@portalmfoficial\"],\"url\":\"https:\/\/portalmf.com.br\/index.php\/author\/junior\/\"}]}<\/script>\n<!-- \/ Yoast SEO plugin. -->","yoast_head_json":{"title":"Funda\u00e7\u00e3o \u00cdndigo vai lan\u00e7ar escola para capacita\u00e7\u00e3o de lideran\u00e7as pol\u00edticas em 2024 - Portal MF","robots":{"index":"index","follow":"follow","max-snippet":"max-snippet:-1","max-image-preview":"max-image-preview:large","max-video-preview":"max-video-preview:-1"},"canonical":"https:\/\/portalmf.com.br\/index.php\/2023\/12\/14\/fundacao-indigo-vai-lancar-escola-para-capacitacao-de-liderancas-politicas-em-2024\/","og_locale":"pt_BR","og_type":"article","og_title":"Funda\u00e7\u00e3o \u00cdndigo vai lan\u00e7ar escola para capacita\u00e7\u00e3o de lideran\u00e7as pol\u00edticas em 2024 - Portal MF","og_description":"Secret\u00e1rio-geral do Uni\u00e3o Brasil e presidente da Funda\u00e7\u00e3o \u00cdndigo, ACM Neto apresentou para a bancada da sigla no Congresso Nacional, na tarde desta quarta-feira (13), o planejamento estrat\u00e9gico e os novos projetos a serem desenvolvidos pela institui\u00e7\u00e3o em 2024. Na reuni\u00e3o, Neto destacou a cria\u00e7\u00e3o da Escola de L\u00edderes para formar e capacitar agentes p\u00fablicos [&hellip;]","og_url":"https:\/\/portalmf.com.br\/index.php\/2023\/12\/14\/fundacao-indigo-vai-lancar-escola-para-capacitacao-de-liderancas-politicas-em-2024\/","og_site_name":"Portal MF","article_author":"https:\/\/www.facebook.com\/portalmfoficial","article_published_time":"2023-12-14T14:57:02+00:00","article_modified_time":"2023-12-14T14:57:03+00:00","og_image":[{"width":1600,"height":1066,"url":"https:\/\/portalmf.com.br\/wp-content\/uploads\/2023\/12\/Fundacao-Indigo-vai-lancar-escola-para-capacitacao-de-liderancas-politicas-em-2024-2.jpeg","type":"image\/jpeg"}],"author":"Reda\u00e7\u00e3o Portal MF","twitter_card":"summary_large_image","twitter_creator":"@https:\/\/x.com\/portalmfoficial","twitter_misc":{"Escrito por":"Reda\u00e7\u00e3o Portal MF","Est. tempo de leitura":"3 minutos"},"schema":{"@context":"https:\/\/schema.org","@graph":[{"@type":"WebPage","@id":"https:\/\/portalmf.com.br\/index.php\/2023\/12\/14\/fundacao-indigo-vai-lancar-escola-para-capacitacao-de-liderancas-politicas-em-2024\/","url":"https:\/\/portalmf.com.br\/index.php\/2023\/12\/14\/fundacao-indigo-vai-lancar-escola-para-capacitacao-de-liderancas-politicas-em-2024\/","name":"Funda\u00e7\u00e3o \u00cdndigo vai lan\u00e7ar escola para capacita\u00e7\u00e3o de lideran\u00e7as pol\u00edticas em 2024 - Portal MF","isPartOf":{"@id":"https:\/\/portalmf.com.br\/#website"},"primaryImageOfPage":{"@id":"https:\/\/portalmf.com.br\/index.php\/2023\/12\/14\/fundacao-indigo-vai-lancar-escola-para-capacitacao-de-liderancas-politicas-em-2024\/#primaryimage"},"image":{"@id":"https:\/\/portalmf.com.br\/index.php\/2023\/12\/14\/fundacao-indigo-vai-lancar-escola-para-capacitacao-de-liderancas-politicas-em-2024\/#primaryimage"},"thumbnailUrl":"https:\/\/portalmf.com.br\/wp-content\/uploads\/2023\/12\/Fundacao-Indigo-vai-lancar-escola-para-capacitacao-de-liderancas-politicas-em-2024-2.jpeg","datePublished":"2023-12-14T14:57:02+00:00","dateModified":"2023-12-14T14:57:03+00:00","author":{"@id":"https:\/\/portalmf.com.br\/#\/schema\/person\/9ec101baf56233e53520c26de5d6f6f0"},"breadcrumb":{"@id":"https:\/\/portalmf.com.br\/index.php\/2023\/12\/14\/fundacao-indigo-vai-lancar-escola-para-capacitacao-de-liderancas-politicas-em-2024\/#breadcrumb"},"inLanguage":"pt-BR","potentialAction":[{"@type":"ReadAction","target":["https:\/\/portalmf.com.br\/index.php\/2023\/12\/14\/fundacao-indigo-vai-lancar-escola-para-capacitacao-de-liderancas-politicas-em-2024\/"]}]},{"@type":"ImageObject","inLanguage":"pt-BR","@id":"https:\/\/portalmf.com.br\/index.php\/2023\/12\/14\/fundacao-indigo-vai-lancar-escola-para-capacitacao-de-liderancas-politicas-em-2024\/#primaryimage","url":"https:\/\/portalmf.com.br\/wp-content\/uploads\/2023\/12\/Fundacao-Indigo-vai-lancar-escola-para-capacitacao-de-liderancas-politicas-em-2024-2.jpeg","contentUrl":"https:\/\/portalmf.com.br\/wp-content\/uploads\/2023\/12\/Fundacao-Indigo-vai-lancar-escola-para-capacitacao-de-liderancas-politicas-em-2024-2.jpeg","width":1600,"height":1066},{"@type":"BreadcrumbList","@id":"https:\/\/portalmf.com.br\/index.php\/2023\/12\/14\/fundacao-indigo-vai-lancar-escola-para-capacitacao-de-liderancas-politicas-em-2024\/#breadcrumb","itemListElement":[{"@type":"ListItem","position":1,"name":"In\u00edcio","item":"https:\/\/portalmf.com.br\/"},{"@type":"ListItem","position":2,"name":"Funda\u00e7\u00e3o \u00cdndigo vai lan\u00e7ar escola para capacita\u00e7\u00e3o de lideran\u00e7as pol\u00edticas em 2024"}]},{"@type":"WebSite","@id":"https:\/\/portalmf.com.br\/#website","url":"https:\/\/portalmf.com.br\/","name":"Portal MF","description":"Voc\u00ea conectado com a informa\u00e7\u00e3o","potentialAction":[{"@type":"SearchAction","target":{"@type":"EntryPoint","urlTemplate":"https:\/\/portalmf.com.br\/?s={search_term_string}"},"query-input":"required name=search_term_string"}],"inLanguage":"pt-BR"},{"@type":"Person","@id":"https:\/\/portalmf.com.br\/#\/schema\/person\/9ec101baf56233e53520c26de5d6f6f0","name":"Reda\u00e7\u00e3o Portal MF","image":{"@type":"ImageObject","inLanguage":"pt-BR","@id":"https:\/\/portalmf.com.br\/#\/schema\/person\/image\/","url":"https:\/\/secure.gravatar.com\/avatar\/41b9aaeb2100835f7c64362330f74c7f?s=96&d=mm&r=g","contentUrl":"https:\/\/secure.gravatar.com\/avatar\/41b9aaeb2100835f7c64362330f74c7f?s=96&d=mm&r=g","caption":"Reda\u00e7\u00e3o Portal MF"},"description":"Sejam bem-vindos o portal de informa\u00e7\u00f5es de entretenimento de Feira de Santana, desde 2006 realiza coberturas dos principais eventos com entrevistas exclusivas com as principais personalidades mundiais. Fique conectado tamb\u00e9m nas redes sociais.","sameAs":["http:\/\/www.portalmf.com.br\/","https:\/\/www.facebook.com\/portalmfoficial","https:\/\/www.instagram.com\/portalmf\/","https:\/\/x.com\/https:\/\/x.com\/portalmfoficial","https:\/\/www.youtube.com\/@portalmfoficial"],"url":"https:\/\/portalmf.com.br\/index.php\/author\/junior\/"}]}},"_links":{"self":[{"href":"https:\/\/portalmf.com.br\/index.php\/wp-json\/wp\/v2\/posts\/20907"}],"collection":[{"href":"https:\/\/portalmf.com.br\/index.php\/wp-json\/wp\/v2\/posts"}],"about":[{"href":"https:\/\/portalmf.com.br\/index.php\/wp-json\/wp\/v2\/types\/post"}],"author":[{"embeddable":true,"href":"https:\/\/portalmf.com.br\/index.php\/wp-json\/wp\/v2\/users\/3"}],"replies":[{"embeddable":true,"href":"https:\/\/portalmf.com.br\/index.php\/wp-json\/wp\/v2\/comments?post=20907"}],"version-history":[{"count":1,"href":"https:\/\/portalmf.com.br\/index.php\/wp-json\/wp\/v2\/posts\/20907\/revisions"}],"predecessor-version":[{"id":20910,"href":"https:\/\/portalmf.com.br\/index.php\/wp-json\/wp\/v2\/posts\/20907\/revisions\/20910"}],"wp:featuredmedia":[{"embeddable":true,"href":"https:\/\/portalmf.com.br\/index.php\/wp-json\/wp\/v2\/media\/20909"}],"wp:attachment":[{"href":"https:\/\/portalmf.com.br\/index.php\/wp-json\/wp\/v2\/media?parent=20907"}],"wp:term":[{"taxonomy":"category","embeddable":true,"href":"https:\/\/portalmf.com.br\/index.php\/wp-json\/wp\/v2\/categories?post=20907"},{"taxonomy":"post_tag","embeddable":true,"href":"https:\/\/portalmf.com.br\/index.php\/wp-json\/wp\/v2\/tags?post=20907"}],"curies":[{"name":"wp","href":"https:\/\/api.w.org\/{rel}","templated":true}]}}