{"id":20900,"date":"2023-12-14T11:36:20","date_gmt":"2023-12-14T14:36:20","guid":{"rendered":"https:\/\/portalmf.com.br\/?p=20900"},"modified":"2023-12-14T11:36:21","modified_gmt":"2023-12-14T14:36:21","slug":"jose-de-arimateia-esta-entre-os-deputados-mais-assiduos-da-assembleia","status":"publish","type":"post","link":"https:\/\/portalmf.com.br\/index.php\/2023\/12\/14\/jose-de-arimateia-esta-entre-os-deputados-mais-assiduos-da-assembleia\/","title":{"rendered":"Jos\u00e9 de Arimateia est\u00e1 entre os deputados mais ass\u00edduos da Assembleia"},"content":{"rendered":"\n<p>Com participa\u00e7\u00e3o quase que total nas sess\u00f5es da Assembleia Legislativa (ALBA), o deputado Jos\u00e9 de Arimateia (Republicanos) se destacou, mais uma vez, no 1\u00ba ano do seu 5\u00ba mandato. Os dados s\u00e3o do levamento do site BNews, atrav\u00e9s dos dados disponibilizados pelo Portal da Transpar\u00eancia da Casa, publicado nesta quarta-feira (13). Dos 63 parlamentares estaduais, o legislador \u00e9 o 7\u00ba mais ass\u00edduo nas sess\u00f5es deliberativas, que ocorrem de segunda \u00e0 quarta-feira.<\/p>\n\n\n\n<p><em>&#8220;\u00c9 a nossa obriga\u00e7\u00e3o, enquanto eleitos pelo voto popular, n\u00e3o somente marcar presen\u00e7a nas reuni\u00f5es obrigat\u00f3rias, mas participar ativamente das discuss\u00f5es e pleitos dos baianos, seja no plen\u00e1rio ou nas atividades decorrentes do mandato.&#8221;<\/em><\/p>\n\n\n\n<p>A sess\u00e3o plen\u00e1ria re\u00fane deputados representantes do povo baiano, sendo a inst\u00e2ncia m\u00e1xima de discuss\u00e3o e delibera\u00e7\u00e3o do Poder Legislativo sobre a vota\u00e7\u00e3o de projetos, a fiscaliza\u00e7\u00e3o dos atos do governo e ainda sobre as manifesta\u00e7\u00f5es das diversas opini\u00f5es e posi\u00e7\u00f5es partid\u00e1rias e da sociedade.<\/p>\n\n\n\n<p><em>&#8220;\u00c9 com grande responsabilidade que desde o meu primeiro mandato, assumi o compromisso de representar os interesses da popula\u00e7\u00e3o, e uma das formas mais efetivas de fazer isso \u00e9 dando qu\u00f3rum diariamente. Acredito que a assiduidade \u00e9 um indicativo claro de representa\u00e7\u00e3o, propondo leis, projetos e pol\u00edticas que promovam o desenvolvimento. Mais que um privil\u00e9gio, um dever social&#8221;,<\/em> completa.<\/p>\n\n\n\n<p><strong>Arimateia | <\/strong>Em seu 5\u00ba mandato na ALBA, Jos\u00e9 de Arimateia \u00e9 presidente da Frente Parlamentar em Defesa do Bem-Estar Animal &amp; Seguran\u00e7a Ambiental; presidente da Frente Parlamentar em Defesa dos Direitos da Pessoa Idosa; vice-presidente da Comiss\u00e3o de Sa\u00fade &amp; Saneamento; e membro da Comiss\u00e3o de Meio-Ambiente &amp; Recursos H\u00eddricos. Vereador por duas vezes em Feira de Santana, ele concorreu \u00e0 Prefeitura Municipal em 2024, ficando em 3\u00ba lugar.<\/p>\n","protected":false},"excerpt":{"rendered":"<p>Com participa\u00e7\u00e3o quase que total nas sess\u00f5es da Assembleia Legislativa (ALBA), o deputado Jos\u00e9 de Arimateia (Republicanos) se destacou, mais uma vez, no 1\u00ba ano do seu 5\u00ba mandato. Os dados s\u00e3o do levamento do site BNews, atrav\u00e9s dos dados disponibilizados pelo Portal da Transpar\u00eancia da Casa, publicado nesta quarta-feira (13). Dos 63 parlamentares estaduais, [&hellip;]<\/p>\n","protected":false},"author":3,"featured_media":8906,"comment_status":"open","ping_status":"open","sticky":false,"template":"","format":"standard","meta":{"_monsterinsights_skip_tracking":false,"_monsterinsights_sitenote_active":false,"_monsterinsights_sitenote_note":"","_monsterinsights_sitenote_category":0,"footnotes":""},"categories":[34],"tags":[],"yoast_head":"<!-- This site is optimized with the Yoast SEO plugin v22.9 - https:\/\/yoast.com\/wordpress\/plugins\/seo\/ -->\n<title>Jos\u00e9 de Arimateia est\u00e1 entre os deputados mais ass\u00edduos da Assembleia - Portal MF<\/title>\n<meta name=\"robots\" content=\"index, follow, max-snippet:-1, max-image-preview:large, max-video-preview:-1\" \/>\n<link rel=\"canonical\" href=\"https:\/\/portalmf.com.br\/index.php\/2023\/12\/14\/jose-de-arimateia-esta-entre-os-deputados-mais-assiduos-da-assembleia\/\" \/>\n<meta property=\"og:locale\" content=\"pt_BR\" \/>\n<meta property=\"og:type\" content=\"article\" \/>\n<meta property=\"og:title\" content=\"Jos\u00e9 de Arimateia est\u00e1 entre os deputados mais ass\u00edduos da Assembleia - Portal MF\" \/>\n<meta property=\"og:description\" content=\"Com participa\u00e7\u00e3o quase que total nas sess\u00f5es da Assembleia Legislativa (ALBA), o deputado Jos\u00e9 de Arimateia (Republicanos) se destacou, mais uma vez, no 1\u00ba ano do seu 5\u00ba mandato. Os dados s\u00e3o do levamento do site BNews, atrav\u00e9s dos dados disponibilizados pelo Portal da Transpar\u00eancia da Casa, publicado nesta quarta-feira (13). Dos 63 parlamentares estaduais, [&hellip;]\" \/>\n<meta property=\"og:url\" content=\"https:\/\/portalmf.com.br\/index.php\/2023\/12\/14\/jose-de-arimateia-esta-entre-os-deputados-mais-assiduos-da-assembleia\/\" \/>\n<meta property=\"og:site_name\" content=\"Portal MF\" \/>\n<meta property=\"article:author\" content=\"https:\/\/www.facebook.com\/portalmfoficial\" \/>\n<meta property=\"article:published_time\" content=\"2023-12-14T14:36:20+00:00\" \/>\n<meta property=\"article:modified_time\" content=\"2023-12-14T14:36:21+00:00\" \/>\n<meta property=\"og:image\" content=\"https:\/\/portalmf.com.br\/wp-content\/uploads\/2023\/02\/Jose-de-Arimateia.jpg\" \/>\n\t<meta property=\"og:image:width\" content=\"683\" \/>\n\t<meta property=\"og:image:height\" content=\"482\" \/>\n\t<meta property=\"og:image:type\" content=\"image\/jpeg\" \/>\n<meta name=\"author\" content=\"Reda\u00e7\u00e3o Portal MF\" \/>\n<meta name=\"twitter:card\" content=\"summary_large_image\" \/>\n<meta name=\"twitter:creator\" content=\"@https:\/\/x.com\/portalmfoficial\" \/>\n<meta name=\"twitter:label1\" content=\"Escrito por\" \/>\n\t<meta name=\"twitter:data1\" content=\"Reda\u00e7\u00e3o Portal MF\" \/>\n\t<meta name=\"twitter:label2\" content=\"Est. tempo de leitura\" \/>\n\t<meta name=\"twitter:data2\" content=\"2 minutos\" \/>\n<script type=\"application\/ld+json\" class=\"yoast-schema-graph\">{\"@context\":\"https:\/\/schema.org\",\"@graph\":[{\"@type\":\"WebPage\",\"@id\":\"https:\/\/portalmf.com.br\/index.php\/2023\/12\/14\/jose-de-arimateia-esta-entre-os-deputados-mais-assiduos-da-assembleia\/\",\"url\":\"https:\/\/portalmf.com.br\/index.php\/2023\/12\/14\/jose-de-arimateia-esta-entre-os-deputados-mais-assiduos-da-assembleia\/\",\"name\":\"Jos\u00e9 de Arimateia est\u00e1 entre os deputados mais ass\u00edduos da Assembleia - Portal MF\",\"isPartOf\":{\"@id\":\"https:\/\/portalmf.com.br\/#website\"},\"primaryImageOfPage\":{\"@id\":\"https:\/\/portalmf.com.br\/index.php\/2023\/12\/14\/jose-de-arimateia-esta-entre-os-deputados-mais-assiduos-da-assembleia\/#primaryimage\"},\"image\":{\"@id\":\"https:\/\/portalmf.com.br\/index.php\/2023\/12\/14\/jose-de-arimateia-esta-entre-os-deputados-mais-assiduos-da-assembleia\/#primaryimage\"},\"thumbnailUrl\":\"https:\/\/portalmf.com.br\/wp-content\/uploads\/2023\/02\/Jose-de-Arimateia.jpg\",\"datePublished\":\"2023-12-14T14:36:20+00:00\",\"dateModified\":\"2023-12-14T14:36:21+00:00\",\"author\":{\"@id\":\"https:\/\/portalmf.com.br\/#\/schema\/person\/9ec101baf56233e53520c26de5d6f6f0\"},\"breadcrumb\":{\"@id\":\"https:\/\/portalmf.com.br\/index.php\/2023\/12\/14\/jose-de-arimateia-esta-entre-os-deputados-mais-assiduos-da-assembleia\/#breadcrumb\"},\"inLanguage\":\"pt-BR\",\"potentialAction\":[{\"@type\":\"ReadAction\",\"target\":[\"https:\/\/portalmf.com.br\/index.php\/2023\/12\/14\/jose-de-arimateia-esta-entre-os-deputados-mais-assiduos-da-assembleia\/\"]}]},{\"@type\":\"ImageObject\",\"inLanguage\":\"pt-BR\",\"@id\":\"https:\/\/portalmf.com.br\/index.php\/2023\/12\/14\/jose-de-arimateia-esta-entre-os-deputados-mais-assiduos-da-assembleia\/#primaryimage\",\"url\":\"https:\/\/portalmf.com.br\/wp-content\/uploads\/2023\/02\/Jose-de-Arimateia.jpg\",\"contentUrl\":\"https:\/\/portalmf.com.br\/wp-content\/uploads\/2023\/02\/Jose-de-Arimateia.jpg\",\"width\":683,\"height\":482},{\"@type\":\"BreadcrumbList\",\"@id\":\"https:\/\/portalmf.com.br\/index.php\/2023\/12\/14\/jose-de-arimateia-esta-entre-os-deputados-mais-assiduos-da-assembleia\/#breadcrumb\",\"itemListElement\":[{\"@type\":\"ListItem\",\"position\":1,\"name\":\"In\u00edcio\",\"item\":\"https:\/\/portalmf.com.br\/\"},{\"@type\":\"ListItem\",\"position\":2,\"name\":\"Jos\u00e9 de Arimateia est\u00e1 entre os deputados mais ass\u00edduos da Assembleia\"}]},{\"@type\":\"WebSite\",\"@id\":\"https:\/\/portalmf.com.br\/#website\",\"url\":\"https:\/\/portalmf.com.br\/\",\"name\":\"Portal MF\",\"description\":\"Voc\u00ea conectado com a informa\u00e7\u00e3o\",\"potentialAction\":[{\"@type\":\"SearchAction\",\"target\":{\"@type\":\"EntryPoint\",\"urlTemplate\":\"https:\/\/portalmf.com.br\/?s={search_term_string}\"},\"query-input\":\"required name=search_term_string\"}],\"inLanguage\":\"pt-BR\"},{\"@type\":\"Person\",\"@id\":\"https:\/\/portalmf.com.br\/#\/schema\/person\/9ec101baf56233e53520c26de5d6f6f0\",\"name\":\"Reda\u00e7\u00e3o Portal MF\",\"image\":{\"@type\":\"ImageObject\",\"inLanguage\":\"pt-BR\",\"@id\":\"https:\/\/portalmf.com.br\/#\/schema\/person\/image\/\",\"url\":\"https:\/\/secure.gravatar.com\/avatar\/41b9aaeb2100835f7c64362330f74c7f?s=96&d=mm&r=g\",\"contentUrl\":\"https:\/\/secure.gravatar.com\/avatar\/41b9aaeb2100835f7c64362330f74c7f?s=96&d=mm&r=g\",\"caption\":\"Reda\u00e7\u00e3o Portal MF\"},\"description\":\"Sejam bem-vindos o portal de informa\u00e7\u00f5es de entretenimento de Feira de Santana, desde 2006 realiza coberturas dos principais eventos com entrevistas exclusivas com as principais personalidades mundiais. Fique conectado tamb\u00e9m nas redes sociais.\",\"sameAs\":[\"http:\/\/www.portalmf.com.br\/\",\"https:\/\/www.facebook.com\/portalmfoficial\",\"https:\/\/www.instagram.com\/portalmf\/\",\"https:\/\/x.com\/https:\/\/x.com\/portalmfoficial\",\"https:\/\/www.youtube.com\/@portalmfoficial\"],\"url\":\"https:\/\/portalmf.com.br\/index.php\/author\/junior\/\"}]}<\/script>\n<!-- \/ Yoast SEO plugin. -->","yoast_head_json":{"title":"Jos\u00e9 de Arimateia est\u00e1 entre os deputados mais ass\u00edduos da Assembleia - Portal MF","robots":{"index":"index","follow":"follow","max-snippet":"max-snippet:-1","max-image-preview":"max-image-preview:large","max-video-preview":"max-video-preview:-1"},"canonical":"https:\/\/portalmf.com.br\/index.php\/2023\/12\/14\/jose-de-arimateia-esta-entre-os-deputados-mais-assiduos-da-assembleia\/","og_locale":"pt_BR","og_type":"article","og_title":"Jos\u00e9 de Arimateia est\u00e1 entre os deputados mais ass\u00edduos da Assembleia - Portal MF","og_description":"Com participa\u00e7\u00e3o quase que total nas sess\u00f5es da Assembleia Legislativa (ALBA), o deputado Jos\u00e9 de Arimateia (Republicanos) se destacou, mais uma vez, no 1\u00ba ano do seu 5\u00ba mandato. Os dados s\u00e3o do levamento do site BNews, atrav\u00e9s dos dados disponibilizados pelo Portal da Transpar\u00eancia da Casa, publicado nesta quarta-feira (13). Dos 63 parlamentares estaduais, [&hellip;]","og_url":"https:\/\/portalmf.com.br\/index.php\/2023\/12\/14\/jose-de-arimateia-esta-entre-os-deputados-mais-assiduos-da-assembleia\/","og_site_name":"Portal MF","article_author":"https:\/\/www.facebook.com\/portalmfoficial","article_published_time":"2023-12-14T14:36:20+00:00","article_modified_time":"2023-12-14T14:36:21+00:00","og_image":[{"width":683,"height":482,"url":"https:\/\/portalmf.com.br\/wp-content\/uploads\/2023\/02\/Jose-de-Arimateia.jpg","type":"image\/jpeg"}],"author":"Reda\u00e7\u00e3o Portal MF","twitter_card":"summary_large_image","twitter_creator":"@https:\/\/x.com\/portalmfoficial","twitter_misc":{"Escrito por":"Reda\u00e7\u00e3o Portal MF","Est. tempo de leitura":"2 minutos"},"schema":{"@context":"https:\/\/schema.org","@graph":[{"@type":"WebPage","@id":"https:\/\/portalmf.com.br\/index.php\/2023\/12\/14\/jose-de-arimateia-esta-entre-os-deputados-mais-assiduos-da-assembleia\/","url":"https:\/\/portalmf.com.br\/index.php\/2023\/12\/14\/jose-de-arimateia-esta-entre-os-deputados-mais-assiduos-da-assembleia\/","name":"Jos\u00e9 de Arimateia est\u00e1 entre os deputados mais ass\u00edduos da Assembleia - Portal MF","isPartOf":{"@id":"https:\/\/portalmf.com.br\/#website"},"primaryImageOfPage":{"@id":"https:\/\/portalmf.com.br\/index.php\/2023\/12\/14\/jose-de-arimateia-esta-entre-os-deputados-mais-assiduos-da-assembleia\/#primaryimage"},"image":{"@id":"https:\/\/portalmf.com.br\/index.php\/2023\/12\/14\/jose-de-arimateia-esta-entre-os-deputados-mais-assiduos-da-assembleia\/#primaryimage"},"thumbnailUrl":"https:\/\/portalmf.com.br\/wp-content\/uploads\/2023\/02\/Jose-de-Arimateia.jpg","datePublished":"2023-12-14T14:36:20+00:00","dateModified":"2023-12-14T14:36:21+00:00","author":{"@id":"https:\/\/portalmf.com.br\/#\/schema\/person\/9ec101baf56233e53520c26de5d6f6f0"},"breadcrumb":{"@id":"https:\/\/portalmf.com.br\/index.php\/2023\/12\/14\/jose-de-arimateia-esta-entre-os-deputados-mais-assiduos-da-assembleia\/#breadcrumb"},"inLanguage":"pt-BR","potentialAction":[{"@type":"ReadAction","target":["https:\/\/portalmf.com.br\/index.php\/2023\/12\/14\/jose-de-arimateia-esta-entre-os-deputados-mais-assiduos-da-assembleia\/"]}]},{"@type":"ImageObject","inLanguage":"pt-BR","@id":"https:\/\/portalmf.com.br\/index.php\/2023\/12\/14\/jose-de-arimateia-esta-entre-os-deputados-mais-assiduos-da-assembleia\/#primaryimage","url":"https:\/\/portalmf.com.br\/wp-content\/uploads\/2023\/02\/Jose-de-Arimateia.jpg","contentUrl":"https:\/\/portalmf.com.br\/wp-content\/uploads\/2023\/02\/Jose-de-Arimateia.jpg","width":683,"height":482},{"@type":"BreadcrumbList","@id":"https:\/\/portalmf.com.br\/index.php\/2023\/12\/14\/jose-de-arimateia-esta-entre-os-deputados-mais-assiduos-da-assembleia\/#breadcrumb","itemListElement":[{"@type":"ListItem","position":1,"name":"In\u00edcio","item":"https:\/\/portalmf.com.br\/"},{"@type":"ListItem","position":2,"name":"Jos\u00e9 de Arimateia est\u00e1 entre os deputados mais ass\u00edduos da Assembleia"}]},{"@type":"WebSite","@id":"https:\/\/portalmf.com.br\/#website","url":"https:\/\/portalmf.com.br\/","name":"Portal MF","description":"Voc\u00ea conectado com a informa\u00e7\u00e3o","potentialAction":[{"@type":"SearchAction","target":{"@type":"EntryPoint","urlTemplate":"https:\/\/portalmf.com.br\/?s={search_term_string}"},"query-input":"required name=search_term_string"}],"inLanguage":"pt-BR"},{"@type":"Person","@id":"https:\/\/portalmf.com.br\/#\/schema\/person\/9ec101baf56233e53520c26de5d6f6f0","name":"Reda\u00e7\u00e3o Portal MF","image":{"@type":"ImageObject","inLanguage":"pt-BR","@id":"https:\/\/portalmf.com.br\/#\/schema\/person\/image\/","url":"https:\/\/secure.gravatar.com\/avatar\/41b9aaeb2100835f7c64362330f74c7f?s=96&d=mm&r=g","contentUrl":"https:\/\/secure.gravatar.com\/avatar\/41b9aaeb2100835f7c64362330f74c7f?s=96&d=mm&r=g","caption":"Reda\u00e7\u00e3o Portal MF"},"description":"Sejam bem-vindos o portal de informa\u00e7\u00f5es de entretenimento de Feira de Santana, desde 2006 realiza coberturas dos principais eventos com entrevistas exclusivas com as principais personalidades mundiais. Fique conectado tamb\u00e9m nas redes sociais.","sameAs":["http:\/\/www.portalmf.com.br\/","https:\/\/www.facebook.com\/portalmfoficial","https:\/\/www.instagram.com\/portalmf\/","https:\/\/x.com\/https:\/\/x.com\/portalmfoficial","https:\/\/www.youtube.com\/@portalmfoficial"],"url":"https:\/\/portalmf.com.br\/index.php\/author\/junior\/"}]}},"_links":{"self":[{"href":"https:\/\/portalmf.com.br\/index.php\/wp-json\/wp\/v2\/posts\/20900"}],"collection":[{"href":"https:\/\/portalmf.com.br\/index.php\/wp-json\/wp\/v2\/posts"}],"about":[{"href":"https:\/\/portalmf.com.br\/index.php\/wp-json\/wp\/v2\/types\/post"}],"author":[{"embeddable":true,"href":"https:\/\/portalmf.com.br\/index.php\/wp-json\/wp\/v2\/users\/3"}],"replies":[{"embeddable":true,"href":"https:\/\/portalmf.com.br\/index.php\/wp-json\/wp\/v2\/comments?post=20900"}],"version-history":[{"count":1,"href":"https:\/\/portalmf.com.br\/index.php\/wp-json\/wp\/v2\/posts\/20900\/revisions"}],"predecessor-version":[{"id":20901,"href":"https:\/\/portalmf.com.br\/index.php\/wp-json\/wp\/v2\/posts\/20900\/revisions\/20901"}],"wp:featuredmedia":[{"embeddable":true,"href":"https:\/\/portalmf.com.br\/index.php\/wp-json\/wp\/v2\/media\/8906"}],"wp:attachment":[{"href":"https:\/\/portalmf.com.br\/index.php\/wp-json\/wp\/v2\/media?parent=20900"}],"wp:term":[{"taxonomy":"category","embeddable":true,"href":"https:\/\/portalmf.com.br\/index.php\/wp-json\/wp\/v2\/categories?post=20900"},{"taxonomy":"post_tag","embeddable":true,"href":"https:\/\/portalmf.com.br\/index.php\/wp-json\/wp\/v2\/tags?post=20900"}],"curies":[{"name":"wp","href":"https:\/\/api.w.org\/{rel}","templated":true}]}}