{"id":20837,"date":"2023-12-11T17:59:58","date_gmt":"2023-12-11T20:59:58","guid":{"rendered":"https:\/\/portalmf.com.br\/?p=20837"},"modified":"2023-12-11T18:00:00","modified_gmt":"2023-12-11T21:00:00","slug":"prefeitura-ja-distribuiu-mais-de-1-milhao-de-litros-de-leite-este-ano","status":"publish","type":"post","link":"https:\/\/portalmf.com.br\/index.php\/2023\/12\/11\/prefeitura-ja-distribuiu-mais-de-1-milhao-de-litros-de-leite-este-ano\/","title":{"rendered":"Prefeitura j\u00e1 distribuiu mais de 1 milh\u00e3o de litros de leite este ano"},"content":{"rendered":"\n<p>Cerca de 1.170.000 (um milh\u00e3o cento e setenta mil) litros de leite de vaca j\u00e1 foram distribu\u00eddos para fam\u00edlias em situa\u00e7\u00e3o de inseguran\u00e7a alimentar e nutricional em Feira de Santana este ano. Os dados da Secretaria Municipal de Desenvolvimento Social abrangem o per\u00edodo entre 02 de janeiro e 04 de dezembro de 2023.<\/p>\n\n\n\n<p>A iniciativa contempla gestantes, lactantes, idosos acima de 60 anos, crian\u00e7as de 2 a 7 anos, portadores de doen\u00e7as cr\u00f4nicas ou terminais e povos quilombolas em situa\u00e7\u00e3o de vulnerabilidade e inseguran\u00e7a alimentar, cadastradas no N\u00famero de Inscri\u00e7\u00e3o Social (NIS). Ao todo, cerca de 4.700.000 pessoas foram alimentadas no per\u00edodo.<\/p>\n\n\n\n<p>Conforme o secret\u00e1rio de Desenvolvimento Social, Denilton Brito, esse \u00e9 um dos principais eixos sociais de relev\u00e2ncia para a popula\u00e7\u00e3o carente do munic\u00edpio. &#8220;Essa distribui\u00e7\u00e3o \u00e9 feita periodicamente para pessoas e fam\u00edlias com renda de at\u00e9 meio sal\u00e1rio-m\u00ednimo, previamente cadastradas, que s\u00e3o contempladas diretamente por meio de associa\u00e7\u00f5es e creches conveniadas \u00e0 SEDESO&#8221;, frisa.<\/p>\n\n\n\n<p>Denilton observa que outro aspecto \u00e9 o fortalecimento da agricultura familiar. \u201cA outra ponta dessa iniciativa \u00e9 justamente a oportunidade de renda para quem produz, estimulando a produ\u00e7\u00e3o na zona rural&#8221;, observa.<\/p>\n\n\n\n<p>A iniciativa faz parte da rede de distribui\u00e7\u00e3o do Programa de Aquisi\u00e7\u00e3o de Alimentos (PAA) que envolve, al\u00e9m da Prefeitura, governo estadual e a Uni\u00e3o.<em> &#8220;Toda log\u00edstica \u00e9 garantida pela Prefeitura de forma transparente e eficiente para que o alimento chegue na mesa de quem precisa&#8221;<\/em>, completa Denilton.\u00a0<\/p>\n\n\n\n<p>Com informa\u00e7\u00f5es da Secom<\/p>\n","protected":false},"excerpt":{"rendered":"<p>Cerca de 1.170.000 (um milh\u00e3o cento e setenta mil) litros de leite de vaca j\u00e1 foram distribu\u00eddos para fam\u00edlias em situa\u00e7\u00e3o de inseguran\u00e7a alimentar e nutricional em Feira de Santana este ano. Os dados da Secretaria Municipal de Desenvolvimento Social abrangem o per\u00edodo entre 02 de janeiro e 04 de dezembro de 2023. A iniciativa [&hellip;]<\/p>\n","protected":false},"author":3,"featured_media":20838,"comment_status":"open","ping_status":"open","sticky":false,"template":"","format":"standard","meta":{"_monsterinsights_skip_tracking":false,"_monsterinsights_sitenote_active":false,"_monsterinsights_sitenote_note":"","_monsterinsights_sitenote_category":0,"footnotes":""},"categories":[34],"tags":[],"yoast_head":"<!-- This site is optimized with the Yoast SEO plugin v22.9 - https:\/\/yoast.com\/wordpress\/plugins\/seo\/ -->\n<title>Prefeitura j\u00e1 distribuiu mais de 1 milh\u00e3o de litros de leite este ano - Portal MF<\/title>\n<meta name=\"robots\" content=\"index, follow, max-snippet:-1, max-image-preview:large, max-video-preview:-1\" \/>\n<link rel=\"canonical\" href=\"https:\/\/portalmf.com.br\/index.php\/2023\/12\/11\/prefeitura-ja-distribuiu-mais-de-1-milhao-de-litros-de-leite-este-ano\/\" \/>\n<meta property=\"og:locale\" content=\"pt_BR\" \/>\n<meta property=\"og:type\" content=\"article\" \/>\n<meta property=\"og:title\" content=\"Prefeitura j\u00e1 distribuiu mais de 1 milh\u00e3o de litros de leite este ano - Portal MF\" \/>\n<meta property=\"og:description\" content=\"Cerca de 1.170.000 (um milh\u00e3o cento e setenta mil) litros de leite de vaca j\u00e1 foram distribu\u00eddos para fam\u00edlias em situa\u00e7\u00e3o de inseguran\u00e7a alimentar e nutricional em Feira de Santana este ano. Os dados da Secretaria Municipal de Desenvolvimento Social abrangem o per\u00edodo entre 02 de janeiro e 04 de dezembro de 2023. A iniciativa [&hellip;]\" \/>\n<meta property=\"og:url\" content=\"https:\/\/portalmf.com.br\/index.php\/2023\/12\/11\/prefeitura-ja-distribuiu-mais-de-1-milhao-de-litros-de-leite-este-ano\/\" \/>\n<meta property=\"og:site_name\" content=\"Portal MF\" \/>\n<meta property=\"article:author\" content=\"https:\/\/www.facebook.com\/portalmfoficial\" \/>\n<meta property=\"article:published_time\" content=\"2023-12-11T20:59:58+00:00\" \/>\n<meta property=\"article:modified_time\" content=\"2023-12-11T21:00:00+00:00\" \/>\n<meta property=\"og:image\" content=\"https:\/\/portalmf.com.br\/wp-content\/uploads\/2023\/12\/Leite.jpg\" \/>\n\t<meta property=\"og:image:width\" content=\"1306\" \/>\n\t<meta property=\"og:image:height\" content=\"570\" \/>\n\t<meta property=\"og:image:type\" content=\"image\/jpeg\" \/>\n<meta name=\"author\" content=\"Reda\u00e7\u00e3o Portal MF\" \/>\n<meta name=\"twitter:card\" content=\"summary_large_image\" \/>\n<meta name=\"twitter:creator\" content=\"@https:\/\/x.com\/portalmfoficial\" \/>\n<meta name=\"twitter:label1\" content=\"Escrito por\" \/>\n\t<meta name=\"twitter:data1\" content=\"Reda\u00e7\u00e3o Portal MF\" \/>\n\t<meta name=\"twitter:label2\" content=\"Est. tempo de leitura\" \/>\n\t<meta name=\"twitter:data2\" content=\"2 minutos\" \/>\n<script type=\"application\/ld+json\" class=\"yoast-schema-graph\">{\"@context\":\"https:\/\/schema.org\",\"@graph\":[{\"@type\":\"WebPage\",\"@id\":\"https:\/\/portalmf.com.br\/index.php\/2023\/12\/11\/prefeitura-ja-distribuiu-mais-de-1-milhao-de-litros-de-leite-este-ano\/\",\"url\":\"https:\/\/portalmf.com.br\/index.php\/2023\/12\/11\/prefeitura-ja-distribuiu-mais-de-1-milhao-de-litros-de-leite-este-ano\/\",\"name\":\"Prefeitura j\u00e1 distribuiu mais de 1 milh\u00e3o de litros de leite este ano - Portal MF\",\"isPartOf\":{\"@id\":\"https:\/\/portalmf.com.br\/#website\"},\"primaryImageOfPage\":{\"@id\":\"https:\/\/portalmf.com.br\/index.php\/2023\/12\/11\/prefeitura-ja-distribuiu-mais-de-1-milhao-de-litros-de-leite-este-ano\/#primaryimage\"},\"image\":{\"@id\":\"https:\/\/portalmf.com.br\/index.php\/2023\/12\/11\/prefeitura-ja-distribuiu-mais-de-1-milhao-de-litros-de-leite-este-ano\/#primaryimage\"},\"thumbnailUrl\":\"https:\/\/portalmf.com.br\/wp-content\/uploads\/2023\/12\/Leite.jpg\",\"datePublished\":\"2023-12-11T20:59:58+00:00\",\"dateModified\":\"2023-12-11T21:00:00+00:00\",\"author\":{\"@id\":\"https:\/\/portalmf.com.br\/#\/schema\/person\/9ec101baf56233e53520c26de5d6f6f0\"},\"breadcrumb\":{\"@id\":\"https:\/\/portalmf.com.br\/index.php\/2023\/12\/11\/prefeitura-ja-distribuiu-mais-de-1-milhao-de-litros-de-leite-este-ano\/#breadcrumb\"},\"inLanguage\":\"pt-BR\",\"potentialAction\":[{\"@type\":\"ReadAction\",\"target\":[\"https:\/\/portalmf.com.br\/index.php\/2023\/12\/11\/prefeitura-ja-distribuiu-mais-de-1-milhao-de-litros-de-leite-este-ano\/\"]}]},{\"@type\":\"ImageObject\",\"inLanguage\":\"pt-BR\",\"@id\":\"https:\/\/portalmf.com.br\/index.php\/2023\/12\/11\/prefeitura-ja-distribuiu-mais-de-1-milhao-de-litros-de-leite-este-ano\/#primaryimage\",\"url\":\"https:\/\/portalmf.com.br\/wp-content\/uploads\/2023\/12\/Leite.jpg\",\"contentUrl\":\"https:\/\/portalmf.com.br\/wp-content\/uploads\/2023\/12\/Leite.jpg\",\"width\":1306,\"height\":570},{\"@type\":\"BreadcrumbList\",\"@id\":\"https:\/\/portalmf.com.br\/index.php\/2023\/12\/11\/prefeitura-ja-distribuiu-mais-de-1-milhao-de-litros-de-leite-este-ano\/#breadcrumb\",\"itemListElement\":[{\"@type\":\"ListItem\",\"position\":1,\"name\":\"In\u00edcio\",\"item\":\"https:\/\/portalmf.com.br\/\"},{\"@type\":\"ListItem\",\"position\":2,\"name\":\"Prefeitura j\u00e1 distribuiu mais de 1 milh\u00e3o de litros de leite este ano\"}]},{\"@type\":\"WebSite\",\"@id\":\"https:\/\/portalmf.com.br\/#website\",\"url\":\"https:\/\/portalmf.com.br\/\",\"name\":\"Portal MF\",\"description\":\"Voc\u00ea conectado com a informa\u00e7\u00e3o\",\"potentialAction\":[{\"@type\":\"SearchAction\",\"target\":{\"@type\":\"EntryPoint\",\"urlTemplate\":\"https:\/\/portalmf.com.br\/?s={search_term_string}\"},\"query-input\":\"required name=search_term_string\"}],\"inLanguage\":\"pt-BR\"},{\"@type\":\"Person\",\"@id\":\"https:\/\/portalmf.com.br\/#\/schema\/person\/9ec101baf56233e53520c26de5d6f6f0\",\"name\":\"Reda\u00e7\u00e3o Portal MF\",\"image\":{\"@type\":\"ImageObject\",\"inLanguage\":\"pt-BR\",\"@id\":\"https:\/\/portalmf.com.br\/#\/schema\/person\/image\/\",\"url\":\"https:\/\/secure.gravatar.com\/avatar\/41b9aaeb2100835f7c64362330f74c7f?s=96&d=mm&r=g\",\"contentUrl\":\"https:\/\/secure.gravatar.com\/avatar\/41b9aaeb2100835f7c64362330f74c7f?s=96&d=mm&r=g\",\"caption\":\"Reda\u00e7\u00e3o Portal MF\"},\"description\":\"Sejam bem-vindos o portal de informa\u00e7\u00f5es de entretenimento de Feira de Santana, desde 2006 realiza coberturas dos principais eventos com entrevistas exclusivas com as principais personalidades mundiais. Fique conectado tamb\u00e9m nas redes sociais.\",\"sameAs\":[\"http:\/\/www.portalmf.com.br\/\",\"https:\/\/www.facebook.com\/portalmfoficial\",\"https:\/\/www.instagram.com\/portalmf\/\",\"https:\/\/x.com\/https:\/\/x.com\/portalmfoficial\",\"https:\/\/www.youtube.com\/@portalmfoficial\"],\"url\":\"https:\/\/portalmf.com.br\/index.php\/author\/junior\/\"}]}<\/script>\n<!-- \/ Yoast SEO plugin. -->","yoast_head_json":{"title":"Prefeitura j\u00e1 distribuiu mais de 1 milh\u00e3o de litros de leite este ano - Portal MF","robots":{"index":"index","follow":"follow","max-snippet":"max-snippet:-1","max-image-preview":"max-image-preview:large","max-video-preview":"max-video-preview:-1"},"canonical":"https:\/\/portalmf.com.br\/index.php\/2023\/12\/11\/prefeitura-ja-distribuiu-mais-de-1-milhao-de-litros-de-leite-este-ano\/","og_locale":"pt_BR","og_type":"article","og_title":"Prefeitura j\u00e1 distribuiu mais de 1 milh\u00e3o de litros de leite este ano - Portal MF","og_description":"Cerca de 1.170.000 (um milh\u00e3o cento e setenta mil) litros de leite de vaca j\u00e1 foram distribu\u00eddos para fam\u00edlias em situa\u00e7\u00e3o de inseguran\u00e7a alimentar e nutricional em Feira de Santana este ano. Os dados da Secretaria Municipal de Desenvolvimento Social abrangem o per\u00edodo entre 02 de janeiro e 04 de dezembro de 2023. A iniciativa [&hellip;]","og_url":"https:\/\/portalmf.com.br\/index.php\/2023\/12\/11\/prefeitura-ja-distribuiu-mais-de-1-milhao-de-litros-de-leite-este-ano\/","og_site_name":"Portal MF","article_author":"https:\/\/www.facebook.com\/portalmfoficial","article_published_time":"2023-12-11T20:59:58+00:00","article_modified_time":"2023-12-11T21:00:00+00:00","og_image":[{"width":1306,"height":570,"url":"https:\/\/portalmf.com.br\/wp-content\/uploads\/2023\/12\/Leite.jpg","type":"image\/jpeg"}],"author":"Reda\u00e7\u00e3o Portal MF","twitter_card":"summary_large_image","twitter_creator":"@https:\/\/x.com\/portalmfoficial","twitter_misc":{"Escrito por":"Reda\u00e7\u00e3o Portal MF","Est. tempo de leitura":"2 minutos"},"schema":{"@context":"https:\/\/schema.org","@graph":[{"@type":"WebPage","@id":"https:\/\/portalmf.com.br\/index.php\/2023\/12\/11\/prefeitura-ja-distribuiu-mais-de-1-milhao-de-litros-de-leite-este-ano\/","url":"https:\/\/portalmf.com.br\/index.php\/2023\/12\/11\/prefeitura-ja-distribuiu-mais-de-1-milhao-de-litros-de-leite-este-ano\/","name":"Prefeitura j\u00e1 distribuiu mais de 1 milh\u00e3o de litros de leite este ano - Portal MF","isPartOf":{"@id":"https:\/\/portalmf.com.br\/#website"},"primaryImageOfPage":{"@id":"https:\/\/portalmf.com.br\/index.php\/2023\/12\/11\/prefeitura-ja-distribuiu-mais-de-1-milhao-de-litros-de-leite-este-ano\/#primaryimage"},"image":{"@id":"https:\/\/portalmf.com.br\/index.php\/2023\/12\/11\/prefeitura-ja-distribuiu-mais-de-1-milhao-de-litros-de-leite-este-ano\/#primaryimage"},"thumbnailUrl":"https:\/\/portalmf.com.br\/wp-content\/uploads\/2023\/12\/Leite.jpg","datePublished":"2023-12-11T20:59:58+00:00","dateModified":"2023-12-11T21:00:00+00:00","author":{"@id":"https:\/\/portalmf.com.br\/#\/schema\/person\/9ec101baf56233e53520c26de5d6f6f0"},"breadcrumb":{"@id":"https:\/\/portalmf.com.br\/index.php\/2023\/12\/11\/prefeitura-ja-distribuiu-mais-de-1-milhao-de-litros-de-leite-este-ano\/#breadcrumb"},"inLanguage":"pt-BR","potentialAction":[{"@type":"ReadAction","target":["https:\/\/portalmf.com.br\/index.php\/2023\/12\/11\/prefeitura-ja-distribuiu-mais-de-1-milhao-de-litros-de-leite-este-ano\/"]}]},{"@type":"ImageObject","inLanguage":"pt-BR","@id":"https:\/\/portalmf.com.br\/index.php\/2023\/12\/11\/prefeitura-ja-distribuiu-mais-de-1-milhao-de-litros-de-leite-este-ano\/#primaryimage","url":"https:\/\/portalmf.com.br\/wp-content\/uploads\/2023\/12\/Leite.jpg","contentUrl":"https:\/\/portalmf.com.br\/wp-content\/uploads\/2023\/12\/Leite.jpg","width":1306,"height":570},{"@type":"BreadcrumbList","@id":"https:\/\/portalmf.com.br\/index.php\/2023\/12\/11\/prefeitura-ja-distribuiu-mais-de-1-milhao-de-litros-de-leite-este-ano\/#breadcrumb","itemListElement":[{"@type":"ListItem","position":1,"name":"In\u00edcio","item":"https:\/\/portalmf.com.br\/"},{"@type":"ListItem","position":2,"name":"Prefeitura j\u00e1 distribuiu mais de 1 milh\u00e3o de litros de leite este ano"}]},{"@type":"WebSite","@id":"https:\/\/portalmf.com.br\/#website","url":"https:\/\/portalmf.com.br\/","name":"Portal MF","description":"Voc\u00ea conectado com a informa\u00e7\u00e3o","potentialAction":[{"@type":"SearchAction","target":{"@type":"EntryPoint","urlTemplate":"https:\/\/portalmf.com.br\/?s={search_term_string}"},"query-input":"required name=search_term_string"}],"inLanguage":"pt-BR"},{"@type":"Person","@id":"https:\/\/portalmf.com.br\/#\/schema\/person\/9ec101baf56233e53520c26de5d6f6f0","name":"Reda\u00e7\u00e3o Portal MF","image":{"@type":"ImageObject","inLanguage":"pt-BR","@id":"https:\/\/portalmf.com.br\/#\/schema\/person\/image\/","url":"https:\/\/secure.gravatar.com\/avatar\/41b9aaeb2100835f7c64362330f74c7f?s=96&d=mm&r=g","contentUrl":"https:\/\/secure.gravatar.com\/avatar\/41b9aaeb2100835f7c64362330f74c7f?s=96&d=mm&r=g","caption":"Reda\u00e7\u00e3o Portal MF"},"description":"Sejam bem-vindos o portal de informa\u00e7\u00f5es de entretenimento de Feira de Santana, desde 2006 realiza coberturas dos principais eventos com entrevistas exclusivas com as principais personalidades mundiais. Fique conectado tamb\u00e9m nas redes sociais.","sameAs":["http:\/\/www.portalmf.com.br\/","https:\/\/www.facebook.com\/portalmfoficial","https:\/\/www.instagram.com\/portalmf\/","https:\/\/x.com\/https:\/\/x.com\/portalmfoficial","https:\/\/www.youtube.com\/@portalmfoficial"],"url":"https:\/\/portalmf.com.br\/index.php\/author\/junior\/"}]}},"_links":{"self":[{"href":"https:\/\/portalmf.com.br\/index.php\/wp-json\/wp\/v2\/posts\/20837"}],"collection":[{"href":"https:\/\/portalmf.com.br\/index.php\/wp-json\/wp\/v2\/posts"}],"about":[{"href":"https:\/\/portalmf.com.br\/index.php\/wp-json\/wp\/v2\/types\/post"}],"author":[{"embeddable":true,"href":"https:\/\/portalmf.com.br\/index.php\/wp-json\/wp\/v2\/users\/3"}],"replies":[{"embeddable":true,"href":"https:\/\/portalmf.com.br\/index.php\/wp-json\/wp\/v2\/comments?post=20837"}],"version-history":[{"count":1,"href":"https:\/\/portalmf.com.br\/index.php\/wp-json\/wp\/v2\/posts\/20837\/revisions"}],"predecessor-version":[{"id":20839,"href":"https:\/\/portalmf.com.br\/index.php\/wp-json\/wp\/v2\/posts\/20837\/revisions\/20839"}],"wp:featuredmedia":[{"embeddable":true,"href":"https:\/\/portalmf.com.br\/index.php\/wp-json\/wp\/v2\/media\/20838"}],"wp:attachment":[{"href":"https:\/\/portalmf.com.br\/index.php\/wp-json\/wp\/v2\/media?parent=20837"}],"wp:term":[{"taxonomy":"category","embeddable":true,"href":"https:\/\/portalmf.com.br\/index.php\/wp-json\/wp\/v2\/categories?post=20837"},{"taxonomy":"post_tag","embeddable":true,"href":"https:\/\/portalmf.com.br\/index.php\/wp-json\/wp\/v2\/tags?post=20837"}],"curies":[{"name":"wp","href":"https:\/\/api.w.org\/{rel}","templated":true}]}}