{"id":20832,"date":"2023-12-11T17:55:23","date_gmt":"2023-12-11T20:55:23","guid":{"rendered":"https:\/\/portalmf.com.br\/?p=20832"},"modified":"2023-12-11T17:55:24","modified_gmt":"2023-12-11T20:55:24","slug":"em-ilheus-estado-inaugura-26a-policlinica-regional-e-unidade-basica-de-saude","status":"publish","type":"post","link":"https:\/\/portalmf.com.br\/index.php\/2023\/12\/11\/em-ilheus-estado-inaugura-26a-policlinica-regional-e-unidade-basica-de-saude\/","title":{"rendered":"Em Ilh\u00e9us, Estado inaugura 26\u00aa Policl\u00ednica Regional e Unidade B\u00e1sica de Sa\u00fade"},"content":{"rendered":"\n<p>A 26\u00b0 Policl\u00ednica Regional de Sa\u00fade foi inaugurada nesta segunda-feira (11), em Ilh\u00e9us, no litoral sul do estado, pelo governador Jer\u00f4nimo Rodrigues. Localizada na Rodovia Jorge Amado, a unidade oferece consultas especializadas, pequenos procedimentos cir\u00fargicos e exames de m\u00e9dia e alta complexidade. A policl\u00ednica tamb\u00e9m atender\u00e1 aos moradores das cidades de Canavieiras, Coaraci, Gongogi, Itacar\u00e9, Mara\u00fa, Santa Luzia, Ubaitaba, Una e Uru\u00e7uca atrav\u00e9s do Cons\u00f3rcio Interfederativo de Sa\u00fade das Terras do Cacau. O investimento feito pelo Governo do Estado por meio da Secretaria da Sa\u00fade (Sesab) foi de R$ 37,8 milh\u00f5es, entre obra f\u00edsica e equipamentos. A obra foi executada pela Companhia de Desenvolvimento Urbano da Bahia (Conder), \u00f3rg\u00e3o vinculado \u00e0 Secretaria de Desenvolvimento Urbano (Sedur).<\/p>\n\n\n\n<p><em>\u201cEsta policl\u00ednica \u00e9 para que nenhum baiano ou baiana dessa regi\u00e3o precise padecer, em um momento posterior, por n\u00e3o ter feito um exame importante, e quando for fazer, j\u00e1 seja tarde demais. Faremos uma campanha, com as prefeituras, com os ve\u00edculos de comunica\u00e7\u00e3o, para que esta policl\u00ednica n\u00e3o fique nem um dia nenhum sem o atendimento necess\u00e1rio, fazendo uma antecipa\u00e7\u00e3o de tratamentos, e salvando vidas. Essa \u00e9 a nossa obriga\u00e7\u00e3o\u201d,<\/em> garantiu o governador, que revelou tamb\u00e9m que cadastrou mais sete policl\u00ednicas no novo Programa de Acelera\u00e7\u00e3o do Crescimento (PAC) para completar a cobertura no estado.<\/p>\n\n\n\n<p>Conforme Jer\u00f4nimo, atualmente, as policl\u00ednicas recebem repasse do Governo Federal e que o custeio da unidade de Ilh\u00e9us segue o modo de gest\u00e3o das demais: partilhado entre o Governo do Estado e os munic\u00edpios que integram o Cons\u00f3rcio P\u00fablico Interfederativo. O Estado \u00e9 respons\u00e1vel por 50% do custeio da opera\u00e7\u00e3o, e os outros 50% s\u00e3o financiados pelos munic\u00edpios consorciados. O governador tamb\u00e9m fez entregas para garantir o transporte dos pacientes da policl\u00ednica, com seis micro\u00f4nibus e seis vans. Foram entregues ainda duas ambul\u00e2ncias, uma para o Hospital Regional Costa do Cacau e a outra para munic\u00edpio de Ilh\u00e9us.<\/p>\n\n\n\n<figure class=\"wp-block-image size-large\"><img fetchpriority=\"high\" decoding=\"async\" width=\"1024\" height=\"682\" src=\"https:\/\/portalmf.com.br\/wp-content\/uploads\/2023\/12\/Em-Ilheus-Estado-inaugura-26a-Policlinica-Regional-e-Unidade-Basica-de-Saude-1-1024x682.jpeg\" alt=\"\" class=\"wp-image-20833\" srcset=\"https:\/\/portalmf.com.br\/wp-content\/uploads\/2023\/12\/Em-Ilheus-Estado-inaugura-26a-Policlinica-Regional-e-Unidade-Basica-de-Saude-1-1024x682.jpeg 1024w, https:\/\/portalmf.com.br\/wp-content\/uploads\/2023\/12\/Em-Ilheus-Estado-inaugura-26a-Policlinica-Regional-e-Unidade-Basica-de-Saude-1-300x200.jpeg 300w, https:\/\/portalmf.com.br\/wp-content\/uploads\/2023\/12\/Em-Ilheus-Estado-inaugura-26a-Policlinica-Regional-e-Unidade-Basica-de-Saude-1-768x512.jpeg 768w, https:\/\/portalmf.com.br\/wp-content\/uploads\/2023\/12\/Em-Ilheus-Estado-inaugura-26a-Policlinica-Regional-e-Unidade-Basica-de-Saude-1-1536x1023.jpeg 1536w, https:\/\/portalmf.com.br\/wp-content\/uploads\/2023\/12\/Em-Ilheus-Estado-inaugura-26a-Policlinica-Regional-e-Unidade-Basica-de-Saude-1-1170x780.jpeg 1170w, https:\/\/portalmf.com.br\/wp-content\/uploads\/2023\/12\/Em-Ilheus-Estado-inaugura-26a-Policlinica-Regional-e-Unidade-Basica-de-Saude-1-585x390.jpeg 585w, https:\/\/portalmf.com.br\/wp-content\/uploads\/2023\/12\/Em-Ilheus-Estado-inaugura-26a-Policlinica-Regional-e-Unidade-Basica-de-Saude-1-263x175.jpeg 263w, https:\/\/portalmf.com.br\/wp-content\/uploads\/2023\/12\/Em-Ilheus-Estado-inaugura-26a-Policlinica-Regional-e-Unidade-Basica-de-Saude-1.jpeg 1600w\" sizes=\"(max-width: 1024px) 100vw, 1024px\" \/><figcaption class=\"wp-element-caption\">Foto: Leonardo Rattes\/SA\u00daDE GOVBA<\/figcaption><\/figure>\n\n\n\n<h2 class=\"wp-block-heading\">Atendimento em rede<\/h2>\n\n\n\n<p>A secret\u00e1ria da sa\u00fade, Roberta Santana, explicou que a Policl\u00ednica de Ilh\u00e9us \u00e9 a quarta da macrorregi\u00e3o sul, que tem unidades em Valen\u00e7a, Jequi\u00e9 e Itabuna. \u201cA nossa expectativa aqui \u00e9 que 370 mil pessoas sejam atendidas [nos 10 munic\u00edpios consorciados]. O que a gente traz aqui s\u00e3o consultas especializadas, aparelho de tomografia de ponta, como o primeiro equipamento de raio-X digital que a gente entrega no interior do estado, nas nossas policl\u00ednicas. A gente est\u00e1 trazendo inova\u00e7\u00e3o\u201d, afirmou a secret\u00e1ria.<\/p>\n\n\n\n<p>A nova policl\u00ednica oferece consultas especializadas em angiologia, cardiologia, neurologia, endocrinologia, gastroenterologia, otorrinolaringologia, oftalmologia, urologia, ginecologia, pneumologia, dermatologia, reumatologia, anestesia e ortopedia. A unidade tamb\u00e9m conta com atendimento em especialidades n\u00e3o m\u00e9dicas: farm\u00e1cia cl\u00ednica, enfermagem, psic\u00f3logo e nutricionista e exames de mapa, holter, ecocardiograma, ergometria, eletrocardiograma, eletroencefalograma, endoscopia digestiva, mamografia, ultrassonografia doppler, raio-X, resson\u00e2ncia magn\u00e9tica e tomografia. Ao todo, a unidade conta com 104 profissionais.<\/p>\n\n\n\n<p>As Policl\u00ednicas Regionais de Sa\u00fade est\u00e3o espalhadas por toda a Bahia e contemplam 408 munic\u00edpios. Juntas, as unidades assistem a mais de 13,9 milh\u00f5es de habitantes, o que representa 97% da popula\u00e7\u00e3o baiana. Desde novembro de 2017, quando foi inaugurada a primeira Policl\u00ednica Regional de Sa\u00fade, j\u00e1 foram realizados 5,3 milh\u00f5es de exames e consultas e 3.219.985 exames e procedimentos. As Policl\u00ednicas n\u00e3o s\u00e3o unidades de atendimento com portas abertas. Todas as consultas e exames s\u00e3o feitos atrav\u00e9s de um agendamento pr\u00e9vio, que deve ser realizado pela Secretaria de Sa\u00fade dos munic\u00edpios consorciados.<\/p>\n\n\n\n<p>As outras 25 policl\u00ednicas j\u00e1 em funcionamento est\u00e3o instaladas nas cidades de Alagoinhas, Barreiras, Brumado, Eun\u00e1polis, Feira de Santana, Guanambi, Irec\u00ea, Itaberaba, Itabuna, Jacobina, Jequi\u00e9, Juazeiro, Paulo Afonso, Ribeira do Pombal, Santo Ant\u00f4nio de Jesus, Senhor do Bonfim, Serrinha, Sim\u00f5es Filho, Teixeira de Freitas, Valen\u00e7a, Vit\u00f3ria da Conquista, Santa Maria da Vit\u00f3ria, S\u00e3o Francisco do Conde, al\u00e9m de Salvador, que possui duas policl\u00ednicas funcionando, nos bairros de Narandiba e Escada.<\/p>\n\n\n\n<figure class=\"wp-block-image size-large\"><img decoding=\"async\" width=\"1024\" height=\"682\" src=\"https:\/\/portalmf.com.br\/wp-content\/uploads\/2023\/12\/Em-Ilheus-Estado-inaugura-26a-Policlinica-Regional-e-Unidade-Basica-de-Saude-3-1024x682.jpeg\" alt=\"\" class=\"wp-image-20835\" srcset=\"https:\/\/portalmf.com.br\/wp-content\/uploads\/2023\/12\/Em-Ilheus-Estado-inaugura-26a-Policlinica-Regional-e-Unidade-Basica-de-Saude-3-1024x682.jpeg 1024w, https:\/\/portalmf.com.br\/wp-content\/uploads\/2023\/12\/Em-Ilheus-Estado-inaugura-26a-Policlinica-Regional-e-Unidade-Basica-de-Saude-3-300x200.jpeg 300w, https:\/\/portalmf.com.br\/wp-content\/uploads\/2023\/12\/Em-Ilheus-Estado-inaugura-26a-Policlinica-Regional-e-Unidade-Basica-de-Saude-3-768x512.jpeg 768w, https:\/\/portalmf.com.br\/wp-content\/uploads\/2023\/12\/Em-Ilheus-Estado-inaugura-26a-Policlinica-Regional-e-Unidade-Basica-de-Saude-3-1536x1023.jpeg 1536w, https:\/\/portalmf.com.br\/wp-content\/uploads\/2023\/12\/Em-Ilheus-Estado-inaugura-26a-Policlinica-Regional-e-Unidade-Basica-de-Saude-3-1170x780.jpeg 1170w, https:\/\/portalmf.com.br\/wp-content\/uploads\/2023\/12\/Em-Ilheus-Estado-inaugura-26a-Policlinica-Regional-e-Unidade-Basica-de-Saude-3-585x390.jpeg 585w, https:\/\/portalmf.com.br\/wp-content\/uploads\/2023\/12\/Em-Ilheus-Estado-inaugura-26a-Policlinica-Regional-e-Unidade-Basica-de-Saude-3-263x175.jpeg 263w, https:\/\/portalmf.com.br\/wp-content\/uploads\/2023\/12\/Em-Ilheus-Estado-inaugura-26a-Policlinica-Regional-e-Unidade-Basica-de-Saude-3.jpeg 1600w\" sizes=\"(max-width: 1024px) 100vw, 1024px\" \/><figcaption class=\"wp-element-caption\"><strong>Foto: Leonardo Rattes\/SA\u00daDE GOVBA<\/strong><\/figcaption><\/figure>\n\n\n\n<h2 class=\"wp-block-heading\">Mais sa\u00fade<\/h2>\n\n\n\n<p>No povoado Banco da Vit\u00f3ria, o governador inaugurou uma Unidade B\u00e1sica de Sa\u00fade (UBS) Tipo III que vai beneficiar cerca de seis mil habitantes da regi\u00e3o com atendimentos m\u00e9dicos, odontol\u00f3gicos e de enfermagem, al\u00e9m de salas de vacina e de curativos. Para construir e equipar a UBS, que passa para gest\u00e3o do munic\u00edpio, o Governo do Estado investiu R$ 5,6 milh\u00f5es.<em> \u201cA UBS est\u00e1 pronta para ser utilizada e vai nos ajudar muito na retaguarda do atendimento aos pacientes com classifica\u00e7\u00e3o azuis e verdes [n\u00e3o urgentes e pouco urgentes]\u201d,<\/em> acrescentou a secret\u00e1ria Roberta.<\/p>\n","protected":false},"excerpt":{"rendered":"<p>A 26\u00b0 Policl\u00ednica Regional de Sa\u00fade foi inaugurada nesta segunda-feira (11), em Ilh\u00e9us, no litoral sul do estado, pelo governador Jer\u00f4nimo Rodrigues. Localizada na Rodovia Jorge Amado, a unidade oferece consultas especializadas, pequenos procedimentos cir\u00fargicos e exames de m\u00e9dia e alta complexidade. A policl\u00ednica tamb\u00e9m atender\u00e1 aos moradores das cidades de Canavieiras, Coaraci, Gongogi, Itacar\u00e9, [&hellip;]<\/p>\n","protected":false},"author":3,"featured_media":20835,"comment_status":"open","ping_status":"open","sticky":false,"template":"","format":"standard","meta":{"_monsterinsights_skip_tracking":false,"_monsterinsights_sitenote_active":false,"_monsterinsights_sitenote_note":"","_monsterinsights_sitenote_category":0,"footnotes":""},"categories":[34],"tags":[],"yoast_head":"<!-- This site is optimized with the Yoast SEO plugin v22.9 - https:\/\/yoast.com\/wordpress\/plugins\/seo\/ -->\n<title>Em Ilh\u00e9us, Estado inaugura 26\u00aa Policl\u00ednica Regional e Unidade B\u00e1sica de Sa\u00fade - Portal MF<\/title>\n<meta name=\"robots\" content=\"index, follow, max-snippet:-1, max-image-preview:large, max-video-preview:-1\" \/>\n<link rel=\"canonical\" href=\"https:\/\/portalmf.com.br\/index.php\/2023\/12\/11\/em-ilheus-estado-inaugura-26a-policlinica-regional-e-unidade-basica-de-saude\/\" \/>\n<meta property=\"og:locale\" content=\"pt_BR\" \/>\n<meta property=\"og:type\" content=\"article\" \/>\n<meta property=\"og:title\" content=\"Em Ilh\u00e9us, Estado inaugura 26\u00aa Policl\u00ednica Regional e Unidade B\u00e1sica de Sa\u00fade - Portal MF\" \/>\n<meta property=\"og:description\" content=\"A 26\u00b0 Policl\u00ednica Regional de Sa\u00fade foi inaugurada nesta segunda-feira (11), em Ilh\u00e9us, no litoral sul do estado, pelo governador Jer\u00f4nimo Rodrigues. Localizada na Rodovia Jorge Amado, a unidade oferece consultas especializadas, pequenos procedimentos cir\u00fargicos e exames de m\u00e9dia e alta complexidade. A policl\u00ednica tamb\u00e9m atender\u00e1 aos moradores das cidades de Canavieiras, Coaraci, Gongogi, Itacar\u00e9, [&hellip;]\" \/>\n<meta property=\"og:url\" content=\"https:\/\/portalmf.com.br\/index.php\/2023\/12\/11\/em-ilheus-estado-inaugura-26a-policlinica-regional-e-unidade-basica-de-saude\/\" \/>\n<meta property=\"og:site_name\" content=\"Portal MF\" \/>\n<meta property=\"article:author\" content=\"https:\/\/www.facebook.com\/portalmfoficial\" \/>\n<meta property=\"article:published_time\" content=\"2023-12-11T20:55:23+00:00\" \/>\n<meta property=\"article:modified_time\" content=\"2023-12-11T20:55:24+00:00\" \/>\n<meta property=\"og:image\" content=\"https:\/\/portalmf.com.br\/wp-content\/uploads\/2023\/12\/Em-Ilheus-Estado-inaugura-26a-Policlinica-Regional-e-Unidade-Basica-de-Saude-3.jpeg\" \/>\n\t<meta property=\"og:image:width\" content=\"1600\" \/>\n\t<meta property=\"og:image:height\" content=\"1066\" \/>\n\t<meta property=\"og:image:type\" content=\"image\/jpeg\" \/>\n<meta name=\"author\" content=\"Reda\u00e7\u00e3o Portal MF\" \/>\n<meta name=\"twitter:card\" content=\"summary_large_image\" \/>\n<meta name=\"twitter:creator\" content=\"@https:\/\/x.com\/portalmfoficial\" \/>\n<meta name=\"twitter:label1\" content=\"Escrito por\" \/>\n\t<meta name=\"twitter:data1\" content=\"Reda\u00e7\u00e3o Portal MF\" \/>\n\t<meta name=\"twitter:label2\" content=\"Est. tempo de leitura\" \/>\n\t<meta name=\"twitter:data2\" content=\"5 minutos\" \/>\n<script type=\"application\/ld+json\" class=\"yoast-schema-graph\">{\"@context\":\"https:\/\/schema.org\",\"@graph\":[{\"@type\":\"WebPage\",\"@id\":\"https:\/\/portalmf.com.br\/index.php\/2023\/12\/11\/em-ilheus-estado-inaugura-26a-policlinica-regional-e-unidade-basica-de-saude\/\",\"url\":\"https:\/\/portalmf.com.br\/index.php\/2023\/12\/11\/em-ilheus-estado-inaugura-26a-policlinica-regional-e-unidade-basica-de-saude\/\",\"name\":\"Em Ilh\u00e9us, Estado inaugura 26\u00aa Policl\u00ednica Regional e Unidade B\u00e1sica de Sa\u00fade - Portal MF\",\"isPartOf\":{\"@id\":\"https:\/\/portalmf.com.br\/#website\"},\"primaryImageOfPage\":{\"@id\":\"https:\/\/portalmf.com.br\/index.php\/2023\/12\/11\/em-ilheus-estado-inaugura-26a-policlinica-regional-e-unidade-basica-de-saude\/#primaryimage\"},\"image\":{\"@id\":\"https:\/\/portalmf.com.br\/index.php\/2023\/12\/11\/em-ilheus-estado-inaugura-26a-policlinica-regional-e-unidade-basica-de-saude\/#primaryimage\"},\"thumbnailUrl\":\"https:\/\/portalmf.com.br\/wp-content\/uploads\/2023\/12\/Em-Ilheus-Estado-inaugura-26a-Policlinica-Regional-e-Unidade-Basica-de-Saude-3.jpeg\",\"datePublished\":\"2023-12-11T20:55:23+00:00\",\"dateModified\":\"2023-12-11T20:55:24+00:00\",\"author\":{\"@id\":\"https:\/\/portalmf.com.br\/#\/schema\/person\/9ec101baf56233e53520c26de5d6f6f0\"},\"breadcrumb\":{\"@id\":\"https:\/\/portalmf.com.br\/index.php\/2023\/12\/11\/em-ilheus-estado-inaugura-26a-policlinica-regional-e-unidade-basica-de-saude\/#breadcrumb\"},\"inLanguage\":\"pt-BR\",\"potentialAction\":[{\"@type\":\"ReadAction\",\"target\":[\"https:\/\/portalmf.com.br\/index.php\/2023\/12\/11\/em-ilheus-estado-inaugura-26a-policlinica-regional-e-unidade-basica-de-saude\/\"]}]},{\"@type\":\"ImageObject\",\"inLanguage\":\"pt-BR\",\"@id\":\"https:\/\/portalmf.com.br\/index.php\/2023\/12\/11\/em-ilheus-estado-inaugura-26a-policlinica-regional-e-unidade-basica-de-saude\/#primaryimage\",\"url\":\"https:\/\/portalmf.com.br\/wp-content\/uploads\/2023\/12\/Em-Ilheus-Estado-inaugura-26a-Policlinica-Regional-e-Unidade-Basica-de-Saude-3.jpeg\",\"contentUrl\":\"https:\/\/portalmf.com.br\/wp-content\/uploads\/2023\/12\/Em-Ilheus-Estado-inaugura-26a-Policlinica-Regional-e-Unidade-Basica-de-Saude-3.jpeg\",\"width\":1600,\"height\":1066},{\"@type\":\"BreadcrumbList\",\"@id\":\"https:\/\/portalmf.com.br\/index.php\/2023\/12\/11\/em-ilheus-estado-inaugura-26a-policlinica-regional-e-unidade-basica-de-saude\/#breadcrumb\",\"itemListElement\":[{\"@type\":\"ListItem\",\"position\":1,\"name\":\"In\u00edcio\",\"item\":\"https:\/\/portalmf.com.br\/\"},{\"@type\":\"ListItem\",\"position\":2,\"name\":\"Em Ilh\u00e9us, Estado inaugura 26\u00aa Policl\u00ednica Regional e Unidade B\u00e1sica de Sa\u00fade\"}]},{\"@type\":\"WebSite\",\"@id\":\"https:\/\/portalmf.com.br\/#website\",\"url\":\"https:\/\/portalmf.com.br\/\",\"name\":\"Portal MF\",\"description\":\"Voc\u00ea conectado com a informa\u00e7\u00e3o\",\"potentialAction\":[{\"@type\":\"SearchAction\",\"target\":{\"@type\":\"EntryPoint\",\"urlTemplate\":\"https:\/\/portalmf.com.br\/?s={search_term_string}\"},\"query-input\":\"required name=search_term_string\"}],\"inLanguage\":\"pt-BR\"},{\"@type\":\"Person\",\"@id\":\"https:\/\/portalmf.com.br\/#\/schema\/person\/9ec101baf56233e53520c26de5d6f6f0\",\"name\":\"Reda\u00e7\u00e3o Portal MF\",\"image\":{\"@type\":\"ImageObject\",\"inLanguage\":\"pt-BR\",\"@id\":\"https:\/\/portalmf.com.br\/#\/schema\/person\/image\/\",\"url\":\"https:\/\/secure.gravatar.com\/avatar\/41b9aaeb2100835f7c64362330f74c7f?s=96&d=mm&r=g\",\"contentUrl\":\"https:\/\/secure.gravatar.com\/avatar\/41b9aaeb2100835f7c64362330f74c7f?s=96&d=mm&r=g\",\"caption\":\"Reda\u00e7\u00e3o Portal MF\"},\"description\":\"Sejam bem-vindos o portal de informa\u00e7\u00f5es de entretenimento de Feira de Santana, desde 2006 realiza coberturas dos principais eventos com entrevistas exclusivas com as principais personalidades mundiais. Fique conectado tamb\u00e9m nas redes sociais.\",\"sameAs\":[\"http:\/\/www.portalmf.com.br\/\",\"https:\/\/www.facebook.com\/portalmfoficial\",\"https:\/\/www.instagram.com\/portalmf\/\",\"https:\/\/x.com\/https:\/\/x.com\/portalmfoficial\",\"https:\/\/www.youtube.com\/@portalmfoficial\"],\"url\":\"https:\/\/portalmf.com.br\/index.php\/author\/junior\/\"}]}<\/script>\n<!-- \/ Yoast SEO plugin. -->","yoast_head_json":{"title":"Em Ilh\u00e9us, Estado inaugura 26\u00aa Policl\u00ednica Regional e Unidade B\u00e1sica de Sa\u00fade - Portal MF","robots":{"index":"index","follow":"follow","max-snippet":"max-snippet:-1","max-image-preview":"max-image-preview:large","max-video-preview":"max-video-preview:-1"},"canonical":"https:\/\/portalmf.com.br\/index.php\/2023\/12\/11\/em-ilheus-estado-inaugura-26a-policlinica-regional-e-unidade-basica-de-saude\/","og_locale":"pt_BR","og_type":"article","og_title":"Em Ilh\u00e9us, Estado inaugura 26\u00aa Policl\u00ednica Regional e Unidade B\u00e1sica de Sa\u00fade - Portal MF","og_description":"A 26\u00b0 Policl\u00ednica Regional de Sa\u00fade foi inaugurada nesta segunda-feira (11), em Ilh\u00e9us, no litoral sul do estado, pelo governador Jer\u00f4nimo Rodrigues. Localizada na Rodovia Jorge Amado, a unidade oferece consultas especializadas, pequenos procedimentos cir\u00fargicos e exames de m\u00e9dia e alta complexidade. A policl\u00ednica tamb\u00e9m atender\u00e1 aos moradores das cidades de Canavieiras, Coaraci, Gongogi, Itacar\u00e9, [&hellip;]","og_url":"https:\/\/portalmf.com.br\/index.php\/2023\/12\/11\/em-ilheus-estado-inaugura-26a-policlinica-regional-e-unidade-basica-de-saude\/","og_site_name":"Portal MF","article_author":"https:\/\/www.facebook.com\/portalmfoficial","article_published_time":"2023-12-11T20:55:23+00:00","article_modified_time":"2023-12-11T20:55:24+00:00","og_image":[{"width":1600,"height":1066,"url":"https:\/\/portalmf.com.br\/wp-content\/uploads\/2023\/12\/Em-Ilheus-Estado-inaugura-26a-Policlinica-Regional-e-Unidade-Basica-de-Saude-3.jpeg","type":"image\/jpeg"}],"author":"Reda\u00e7\u00e3o Portal MF","twitter_card":"summary_large_image","twitter_creator":"@https:\/\/x.com\/portalmfoficial","twitter_misc":{"Escrito por":"Reda\u00e7\u00e3o Portal MF","Est. tempo de leitura":"5 minutos"},"schema":{"@context":"https:\/\/schema.org","@graph":[{"@type":"WebPage","@id":"https:\/\/portalmf.com.br\/index.php\/2023\/12\/11\/em-ilheus-estado-inaugura-26a-policlinica-regional-e-unidade-basica-de-saude\/","url":"https:\/\/portalmf.com.br\/index.php\/2023\/12\/11\/em-ilheus-estado-inaugura-26a-policlinica-regional-e-unidade-basica-de-saude\/","name":"Em Ilh\u00e9us, Estado inaugura 26\u00aa Policl\u00ednica Regional e Unidade B\u00e1sica de Sa\u00fade - Portal MF","isPartOf":{"@id":"https:\/\/portalmf.com.br\/#website"},"primaryImageOfPage":{"@id":"https:\/\/portalmf.com.br\/index.php\/2023\/12\/11\/em-ilheus-estado-inaugura-26a-policlinica-regional-e-unidade-basica-de-saude\/#primaryimage"},"image":{"@id":"https:\/\/portalmf.com.br\/index.php\/2023\/12\/11\/em-ilheus-estado-inaugura-26a-policlinica-regional-e-unidade-basica-de-saude\/#primaryimage"},"thumbnailUrl":"https:\/\/portalmf.com.br\/wp-content\/uploads\/2023\/12\/Em-Ilheus-Estado-inaugura-26a-Policlinica-Regional-e-Unidade-Basica-de-Saude-3.jpeg","datePublished":"2023-12-11T20:55:23+00:00","dateModified":"2023-12-11T20:55:24+00:00","author":{"@id":"https:\/\/portalmf.com.br\/#\/schema\/person\/9ec101baf56233e53520c26de5d6f6f0"},"breadcrumb":{"@id":"https:\/\/portalmf.com.br\/index.php\/2023\/12\/11\/em-ilheus-estado-inaugura-26a-policlinica-regional-e-unidade-basica-de-saude\/#breadcrumb"},"inLanguage":"pt-BR","potentialAction":[{"@type":"ReadAction","target":["https:\/\/portalmf.com.br\/index.php\/2023\/12\/11\/em-ilheus-estado-inaugura-26a-policlinica-regional-e-unidade-basica-de-saude\/"]}]},{"@type":"ImageObject","inLanguage":"pt-BR","@id":"https:\/\/portalmf.com.br\/index.php\/2023\/12\/11\/em-ilheus-estado-inaugura-26a-policlinica-regional-e-unidade-basica-de-saude\/#primaryimage","url":"https:\/\/portalmf.com.br\/wp-content\/uploads\/2023\/12\/Em-Ilheus-Estado-inaugura-26a-Policlinica-Regional-e-Unidade-Basica-de-Saude-3.jpeg","contentUrl":"https:\/\/portalmf.com.br\/wp-content\/uploads\/2023\/12\/Em-Ilheus-Estado-inaugura-26a-Policlinica-Regional-e-Unidade-Basica-de-Saude-3.jpeg","width":1600,"height":1066},{"@type":"BreadcrumbList","@id":"https:\/\/portalmf.com.br\/index.php\/2023\/12\/11\/em-ilheus-estado-inaugura-26a-policlinica-regional-e-unidade-basica-de-saude\/#breadcrumb","itemListElement":[{"@type":"ListItem","position":1,"name":"In\u00edcio","item":"https:\/\/portalmf.com.br\/"},{"@type":"ListItem","position":2,"name":"Em Ilh\u00e9us, Estado inaugura 26\u00aa Policl\u00ednica Regional e Unidade B\u00e1sica de Sa\u00fade"}]},{"@type":"WebSite","@id":"https:\/\/portalmf.com.br\/#website","url":"https:\/\/portalmf.com.br\/","name":"Portal MF","description":"Voc\u00ea conectado com a informa\u00e7\u00e3o","potentialAction":[{"@type":"SearchAction","target":{"@type":"EntryPoint","urlTemplate":"https:\/\/portalmf.com.br\/?s={search_term_string}"},"query-input":"required name=search_term_string"}],"inLanguage":"pt-BR"},{"@type":"Person","@id":"https:\/\/portalmf.com.br\/#\/schema\/person\/9ec101baf56233e53520c26de5d6f6f0","name":"Reda\u00e7\u00e3o Portal MF","image":{"@type":"ImageObject","inLanguage":"pt-BR","@id":"https:\/\/portalmf.com.br\/#\/schema\/person\/image\/","url":"https:\/\/secure.gravatar.com\/avatar\/41b9aaeb2100835f7c64362330f74c7f?s=96&d=mm&r=g","contentUrl":"https:\/\/secure.gravatar.com\/avatar\/41b9aaeb2100835f7c64362330f74c7f?s=96&d=mm&r=g","caption":"Reda\u00e7\u00e3o Portal MF"},"description":"Sejam bem-vindos o portal de informa\u00e7\u00f5es de entretenimento de Feira de Santana, desde 2006 realiza coberturas dos principais eventos com entrevistas exclusivas com as principais personalidades mundiais. Fique conectado tamb\u00e9m nas redes sociais.","sameAs":["http:\/\/www.portalmf.com.br\/","https:\/\/www.facebook.com\/portalmfoficial","https:\/\/www.instagram.com\/portalmf\/","https:\/\/x.com\/https:\/\/x.com\/portalmfoficial","https:\/\/www.youtube.com\/@portalmfoficial"],"url":"https:\/\/portalmf.com.br\/index.php\/author\/junior\/"}]}},"_links":{"self":[{"href":"https:\/\/portalmf.com.br\/index.php\/wp-json\/wp\/v2\/posts\/20832"}],"collection":[{"href":"https:\/\/portalmf.com.br\/index.php\/wp-json\/wp\/v2\/posts"}],"about":[{"href":"https:\/\/portalmf.com.br\/index.php\/wp-json\/wp\/v2\/types\/post"}],"author":[{"embeddable":true,"href":"https:\/\/portalmf.com.br\/index.php\/wp-json\/wp\/v2\/users\/3"}],"replies":[{"embeddable":true,"href":"https:\/\/portalmf.com.br\/index.php\/wp-json\/wp\/v2\/comments?post=20832"}],"version-history":[{"count":1,"href":"https:\/\/portalmf.com.br\/index.php\/wp-json\/wp\/v2\/posts\/20832\/revisions"}],"predecessor-version":[{"id":20836,"href":"https:\/\/portalmf.com.br\/index.php\/wp-json\/wp\/v2\/posts\/20832\/revisions\/20836"}],"wp:featuredmedia":[{"embeddable":true,"href":"https:\/\/portalmf.com.br\/index.php\/wp-json\/wp\/v2\/media\/20835"}],"wp:attachment":[{"href":"https:\/\/portalmf.com.br\/index.php\/wp-json\/wp\/v2\/media?parent=20832"}],"wp:term":[{"taxonomy":"category","embeddable":true,"href":"https:\/\/portalmf.com.br\/index.php\/wp-json\/wp\/v2\/categories?post=20832"},{"taxonomy":"post_tag","embeddable":true,"href":"https:\/\/portalmf.com.br\/index.php\/wp-json\/wp\/v2\/tags?post=20832"}],"curies":[{"name":"wp","href":"https:\/\/api.w.org\/{rel}","templated":true}]}}