{"id":20829,"date":"2023-12-11T17:49:36","date_gmt":"2023-12-11T20:49:36","guid":{"rendered":"https:\/\/portalmf.com.br\/?p=20829"},"modified":"2023-12-11T17:49:40","modified_gmt":"2023-12-11T20:49:40","slug":"camara-de-feira-inicia-processo-de-devolucao-da-taxa-de-inscricao-de-concurso-anulado","status":"publish","type":"post","link":"https:\/\/portalmf.com.br\/index.php\/2023\/12\/11\/camara-de-feira-inicia-processo-de-devolucao-da-taxa-de-inscricao-de-concurso-anulado\/","title":{"rendered":"C\u00e2mara de Feira inicia processo de devolu\u00e7\u00e3o\u00a0da taxa de inscri\u00e7\u00e3o de concurso anulado\u00a0"},"content":{"rendered":"\n<p>A C\u00e2mara Municipal de Feira de Santana inicia, nesta segunda (11), o processo de devolu\u00e7\u00e3o da taxa de inscri\u00e7\u00e3o dos candidatos ao concurso p\u00fablico para preenchimento de vagas de provimento efetivo em seu quadro de pessoal. O certame terminou n\u00e3o acontecendo, sendo anulado todo o processo, em junho&nbsp; deste ano, devido a irregularidades constatadas em sua etapa preparat\u00f3ria.<\/p>\n\n\n\n<p>A primeira provid\u00eancia do Legislativo, no sentido da devolu\u00e7\u00e3o dos valores aos candidatos inscritos, foi acionar a empresa contratada para a organiza\u00e7\u00e3o do concurso no sentido de que encaminhasse \u00e0 Casa da Cidadania os nomes dos inscritos e pagantes. Feito um chamamento P\u00fablico no Di\u00e1rio Oficial do Munic\u00edpio, foram apresentadas as orienta\u00e7\u00f5es, pelo MP, para o ressarcimento da taxa.&nbsp;<\/p>\n\n\n\n<p>Os pr\u00f3ximos passos deste processo ser\u00e3o divulgados no Di\u00e1rio Oficial e site da Casa Legislativa at\u00e9 a pr\u00f3xima sexta-feira (15).&nbsp;<\/p>\n\n\n\n<p>De acordo com a presidente da Casa da Cidadania, Eremita Mota (PSDB), desde que o concurso foi suspenso a C\u00e2mara procurou o Minist\u00e9rio P\u00fablico da Bahia (MP-BA) para que auxiliasse na devolu\u00e7\u00e3o das taxas de inscri\u00e7\u00e3o.&nbsp;<\/p>\n\n\n\n<p>\u201cFomos a varias reuni\u00f5es com MP para viabilizar esta a\u00e7\u00e3o, o mais r\u00e1pido poss\u00edvel, . Agora que a recomenda\u00e7\u00e3o saiu vamos fazer o chamamento e devolver o valor para os candidatos\u201d, garantiu. A devolu\u00e7\u00e3o da taxa de inscri\u00e7\u00e3o \u00e9 uma recomenda\u00e7\u00e3o do MP, ap\u00f3s a C\u00e2mara ingressar com um Termo de Ajuste de Conduta (TAC), em abril deste ano, junto \u00e0 institui\u00e7\u00e3o.<\/p>\n\n\n\n<p>Com informa\u00e7\u00f5es da Ascom<\/p>\n","protected":false},"excerpt":{"rendered":"<p>A C\u00e2mara Municipal de Feira de Santana inicia, nesta segunda (11), o processo de devolu\u00e7\u00e3o da taxa de inscri\u00e7\u00e3o dos candidatos ao concurso p\u00fablico para preenchimento de vagas de provimento efetivo em seu quadro de pessoal. O certame terminou n\u00e3o acontecendo, sendo anulado todo o processo, em junho&nbsp; deste ano, devido a irregularidades constatadas em [&hellip;]<\/p>\n","protected":false},"author":3,"featured_media":20830,"comment_status":"open","ping_status":"open","sticky":false,"template":"","format":"standard","meta":{"_monsterinsights_skip_tracking":false,"_monsterinsights_sitenote_active":false,"_monsterinsights_sitenote_note":"","_monsterinsights_sitenote_category":0,"footnotes":""},"categories":[34],"tags":[],"yoast_head":"<!-- This site is optimized with the Yoast SEO plugin v22.9 - https:\/\/yoast.com\/wordpress\/plugins\/seo\/ -->\n<title>C\u00e2mara de Feira inicia processo de devolu\u00e7\u00e3o\u00a0da taxa de inscri\u00e7\u00e3o de concurso anulado\u00a0 - Portal MF<\/title>\n<meta name=\"robots\" content=\"index, follow, max-snippet:-1, max-image-preview:large, max-video-preview:-1\" \/>\n<link rel=\"canonical\" href=\"https:\/\/portalmf.com.br\/index.php\/2023\/12\/11\/camara-de-feira-inicia-processo-de-devolucao-da-taxa-de-inscricao-de-concurso-anulado\/\" \/>\n<meta property=\"og:locale\" content=\"pt_BR\" \/>\n<meta property=\"og:type\" content=\"article\" \/>\n<meta property=\"og:title\" content=\"C\u00e2mara de Feira inicia processo de devolu\u00e7\u00e3o\u00a0da taxa de inscri\u00e7\u00e3o de concurso anulado\u00a0 - Portal MF\" \/>\n<meta property=\"og:description\" content=\"A C\u00e2mara Municipal de Feira de Santana inicia, nesta segunda (11), o processo de devolu\u00e7\u00e3o da taxa de inscri\u00e7\u00e3o dos candidatos ao concurso p\u00fablico para preenchimento de vagas de provimento efetivo em seu quadro de pessoal. O certame terminou n\u00e3o acontecendo, sendo anulado todo o processo, em junho&nbsp; deste ano, devido a irregularidades constatadas em [&hellip;]\" \/>\n<meta property=\"og:url\" content=\"https:\/\/portalmf.com.br\/index.php\/2023\/12\/11\/camara-de-feira-inicia-processo-de-devolucao-da-taxa-de-inscricao-de-concurso-anulado\/\" \/>\n<meta property=\"og:site_name\" content=\"Portal MF\" \/>\n<meta property=\"article:author\" content=\"https:\/\/www.facebook.com\/portalmfoficial\" \/>\n<meta property=\"article:published_time\" content=\"2023-12-11T20:49:36+00:00\" \/>\n<meta property=\"article:modified_time\" content=\"2023-12-11T20:49:40+00:00\" \/>\n<meta property=\"og:image\" content=\"https:\/\/portalmf.com.br\/wp-content\/uploads\/2023\/12\/Camara-de-Feira.jpeg\" \/>\n\t<meta property=\"og:image:width\" content=\"1306\" \/>\n\t<meta property=\"og:image:height\" content=\"870\" \/>\n\t<meta property=\"og:image:type\" content=\"image\/jpeg\" \/>\n<meta name=\"author\" content=\"Reda\u00e7\u00e3o Portal MF\" \/>\n<meta name=\"twitter:card\" content=\"summary_large_image\" \/>\n<meta name=\"twitter:creator\" content=\"@https:\/\/x.com\/portalmfoficial\" \/>\n<meta name=\"twitter:label1\" content=\"Escrito por\" \/>\n\t<meta name=\"twitter:data1\" content=\"Reda\u00e7\u00e3o Portal MF\" \/>\n\t<meta name=\"twitter:label2\" content=\"Est. tempo de leitura\" \/>\n\t<meta name=\"twitter:data2\" content=\"2 minutos\" \/>\n<script type=\"application\/ld+json\" class=\"yoast-schema-graph\">{\"@context\":\"https:\/\/schema.org\",\"@graph\":[{\"@type\":\"WebPage\",\"@id\":\"https:\/\/portalmf.com.br\/index.php\/2023\/12\/11\/camara-de-feira-inicia-processo-de-devolucao-da-taxa-de-inscricao-de-concurso-anulado\/\",\"url\":\"https:\/\/portalmf.com.br\/index.php\/2023\/12\/11\/camara-de-feira-inicia-processo-de-devolucao-da-taxa-de-inscricao-de-concurso-anulado\/\",\"name\":\"C\u00e2mara de Feira inicia processo de devolu\u00e7\u00e3o\u00a0da taxa de inscri\u00e7\u00e3o de concurso anulado\u00a0 - Portal MF\",\"isPartOf\":{\"@id\":\"https:\/\/portalmf.com.br\/#website\"},\"primaryImageOfPage\":{\"@id\":\"https:\/\/portalmf.com.br\/index.php\/2023\/12\/11\/camara-de-feira-inicia-processo-de-devolucao-da-taxa-de-inscricao-de-concurso-anulado\/#primaryimage\"},\"image\":{\"@id\":\"https:\/\/portalmf.com.br\/index.php\/2023\/12\/11\/camara-de-feira-inicia-processo-de-devolucao-da-taxa-de-inscricao-de-concurso-anulado\/#primaryimage\"},\"thumbnailUrl\":\"https:\/\/portalmf.com.br\/wp-content\/uploads\/2023\/12\/Camara-de-Feira.jpeg\",\"datePublished\":\"2023-12-11T20:49:36+00:00\",\"dateModified\":\"2023-12-11T20:49:40+00:00\",\"author\":{\"@id\":\"https:\/\/portalmf.com.br\/#\/schema\/person\/9ec101baf56233e53520c26de5d6f6f0\"},\"breadcrumb\":{\"@id\":\"https:\/\/portalmf.com.br\/index.php\/2023\/12\/11\/camara-de-feira-inicia-processo-de-devolucao-da-taxa-de-inscricao-de-concurso-anulado\/#breadcrumb\"},\"inLanguage\":\"pt-BR\",\"potentialAction\":[{\"@type\":\"ReadAction\",\"target\":[\"https:\/\/portalmf.com.br\/index.php\/2023\/12\/11\/camara-de-feira-inicia-processo-de-devolucao-da-taxa-de-inscricao-de-concurso-anulado\/\"]}]},{\"@type\":\"ImageObject\",\"inLanguage\":\"pt-BR\",\"@id\":\"https:\/\/portalmf.com.br\/index.php\/2023\/12\/11\/camara-de-feira-inicia-processo-de-devolucao-da-taxa-de-inscricao-de-concurso-anulado\/#primaryimage\",\"url\":\"https:\/\/portalmf.com.br\/wp-content\/uploads\/2023\/12\/Camara-de-Feira.jpeg\",\"contentUrl\":\"https:\/\/portalmf.com.br\/wp-content\/uploads\/2023\/12\/Camara-de-Feira.jpeg\",\"width\":1306,\"height\":870},{\"@type\":\"BreadcrumbList\",\"@id\":\"https:\/\/portalmf.com.br\/index.php\/2023\/12\/11\/camara-de-feira-inicia-processo-de-devolucao-da-taxa-de-inscricao-de-concurso-anulado\/#breadcrumb\",\"itemListElement\":[{\"@type\":\"ListItem\",\"position\":1,\"name\":\"In\u00edcio\",\"item\":\"https:\/\/portalmf.com.br\/\"},{\"@type\":\"ListItem\",\"position\":2,\"name\":\"C\u00e2mara de Feira inicia processo de devolu\u00e7\u00e3o\u00a0da taxa de inscri\u00e7\u00e3o de concurso anulado\u00a0\"}]},{\"@type\":\"WebSite\",\"@id\":\"https:\/\/portalmf.com.br\/#website\",\"url\":\"https:\/\/portalmf.com.br\/\",\"name\":\"Portal MF\",\"description\":\"Voc\u00ea conectado com a informa\u00e7\u00e3o\",\"potentialAction\":[{\"@type\":\"SearchAction\",\"target\":{\"@type\":\"EntryPoint\",\"urlTemplate\":\"https:\/\/portalmf.com.br\/?s={search_term_string}\"},\"query-input\":\"required name=search_term_string\"}],\"inLanguage\":\"pt-BR\"},{\"@type\":\"Person\",\"@id\":\"https:\/\/portalmf.com.br\/#\/schema\/person\/9ec101baf56233e53520c26de5d6f6f0\",\"name\":\"Reda\u00e7\u00e3o Portal MF\",\"image\":{\"@type\":\"ImageObject\",\"inLanguage\":\"pt-BR\",\"@id\":\"https:\/\/portalmf.com.br\/#\/schema\/person\/image\/\",\"url\":\"https:\/\/secure.gravatar.com\/avatar\/41b9aaeb2100835f7c64362330f74c7f?s=96&d=mm&r=g\",\"contentUrl\":\"https:\/\/secure.gravatar.com\/avatar\/41b9aaeb2100835f7c64362330f74c7f?s=96&d=mm&r=g\",\"caption\":\"Reda\u00e7\u00e3o Portal MF\"},\"description\":\"Sejam bem-vindos o portal de informa\u00e7\u00f5es de entretenimento de Feira de Santana, desde 2006 realiza coberturas dos principais eventos com entrevistas exclusivas com as principais personalidades mundiais. Fique conectado tamb\u00e9m nas redes sociais.\",\"sameAs\":[\"http:\/\/www.portalmf.com.br\/\",\"https:\/\/www.facebook.com\/portalmfoficial\",\"https:\/\/www.instagram.com\/portalmf\/\",\"https:\/\/x.com\/https:\/\/x.com\/portalmfoficial\",\"https:\/\/www.youtube.com\/@portalmfoficial\"],\"url\":\"https:\/\/portalmf.com.br\/index.php\/author\/junior\/\"}]}<\/script>\n<!-- \/ Yoast SEO plugin. -->","yoast_head_json":{"title":"C\u00e2mara de Feira inicia processo de devolu\u00e7\u00e3o\u00a0da taxa de inscri\u00e7\u00e3o de concurso anulado\u00a0 - Portal MF","robots":{"index":"index","follow":"follow","max-snippet":"max-snippet:-1","max-image-preview":"max-image-preview:large","max-video-preview":"max-video-preview:-1"},"canonical":"https:\/\/portalmf.com.br\/index.php\/2023\/12\/11\/camara-de-feira-inicia-processo-de-devolucao-da-taxa-de-inscricao-de-concurso-anulado\/","og_locale":"pt_BR","og_type":"article","og_title":"C\u00e2mara de Feira inicia processo de devolu\u00e7\u00e3o\u00a0da taxa de inscri\u00e7\u00e3o de concurso anulado\u00a0 - Portal MF","og_description":"A C\u00e2mara Municipal de Feira de Santana inicia, nesta segunda (11), o processo de devolu\u00e7\u00e3o da taxa de inscri\u00e7\u00e3o dos candidatos ao concurso p\u00fablico para preenchimento de vagas de provimento efetivo em seu quadro de pessoal. O certame terminou n\u00e3o acontecendo, sendo anulado todo o processo, em junho&nbsp; deste ano, devido a irregularidades constatadas em [&hellip;]","og_url":"https:\/\/portalmf.com.br\/index.php\/2023\/12\/11\/camara-de-feira-inicia-processo-de-devolucao-da-taxa-de-inscricao-de-concurso-anulado\/","og_site_name":"Portal MF","article_author":"https:\/\/www.facebook.com\/portalmfoficial","article_published_time":"2023-12-11T20:49:36+00:00","article_modified_time":"2023-12-11T20:49:40+00:00","og_image":[{"width":1306,"height":870,"url":"https:\/\/portalmf.com.br\/wp-content\/uploads\/2023\/12\/Camara-de-Feira.jpeg","type":"image\/jpeg"}],"author":"Reda\u00e7\u00e3o Portal MF","twitter_card":"summary_large_image","twitter_creator":"@https:\/\/x.com\/portalmfoficial","twitter_misc":{"Escrito por":"Reda\u00e7\u00e3o Portal MF","Est. tempo de leitura":"2 minutos"},"schema":{"@context":"https:\/\/schema.org","@graph":[{"@type":"WebPage","@id":"https:\/\/portalmf.com.br\/index.php\/2023\/12\/11\/camara-de-feira-inicia-processo-de-devolucao-da-taxa-de-inscricao-de-concurso-anulado\/","url":"https:\/\/portalmf.com.br\/index.php\/2023\/12\/11\/camara-de-feira-inicia-processo-de-devolucao-da-taxa-de-inscricao-de-concurso-anulado\/","name":"C\u00e2mara de Feira inicia processo de devolu\u00e7\u00e3o\u00a0da taxa de inscri\u00e7\u00e3o de concurso anulado\u00a0 - Portal MF","isPartOf":{"@id":"https:\/\/portalmf.com.br\/#website"},"primaryImageOfPage":{"@id":"https:\/\/portalmf.com.br\/index.php\/2023\/12\/11\/camara-de-feira-inicia-processo-de-devolucao-da-taxa-de-inscricao-de-concurso-anulado\/#primaryimage"},"image":{"@id":"https:\/\/portalmf.com.br\/index.php\/2023\/12\/11\/camara-de-feira-inicia-processo-de-devolucao-da-taxa-de-inscricao-de-concurso-anulado\/#primaryimage"},"thumbnailUrl":"https:\/\/portalmf.com.br\/wp-content\/uploads\/2023\/12\/Camara-de-Feira.jpeg","datePublished":"2023-12-11T20:49:36+00:00","dateModified":"2023-12-11T20:49:40+00:00","author":{"@id":"https:\/\/portalmf.com.br\/#\/schema\/person\/9ec101baf56233e53520c26de5d6f6f0"},"breadcrumb":{"@id":"https:\/\/portalmf.com.br\/index.php\/2023\/12\/11\/camara-de-feira-inicia-processo-de-devolucao-da-taxa-de-inscricao-de-concurso-anulado\/#breadcrumb"},"inLanguage":"pt-BR","potentialAction":[{"@type":"ReadAction","target":["https:\/\/portalmf.com.br\/index.php\/2023\/12\/11\/camara-de-feira-inicia-processo-de-devolucao-da-taxa-de-inscricao-de-concurso-anulado\/"]}]},{"@type":"ImageObject","inLanguage":"pt-BR","@id":"https:\/\/portalmf.com.br\/index.php\/2023\/12\/11\/camara-de-feira-inicia-processo-de-devolucao-da-taxa-de-inscricao-de-concurso-anulado\/#primaryimage","url":"https:\/\/portalmf.com.br\/wp-content\/uploads\/2023\/12\/Camara-de-Feira.jpeg","contentUrl":"https:\/\/portalmf.com.br\/wp-content\/uploads\/2023\/12\/Camara-de-Feira.jpeg","width":1306,"height":870},{"@type":"BreadcrumbList","@id":"https:\/\/portalmf.com.br\/index.php\/2023\/12\/11\/camara-de-feira-inicia-processo-de-devolucao-da-taxa-de-inscricao-de-concurso-anulado\/#breadcrumb","itemListElement":[{"@type":"ListItem","position":1,"name":"In\u00edcio","item":"https:\/\/portalmf.com.br\/"},{"@type":"ListItem","position":2,"name":"C\u00e2mara de Feira inicia processo de devolu\u00e7\u00e3o\u00a0da taxa de inscri\u00e7\u00e3o de concurso anulado\u00a0"}]},{"@type":"WebSite","@id":"https:\/\/portalmf.com.br\/#website","url":"https:\/\/portalmf.com.br\/","name":"Portal MF","description":"Voc\u00ea conectado com a informa\u00e7\u00e3o","potentialAction":[{"@type":"SearchAction","target":{"@type":"EntryPoint","urlTemplate":"https:\/\/portalmf.com.br\/?s={search_term_string}"},"query-input":"required name=search_term_string"}],"inLanguage":"pt-BR"},{"@type":"Person","@id":"https:\/\/portalmf.com.br\/#\/schema\/person\/9ec101baf56233e53520c26de5d6f6f0","name":"Reda\u00e7\u00e3o Portal MF","image":{"@type":"ImageObject","inLanguage":"pt-BR","@id":"https:\/\/portalmf.com.br\/#\/schema\/person\/image\/","url":"https:\/\/secure.gravatar.com\/avatar\/41b9aaeb2100835f7c64362330f74c7f?s=96&d=mm&r=g","contentUrl":"https:\/\/secure.gravatar.com\/avatar\/41b9aaeb2100835f7c64362330f74c7f?s=96&d=mm&r=g","caption":"Reda\u00e7\u00e3o Portal MF"},"description":"Sejam bem-vindos o portal de informa\u00e7\u00f5es de entretenimento de Feira de Santana, desde 2006 realiza coberturas dos principais eventos com entrevistas exclusivas com as principais personalidades mundiais. Fique conectado tamb\u00e9m nas redes sociais.","sameAs":["http:\/\/www.portalmf.com.br\/","https:\/\/www.facebook.com\/portalmfoficial","https:\/\/www.instagram.com\/portalmf\/","https:\/\/x.com\/https:\/\/x.com\/portalmfoficial","https:\/\/www.youtube.com\/@portalmfoficial"],"url":"https:\/\/portalmf.com.br\/index.php\/author\/junior\/"}]}},"_links":{"self":[{"href":"https:\/\/portalmf.com.br\/index.php\/wp-json\/wp\/v2\/posts\/20829"}],"collection":[{"href":"https:\/\/portalmf.com.br\/index.php\/wp-json\/wp\/v2\/posts"}],"about":[{"href":"https:\/\/portalmf.com.br\/index.php\/wp-json\/wp\/v2\/types\/post"}],"author":[{"embeddable":true,"href":"https:\/\/portalmf.com.br\/index.php\/wp-json\/wp\/v2\/users\/3"}],"replies":[{"embeddable":true,"href":"https:\/\/portalmf.com.br\/index.php\/wp-json\/wp\/v2\/comments?post=20829"}],"version-history":[{"count":1,"href":"https:\/\/portalmf.com.br\/index.php\/wp-json\/wp\/v2\/posts\/20829\/revisions"}],"predecessor-version":[{"id":20831,"href":"https:\/\/portalmf.com.br\/index.php\/wp-json\/wp\/v2\/posts\/20829\/revisions\/20831"}],"wp:featuredmedia":[{"embeddable":true,"href":"https:\/\/portalmf.com.br\/index.php\/wp-json\/wp\/v2\/media\/20830"}],"wp:attachment":[{"href":"https:\/\/portalmf.com.br\/index.php\/wp-json\/wp\/v2\/media?parent=20829"}],"wp:term":[{"taxonomy":"category","embeddable":true,"href":"https:\/\/portalmf.com.br\/index.php\/wp-json\/wp\/v2\/categories?post=20829"},{"taxonomy":"post_tag","embeddable":true,"href":"https:\/\/portalmf.com.br\/index.php\/wp-json\/wp\/v2\/tags?post=20829"}],"curies":[{"name":"wp","href":"https:\/\/api.w.org\/{rel}","templated":true}]}}