{"id":20773,"date":"2023-12-08T14:35:22","date_gmt":"2023-12-08T17:35:22","guid":{"rendered":"https:\/\/portalmf.com.br\/?p=20773"},"modified":"2023-12-08T14:35:26","modified_gmt":"2023-12-08T17:35:26","slug":"ze-neto-destina-r-55-milhoes-de-emenda-para-os-hospitais-dom-pedro-e-cleriston-andrade-em-feira","status":"publish","type":"post","link":"https:\/\/portalmf.com.br\/index.php\/2023\/12\/08\/ze-neto-destina-r-55-milhoes-de-emenda-para-os-hospitais-dom-pedro-e-cleriston-andrade-em-feira\/","title":{"rendered":"Z\u00e9 Neto destina R$ 5,5 milh\u00f5es de emenda para os Hospitais Dom Pedro e Cl\u00e9riston Andrade, em Feira"},"content":{"rendered":"\n<p>O Hospital Dom Pedro de Alc\u00e2ntara (HDPA) ir\u00e1 receber R$ 4,5 milh\u00f5es e o Hospital Cl\u00e9riston Andrade (HGCA) R$ 1 milh\u00e3o, ambos em Feira de Santana, de emenda parlamentar do deputado federal Z\u00e9 Neto (PT). A libera\u00e7\u00e3o dos recursos se d\u00e1 atrav\u00e9s de conv\u00eanio firmado com a Secretaria da Sa\u00fade do Estado (Sesab), anunciada durante reuni\u00e3o com a secret\u00e1ria Roberta Santana, o superintendente de Aten\u00e7\u00e3o Integral \u00e0 Sa\u00fade (SAIS), Karlos Figueiredo, a diretora-geral do Cl\u00e9riston Andrade, Cristiana Fran\u00e7a, e o provedor da Santa Casa de Miseric\u00f3rdia, Rodrigo Matos, em Salvador, na \u00faltima segunda-feira (4).<\/p>\n\n\n\n<p>De acordo com Z\u00e9 Neto, os recursos ser\u00e3o utilizados para compra de Hemodin\u00e2mica \u2013 moderno aparelho no tratamento cardiovascular para o Dom Pedro, e equipamentos e custeio em geral para o Cl\u00e9riston Andrade.<\/p>\n\n\n\n<p><em>\u201cCom essa nova Hemodin\u00e2mica, mais 10 salas de ambulat\u00f3rio, angioplastia e ambul\u00e2ncia para o Dom Pedro, bem como, a chegada de novos equipamentos para o Cl\u00e9riston, somados a outros investimentos que nosso Mandato j\u00e1 designou ao longo dos \u00faltimos meses, ampliaremos o atendimento na sa\u00fade \u00e0 popula\u00e7\u00e3o, especialmente para os pacientes que antes tinham que recorrer \u00e0 capital, dando resolutividade a esse que era um dos gargalos da regula\u00e7\u00e3o em Feira e regi\u00e3o. Tudo isso ser\u00e1 poss\u00edvel gra\u00e7as ao comprometimento do nosso Governador Jer\u00f4nimo [Rodrigues] e da nossa Secret\u00e1ria de Sa\u00fade, Roberta [Santana], em nome dos quais, agrade\u00e7o tamb\u00e9m \u00e0 toda equipe da Sesab pelo empenho e dedica\u00e7\u00e3o em cuidar de gente, que \u00e9 nosso maior prop\u00f3sito\u201d, <\/em>afirmou.<\/p>\n\n\n\n<p>O pr\u00f3ximo passo agora \u00e9, segundo ele, \u201ctrabalhar para encaminhar ainda este ano a constru\u00e7\u00e3o de um novo m\u00f3dulo para leitos de UTI no Hospital Dom Pedro\u201d.<\/p>\n","protected":false},"excerpt":{"rendered":"<p>O Hospital Dom Pedro de Alc\u00e2ntara (HDPA) ir\u00e1 receber R$ 4,5 milh\u00f5es e o Hospital Cl\u00e9riston Andrade (HGCA) R$ 1 milh\u00e3o, ambos em Feira de Santana, de emenda parlamentar do deputado federal Z\u00e9 Neto (PT). A libera\u00e7\u00e3o dos recursos se d\u00e1 atrav\u00e9s de conv\u00eanio firmado com a Secretaria da Sa\u00fade do Estado (Sesab), anunciada durante [&hellip;]<\/p>\n","protected":false},"author":3,"featured_media":20774,"comment_status":"open","ping_status":"open","sticky":false,"template":"","format":"standard","meta":{"_monsterinsights_skip_tracking":false,"_monsterinsights_sitenote_active":false,"_monsterinsights_sitenote_note":"","_monsterinsights_sitenote_category":0,"footnotes":""},"categories":[34],"tags":[],"yoast_head":"<!-- This site is optimized with the Yoast SEO plugin v22.9 - https:\/\/yoast.com\/wordpress\/plugins\/seo\/ -->\n<title>Z\u00e9 Neto destina R$ 5,5 milh\u00f5es de emenda para os Hospitais Dom Pedro e Cl\u00e9riston Andrade, em Feira - Portal MF<\/title>\n<meta name=\"robots\" content=\"index, follow, max-snippet:-1, max-image-preview:large, max-video-preview:-1\" \/>\n<link rel=\"canonical\" href=\"https:\/\/portalmf.com.br\/index.php\/2023\/12\/08\/ze-neto-destina-r-55-milhoes-de-emenda-para-os-hospitais-dom-pedro-e-cleriston-andrade-em-feira\/\" \/>\n<meta property=\"og:locale\" content=\"pt_BR\" \/>\n<meta property=\"og:type\" content=\"article\" \/>\n<meta property=\"og:title\" content=\"Z\u00e9 Neto destina R$ 5,5 milh\u00f5es de emenda para os Hospitais Dom Pedro e Cl\u00e9riston Andrade, em Feira - Portal MF\" \/>\n<meta property=\"og:description\" content=\"O Hospital Dom Pedro de Alc\u00e2ntara (HDPA) ir\u00e1 receber R$ 4,5 milh\u00f5es e o Hospital Cl\u00e9riston Andrade (HGCA) R$ 1 milh\u00e3o, ambos em Feira de Santana, de emenda parlamentar do deputado federal Z\u00e9 Neto (PT). A libera\u00e7\u00e3o dos recursos se d\u00e1 atrav\u00e9s de conv\u00eanio firmado com a Secretaria da Sa\u00fade do Estado (Sesab), anunciada durante [&hellip;]\" \/>\n<meta property=\"og:url\" content=\"https:\/\/portalmf.com.br\/index.php\/2023\/12\/08\/ze-neto-destina-r-55-milhoes-de-emenda-para-os-hospitais-dom-pedro-e-cleriston-andrade-em-feira\/\" \/>\n<meta property=\"og:site_name\" content=\"Portal MF\" \/>\n<meta property=\"article:author\" content=\"https:\/\/www.facebook.com\/portalmfoficial\" \/>\n<meta property=\"article:published_time\" content=\"2023-12-08T17:35:22+00:00\" \/>\n<meta property=\"article:modified_time\" content=\"2023-12-08T17:35:26+00:00\" \/>\n<meta property=\"og:image\" content=\"https:\/\/portalmf.com.br\/wp-content\/uploads\/2023\/12\/IMG-20231208-WA0146.jpg\" \/>\n\t<meta property=\"og:image:width\" content=\"1600\" \/>\n\t<meta property=\"og:image:height\" content=\"1200\" \/>\n\t<meta property=\"og:image:type\" content=\"image\/jpeg\" \/>\n<meta name=\"author\" content=\"Reda\u00e7\u00e3o Portal MF\" \/>\n<meta name=\"twitter:card\" content=\"summary_large_image\" \/>\n<meta name=\"twitter:creator\" content=\"@https:\/\/x.com\/portalmfoficial\" \/>\n<meta name=\"twitter:label1\" content=\"Escrito por\" \/>\n\t<meta name=\"twitter:data1\" content=\"Reda\u00e7\u00e3o Portal MF\" \/>\n\t<meta name=\"twitter:label2\" content=\"Est. tempo de leitura\" \/>\n\t<meta name=\"twitter:data2\" content=\"2 minutos\" \/>\n<script type=\"application\/ld+json\" class=\"yoast-schema-graph\">{\"@context\":\"https:\/\/schema.org\",\"@graph\":[{\"@type\":\"WebPage\",\"@id\":\"https:\/\/portalmf.com.br\/index.php\/2023\/12\/08\/ze-neto-destina-r-55-milhoes-de-emenda-para-os-hospitais-dom-pedro-e-cleriston-andrade-em-feira\/\",\"url\":\"https:\/\/portalmf.com.br\/index.php\/2023\/12\/08\/ze-neto-destina-r-55-milhoes-de-emenda-para-os-hospitais-dom-pedro-e-cleriston-andrade-em-feira\/\",\"name\":\"Z\u00e9 Neto destina R$ 5,5 milh\u00f5es de emenda para os Hospitais Dom Pedro e Cl\u00e9riston Andrade, em Feira - Portal MF\",\"isPartOf\":{\"@id\":\"https:\/\/portalmf.com.br\/#website\"},\"primaryImageOfPage\":{\"@id\":\"https:\/\/portalmf.com.br\/index.php\/2023\/12\/08\/ze-neto-destina-r-55-milhoes-de-emenda-para-os-hospitais-dom-pedro-e-cleriston-andrade-em-feira\/#primaryimage\"},\"image\":{\"@id\":\"https:\/\/portalmf.com.br\/index.php\/2023\/12\/08\/ze-neto-destina-r-55-milhoes-de-emenda-para-os-hospitais-dom-pedro-e-cleriston-andrade-em-feira\/#primaryimage\"},\"thumbnailUrl\":\"https:\/\/portalmf.com.br\/wp-content\/uploads\/2023\/12\/IMG-20231208-WA0146.jpg\",\"datePublished\":\"2023-12-08T17:35:22+00:00\",\"dateModified\":\"2023-12-08T17:35:26+00:00\",\"author\":{\"@id\":\"https:\/\/portalmf.com.br\/#\/schema\/person\/9ec101baf56233e53520c26de5d6f6f0\"},\"breadcrumb\":{\"@id\":\"https:\/\/portalmf.com.br\/index.php\/2023\/12\/08\/ze-neto-destina-r-55-milhoes-de-emenda-para-os-hospitais-dom-pedro-e-cleriston-andrade-em-feira\/#breadcrumb\"},\"inLanguage\":\"pt-BR\",\"potentialAction\":[{\"@type\":\"ReadAction\",\"target\":[\"https:\/\/portalmf.com.br\/index.php\/2023\/12\/08\/ze-neto-destina-r-55-milhoes-de-emenda-para-os-hospitais-dom-pedro-e-cleriston-andrade-em-feira\/\"]}]},{\"@type\":\"ImageObject\",\"inLanguage\":\"pt-BR\",\"@id\":\"https:\/\/portalmf.com.br\/index.php\/2023\/12\/08\/ze-neto-destina-r-55-milhoes-de-emenda-para-os-hospitais-dom-pedro-e-cleriston-andrade-em-feira\/#primaryimage\",\"url\":\"https:\/\/portalmf.com.br\/wp-content\/uploads\/2023\/12\/IMG-20231208-WA0146.jpg\",\"contentUrl\":\"https:\/\/portalmf.com.br\/wp-content\/uploads\/2023\/12\/IMG-20231208-WA0146.jpg\",\"width\":1600,\"height\":1200},{\"@type\":\"BreadcrumbList\",\"@id\":\"https:\/\/portalmf.com.br\/index.php\/2023\/12\/08\/ze-neto-destina-r-55-milhoes-de-emenda-para-os-hospitais-dom-pedro-e-cleriston-andrade-em-feira\/#breadcrumb\",\"itemListElement\":[{\"@type\":\"ListItem\",\"position\":1,\"name\":\"In\u00edcio\",\"item\":\"https:\/\/portalmf.com.br\/\"},{\"@type\":\"ListItem\",\"position\":2,\"name\":\"Z\u00e9 Neto destina R$ 5,5 milh\u00f5es de emenda para os Hospitais Dom Pedro e Cl\u00e9riston Andrade, em Feira\"}]},{\"@type\":\"WebSite\",\"@id\":\"https:\/\/portalmf.com.br\/#website\",\"url\":\"https:\/\/portalmf.com.br\/\",\"name\":\"Portal MF\",\"description\":\"Voc\u00ea conectado com a informa\u00e7\u00e3o\",\"potentialAction\":[{\"@type\":\"SearchAction\",\"target\":{\"@type\":\"EntryPoint\",\"urlTemplate\":\"https:\/\/portalmf.com.br\/?s={search_term_string}\"},\"query-input\":\"required name=search_term_string\"}],\"inLanguage\":\"pt-BR\"},{\"@type\":\"Person\",\"@id\":\"https:\/\/portalmf.com.br\/#\/schema\/person\/9ec101baf56233e53520c26de5d6f6f0\",\"name\":\"Reda\u00e7\u00e3o Portal MF\",\"image\":{\"@type\":\"ImageObject\",\"inLanguage\":\"pt-BR\",\"@id\":\"https:\/\/portalmf.com.br\/#\/schema\/person\/image\/\",\"url\":\"https:\/\/secure.gravatar.com\/avatar\/41b9aaeb2100835f7c64362330f74c7f?s=96&d=mm&r=g\",\"contentUrl\":\"https:\/\/secure.gravatar.com\/avatar\/41b9aaeb2100835f7c64362330f74c7f?s=96&d=mm&r=g\",\"caption\":\"Reda\u00e7\u00e3o Portal MF\"},\"description\":\"Sejam bem-vindos o portal de informa\u00e7\u00f5es de entretenimento de Feira de Santana, desde 2006 realiza coberturas dos principais eventos com entrevistas exclusivas com as principais personalidades mundiais. Fique conectado tamb\u00e9m nas redes sociais.\",\"sameAs\":[\"http:\/\/www.portalmf.com.br\/\",\"https:\/\/www.facebook.com\/portalmfoficial\",\"https:\/\/www.instagram.com\/portalmf\/\",\"https:\/\/x.com\/https:\/\/x.com\/portalmfoficial\",\"https:\/\/www.youtube.com\/@portalmfoficial\"],\"url\":\"https:\/\/portalmf.com.br\/index.php\/author\/junior\/\"}]}<\/script>\n<!-- \/ Yoast SEO plugin. -->","yoast_head_json":{"title":"Z\u00e9 Neto destina R$ 5,5 milh\u00f5es de emenda para os Hospitais Dom Pedro e Cl\u00e9riston Andrade, em Feira - Portal MF","robots":{"index":"index","follow":"follow","max-snippet":"max-snippet:-1","max-image-preview":"max-image-preview:large","max-video-preview":"max-video-preview:-1"},"canonical":"https:\/\/portalmf.com.br\/index.php\/2023\/12\/08\/ze-neto-destina-r-55-milhoes-de-emenda-para-os-hospitais-dom-pedro-e-cleriston-andrade-em-feira\/","og_locale":"pt_BR","og_type":"article","og_title":"Z\u00e9 Neto destina R$ 5,5 milh\u00f5es de emenda para os Hospitais Dom Pedro e Cl\u00e9riston Andrade, em Feira - Portal MF","og_description":"O Hospital Dom Pedro de Alc\u00e2ntara (HDPA) ir\u00e1 receber R$ 4,5 milh\u00f5es e o Hospital Cl\u00e9riston Andrade (HGCA) R$ 1 milh\u00e3o, ambos em Feira de Santana, de emenda parlamentar do deputado federal Z\u00e9 Neto (PT). A libera\u00e7\u00e3o dos recursos se d\u00e1 atrav\u00e9s de conv\u00eanio firmado com a Secretaria da Sa\u00fade do Estado (Sesab), anunciada durante [&hellip;]","og_url":"https:\/\/portalmf.com.br\/index.php\/2023\/12\/08\/ze-neto-destina-r-55-milhoes-de-emenda-para-os-hospitais-dom-pedro-e-cleriston-andrade-em-feira\/","og_site_name":"Portal MF","article_author":"https:\/\/www.facebook.com\/portalmfoficial","article_published_time":"2023-12-08T17:35:22+00:00","article_modified_time":"2023-12-08T17:35:26+00:00","og_image":[{"width":1600,"height":1200,"url":"https:\/\/portalmf.com.br\/wp-content\/uploads\/2023\/12\/IMG-20231208-WA0146.jpg","type":"image\/jpeg"}],"author":"Reda\u00e7\u00e3o Portal MF","twitter_card":"summary_large_image","twitter_creator":"@https:\/\/x.com\/portalmfoficial","twitter_misc":{"Escrito por":"Reda\u00e7\u00e3o Portal MF","Est. tempo de leitura":"2 minutos"},"schema":{"@context":"https:\/\/schema.org","@graph":[{"@type":"WebPage","@id":"https:\/\/portalmf.com.br\/index.php\/2023\/12\/08\/ze-neto-destina-r-55-milhoes-de-emenda-para-os-hospitais-dom-pedro-e-cleriston-andrade-em-feira\/","url":"https:\/\/portalmf.com.br\/index.php\/2023\/12\/08\/ze-neto-destina-r-55-milhoes-de-emenda-para-os-hospitais-dom-pedro-e-cleriston-andrade-em-feira\/","name":"Z\u00e9 Neto destina R$ 5,5 milh\u00f5es de emenda para os Hospitais Dom Pedro e Cl\u00e9riston Andrade, em Feira - Portal MF","isPartOf":{"@id":"https:\/\/portalmf.com.br\/#website"},"primaryImageOfPage":{"@id":"https:\/\/portalmf.com.br\/index.php\/2023\/12\/08\/ze-neto-destina-r-55-milhoes-de-emenda-para-os-hospitais-dom-pedro-e-cleriston-andrade-em-feira\/#primaryimage"},"image":{"@id":"https:\/\/portalmf.com.br\/index.php\/2023\/12\/08\/ze-neto-destina-r-55-milhoes-de-emenda-para-os-hospitais-dom-pedro-e-cleriston-andrade-em-feira\/#primaryimage"},"thumbnailUrl":"https:\/\/portalmf.com.br\/wp-content\/uploads\/2023\/12\/IMG-20231208-WA0146.jpg","datePublished":"2023-12-08T17:35:22+00:00","dateModified":"2023-12-08T17:35:26+00:00","author":{"@id":"https:\/\/portalmf.com.br\/#\/schema\/person\/9ec101baf56233e53520c26de5d6f6f0"},"breadcrumb":{"@id":"https:\/\/portalmf.com.br\/index.php\/2023\/12\/08\/ze-neto-destina-r-55-milhoes-de-emenda-para-os-hospitais-dom-pedro-e-cleriston-andrade-em-feira\/#breadcrumb"},"inLanguage":"pt-BR","potentialAction":[{"@type":"ReadAction","target":["https:\/\/portalmf.com.br\/index.php\/2023\/12\/08\/ze-neto-destina-r-55-milhoes-de-emenda-para-os-hospitais-dom-pedro-e-cleriston-andrade-em-feira\/"]}]},{"@type":"ImageObject","inLanguage":"pt-BR","@id":"https:\/\/portalmf.com.br\/index.php\/2023\/12\/08\/ze-neto-destina-r-55-milhoes-de-emenda-para-os-hospitais-dom-pedro-e-cleriston-andrade-em-feira\/#primaryimage","url":"https:\/\/portalmf.com.br\/wp-content\/uploads\/2023\/12\/IMG-20231208-WA0146.jpg","contentUrl":"https:\/\/portalmf.com.br\/wp-content\/uploads\/2023\/12\/IMG-20231208-WA0146.jpg","width":1600,"height":1200},{"@type":"BreadcrumbList","@id":"https:\/\/portalmf.com.br\/index.php\/2023\/12\/08\/ze-neto-destina-r-55-milhoes-de-emenda-para-os-hospitais-dom-pedro-e-cleriston-andrade-em-feira\/#breadcrumb","itemListElement":[{"@type":"ListItem","position":1,"name":"In\u00edcio","item":"https:\/\/portalmf.com.br\/"},{"@type":"ListItem","position":2,"name":"Z\u00e9 Neto destina R$ 5,5 milh\u00f5es de emenda para os Hospitais Dom Pedro e Cl\u00e9riston Andrade, em Feira"}]},{"@type":"WebSite","@id":"https:\/\/portalmf.com.br\/#website","url":"https:\/\/portalmf.com.br\/","name":"Portal MF","description":"Voc\u00ea conectado com a informa\u00e7\u00e3o","potentialAction":[{"@type":"SearchAction","target":{"@type":"EntryPoint","urlTemplate":"https:\/\/portalmf.com.br\/?s={search_term_string}"},"query-input":"required name=search_term_string"}],"inLanguage":"pt-BR"},{"@type":"Person","@id":"https:\/\/portalmf.com.br\/#\/schema\/person\/9ec101baf56233e53520c26de5d6f6f0","name":"Reda\u00e7\u00e3o Portal MF","image":{"@type":"ImageObject","inLanguage":"pt-BR","@id":"https:\/\/portalmf.com.br\/#\/schema\/person\/image\/","url":"https:\/\/secure.gravatar.com\/avatar\/41b9aaeb2100835f7c64362330f74c7f?s=96&d=mm&r=g","contentUrl":"https:\/\/secure.gravatar.com\/avatar\/41b9aaeb2100835f7c64362330f74c7f?s=96&d=mm&r=g","caption":"Reda\u00e7\u00e3o Portal MF"},"description":"Sejam bem-vindos o portal de informa\u00e7\u00f5es de entretenimento de Feira de Santana, desde 2006 realiza coberturas dos principais eventos com entrevistas exclusivas com as principais personalidades mundiais. Fique conectado tamb\u00e9m nas redes sociais.","sameAs":["http:\/\/www.portalmf.com.br\/","https:\/\/www.facebook.com\/portalmfoficial","https:\/\/www.instagram.com\/portalmf\/","https:\/\/x.com\/https:\/\/x.com\/portalmfoficial","https:\/\/www.youtube.com\/@portalmfoficial"],"url":"https:\/\/portalmf.com.br\/index.php\/author\/junior\/"}]}},"_links":{"self":[{"href":"https:\/\/portalmf.com.br\/index.php\/wp-json\/wp\/v2\/posts\/20773"}],"collection":[{"href":"https:\/\/portalmf.com.br\/index.php\/wp-json\/wp\/v2\/posts"}],"about":[{"href":"https:\/\/portalmf.com.br\/index.php\/wp-json\/wp\/v2\/types\/post"}],"author":[{"embeddable":true,"href":"https:\/\/portalmf.com.br\/index.php\/wp-json\/wp\/v2\/users\/3"}],"replies":[{"embeddable":true,"href":"https:\/\/portalmf.com.br\/index.php\/wp-json\/wp\/v2\/comments?post=20773"}],"version-history":[{"count":1,"href":"https:\/\/portalmf.com.br\/index.php\/wp-json\/wp\/v2\/posts\/20773\/revisions"}],"predecessor-version":[{"id":20776,"href":"https:\/\/portalmf.com.br\/index.php\/wp-json\/wp\/v2\/posts\/20773\/revisions\/20776"}],"wp:featuredmedia":[{"embeddable":true,"href":"https:\/\/portalmf.com.br\/index.php\/wp-json\/wp\/v2\/media\/20774"}],"wp:attachment":[{"href":"https:\/\/portalmf.com.br\/index.php\/wp-json\/wp\/v2\/media?parent=20773"}],"wp:term":[{"taxonomy":"category","embeddable":true,"href":"https:\/\/portalmf.com.br\/index.php\/wp-json\/wp\/v2\/categories?post=20773"},{"taxonomy":"post_tag","embeddable":true,"href":"https:\/\/portalmf.com.br\/index.php\/wp-json\/wp\/v2\/tags?post=20773"}],"curies":[{"name":"wp","href":"https:\/\/api.w.org\/{rel}","templated":true}]}}