{"id":20770,"date":"2023-12-08T12:13:49","date_gmt":"2023-12-08T15:13:49","guid":{"rendered":"https:\/\/portalmf.com.br\/?p=20770"},"modified":"2023-12-08T12:13:50","modified_gmt":"2023-12-08T15:13:50","slug":"diesel-mais-barato-a-partir-desta-sexta-feira-nas-distribuidoras","status":"publish","type":"post","link":"https:\/\/portalmf.com.br\/index.php\/2023\/12\/08\/diesel-mais-barato-a-partir-desta-sexta-feira-nas-distribuidoras\/","title":{"rendered":"Diesel mais barato a partir desta sexta-feira nas distribuidoras"},"content":{"rendered":"\n<p>O litro do diesel nas distribuidoras est\u00e1, em m\u00e9dia, R$ 0,27 menor, a partir desta sexta-feira (8). O valor&nbsp;passa a ser de R$ 3,78. A medida foi anunciada nessa quinta-feira (7) pela Petrobras. No ano, a redu\u00e7\u00e3o acumulada soma R$ 0,71 por litro, o equivalente a 15,8%.<img decoding=\"async\" src=\"https:\/\/agenciabrasil.ebc.com.br\/ebc.png?id=1571301&amp;o=node\"><img decoding=\"async\" src=\"https:\/\/agenciabrasil.ebc.com.br\/ebc.gif?id=1571301&amp;o=node\"><\/p>\n\n\n\n<p>De acordo com a empresa, o ajuste \u00e9 resultado da an\u00e1lise dos fundamentos dos mercados externo e interno, frente \u00e0 estrat\u00e9gia comercial da companhia, implementada em maio de 2023, em substitui\u00e7\u00e3o \u00e0 pol\u00edtica de pre\u00e7os anterior, e que \u201cpassou a incorporar par\u00e2metros que refletem as melhores condi\u00e7\u00f5es de refino e log\u00edstica da Petrobras na sua precifica\u00e7\u00e3o\u201d.<\/p>\n\n\n\n<h2 class=\"wp-block-heading\">Pre\u00e7o m\u00e9dio<\/h2>\n\n\n\n<p>Ao considerar a mistura obrigat\u00f3ria de 88% de diesel A e 12% de biodiesel para a composi\u00e7\u00e3o do diesel comercializado nos postos, a parcela da Petrobras no pre\u00e7o ao consumidor cair\u00e1 R$ 0,24 por litro e passar\u00e1 a ser, em m\u00e9dia, R$ 3,33 a cada litro vendido na bomba. Com isso, o pre\u00e7o m\u00e9dio do diesel A S10 nas bombas poder\u00e1 atingir valor de R$ 5,92 por litro, considerando que o Levantamento de Pre\u00e7os de Combust\u00edveis da Ag\u00eancia Nacional do Petr\u00f3leo, G\u00e1s Natural e Biocombust\u00edveis (ANP) para a semana de 26 de novembro a 2 de dezembro indicou valor m\u00e9dio de R$ 6,16 por litro.<\/p>\n\n\n\n<p>A Petrobras lembra que o valor cobrado ao consumidor final no posto \u00e9 afetado por outros fatores, como impostos, mistura de biocombust\u00edveis e margens de lucro da distribui\u00e7\u00e3o e da revenda. \u201cDa\u00ed, esta estimativa ter prop\u00f3sito meramente referencial, mantidas constantes as demais parcelas que compuseram os pre\u00e7os ao consumidor naquele per\u00edodo\u201d.<\/p>\n\n\n\n<p>A companhia destacou, tamb\u00e9m, que cabe \u00e0s autoridades competentes realizar a\u00e7\u00f5es de fiscaliza\u00e7\u00e3o, autua\u00e7\u00e3o e penaliza\u00e7\u00e3o de pr\u00e1ticas abusivas ou lesivas ao consumidor.<\/p>\n\n\n\n<h2 class=\"wp-block-heading\">Gasolina<\/h2>\n\n\n\n<p>No momento, a Petrobras est\u00e1 mantendo est\u00e1veis seus pre\u00e7os de venda de gasolina \u00e0s distribuidoras, tendo em vista o \u00faltimo movimento realizado em 21 de outubro, de redu\u00e7\u00e3o de R$ 0,12 por litro. No ano, os pre\u00e7os de gasolina A da Petrobras para as distribuidoras acumulam queda de R$ 0,27 por litro, o equivalente a 8,7%.<\/p>\n\n\n\n<p>Para o GLP (g\u00e1s de cozinha), os pre\u00e7os de venda \u00e0s distribuidoras permanecem est\u00e1veis desde o dia 1\u00ba de julho. No ano, os pre\u00e7os do g\u00e1s de cozinha para as distribuidoras acumulam retra\u00e7\u00e3o equivalente a R$ 10,40 por botij\u00e3o de 13 kg, ou 24,7%.<\/p>\n\n\n\n<p>A companhia reiterou que na forma\u00e7\u00e3o de seus pre\u00e7os \u201cbusca evitar o repasse da volatilidade conjuntural do mercado internacional e da taxa de c\u00e2mbio, ao passo que preserva um ambiente competitivo salutar nos termos da legisla\u00e7\u00e3o vigente\u201d.<\/p>\n\n\n\n<p>Com informa\u00e7\u00f5es da Ag\u00eancia Brasil<\/p>\n","protected":false},"excerpt":{"rendered":"<p>O litro do diesel nas distribuidoras est\u00e1, em m\u00e9dia, R$ 0,27 menor, a partir desta sexta-feira (8). O valor&nbsp;passa a ser de R$ 3,78. A medida foi anunciada nessa quinta-feira (7) pela Petrobras. No ano, a redu\u00e7\u00e3o acumulada soma R$ 0,71 por litro, o equivalente a 15,8%. De acordo com a empresa, o ajuste \u00e9 [&hellip;]<\/p>\n","protected":false},"author":3,"featured_media":20771,"comment_status":"open","ping_status":"open","sticky":false,"template":"","format":"standard","meta":{"_monsterinsights_skip_tracking":false,"_monsterinsights_sitenote_active":false,"_monsterinsights_sitenote_note":"","_monsterinsights_sitenote_category":0,"footnotes":""},"categories":[34],"tags":[],"yoast_head":"<!-- This site is optimized with the Yoast SEO plugin v22.9 - https:\/\/yoast.com\/wordpress\/plugins\/seo\/ -->\n<title>Diesel mais barato a partir desta sexta-feira nas distribuidoras - Portal MF<\/title>\n<meta name=\"robots\" content=\"index, follow, max-snippet:-1, max-image-preview:large, max-video-preview:-1\" \/>\n<link rel=\"canonical\" href=\"https:\/\/portalmf.com.br\/index.php\/2023\/12\/08\/diesel-mais-barato-a-partir-desta-sexta-feira-nas-distribuidoras\/\" \/>\n<meta property=\"og:locale\" content=\"pt_BR\" \/>\n<meta property=\"og:type\" content=\"article\" \/>\n<meta property=\"og:title\" content=\"Diesel mais barato a partir desta sexta-feira nas distribuidoras - Portal MF\" \/>\n<meta property=\"og:description\" content=\"O litro do diesel nas distribuidoras est\u00e1, em m\u00e9dia, R$ 0,27 menor, a partir desta sexta-feira (8). O valor&nbsp;passa a ser de R$ 3,78. A medida foi anunciada nessa quinta-feira (7) pela Petrobras. No ano, a redu\u00e7\u00e3o acumulada soma R$ 0,71 por litro, o equivalente a 15,8%. De acordo com a empresa, o ajuste \u00e9 [&hellip;]\" \/>\n<meta property=\"og:url\" content=\"https:\/\/portalmf.com.br\/index.php\/2023\/12\/08\/diesel-mais-barato-a-partir-desta-sexta-feira-nas-distribuidoras\/\" \/>\n<meta property=\"og:site_name\" content=\"Portal MF\" \/>\n<meta property=\"article:author\" content=\"https:\/\/www.facebook.com\/portalmfoficial\" \/>\n<meta property=\"article:published_time\" content=\"2023-12-08T15:13:49+00:00\" \/>\n<meta property=\"article:modified_time\" content=\"2023-12-08T15:13:50+00:00\" \/>\n<meta property=\"og:image\" content=\"https:\/\/portalmf.com.br\/wp-content\/uploads\/2023\/12\/Diesel-mais-barato-a-partir-desta-sexta-feira-nas-distribuidoras.jpg\" \/>\n\t<meta property=\"og:image:width\" content=\"1170\" \/>\n\t<meta property=\"og:image:height\" content=\"700\" \/>\n\t<meta property=\"og:image:type\" content=\"image\/jpeg\" \/>\n<meta name=\"author\" content=\"Reda\u00e7\u00e3o Portal MF\" \/>\n<meta name=\"twitter:card\" content=\"summary_large_image\" \/>\n<meta name=\"twitter:creator\" content=\"@https:\/\/x.com\/portalmfoficial\" \/>\n<meta name=\"twitter:label1\" content=\"Escrito por\" \/>\n\t<meta name=\"twitter:data1\" content=\"Reda\u00e7\u00e3o Portal MF\" \/>\n\t<meta name=\"twitter:label2\" content=\"Est. tempo de leitura\" \/>\n\t<meta name=\"twitter:data2\" content=\"3 minutos\" \/>\n<script type=\"application\/ld+json\" class=\"yoast-schema-graph\">{\"@context\":\"https:\/\/schema.org\",\"@graph\":[{\"@type\":\"WebPage\",\"@id\":\"https:\/\/portalmf.com.br\/index.php\/2023\/12\/08\/diesel-mais-barato-a-partir-desta-sexta-feira-nas-distribuidoras\/\",\"url\":\"https:\/\/portalmf.com.br\/index.php\/2023\/12\/08\/diesel-mais-barato-a-partir-desta-sexta-feira-nas-distribuidoras\/\",\"name\":\"Diesel mais barato a partir desta sexta-feira nas distribuidoras - Portal MF\",\"isPartOf\":{\"@id\":\"https:\/\/portalmf.com.br\/#website\"},\"primaryImageOfPage\":{\"@id\":\"https:\/\/portalmf.com.br\/index.php\/2023\/12\/08\/diesel-mais-barato-a-partir-desta-sexta-feira-nas-distribuidoras\/#primaryimage\"},\"image\":{\"@id\":\"https:\/\/portalmf.com.br\/index.php\/2023\/12\/08\/diesel-mais-barato-a-partir-desta-sexta-feira-nas-distribuidoras\/#primaryimage\"},\"thumbnailUrl\":\"https:\/\/portalmf.com.br\/wp-content\/uploads\/2023\/12\/Diesel-mais-barato-a-partir-desta-sexta-feira-nas-distribuidoras.jpg\",\"datePublished\":\"2023-12-08T15:13:49+00:00\",\"dateModified\":\"2023-12-08T15:13:50+00:00\",\"author\":{\"@id\":\"https:\/\/portalmf.com.br\/#\/schema\/person\/9ec101baf56233e53520c26de5d6f6f0\"},\"breadcrumb\":{\"@id\":\"https:\/\/portalmf.com.br\/index.php\/2023\/12\/08\/diesel-mais-barato-a-partir-desta-sexta-feira-nas-distribuidoras\/#breadcrumb\"},\"inLanguage\":\"pt-BR\",\"potentialAction\":[{\"@type\":\"ReadAction\",\"target\":[\"https:\/\/portalmf.com.br\/index.php\/2023\/12\/08\/diesel-mais-barato-a-partir-desta-sexta-feira-nas-distribuidoras\/\"]}]},{\"@type\":\"ImageObject\",\"inLanguage\":\"pt-BR\",\"@id\":\"https:\/\/portalmf.com.br\/index.php\/2023\/12\/08\/diesel-mais-barato-a-partir-desta-sexta-feira-nas-distribuidoras\/#primaryimage\",\"url\":\"https:\/\/portalmf.com.br\/wp-content\/uploads\/2023\/12\/Diesel-mais-barato-a-partir-desta-sexta-feira-nas-distribuidoras.jpg\",\"contentUrl\":\"https:\/\/portalmf.com.br\/wp-content\/uploads\/2023\/12\/Diesel-mais-barato-a-partir-desta-sexta-feira-nas-distribuidoras.jpg\",\"width\":1170,\"height\":700},{\"@type\":\"BreadcrumbList\",\"@id\":\"https:\/\/portalmf.com.br\/index.php\/2023\/12\/08\/diesel-mais-barato-a-partir-desta-sexta-feira-nas-distribuidoras\/#breadcrumb\",\"itemListElement\":[{\"@type\":\"ListItem\",\"position\":1,\"name\":\"In\u00edcio\",\"item\":\"https:\/\/portalmf.com.br\/\"},{\"@type\":\"ListItem\",\"position\":2,\"name\":\"Diesel mais barato a partir desta sexta-feira nas distribuidoras\"}]},{\"@type\":\"WebSite\",\"@id\":\"https:\/\/portalmf.com.br\/#website\",\"url\":\"https:\/\/portalmf.com.br\/\",\"name\":\"Portal MF\",\"description\":\"Voc\u00ea conectado com a informa\u00e7\u00e3o\",\"potentialAction\":[{\"@type\":\"SearchAction\",\"target\":{\"@type\":\"EntryPoint\",\"urlTemplate\":\"https:\/\/portalmf.com.br\/?s={search_term_string}\"},\"query-input\":\"required name=search_term_string\"}],\"inLanguage\":\"pt-BR\"},{\"@type\":\"Person\",\"@id\":\"https:\/\/portalmf.com.br\/#\/schema\/person\/9ec101baf56233e53520c26de5d6f6f0\",\"name\":\"Reda\u00e7\u00e3o Portal MF\",\"image\":{\"@type\":\"ImageObject\",\"inLanguage\":\"pt-BR\",\"@id\":\"https:\/\/portalmf.com.br\/#\/schema\/person\/image\/\",\"url\":\"https:\/\/secure.gravatar.com\/avatar\/41b9aaeb2100835f7c64362330f74c7f?s=96&d=mm&r=g\",\"contentUrl\":\"https:\/\/secure.gravatar.com\/avatar\/41b9aaeb2100835f7c64362330f74c7f?s=96&d=mm&r=g\",\"caption\":\"Reda\u00e7\u00e3o Portal MF\"},\"description\":\"Sejam bem-vindos o portal de informa\u00e7\u00f5es de entretenimento de Feira de Santana, desde 2006 realiza coberturas dos principais eventos com entrevistas exclusivas com as principais personalidades mundiais. Fique conectado tamb\u00e9m nas redes sociais.\",\"sameAs\":[\"http:\/\/www.portalmf.com.br\/\",\"https:\/\/www.facebook.com\/portalmfoficial\",\"https:\/\/www.instagram.com\/portalmf\/\",\"https:\/\/x.com\/https:\/\/x.com\/portalmfoficial\",\"https:\/\/www.youtube.com\/@portalmfoficial\"],\"url\":\"https:\/\/portalmf.com.br\/index.php\/author\/junior\/\"}]}<\/script>\n<!-- \/ Yoast SEO plugin. -->","yoast_head_json":{"title":"Diesel mais barato a partir desta sexta-feira nas distribuidoras - Portal MF","robots":{"index":"index","follow":"follow","max-snippet":"max-snippet:-1","max-image-preview":"max-image-preview:large","max-video-preview":"max-video-preview:-1"},"canonical":"https:\/\/portalmf.com.br\/index.php\/2023\/12\/08\/diesel-mais-barato-a-partir-desta-sexta-feira-nas-distribuidoras\/","og_locale":"pt_BR","og_type":"article","og_title":"Diesel mais barato a partir desta sexta-feira nas distribuidoras - Portal MF","og_description":"O litro do diesel nas distribuidoras est\u00e1, em m\u00e9dia, R$ 0,27 menor, a partir desta sexta-feira (8). O valor&nbsp;passa a ser de R$ 3,78. A medida foi anunciada nessa quinta-feira (7) pela Petrobras. No ano, a redu\u00e7\u00e3o acumulada soma R$ 0,71 por litro, o equivalente a 15,8%. De acordo com a empresa, o ajuste \u00e9 [&hellip;]","og_url":"https:\/\/portalmf.com.br\/index.php\/2023\/12\/08\/diesel-mais-barato-a-partir-desta-sexta-feira-nas-distribuidoras\/","og_site_name":"Portal MF","article_author":"https:\/\/www.facebook.com\/portalmfoficial","article_published_time":"2023-12-08T15:13:49+00:00","article_modified_time":"2023-12-08T15:13:50+00:00","og_image":[{"width":1170,"height":700,"url":"https:\/\/portalmf.com.br\/wp-content\/uploads\/2023\/12\/Diesel-mais-barato-a-partir-desta-sexta-feira-nas-distribuidoras.jpg","type":"image\/jpeg"}],"author":"Reda\u00e7\u00e3o Portal MF","twitter_card":"summary_large_image","twitter_creator":"@https:\/\/x.com\/portalmfoficial","twitter_misc":{"Escrito por":"Reda\u00e7\u00e3o Portal MF","Est. tempo de leitura":"3 minutos"},"schema":{"@context":"https:\/\/schema.org","@graph":[{"@type":"WebPage","@id":"https:\/\/portalmf.com.br\/index.php\/2023\/12\/08\/diesel-mais-barato-a-partir-desta-sexta-feira-nas-distribuidoras\/","url":"https:\/\/portalmf.com.br\/index.php\/2023\/12\/08\/diesel-mais-barato-a-partir-desta-sexta-feira-nas-distribuidoras\/","name":"Diesel mais barato a partir desta sexta-feira nas distribuidoras - Portal MF","isPartOf":{"@id":"https:\/\/portalmf.com.br\/#website"},"primaryImageOfPage":{"@id":"https:\/\/portalmf.com.br\/index.php\/2023\/12\/08\/diesel-mais-barato-a-partir-desta-sexta-feira-nas-distribuidoras\/#primaryimage"},"image":{"@id":"https:\/\/portalmf.com.br\/index.php\/2023\/12\/08\/diesel-mais-barato-a-partir-desta-sexta-feira-nas-distribuidoras\/#primaryimage"},"thumbnailUrl":"https:\/\/portalmf.com.br\/wp-content\/uploads\/2023\/12\/Diesel-mais-barato-a-partir-desta-sexta-feira-nas-distribuidoras.jpg","datePublished":"2023-12-08T15:13:49+00:00","dateModified":"2023-12-08T15:13:50+00:00","author":{"@id":"https:\/\/portalmf.com.br\/#\/schema\/person\/9ec101baf56233e53520c26de5d6f6f0"},"breadcrumb":{"@id":"https:\/\/portalmf.com.br\/index.php\/2023\/12\/08\/diesel-mais-barato-a-partir-desta-sexta-feira-nas-distribuidoras\/#breadcrumb"},"inLanguage":"pt-BR","potentialAction":[{"@type":"ReadAction","target":["https:\/\/portalmf.com.br\/index.php\/2023\/12\/08\/diesel-mais-barato-a-partir-desta-sexta-feira-nas-distribuidoras\/"]}]},{"@type":"ImageObject","inLanguage":"pt-BR","@id":"https:\/\/portalmf.com.br\/index.php\/2023\/12\/08\/diesel-mais-barato-a-partir-desta-sexta-feira-nas-distribuidoras\/#primaryimage","url":"https:\/\/portalmf.com.br\/wp-content\/uploads\/2023\/12\/Diesel-mais-barato-a-partir-desta-sexta-feira-nas-distribuidoras.jpg","contentUrl":"https:\/\/portalmf.com.br\/wp-content\/uploads\/2023\/12\/Diesel-mais-barato-a-partir-desta-sexta-feira-nas-distribuidoras.jpg","width":1170,"height":700},{"@type":"BreadcrumbList","@id":"https:\/\/portalmf.com.br\/index.php\/2023\/12\/08\/diesel-mais-barato-a-partir-desta-sexta-feira-nas-distribuidoras\/#breadcrumb","itemListElement":[{"@type":"ListItem","position":1,"name":"In\u00edcio","item":"https:\/\/portalmf.com.br\/"},{"@type":"ListItem","position":2,"name":"Diesel mais barato a partir desta sexta-feira nas distribuidoras"}]},{"@type":"WebSite","@id":"https:\/\/portalmf.com.br\/#website","url":"https:\/\/portalmf.com.br\/","name":"Portal MF","description":"Voc\u00ea conectado com a informa\u00e7\u00e3o","potentialAction":[{"@type":"SearchAction","target":{"@type":"EntryPoint","urlTemplate":"https:\/\/portalmf.com.br\/?s={search_term_string}"},"query-input":"required name=search_term_string"}],"inLanguage":"pt-BR"},{"@type":"Person","@id":"https:\/\/portalmf.com.br\/#\/schema\/person\/9ec101baf56233e53520c26de5d6f6f0","name":"Reda\u00e7\u00e3o Portal MF","image":{"@type":"ImageObject","inLanguage":"pt-BR","@id":"https:\/\/portalmf.com.br\/#\/schema\/person\/image\/","url":"https:\/\/secure.gravatar.com\/avatar\/41b9aaeb2100835f7c64362330f74c7f?s=96&d=mm&r=g","contentUrl":"https:\/\/secure.gravatar.com\/avatar\/41b9aaeb2100835f7c64362330f74c7f?s=96&d=mm&r=g","caption":"Reda\u00e7\u00e3o Portal MF"},"description":"Sejam bem-vindos o portal de informa\u00e7\u00f5es de entretenimento de Feira de Santana, desde 2006 realiza coberturas dos principais eventos com entrevistas exclusivas com as principais personalidades mundiais. Fique conectado tamb\u00e9m nas redes sociais.","sameAs":["http:\/\/www.portalmf.com.br\/","https:\/\/www.facebook.com\/portalmfoficial","https:\/\/www.instagram.com\/portalmf\/","https:\/\/x.com\/https:\/\/x.com\/portalmfoficial","https:\/\/www.youtube.com\/@portalmfoficial"],"url":"https:\/\/portalmf.com.br\/index.php\/author\/junior\/"}]}},"_links":{"self":[{"href":"https:\/\/portalmf.com.br\/index.php\/wp-json\/wp\/v2\/posts\/20770"}],"collection":[{"href":"https:\/\/portalmf.com.br\/index.php\/wp-json\/wp\/v2\/posts"}],"about":[{"href":"https:\/\/portalmf.com.br\/index.php\/wp-json\/wp\/v2\/types\/post"}],"author":[{"embeddable":true,"href":"https:\/\/portalmf.com.br\/index.php\/wp-json\/wp\/v2\/users\/3"}],"replies":[{"embeddable":true,"href":"https:\/\/portalmf.com.br\/index.php\/wp-json\/wp\/v2\/comments?post=20770"}],"version-history":[{"count":1,"href":"https:\/\/portalmf.com.br\/index.php\/wp-json\/wp\/v2\/posts\/20770\/revisions"}],"predecessor-version":[{"id":20772,"href":"https:\/\/portalmf.com.br\/index.php\/wp-json\/wp\/v2\/posts\/20770\/revisions\/20772"}],"wp:featuredmedia":[{"embeddable":true,"href":"https:\/\/portalmf.com.br\/index.php\/wp-json\/wp\/v2\/media\/20771"}],"wp:attachment":[{"href":"https:\/\/portalmf.com.br\/index.php\/wp-json\/wp\/v2\/media?parent=20770"}],"wp:term":[{"taxonomy":"category","embeddable":true,"href":"https:\/\/portalmf.com.br\/index.php\/wp-json\/wp\/v2\/categories?post=20770"},{"taxonomy":"post_tag","embeddable":true,"href":"https:\/\/portalmf.com.br\/index.php\/wp-json\/wp\/v2\/tags?post=20770"}],"curies":[{"name":"wp","href":"https:\/\/api.w.org\/{rel}","templated":true}]}}