{"id":20745,"date":"2023-12-07T17:07:03","date_gmt":"2023-12-07T20:07:03","guid":{"rendered":"https:\/\/portalmf.com.br\/?p=20745"},"modified":"2023-12-07T17:07:04","modified_gmt":"2023-12-07T20:07:04","slug":"colbert-filho-visita-fabrica-de-onibus-eletricos-da-byd","status":"publish","type":"post","link":"https:\/\/portalmf.com.br\/index.php\/2023\/12\/07\/colbert-filho-visita-fabrica-de-onibus-eletricos-da-byd\/","title":{"rendered":"Colbert Filho visita f\u00e1brica de \u00f4nibus el\u00e9tricos da BYD"},"content":{"rendered":"\n<p>O prefeito Colbert Filho visitou nesta quinta-feira (7), em Campinas, a montadora chinesa BYD, maior fabricante de \u00f4nibus el\u00e9tricos do mundo. Acompanhado do diretor da montadora, Bruno Paiva, do secret\u00e1rio de Transportes e Tr\u00e2nsito, S\u00e9rgio Carneiro, e de Rodrigo Rosa, presidente da concession\u00e1ria Rosa, o chefe do Executivo Municipal conheceu toda a linha de montagem de chassis voltada \u00e0 mobilidade el\u00e9trica.&nbsp;<\/p>\n\n\n\n<p>Entre as vantagens observadas, energia limpa com os \u00f4nibus 100% el\u00e9tricos sem emiss\u00e3o de carbono, baterias com autonomia para at\u00e9 250km e recarga em apenas 3 horas, baixo n\u00edvel de ru\u00eddos e do custo de manuten\u00e7\u00e3o.<em> \u201cA bateria, por sua vez, \u00e9 considerada o cora\u00e7\u00e3o dos \u00f4nibus el\u00e9tricos\u201d<\/em>, explica Paiva, diretor da Build Your Dreams.\u00a0<\/p>\n\n\n\n<figure class=\"wp-block-image size-large\"><img fetchpriority=\"high\" decoding=\"async\" width=\"1024\" height=\"768\" src=\"https:\/\/portalmf.com.br\/wp-content\/uploads\/2023\/12\/image-1024x768.png\" alt=\"\" class=\"wp-image-20746\" srcset=\"https:\/\/portalmf.com.br\/wp-content\/uploads\/2023\/12\/image-1024x768.png 1024w, https:\/\/portalmf.com.br\/wp-content\/uploads\/2023\/12\/image-300x225.png 300w, https:\/\/portalmf.com.br\/wp-content\/uploads\/2023\/12\/image-768x576.png 768w, https:\/\/portalmf.com.br\/wp-content\/uploads\/2023\/12\/image-1536x1152.png 1536w, https:\/\/portalmf.com.br\/wp-content\/uploads\/2023\/12\/image-1170x878.png 1170w, https:\/\/portalmf.com.br\/wp-content\/uploads\/2023\/12\/image-585x439.png 585w, https:\/\/portalmf.com.br\/wp-content\/uploads\/2023\/12\/image.png 1600w\" sizes=\"(max-width: 1024px) 100vw, 1024px\" \/><figcaption class=\"wp-element-caption\"><strong>Foto: Andrews Pedra Branca<\/strong><\/figcaption><\/figure>\n\n\n\n<p>A garantia para esse tipo de modal \u00e9 de oito anos &#8211; isso devido a&nbsp; simplicidade tecnol\u00f3gica dos \u00f4nibus el\u00e9tricos. E mais: o moderno layout dos \u00f4nibus comporta tr\u00eas portas em ambos os lados da carroceria, otimizando o embarque e desembarque dos passageiros.&nbsp;<\/p>\n\n\n\n<p><em>\u201cVimos aqui uma f\u00e1brica com tecnologia de ponta e equipes de excel\u00eancia do Brasil e da China. Feira de Santana tem todo o interesse em entrar pela porta da frente na mobilidade el\u00e9trica. Agradecemos \u00e0 BYD por estar conosco apontando o melhor caminho\u201d<\/em>, ressalta o prefeito Colbert Filho.\u00a0<\/p>\n\n\n\n<figure class=\"wp-block-image size-large\"><img decoding=\"async\" width=\"1024\" height=\"768\" src=\"https:\/\/portalmf.com.br\/wp-content\/uploads\/2023\/12\/image-1-1024x768.png\" alt=\"\" class=\"wp-image-20747\" srcset=\"https:\/\/portalmf.com.br\/wp-content\/uploads\/2023\/12\/image-1-1024x768.png 1024w, https:\/\/portalmf.com.br\/wp-content\/uploads\/2023\/12\/image-1-300x225.png 300w, https:\/\/portalmf.com.br\/wp-content\/uploads\/2023\/12\/image-1-768x576.png 768w, https:\/\/portalmf.com.br\/wp-content\/uploads\/2023\/12\/image-1-1536x1152.png 1536w, https:\/\/portalmf.com.br\/wp-content\/uploads\/2023\/12\/image-1-1170x878.png 1170w, https:\/\/portalmf.com.br\/wp-content\/uploads\/2023\/12\/image-1-585x439.png 585w, https:\/\/portalmf.com.br\/wp-content\/uploads\/2023\/12\/image-1.png 1600w\" sizes=\"(max-width: 1024px) 100vw, 1024px\" \/><figcaption class=\"wp-element-caption\"><strong>Foto: Andrews Pedra Branca<\/strong><\/figcaption><\/figure>\n\n\n\n<p>A empresa chinesa BYD \u00e9 refer\u00eancia ainda em energia solar, mobilidade el\u00e9trica, armazenamento de energia, al\u00e9m de figurar como a segunda maior produtora de componentes eletr\u00f4nicos do mundo.<\/p>\n\n\n\n<p><em>\u201cEstamos visitando com o nosso prefeito no prop\u00f3sito de estudar a melhor viabilidade de um projeto inovador de mobilidade com \u00f4nibus el\u00e9tricos\u201d<\/em>, afirmou o secret\u00e1rio S\u00e9rgio Carneiro.\u00a0<\/p>\n\n\n\n<p><strong>BYD Brasil<\/strong><\/p>\n\n\n\n<p>A unidade de Campinas \u00e9 respons\u00e1vel pela montagem de \u00f4nibus el\u00e9tricos e de baterias de fosfato de ferro. A unidade no interior de S\u00e3o Paulo tamb\u00e9m abriga a fabrica\u00e7\u00e3o de pain\u00e9is solares e o Centro de Pesquisa e Desenvolvimento (P&amp;D) da empresa no Brasil &#8211; focado em estudos e tecnologias para ve\u00edculos el\u00e9tricos, baterias, smart grid (rede inteligente de distribui\u00e7\u00e3o de energia), energia solar e ilumina\u00e7\u00e3o.<\/p>\n","protected":false},"excerpt":{"rendered":"<p>O prefeito Colbert Filho visitou nesta quinta-feira (7), em Campinas, a montadora chinesa BYD, maior fabricante de \u00f4nibus el\u00e9tricos do mundo. Acompanhado do diretor da montadora, Bruno Paiva, do secret\u00e1rio de Transportes e Tr\u00e2nsito, S\u00e9rgio Carneiro, e de Rodrigo Rosa, presidente da concession\u00e1ria Rosa, o chefe do Executivo Municipal conheceu toda a linha de montagem [&hellip;]<\/p>\n","protected":false},"author":3,"featured_media":20748,"comment_status":"open","ping_status":"open","sticky":false,"template":"","format":"standard","meta":{"_monsterinsights_skip_tracking":false,"_monsterinsights_sitenote_active":false,"_monsterinsights_sitenote_note":"","_monsterinsights_sitenote_category":0,"footnotes":""},"categories":[34],"tags":[],"yoast_head":"<!-- This site is optimized with the Yoast SEO plugin v22.9 - https:\/\/yoast.com\/wordpress\/plugins\/seo\/ -->\n<title>Colbert Filho visita f\u00e1brica de \u00f4nibus el\u00e9tricos da BYD - Portal MF<\/title>\n<meta name=\"robots\" content=\"index, follow, max-snippet:-1, max-image-preview:large, max-video-preview:-1\" \/>\n<link rel=\"canonical\" href=\"https:\/\/portalmf.com.br\/index.php\/2023\/12\/07\/colbert-filho-visita-fabrica-de-onibus-eletricos-da-byd\/\" \/>\n<meta property=\"og:locale\" content=\"pt_BR\" \/>\n<meta property=\"og:type\" content=\"article\" \/>\n<meta property=\"og:title\" content=\"Colbert Filho visita f\u00e1brica de \u00f4nibus el\u00e9tricos da BYD - Portal MF\" \/>\n<meta property=\"og:description\" content=\"O prefeito Colbert Filho visitou nesta quinta-feira (7), em Campinas, a montadora chinesa BYD, maior fabricante de \u00f4nibus el\u00e9tricos do mundo. Acompanhado do diretor da montadora, Bruno Paiva, do secret\u00e1rio de Transportes e Tr\u00e2nsito, S\u00e9rgio Carneiro, e de Rodrigo Rosa, presidente da concession\u00e1ria Rosa, o chefe do Executivo Municipal conheceu toda a linha de montagem [&hellip;]\" \/>\n<meta property=\"og:url\" content=\"https:\/\/portalmf.com.br\/index.php\/2023\/12\/07\/colbert-filho-visita-fabrica-de-onibus-eletricos-da-byd\/\" \/>\n<meta property=\"og:site_name\" content=\"Portal MF\" \/>\n<meta property=\"article:author\" content=\"https:\/\/www.facebook.com\/portalmfoficial\" \/>\n<meta property=\"article:published_time\" content=\"2023-12-07T20:07:03+00:00\" \/>\n<meta property=\"article:modified_time\" content=\"2023-12-07T20:07:04+00:00\" \/>\n<meta property=\"og:image\" content=\"https:\/\/portalmf.com.br\/wp-content\/uploads\/2023\/12\/IMG-20231207-WA0053.jpg\" \/>\n\t<meta property=\"og:image:width\" content=\"1600\" \/>\n\t<meta property=\"og:image:height\" content=\"1200\" \/>\n\t<meta property=\"og:image:type\" content=\"image\/jpeg\" \/>\n<meta name=\"author\" content=\"Reda\u00e7\u00e3o Portal MF\" \/>\n<meta name=\"twitter:card\" content=\"summary_large_image\" \/>\n<meta name=\"twitter:creator\" content=\"@https:\/\/x.com\/portalmfoficial\" \/>\n<meta name=\"twitter:label1\" content=\"Escrito por\" \/>\n\t<meta name=\"twitter:data1\" content=\"Reda\u00e7\u00e3o Portal MF\" \/>\n\t<meta name=\"twitter:label2\" content=\"Est. tempo de leitura\" \/>\n\t<meta name=\"twitter:data2\" content=\"3 minutos\" \/>\n<script type=\"application\/ld+json\" class=\"yoast-schema-graph\">{\"@context\":\"https:\/\/schema.org\",\"@graph\":[{\"@type\":\"WebPage\",\"@id\":\"https:\/\/portalmf.com.br\/index.php\/2023\/12\/07\/colbert-filho-visita-fabrica-de-onibus-eletricos-da-byd\/\",\"url\":\"https:\/\/portalmf.com.br\/index.php\/2023\/12\/07\/colbert-filho-visita-fabrica-de-onibus-eletricos-da-byd\/\",\"name\":\"Colbert Filho visita f\u00e1brica de \u00f4nibus el\u00e9tricos da BYD - Portal MF\",\"isPartOf\":{\"@id\":\"https:\/\/portalmf.com.br\/#website\"},\"primaryImageOfPage\":{\"@id\":\"https:\/\/portalmf.com.br\/index.php\/2023\/12\/07\/colbert-filho-visita-fabrica-de-onibus-eletricos-da-byd\/#primaryimage\"},\"image\":{\"@id\":\"https:\/\/portalmf.com.br\/index.php\/2023\/12\/07\/colbert-filho-visita-fabrica-de-onibus-eletricos-da-byd\/#primaryimage\"},\"thumbnailUrl\":\"https:\/\/portalmf.com.br\/wp-content\/uploads\/2023\/12\/IMG-20231207-WA0053.jpg\",\"datePublished\":\"2023-12-07T20:07:03+00:00\",\"dateModified\":\"2023-12-07T20:07:04+00:00\",\"author\":{\"@id\":\"https:\/\/portalmf.com.br\/#\/schema\/person\/9ec101baf56233e53520c26de5d6f6f0\"},\"breadcrumb\":{\"@id\":\"https:\/\/portalmf.com.br\/index.php\/2023\/12\/07\/colbert-filho-visita-fabrica-de-onibus-eletricos-da-byd\/#breadcrumb\"},\"inLanguage\":\"pt-BR\",\"potentialAction\":[{\"@type\":\"ReadAction\",\"target\":[\"https:\/\/portalmf.com.br\/index.php\/2023\/12\/07\/colbert-filho-visita-fabrica-de-onibus-eletricos-da-byd\/\"]}]},{\"@type\":\"ImageObject\",\"inLanguage\":\"pt-BR\",\"@id\":\"https:\/\/portalmf.com.br\/index.php\/2023\/12\/07\/colbert-filho-visita-fabrica-de-onibus-eletricos-da-byd\/#primaryimage\",\"url\":\"https:\/\/portalmf.com.br\/wp-content\/uploads\/2023\/12\/IMG-20231207-WA0053.jpg\",\"contentUrl\":\"https:\/\/portalmf.com.br\/wp-content\/uploads\/2023\/12\/IMG-20231207-WA0053.jpg\",\"width\":1600,\"height\":1200},{\"@type\":\"BreadcrumbList\",\"@id\":\"https:\/\/portalmf.com.br\/index.php\/2023\/12\/07\/colbert-filho-visita-fabrica-de-onibus-eletricos-da-byd\/#breadcrumb\",\"itemListElement\":[{\"@type\":\"ListItem\",\"position\":1,\"name\":\"In\u00edcio\",\"item\":\"https:\/\/portalmf.com.br\/\"},{\"@type\":\"ListItem\",\"position\":2,\"name\":\"Colbert Filho visita f\u00e1brica de \u00f4nibus el\u00e9tricos da BYD\"}]},{\"@type\":\"WebSite\",\"@id\":\"https:\/\/portalmf.com.br\/#website\",\"url\":\"https:\/\/portalmf.com.br\/\",\"name\":\"Portal MF\",\"description\":\"Voc\u00ea conectado com a informa\u00e7\u00e3o\",\"potentialAction\":[{\"@type\":\"SearchAction\",\"target\":{\"@type\":\"EntryPoint\",\"urlTemplate\":\"https:\/\/portalmf.com.br\/?s={search_term_string}\"},\"query-input\":\"required name=search_term_string\"}],\"inLanguage\":\"pt-BR\"},{\"@type\":\"Person\",\"@id\":\"https:\/\/portalmf.com.br\/#\/schema\/person\/9ec101baf56233e53520c26de5d6f6f0\",\"name\":\"Reda\u00e7\u00e3o Portal MF\",\"image\":{\"@type\":\"ImageObject\",\"inLanguage\":\"pt-BR\",\"@id\":\"https:\/\/portalmf.com.br\/#\/schema\/person\/image\/\",\"url\":\"https:\/\/secure.gravatar.com\/avatar\/41b9aaeb2100835f7c64362330f74c7f?s=96&d=mm&r=g\",\"contentUrl\":\"https:\/\/secure.gravatar.com\/avatar\/41b9aaeb2100835f7c64362330f74c7f?s=96&d=mm&r=g\",\"caption\":\"Reda\u00e7\u00e3o Portal MF\"},\"description\":\"Sejam bem-vindos o portal de informa\u00e7\u00f5es de entretenimento de Feira de Santana, desde 2006 realiza coberturas dos principais eventos com entrevistas exclusivas com as principais personalidades mundiais. Fique conectado tamb\u00e9m nas redes sociais.\",\"sameAs\":[\"http:\/\/www.portalmf.com.br\/\",\"https:\/\/www.facebook.com\/portalmfoficial\",\"https:\/\/www.instagram.com\/portalmf\/\",\"https:\/\/x.com\/https:\/\/x.com\/portalmfoficial\",\"https:\/\/www.youtube.com\/@portalmfoficial\"],\"url\":\"https:\/\/portalmf.com.br\/index.php\/author\/junior\/\"}]}<\/script>\n<!-- \/ Yoast SEO plugin. -->","yoast_head_json":{"title":"Colbert Filho visita f\u00e1brica de \u00f4nibus el\u00e9tricos da BYD - Portal MF","robots":{"index":"index","follow":"follow","max-snippet":"max-snippet:-1","max-image-preview":"max-image-preview:large","max-video-preview":"max-video-preview:-1"},"canonical":"https:\/\/portalmf.com.br\/index.php\/2023\/12\/07\/colbert-filho-visita-fabrica-de-onibus-eletricos-da-byd\/","og_locale":"pt_BR","og_type":"article","og_title":"Colbert Filho visita f\u00e1brica de \u00f4nibus el\u00e9tricos da BYD - Portal MF","og_description":"O prefeito Colbert Filho visitou nesta quinta-feira (7), em Campinas, a montadora chinesa BYD, maior fabricante de \u00f4nibus el\u00e9tricos do mundo. Acompanhado do diretor da montadora, Bruno Paiva, do secret\u00e1rio de Transportes e Tr\u00e2nsito, S\u00e9rgio Carneiro, e de Rodrigo Rosa, presidente da concession\u00e1ria Rosa, o chefe do Executivo Municipal conheceu toda a linha de montagem [&hellip;]","og_url":"https:\/\/portalmf.com.br\/index.php\/2023\/12\/07\/colbert-filho-visita-fabrica-de-onibus-eletricos-da-byd\/","og_site_name":"Portal MF","article_author":"https:\/\/www.facebook.com\/portalmfoficial","article_published_time":"2023-12-07T20:07:03+00:00","article_modified_time":"2023-12-07T20:07:04+00:00","og_image":[{"width":1600,"height":1200,"url":"https:\/\/portalmf.com.br\/wp-content\/uploads\/2023\/12\/IMG-20231207-WA0053.jpg","type":"image\/jpeg"}],"author":"Reda\u00e7\u00e3o Portal MF","twitter_card":"summary_large_image","twitter_creator":"@https:\/\/x.com\/portalmfoficial","twitter_misc":{"Escrito por":"Reda\u00e7\u00e3o Portal MF","Est. tempo de leitura":"3 minutos"},"schema":{"@context":"https:\/\/schema.org","@graph":[{"@type":"WebPage","@id":"https:\/\/portalmf.com.br\/index.php\/2023\/12\/07\/colbert-filho-visita-fabrica-de-onibus-eletricos-da-byd\/","url":"https:\/\/portalmf.com.br\/index.php\/2023\/12\/07\/colbert-filho-visita-fabrica-de-onibus-eletricos-da-byd\/","name":"Colbert Filho visita f\u00e1brica de \u00f4nibus el\u00e9tricos da BYD - Portal MF","isPartOf":{"@id":"https:\/\/portalmf.com.br\/#website"},"primaryImageOfPage":{"@id":"https:\/\/portalmf.com.br\/index.php\/2023\/12\/07\/colbert-filho-visita-fabrica-de-onibus-eletricos-da-byd\/#primaryimage"},"image":{"@id":"https:\/\/portalmf.com.br\/index.php\/2023\/12\/07\/colbert-filho-visita-fabrica-de-onibus-eletricos-da-byd\/#primaryimage"},"thumbnailUrl":"https:\/\/portalmf.com.br\/wp-content\/uploads\/2023\/12\/IMG-20231207-WA0053.jpg","datePublished":"2023-12-07T20:07:03+00:00","dateModified":"2023-12-07T20:07:04+00:00","author":{"@id":"https:\/\/portalmf.com.br\/#\/schema\/person\/9ec101baf56233e53520c26de5d6f6f0"},"breadcrumb":{"@id":"https:\/\/portalmf.com.br\/index.php\/2023\/12\/07\/colbert-filho-visita-fabrica-de-onibus-eletricos-da-byd\/#breadcrumb"},"inLanguage":"pt-BR","potentialAction":[{"@type":"ReadAction","target":["https:\/\/portalmf.com.br\/index.php\/2023\/12\/07\/colbert-filho-visita-fabrica-de-onibus-eletricos-da-byd\/"]}]},{"@type":"ImageObject","inLanguage":"pt-BR","@id":"https:\/\/portalmf.com.br\/index.php\/2023\/12\/07\/colbert-filho-visita-fabrica-de-onibus-eletricos-da-byd\/#primaryimage","url":"https:\/\/portalmf.com.br\/wp-content\/uploads\/2023\/12\/IMG-20231207-WA0053.jpg","contentUrl":"https:\/\/portalmf.com.br\/wp-content\/uploads\/2023\/12\/IMG-20231207-WA0053.jpg","width":1600,"height":1200},{"@type":"BreadcrumbList","@id":"https:\/\/portalmf.com.br\/index.php\/2023\/12\/07\/colbert-filho-visita-fabrica-de-onibus-eletricos-da-byd\/#breadcrumb","itemListElement":[{"@type":"ListItem","position":1,"name":"In\u00edcio","item":"https:\/\/portalmf.com.br\/"},{"@type":"ListItem","position":2,"name":"Colbert Filho visita f\u00e1brica de \u00f4nibus el\u00e9tricos da BYD"}]},{"@type":"WebSite","@id":"https:\/\/portalmf.com.br\/#website","url":"https:\/\/portalmf.com.br\/","name":"Portal MF","description":"Voc\u00ea conectado com a informa\u00e7\u00e3o","potentialAction":[{"@type":"SearchAction","target":{"@type":"EntryPoint","urlTemplate":"https:\/\/portalmf.com.br\/?s={search_term_string}"},"query-input":"required name=search_term_string"}],"inLanguage":"pt-BR"},{"@type":"Person","@id":"https:\/\/portalmf.com.br\/#\/schema\/person\/9ec101baf56233e53520c26de5d6f6f0","name":"Reda\u00e7\u00e3o Portal MF","image":{"@type":"ImageObject","inLanguage":"pt-BR","@id":"https:\/\/portalmf.com.br\/#\/schema\/person\/image\/","url":"https:\/\/secure.gravatar.com\/avatar\/41b9aaeb2100835f7c64362330f74c7f?s=96&d=mm&r=g","contentUrl":"https:\/\/secure.gravatar.com\/avatar\/41b9aaeb2100835f7c64362330f74c7f?s=96&d=mm&r=g","caption":"Reda\u00e7\u00e3o Portal MF"},"description":"Sejam bem-vindos o portal de informa\u00e7\u00f5es de entretenimento de Feira de Santana, desde 2006 realiza coberturas dos principais eventos com entrevistas exclusivas com as principais personalidades mundiais. Fique conectado tamb\u00e9m nas redes sociais.","sameAs":["http:\/\/www.portalmf.com.br\/","https:\/\/www.facebook.com\/portalmfoficial","https:\/\/www.instagram.com\/portalmf\/","https:\/\/x.com\/https:\/\/x.com\/portalmfoficial","https:\/\/www.youtube.com\/@portalmfoficial"],"url":"https:\/\/portalmf.com.br\/index.php\/author\/junior\/"}]}},"_links":{"self":[{"href":"https:\/\/portalmf.com.br\/index.php\/wp-json\/wp\/v2\/posts\/20745"}],"collection":[{"href":"https:\/\/portalmf.com.br\/index.php\/wp-json\/wp\/v2\/posts"}],"about":[{"href":"https:\/\/portalmf.com.br\/index.php\/wp-json\/wp\/v2\/types\/post"}],"author":[{"embeddable":true,"href":"https:\/\/portalmf.com.br\/index.php\/wp-json\/wp\/v2\/users\/3"}],"replies":[{"embeddable":true,"href":"https:\/\/portalmf.com.br\/index.php\/wp-json\/wp\/v2\/comments?post=20745"}],"version-history":[{"count":1,"href":"https:\/\/portalmf.com.br\/index.php\/wp-json\/wp\/v2\/posts\/20745\/revisions"}],"predecessor-version":[{"id":20749,"href":"https:\/\/portalmf.com.br\/index.php\/wp-json\/wp\/v2\/posts\/20745\/revisions\/20749"}],"wp:featuredmedia":[{"embeddable":true,"href":"https:\/\/portalmf.com.br\/index.php\/wp-json\/wp\/v2\/media\/20748"}],"wp:attachment":[{"href":"https:\/\/portalmf.com.br\/index.php\/wp-json\/wp\/v2\/media?parent=20745"}],"wp:term":[{"taxonomy":"category","embeddable":true,"href":"https:\/\/portalmf.com.br\/index.php\/wp-json\/wp\/v2\/categories?post=20745"},{"taxonomy":"post_tag","embeddable":true,"href":"https:\/\/portalmf.com.br\/index.php\/wp-json\/wp\/v2\/tags?post=20745"}],"curies":[{"name":"wp","href":"https:\/\/api.w.org\/{rel}","templated":true}]}}