{"id":20742,"date":"2023-12-07T17:04:07","date_gmt":"2023-12-07T20:04:07","guid":{"rendered":"https:\/\/portalmf.com.br\/?p=20742"},"modified":"2023-12-07T17:04:10","modified_gmt":"2023-12-07T20:04:10","slug":"governo-da-bahia-publica-licitacao-para-construcao-do-hospital-regional-de-jacobina","status":"publish","type":"post","link":"https:\/\/portalmf.com.br\/index.php\/2023\/12\/07\/governo-da-bahia-publica-licitacao-para-construcao-do-hospital-regional-de-jacobina\/","title":{"rendered":"Governo da Bahia publica licita\u00e7\u00e3o para constru\u00e7\u00e3o do Hospital Regional de Jacobina"},"content":{"rendered":"\n<p>Foi publicado no Di\u00e1rio Oficial do Estado desta quinta-feira (7), o aviso de licita\u00e7\u00e3o para elabora\u00e7\u00e3o de projeto e constru\u00e7\u00e3o do Hospital Regional de Jacobina, localizado em Jacobina e que ir\u00e1 atender toda a regi\u00e3o do munic\u00edpio, no centro-norte da Bahia. Ser\u00e3o investidos cerca de R$ 120 milh\u00f5es para as obras da unidade de sa\u00fade.<\/p>\n\n\n\n<p>O hospital contar\u00e1 com atendimento de urg\u00eancia e emerg\u00eancia adulto, pedi\u00e1trico e obst\u00e9trico e 142 leitos, sendo 112 de enfermaria e interna\u00e7\u00e3o, 20 de Unidade de Terapia Intensiva (UTI) Adulta, 4 de UTI Neonatal, 4 de Unidade de Cuidado Intermedi\u00e1rio Neonatal (UCINCo) e 2 de Unidade de Cuidado Intermedi\u00e1rio Neonatal Canguru (UCINCa). Ainda haver\u00e1 centros cir\u00fargico e obst\u00e9trico, salas de Tomografia, Raio X, Ultrassonografia, ECG e ECO, servi\u00e7o de endoscopia, laborat\u00f3rio de patologia cl\u00ednica e ag\u00eancia transfusional.<\/p>\n\n\n\n<p>\u201cQuando falamos que o Governo da Bahia vem revolucionando a sa\u00fade no Estado \u00e9 por conta de investimentos com esse. O Hospital Regional de Jacobina ir\u00e1 trazer uma nova realidade na assist\u00eancia \u00e0 popula\u00e7\u00e3o do centro-norte, melhorando a qualidade de vida e evitando que as pessoas precisem se deslocar para outros munic\u00edpios. \u00c9 mais uma unidade que ir\u00e1 contribuir decisivamente para a nossa pol\u00edtica de Regionaliza\u00e7\u00e3o da sa\u00fade na Bahia\u201d, afirma a secret\u00e1ria da Sa\u00fade da Bahia, Roberta Santana.<\/p>\n\n\n\n<p>A nova unidade atender\u00e1 por demanda espont\u00e2nea e referenciada pela Central de Regula\u00e7\u00e3o de Urg\u00eancias do SAMU Regional de Jacobina e pela Central Estadual de Regula\u00e7\u00e3o, integrado aos demais pontos de assist\u00eancia.<\/p>\n\n\n\n<p>A previs\u00e3o \u00e9 que o Hospital Regional de Jacobina seja entregue dentro de dois anos. Enquanto isso, a assist\u00eancia \u00e0 popula\u00e7\u00e3o da regi\u00e3o vem sendo realizada no Hospital Regional Vicentina Goulart, estadualizado neste ano e que est\u00e1 passando por reformas para amplia\u00e7\u00e3o no atendimento.<\/p>\n","protected":false},"excerpt":{"rendered":"<p>Foi publicado no Di\u00e1rio Oficial do Estado desta quinta-feira (7), o aviso de licita\u00e7\u00e3o para elabora\u00e7\u00e3o de projeto e constru\u00e7\u00e3o do Hospital Regional de Jacobina, localizado em Jacobina e que ir\u00e1 atender toda a regi\u00e3o do munic\u00edpio, no centro-norte da Bahia. Ser\u00e3o investidos cerca de R$ 120 milh\u00f5es para as obras da unidade de sa\u00fade. [&hellip;]<\/p>\n","protected":false},"author":3,"featured_media":20743,"comment_status":"open","ping_status":"open","sticky":false,"template":"","format":"standard","meta":{"_monsterinsights_skip_tracking":false,"_monsterinsights_sitenote_active":false,"_monsterinsights_sitenote_note":"","_monsterinsights_sitenote_category":0,"footnotes":""},"categories":[34],"tags":[],"yoast_head":"<!-- This site is optimized with the Yoast SEO plugin v22.9 - https:\/\/yoast.com\/wordpress\/plugins\/seo\/ -->\n<title>Governo da Bahia publica licita\u00e7\u00e3o para constru\u00e7\u00e3o do Hospital Regional de Jacobina - Portal MF<\/title>\n<meta name=\"robots\" content=\"index, follow, max-snippet:-1, max-image-preview:large, max-video-preview:-1\" \/>\n<link rel=\"canonical\" href=\"https:\/\/portalmf.com.br\/index.php\/2023\/12\/07\/governo-da-bahia-publica-licitacao-para-construcao-do-hospital-regional-de-jacobina\/\" \/>\n<meta property=\"og:locale\" content=\"pt_BR\" \/>\n<meta property=\"og:type\" content=\"article\" \/>\n<meta property=\"og:title\" content=\"Governo da Bahia publica licita\u00e7\u00e3o para constru\u00e7\u00e3o do Hospital Regional de Jacobina - Portal MF\" \/>\n<meta property=\"og:description\" content=\"Foi publicado no Di\u00e1rio Oficial do Estado desta quinta-feira (7), o aviso de licita\u00e7\u00e3o para elabora\u00e7\u00e3o de projeto e constru\u00e7\u00e3o do Hospital Regional de Jacobina, localizado em Jacobina e que ir\u00e1 atender toda a regi\u00e3o do munic\u00edpio, no centro-norte da Bahia. Ser\u00e3o investidos cerca de R$ 120 milh\u00f5es para as obras da unidade de sa\u00fade. [&hellip;]\" \/>\n<meta property=\"og:url\" content=\"https:\/\/portalmf.com.br\/index.php\/2023\/12\/07\/governo-da-bahia-publica-licitacao-para-construcao-do-hospital-regional-de-jacobina\/\" \/>\n<meta property=\"og:site_name\" content=\"Portal MF\" \/>\n<meta property=\"article:author\" content=\"https:\/\/www.facebook.com\/portalmfoficial\" \/>\n<meta property=\"article:published_time\" content=\"2023-12-07T20:04:07+00:00\" \/>\n<meta property=\"article:modified_time\" content=\"2023-12-07T20:04:10+00:00\" \/>\n<meta property=\"og:image\" content=\"https:\/\/portalmf.com.br\/wp-content\/uploads\/2023\/12\/Foto-Leonardo-Rattes-SAUDE-GOVBA.jpg\" \/>\n\t<meta property=\"og:image:width\" content=\"1200\" \/>\n\t<meta property=\"og:image:height\" content=\"800\" \/>\n\t<meta property=\"og:image:type\" content=\"image\/jpeg\" \/>\n<meta name=\"author\" content=\"Reda\u00e7\u00e3o Portal MF\" \/>\n<meta name=\"twitter:card\" content=\"summary_large_image\" \/>\n<meta name=\"twitter:creator\" content=\"@https:\/\/x.com\/portalmfoficial\" \/>\n<meta name=\"twitter:label1\" content=\"Escrito por\" \/>\n\t<meta name=\"twitter:data1\" content=\"Reda\u00e7\u00e3o Portal MF\" \/>\n\t<meta name=\"twitter:label2\" content=\"Est. tempo de leitura\" \/>\n\t<meta name=\"twitter:data2\" content=\"2 minutos\" \/>\n<script type=\"application\/ld+json\" class=\"yoast-schema-graph\">{\"@context\":\"https:\/\/schema.org\",\"@graph\":[{\"@type\":\"WebPage\",\"@id\":\"https:\/\/portalmf.com.br\/index.php\/2023\/12\/07\/governo-da-bahia-publica-licitacao-para-construcao-do-hospital-regional-de-jacobina\/\",\"url\":\"https:\/\/portalmf.com.br\/index.php\/2023\/12\/07\/governo-da-bahia-publica-licitacao-para-construcao-do-hospital-regional-de-jacobina\/\",\"name\":\"Governo da Bahia publica licita\u00e7\u00e3o para constru\u00e7\u00e3o do Hospital Regional de Jacobina - Portal MF\",\"isPartOf\":{\"@id\":\"https:\/\/portalmf.com.br\/#website\"},\"primaryImageOfPage\":{\"@id\":\"https:\/\/portalmf.com.br\/index.php\/2023\/12\/07\/governo-da-bahia-publica-licitacao-para-construcao-do-hospital-regional-de-jacobina\/#primaryimage\"},\"image\":{\"@id\":\"https:\/\/portalmf.com.br\/index.php\/2023\/12\/07\/governo-da-bahia-publica-licitacao-para-construcao-do-hospital-regional-de-jacobina\/#primaryimage\"},\"thumbnailUrl\":\"https:\/\/portalmf.com.br\/wp-content\/uploads\/2023\/12\/Foto-Leonardo-Rattes-SAUDE-GOVBA.jpg\",\"datePublished\":\"2023-12-07T20:04:07+00:00\",\"dateModified\":\"2023-12-07T20:04:10+00:00\",\"author\":{\"@id\":\"https:\/\/portalmf.com.br\/#\/schema\/person\/9ec101baf56233e53520c26de5d6f6f0\"},\"breadcrumb\":{\"@id\":\"https:\/\/portalmf.com.br\/index.php\/2023\/12\/07\/governo-da-bahia-publica-licitacao-para-construcao-do-hospital-regional-de-jacobina\/#breadcrumb\"},\"inLanguage\":\"pt-BR\",\"potentialAction\":[{\"@type\":\"ReadAction\",\"target\":[\"https:\/\/portalmf.com.br\/index.php\/2023\/12\/07\/governo-da-bahia-publica-licitacao-para-construcao-do-hospital-regional-de-jacobina\/\"]}]},{\"@type\":\"ImageObject\",\"inLanguage\":\"pt-BR\",\"@id\":\"https:\/\/portalmf.com.br\/index.php\/2023\/12\/07\/governo-da-bahia-publica-licitacao-para-construcao-do-hospital-regional-de-jacobina\/#primaryimage\",\"url\":\"https:\/\/portalmf.com.br\/wp-content\/uploads\/2023\/12\/Foto-Leonardo-Rattes-SAUDE-GOVBA.jpg\",\"contentUrl\":\"https:\/\/portalmf.com.br\/wp-content\/uploads\/2023\/12\/Foto-Leonardo-Rattes-SAUDE-GOVBA.jpg\",\"width\":1200,\"height\":800},{\"@type\":\"BreadcrumbList\",\"@id\":\"https:\/\/portalmf.com.br\/index.php\/2023\/12\/07\/governo-da-bahia-publica-licitacao-para-construcao-do-hospital-regional-de-jacobina\/#breadcrumb\",\"itemListElement\":[{\"@type\":\"ListItem\",\"position\":1,\"name\":\"In\u00edcio\",\"item\":\"https:\/\/portalmf.com.br\/\"},{\"@type\":\"ListItem\",\"position\":2,\"name\":\"Governo da Bahia publica licita\u00e7\u00e3o para constru\u00e7\u00e3o do Hospital Regional de Jacobina\"}]},{\"@type\":\"WebSite\",\"@id\":\"https:\/\/portalmf.com.br\/#website\",\"url\":\"https:\/\/portalmf.com.br\/\",\"name\":\"Portal MF\",\"description\":\"Voc\u00ea conectado com a informa\u00e7\u00e3o\",\"potentialAction\":[{\"@type\":\"SearchAction\",\"target\":{\"@type\":\"EntryPoint\",\"urlTemplate\":\"https:\/\/portalmf.com.br\/?s={search_term_string}\"},\"query-input\":\"required name=search_term_string\"}],\"inLanguage\":\"pt-BR\"},{\"@type\":\"Person\",\"@id\":\"https:\/\/portalmf.com.br\/#\/schema\/person\/9ec101baf56233e53520c26de5d6f6f0\",\"name\":\"Reda\u00e7\u00e3o Portal MF\",\"image\":{\"@type\":\"ImageObject\",\"inLanguage\":\"pt-BR\",\"@id\":\"https:\/\/portalmf.com.br\/#\/schema\/person\/image\/\",\"url\":\"https:\/\/secure.gravatar.com\/avatar\/41b9aaeb2100835f7c64362330f74c7f?s=96&d=mm&r=g\",\"contentUrl\":\"https:\/\/secure.gravatar.com\/avatar\/41b9aaeb2100835f7c64362330f74c7f?s=96&d=mm&r=g\",\"caption\":\"Reda\u00e7\u00e3o Portal MF\"},\"description\":\"Sejam bem-vindos o portal de informa\u00e7\u00f5es de entretenimento de Feira de Santana, desde 2006 realiza coberturas dos principais eventos com entrevistas exclusivas com as principais personalidades mundiais. Fique conectado tamb\u00e9m nas redes sociais.\",\"sameAs\":[\"http:\/\/www.portalmf.com.br\/\",\"https:\/\/www.facebook.com\/portalmfoficial\",\"https:\/\/www.instagram.com\/portalmf\/\",\"https:\/\/x.com\/https:\/\/x.com\/portalmfoficial\",\"https:\/\/www.youtube.com\/@portalmfoficial\"],\"url\":\"https:\/\/portalmf.com.br\/index.php\/author\/junior\/\"}]}<\/script>\n<!-- \/ Yoast SEO plugin. -->","yoast_head_json":{"title":"Governo da Bahia publica licita\u00e7\u00e3o para constru\u00e7\u00e3o do Hospital Regional de Jacobina - Portal MF","robots":{"index":"index","follow":"follow","max-snippet":"max-snippet:-1","max-image-preview":"max-image-preview:large","max-video-preview":"max-video-preview:-1"},"canonical":"https:\/\/portalmf.com.br\/index.php\/2023\/12\/07\/governo-da-bahia-publica-licitacao-para-construcao-do-hospital-regional-de-jacobina\/","og_locale":"pt_BR","og_type":"article","og_title":"Governo da Bahia publica licita\u00e7\u00e3o para constru\u00e7\u00e3o do Hospital Regional de Jacobina - Portal MF","og_description":"Foi publicado no Di\u00e1rio Oficial do Estado desta quinta-feira (7), o aviso de licita\u00e7\u00e3o para elabora\u00e7\u00e3o de projeto e constru\u00e7\u00e3o do Hospital Regional de Jacobina, localizado em Jacobina e que ir\u00e1 atender toda a regi\u00e3o do munic\u00edpio, no centro-norte da Bahia. Ser\u00e3o investidos cerca de R$ 120 milh\u00f5es para as obras da unidade de sa\u00fade. [&hellip;]","og_url":"https:\/\/portalmf.com.br\/index.php\/2023\/12\/07\/governo-da-bahia-publica-licitacao-para-construcao-do-hospital-regional-de-jacobina\/","og_site_name":"Portal MF","article_author":"https:\/\/www.facebook.com\/portalmfoficial","article_published_time":"2023-12-07T20:04:07+00:00","article_modified_time":"2023-12-07T20:04:10+00:00","og_image":[{"width":1200,"height":800,"url":"https:\/\/portalmf.com.br\/wp-content\/uploads\/2023\/12\/Foto-Leonardo-Rattes-SAUDE-GOVBA.jpg","type":"image\/jpeg"}],"author":"Reda\u00e7\u00e3o Portal MF","twitter_card":"summary_large_image","twitter_creator":"@https:\/\/x.com\/portalmfoficial","twitter_misc":{"Escrito por":"Reda\u00e7\u00e3o Portal MF","Est. tempo de leitura":"2 minutos"},"schema":{"@context":"https:\/\/schema.org","@graph":[{"@type":"WebPage","@id":"https:\/\/portalmf.com.br\/index.php\/2023\/12\/07\/governo-da-bahia-publica-licitacao-para-construcao-do-hospital-regional-de-jacobina\/","url":"https:\/\/portalmf.com.br\/index.php\/2023\/12\/07\/governo-da-bahia-publica-licitacao-para-construcao-do-hospital-regional-de-jacobina\/","name":"Governo da Bahia publica licita\u00e7\u00e3o para constru\u00e7\u00e3o do Hospital Regional de Jacobina - Portal MF","isPartOf":{"@id":"https:\/\/portalmf.com.br\/#website"},"primaryImageOfPage":{"@id":"https:\/\/portalmf.com.br\/index.php\/2023\/12\/07\/governo-da-bahia-publica-licitacao-para-construcao-do-hospital-regional-de-jacobina\/#primaryimage"},"image":{"@id":"https:\/\/portalmf.com.br\/index.php\/2023\/12\/07\/governo-da-bahia-publica-licitacao-para-construcao-do-hospital-regional-de-jacobina\/#primaryimage"},"thumbnailUrl":"https:\/\/portalmf.com.br\/wp-content\/uploads\/2023\/12\/Foto-Leonardo-Rattes-SAUDE-GOVBA.jpg","datePublished":"2023-12-07T20:04:07+00:00","dateModified":"2023-12-07T20:04:10+00:00","author":{"@id":"https:\/\/portalmf.com.br\/#\/schema\/person\/9ec101baf56233e53520c26de5d6f6f0"},"breadcrumb":{"@id":"https:\/\/portalmf.com.br\/index.php\/2023\/12\/07\/governo-da-bahia-publica-licitacao-para-construcao-do-hospital-regional-de-jacobina\/#breadcrumb"},"inLanguage":"pt-BR","potentialAction":[{"@type":"ReadAction","target":["https:\/\/portalmf.com.br\/index.php\/2023\/12\/07\/governo-da-bahia-publica-licitacao-para-construcao-do-hospital-regional-de-jacobina\/"]}]},{"@type":"ImageObject","inLanguage":"pt-BR","@id":"https:\/\/portalmf.com.br\/index.php\/2023\/12\/07\/governo-da-bahia-publica-licitacao-para-construcao-do-hospital-regional-de-jacobina\/#primaryimage","url":"https:\/\/portalmf.com.br\/wp-content\/uploads\/2023\/12\/Foto-Leonardo-Rattes-SAUDE-GOVBA.jpg","contentUrl":"https:\/\/portalmf.com.br\/wp-content\/uploads\/2023\/12\/Foto-Leonardo-Rattes-SAUDE-GOVBA.jpg","width":1200,"height":800},{"@type":"BreadcrumbList","@id":"https:\/\/portalmf.com.br\/index.php\/2023\/12\/07\/governo-da-bahia-publica-licitacao-para-construcao-do-hospital-regional-de-jacobina\/#breadcrumb","itemListElement":[{"@type":"ListItem","position":1,"name":"In\u00edcio","item":"https:\/\/portalmf.com.br\/"},{"@type":"ListItem","position":2,"name":"Governo da Bahia publica licita\u00e7\u00e3o para constru\u00e7\u00e3o do Hospital Regional de Jacobina"}]},{"@type":"WebSite","@id":"https:\/\/portalmf.com.br\/#website","url":"https:\/\/portalmf.com.br\/","name":"Portal MF","description":"Voc\u00ea conectado com a informa\u00e7\u00e3o","potentialAction":[{"@type":"SearchAction","target":{"@type":"EntryPoint","urlTemplate":"https:\/\/portalmf.com.br\/?s={search_term_string}"},"query-input":"required name=search_term_string"}],"inLanguage":"pt-BR"},{"@type":"Person","@id":"https:\/\/portalmf.com.br\/#\/schema\/person\/9ec101baf56233e53520c26de5d6f6f0","name":"Reda\u00e7\u00e3o Portal MF","image":{"@type":"ImageObject","inLanguage":"pt-BR","@id":"https:\/\/portalmf.com.br\/#\/schema\/person\/image\/","url":"https:\/\/secure.gravatar.com\/avatar\/41b9aaeb2100835f7c64362330f74c7f?s=96&d=mm&r=g","contentUrl":"https:\/\/secure.gravatar.com\/avatar\/41b9aaeb2100835f7c64362330f74c7f?s=96&d=mm&r=g","caption":"Reda\u00e7\u00e3o Portal MF"},"description":"Sejam bem-vindos o portal de informa\u00e7\u00f5es de entretenimento de Feira de Santana, desde 2006 realiza coberturas dos principais eventos com entrevistas exclusivas com as principais personalidades mundiais. Fique conectado tamb\u00e9m nas redes sociais.","sameAs":["http:\/\/www.portalmf.com.br\/","https:\/\/www.facebook.com\/portalmfoficial","https:\/\/www.instagram.com\/portalmf\/","https:\/\/x.com\/https:\/\/x.com\/portalmfoficial","https:\/\/www.youtube.com\/@portalmfoficial"],"url":"https:\/\/portalmf.com.br\/index.php\/author\/junior\/"}]}},"_links":{"self":[{"href":"https:\/\/portalmf.com.br\/index.php\/wp-json\/wp\/v2\/posts\/20742"}],"collection":[{"href":"https:\/\/portalmf.com.br\/index.php\/wp-json\/wp\/v2\/posts"}],"about":[{"href":"https:\/\/portalmf.com.br\/index.php\/wp-json\/wp\/v2\/types\/post"}],"author":[{"embeddable":true,"href":"https:\/\/portalmf.com.br\/index.php\/wp-json\/wp\/v2\/users\/3"}],"replies":[{"embeddable":true,"href":"https:\/\/portalmf.com.br\/index.php\/wp-json\/wp\/v2\/comments?post=20742"}],"version-history":[{"count":1,"href":"https:\/\/portalmf.com.br\/index.php\/wp-json\/wp\/v2\/posts\/20742\/revisions"}],"predecessor-version":[{"id":20744,"href":"https:\/\/portalmf.com.br\/index.php\/wp-json\/wp\/v2\/posts\/20742\/revisions\/20744"}],"wp:featuredmedia":[{"embeddable":true,"href":"https:\/\/portalmf.com.br\/index.php\/wp-json\/wp\/v2\/media\/20743"}],"wp:attachment":[{"href":"https:\/\/portalmf.com.br\/index.php\/wp-json\/wp\/v2\/media?parent=20742"}],"wp:term":[{"taxonomy":"category","embeddable":true,"href":"https:\/\/portalmf.com.br\/index.php\/wp-json\/wp\/v2\/categories?post=20742"},{"taxonomy":"post_tag","embeddable":true,"href":"https:\/\/portalmf.com.br\/index.php\/wp-json\/wp\/v2\/tags?post=20742"}],"curies":[{"name":"wp","href":"https:\/\/api.w.org\/{rel}","templated":true}]}}