{"id":20739,"date":"2023-12-07T17:02:04","date_gmt":"2023-12-07T20:02:04","guid":{"rendered":"https:\/\/portalmf.com.br\/?p=20739"},"modified":"2023-12-07T17:02:05","modified_gmt":"2023-12-07T20:02:05","slug":"rede-estadual-ganha-novas-bibliotecas-e-mais-de-10-mil-obras-literarias-em-2023","status":"publish","type":"post","link":"https:\/\/portalmf.com.br\/index.php\/2023\/12\/07\/rede-estadual-ganha-novas-bibliotecas-e-mais-de-10-mil-obras-literarias-em-2023\/","title":{"rendered":"Rede estadual ganha novas bibliotecas e mais de 10 mil obras liter\u00e1rias, em 2023"},"content":{"rendered":"\n<p>\u201cOh, Bendito o que semeia\/Livros&#8230;livros \u00e0 m\u00e3o cheia&#8230;\/E manda o povo pensar!\/O livro caindo n\u00b4alma\/\u00c9 g\u00e9rmen \u2013 que faz a palma\/\u00c9 chuva \u2013 que faz o mar\u201d. Este trecho do poema \u201cO Livro e a Am\u00e9rica\u201d, do poeta baiano Castro Alves, ilustra o amor devotado aos livros, que une escritores de todos os tempos e lugares. Na Bahia, ber\u00e7o de grandes poetas e escritores, foram distribu\u00eddos, em 2023, para a rede estadual de ensino mais de 10 mil exemplares de novos t\u00edtulos de obras liter\u00e1rias. Parte deste acervo foi para as novas escolas ou as que foram modernizadas pelo Governo do Estado.<\/p>\n\n\n\n<p>O objetivo \u00e9 ampliar ainda mais o acesso dos estudantes e, ao mesmo tempo, subsidiar os professores com material de pesquisa e consulta. \u201cEstamos ampliando a cole\u00e7\u00e3o das bibliotecas escolares, atraindo mais estudantes e aumentando o n\u00famero de usu\u00e1rios. Com isso, vamos formando novos leitores, ampliando a leitura e a democratiza\u00e7\u00e3o do conhecimento e da informa\u00e7\u00e3o\u201d, explicou a coordenadora do Programa do Livro e da Biblioteca da Secretaria da Educa\u00e7\u00e3o da Bahia (SEC), Alessandra Santana.<\/p>\n\n\n\n<p>Al\u00e9m de um espa\u00e7o de consulta, aprendizado e acesso \u00e0 informa\u00e7\u00e3o, as bibliotecas v\u00eam se transformando cada vez mais em um ambiente de acolhimento e intera\u00e7\u00e3o, repleto de atra\u00e7\u00f5es e possibilidades, por serem locais descontra\u00eddos, com informatiza\u00e7\u00e3o, climatiza\u00e7\u00e3o e um mobili\u00e1rio n\u00e3o convencional, como pufes, tatames, almofadas e as j\u00e1 usuais mesas com cadeiras e estantes. Pain\u00e9is plotados nas paredes apresentam a linha do tempo da Literatura Brasileira, seus principais estilos e personagens marcantes. J\u00e1 as cores e as solu\u00e7\u00f5es gr\u00e1ficas contribuem ainda mais para embelezar e humanizar as bibliotecas.<\/p>\n\n\n\n<p>O Centro Estadual de Educa\u00e7\u00e3o Profissional em Tecnologia, Informa\u00e7\u00e3o e Comunica\u00e7\u00e3o (Ceeptic), em Lauro de Freitas; o Col\u00e9gio Estadual de Tempo Integral de Barra do Cho\u00e7a e o Col\u00e9gio Estadual de Tempo Integral S\u00e3o Sebasti\u00e3o, localizado no distrito de Algod\u00f5es, a 23 quil\u00f4metros de Quijingue, s\u00e3o exemplos das novas unidades escolares entregues, em 2023, com essas estruturas. Os estudantes podem ter acesso a obras de escritores consagrados, como Jorge Amado, Jo\u00e3o Ubaldo Ribeiro, Raquel de Queiroz, George Orwell, Miguel de Cervantes, entre outros, at\u00e9 os mais atuais, a exemplo de Itamar Vieira J\u00fanior, Concei\u00e7\u00e3o Evaristo, Caroline de Jesus, Harper Lee e Jean Francisco Manzano.<\/p>\n\n\n\n<p>A estudante Evelin Rodrigues, 1\u00ba ano do Ensino M\u00e9dio, do Col\u00e9gio Estadual de Vila Can\u00e1ria, em Salvador, disse que estar na biblioteca se tornou um dos seus momentos favoritos. \u201c\u00c9 poss\u00edvel viajar pelos lugares e hist\u00f3rias contidas no livro. Uma amiga sugeriu a leitura \u201cDepois daquela viagem\u201d, de Val\u00e9ria Piassa Polizzi, cujo exemplar encontrei aqui na biblioteca da escola\u201d, contou, ao destacar a empatia pela personagem principal, uma adolescente da sua idade que passa por momentos dif\u00edceis. <em>\u201cO relato dela me fez lembrar muito do que minha m\u00e3e sempre me diz: tudo tem seu tempo, n\u00e3o queira atropelar nenhuma fase da sua vida\u201d, <\/em>ensinou.<\/p>\n","protected":false},"excerpt":{"rendered":"<p>\u201cOh, Bendito o que semeia\/Livros&#8230;livros \u00e0 m\u00e3o cheia&#8230;\/E manda o povo pensar!\/O livro caindo n\u00b4alma\/\u00c9 g\u00e9rmen \u2013 que faz a palma\/\u00c9 chuva \u2013 que faz o mar\u201d. Este trecho do poema \u201cO Livro e a Am\u00e9rica\u201d, do poeta baiano Castro Alves, ilustra o amor devotado aos livros, que une escritores de todos os tempos e [&hellip;]<\/p>\n","protected":false},"author":3,"featured_media":20740,"comment_status":"open","ping_status":"open","sticky":false,"template":"","format":"standard","meta":{"_monsterinsights_skip_tracking":false,"_monsterinsights_sitenote_active":false,"_monsterinsights_sitenote_note":"","_monsterinsights_sitenote_category":0,"footnotes":""},"categories":[34],"tags":[],"yoast_head":"<!-- This site is optimized with the Yoast SEO plugin v22.9 - https:\/\/yoast.com\/wordpress\/plugins\/seo\/ -->\n<title>Rede estadual ganha novas bibliotecas e mais de 10 mil obras liter\u00e1rias, em 2023 - Portal MF<\/title>\n<meta name=\"robots\" content=\"index, follow, max-snippet:-1, max-image-preview:large, max-video-preview:-1\" \/>\n<link rel=\"canonical\" href=\"https:\/\/portalmf.com.br\/index.php\/2023\/12\/07\/rede-estadual-ganha-novas-bibliotecas-e-mais-de-10-mil-obras-literarias-em-2023\/\" \/>\n<meta property=\"og:locale\" content=\"pt_BR\" \/>\n<meta property=\"og:type\" content=\"article\" \/>\n<meta property=\"og:title\" content=\"Rede estadual ganha novas bibliotecas e mais de 10 mil obras liter\u00e1rias, em 2023 - Portal MF\" \/>\n<meta property=\"og:description\" content=\"\u201cOh, Bendito o que semeia\/Livros&#8230;livros \u00e0 m\u00e3o cheia&#8230;\/E manda o povo pensar!\/O livro caindo n\u00b4alma\/\u00c9 g\u00e9rmen \u2013 que faz a palma\/\u00c9 chuva \u2013 que faz o mar\u201d. Este trecho do poema \u201cO Livro e a Am\u00e9rica\u201d, do poeta baiano Castro Alves, ilustra o amor devotado aos livros, que une escritores de todos os tempos e [&hellip;]\" \/>\n<meta property=\"og:url\" content=\"https:\/\/portalmf.com.br\/index.php\/2023\/12\/07\/rede-estadual-ganha-novas-bibliotecas-e-mais-de-10-mil-obras-literarias-em-2023\/\" \/>\n<meta property=\"og:site_name\" content=\"Portal MF\" \/>\n<meta property=\"article:author\" content=\"https:\/\/www.facebook.com\/portalmfoficial\" \/>\n<meta property=\"article:published_time\" content=\"2023-12-07T20:02:04+00:00\" \/>\n<meta property=\"article:modified_time\" content=\"2023-12-07T20:02:05+00:00\" \/>\n<meta property=\"og:image\" content=\"https:\/\/portalmf.com.br\/wp-content\/uploads\/2023\/12\/Rede-estadual-ganha-novas-bibliotecas-2.jpeg\" \/>\n\t<meta property=\"og:image:width\" content=\"1600\" \/>\n\t<meta property=\"og:image:height\" content=\"1066\" \/>\n\t<meta property=\"og:image:type\" content=\"image\/jpeg\" \/>\n<meta name=\"author\" content=\"Reda\u00e7\u00e3o Portal MF\" \/>\n<meta name=\"twitter:card\" content=\"summary_large_image\" \/>\n<meta name=\"twitter:creator\" content=\"@https:\/\/x.com\/portalmfoficial\" \/>\n<meta name=\"twitter:label1\" content=\"Escrito por\" \/>\n\t<meta name=\"twitter:data1\" content=\"Reda\u00e7\u00e3o Portal MF\" \/>\n\t<meta name=\"twitter:label2\" content=\"Est. tempo de leitura\" \/>\n\t<meta name=\"twitter:data2\" content=\"3 minutos\" \/>\n<script type=\"application\/ld+json\" class=\"yoast-schema-graph\">{\"@context\":\"https:\/\/schema.org\",\"@graph\":[{\"@type\":\"WebPage\",\"@id\":\"https:\/\/portalmf.com.br\/index.php\/2023\/12\/07\/rede-estadual-ganha-novas-bibliotecas-e-mais-de-10-mil-obras-literarias-em-2023\/\",\"url\":\"https:\/\/portalmf.com.br\/index.php\/2023\/12\/07\/rede-estadual-ganha-novas-bibliotecas-e-mais-de-10-mil-obras-literarias-em-2023\/\",\"name\":\"Rede estadual ganha novas bibliotecas e mais de 10 mil obras liter\u00e1rias, em 2023 - Portal MF\",\"isPartOf\":{\"@id\":\"https:\/\/portalmf.com.br\/#website\"},\"primaryImageOfPage\":{\"@id\":\"https:\/\/portalmf.com.br\/index.php\/2023\/12\/07\/rede-estadual-ganha-novas-bibliotecas-e-mais-de-10-mil-obras-literarias-em-2023\/#primaryimage\"},\"image\":{\"@id\":\"https:\/\/portalmf.com.br\/index.php\/2023\/12\/07\/rede-estadual-ganha-novas-bibliotecas-e-mais-de-10-mil-obras-literarias-em-2023\/#primaryimage\"},\"thumbnailUrl\":\"https:\/\/portalmf.com.br\/wp-content\/uploads\/2023\/12\/Rede-estadual-ganha-novas-bibliotecas-2.jpeg\",\"datePublished\":\"2023-12-07T20:02:04+00:00\",\"dateModified\":\"2023-12-07T20:02:05+00:00\",\"author\":{\"@id\":\"https:\/\/portalmf.com.br\/#\/schema\/person\/9ec101baf56233e53520c26de5d6f6f0\"},\"breadcrumb\":{\"@id\":\"https:\/\/portalmf.com.br\/index.php\/2023\/12\/07\/rede-estadual-ganha-novas-bibliotecas-e-mais-de-10-mil-obras-literarias-em-2023\/#breadcrumb\"},\"inLanguage\":\"pt-BR\",\"potentialAction\":[{\"@type\":\"ReadAction\",\"target\":[\"https:\/\/portalmf.com.br\/index.php\/2023\/12\/07\/rede-estadual-ganha-novas-bibliotecas-e-mais-de-10-mil-obras-literarias-em-2023\/\"]}]},{\"@type\":\"ImageObject\",\"inLanguage\":\"pt-BR\",\"@id\":\"https:\/\/portalmf.com.br\/index.php\/2023\/12\/07\/rede-estadual-ganha-novas-bibliotecas-e-mais-de-10-mil-obras-literarias-em-2023\/#primaryimage\",\"url\":\"https:\/\/portalmf.com.br\/wp-content\/uploads\/2023\/12\/Rede-estadual-ganha-novas-bibliotecas-2.jpeg\",\"contentUrl\":\"https:\/\/portalmf.com.br\/wp-content\/uploads\/2023\/12\/Rede-estadual-ganha-novas-bibliotecas-2.jpeg\",\"width\":1600,\"height\":1066},{\"@type\":\"BreadcrumbList\",\"@id\":\"https:\/\/portalmf.com.br\/index.php\/2023\/12\/07\/rede-estadual-ganha-novas-bibliotecas-e-mais-de-10-mil-obras-literarias-em-2023\/#breadcrumb\",\"itemListElement\":[{\"@type\":\"ListItem\",\"position\":1,\"name\":\"In\u00edcio\",\"item\":\"https:\/\/portalmf.com.br\/\"},{\"@type\":\"ListItem\",\"position\":2,\"name\":\"Rede estadual ganha novas bibliotecas e mais de 10 mil obras liter\u00e1rias, em 2023\"}]},{\"@type\":\"WebSite\",\"@id\":\"https:\/\/portalmf.com.br\/#website\",\"url\":\"https:\/\/portalmf.com.br\/\",\"name\":\"Portal MF\",\"description\":\"Voc\u00ea conectado com a informa\u00e7\u00e3o\",\"potentialAction\":[{\"@type\":\"SearchAction\",\"target\":{\"@type\":\"EntryPoint\",\"urlTemplate\":\"https:\/\/portalmf.com.br\/?s={search_term_string}\"},\"query-input\":\"required name=search_term_string\"}],\"inLanguage\":\"pt-BR\"},{\"@type\":\"Person\",\"@id\":\"https:\/\/portalmf.com.br\/#\/schema\/person\/9ec101baf56233e53520c26de5d6f6f0\",\"name\":\"Reda\u00e7\u00e3o Portal MF\",\"image\":{\"@type\":\"ImageObject\",\"inLanguage\":\"pt-BR\",\"@id\":\"https:\/\/portalmf.com.br\/#\/schema\/person\/image\/\",\"url\":\"https:\/\/secure.gravatar.com\/avatar\/41b9aaeb2100835f7c64362330f74c7f?s=96&d=mm&r=g\",\"contentUrl\":\"https:\/\/secure.gravatar.com\/avatar\/41b9aaeb2100835f7c64362330f74c7f?s=96&d=mm&r=g\",\"caption\":\"Reda\u00e7\u00e3o Portal MF\"},\"description\":\"Sejam bem-vindos o portal de informa\u00e7\u00f5es de entretenimento de Feira de Santana, desde 2006 realiza coberturas dos principais eventos com entrevistas exclusivas com as principais personalidades mundiais. Fique conectado tamb\u00e9m nas redes sociais.\",\"sameAs\":[\"http:\/\/www.portalmf.com.br\/\",\"https:\/\/www.facebook.com\/portalmfoficial\",\"https:\/\/www.instagram.com\/portalmf\/\",\"https:\/\/x.com\/https:\/\/x.com\/portalmfoficial\",\"https:\/\/www.youtube.com\/@portalmfoficial\"],\"url\":\"https:\/\/portalmf.com.br\/index.php\/author\/junior\/\"}]}<\/script>\n<!-- \/ Yoast SEO plugin. -->","yoast_head_json":{"title":"Rede estadual ganha novas bibliotecas e mais de 10 mil obras liter\u00e1rias, em 2023 - Portal MF","robots":{"index":"index","follow":"follow","max-snippet":"max-snippet:-1","max-image-preview":"max-image-preview:large","max-video-preview":"max-video-preview:-1"},"canonical":"https:\/\/portalmf.com.br\/index.php\/2023\/12\/07\/rede-estadual-ganha-novas-bibliotecas-e-mais-de-10-mil-obras-literarias-em-2023\/","og_locale":"pt_BR","og_type":"article","og_title":"Rede estadual ganha novas bibliotecas e mais de 10 mil obras liter\u00e1rias, em 2023 - Portal MF","og_description":"\u201cOh, Bendito o que semeia\/Livros&#8230;livros \u00e0 m\u00e3o cheia&#8230;\/E manda o povo pensar!\/O livro caindo n\u00b4alma\/\u00c9 g\u00e9rmen \u2013 que faz a palma\/\u00c9 chuva \u2013 que faz o mar\u201d. Este trecho do poema \u201cO Livro e a Am\u00e9rica\u201d, do poeta baiano Castro Alves, ilustra o amor devotado aos livros, que une escritores de todos os tempos e [&hellip;]","og_url":"https:\/\/portalmf.com.br\/index.php\/2023\/12\/07\/rede-estadual-ganha-novas-bibliotecas-e-mais-de-10-mil-obras-literarias-em-2023\/","og_site_name":"Portal MF","article_author":"https:\/\/www.facebook.com\/portalmfoficial","article_published_time":"2023-12-07T20:02:04+00:00","article_modified_time":"2023-12-07T20:02:05+00:00","og_image":[{"width":1600,"height":1066,"url":"https:\/\/portalmf.com.br\/wp-content\/uploads\/2023\/12\/Rede-estadual-ganha-novas-bibliotecas-2.jpeg","type":"image\/jpeg"}],"author":"Reda\u00e7\u00e3o Portal MF","twitter_card":"summary_large_image","twitter_creator":"@https:\/\/x.com\/portalmfoficial","twitter_misc":{"Escrito por":"Reda\u00e7\u00e3o Portal MF","Est. tempo de leitura":"3 minutos"},"schema":{"@context":"https:\/\/schema.org","@graph":[{"@type":"WebPage","@id":"https:\/\/portalmf.com.br\/index.php\/2023\/12\/07\/rede-estadual-ganha-novas-bibliotecas-e-mais-de-10-mil-obras-literarias-em-2023\/","url":"https:\/\/portalmf.com.br\/index.php\/2023\/12\/07\/rede-estadual-ganha-novas-bibliotecas-e-mais-de-10-mil-obras-literarias-em-2023\/","name":"Rede estadual ganha novas bibliotecas e mais de 10 mil obras liter\u00e1rias, em 2023 - Portal MF","isPartOf":{"@id":"https:\/\/portalmf.com.br\/#website"},"primaryImageOfPage":{"@id":"https:\/\/portalmf.com.br\/index.php\/2023\/12\/07\/rede-estadual-ganha-novas-bibliotecas-e-mais-de-10-mil-obras-literarias-em-2023\/#primaryimage"},"image":{"@id":"https:\/\/portalmf.com.br\/index.php\/2023\/12\/07\/rede-estadual-ganha-novas-bibliotecas-e-mais-de-10-mil-obras-literarias-em-2023\/#primaryimage"},"thumbnailUrl":"https:\/\/portalmf.com.br\/wp-content\/uploads\/2023\/12\/Rede-estadual-ganha-novas-bibliotecas-2.jpeg","datePublished":"2023-12-07T20:02:04+00:00","dateModified":"2023-12-07T20:02:05+00:00","author":{"@id":"https:\/\/portalmf.com.br\/#\/schema\/person\/9ec101baf56233e53520c26de5d6f6f0"},"breadcrumb":{"@id":"https:\/\/portalmf.com.br\/index.php\/2023\/12\/07\/rede-estadual-ganha-novas-bibliotecas-e-mais-de-10-mil-obras-literarias-em-2023\/#breadcrumb"},"inLanguage":"pt-BR","potentialAction":[{"@type":"ReadAction","target":["https:\/\/portalmf.com.br\/index.php\/2023\/12\/07\/rede-estadual-ganha-novas-bibliotecas-e-mais-de-10-mil-obras-literarias-em-2023\/"]}]},{"@type":"ImageObject","inLanguage":"pt-BR","@id":"https:\/\/portalmf.com.br\/index.php\/2023\/12\/07\/rede-estadual-ganha-novas-bibliotecas-e-mais-de-10-mil-obras-literarias-em-2023\/#primaryimage","url":"https:\/\/portalmf.com.br\/wp-content\/uploads\/2023\/12\/Rede-estadual-ganha-novas-bibliotecas-2.jpeg","contentUrl":"https:\/\/portalmf.com.br\/wp-content\/uploads\/2023\/12\/Rede-estadual-ganha-novas-bibliotecas-2.jpeg","width":1600,"height":1066},{"@type":"BreadcrumbList","@id":"https:\/\/portalmf.com.br\/index.php\/2023\/12\/07\/rede-estadual-ganha-novas-bibliotecas-e-mais-de-10-mil-obras-literarias-em-2023\/#breadcrumb","itemListElement":[{"@type":"ListItem","position":1,"name":"In\u00edcio","item":"https:\/\/portalmf.com.br\/"},{"@type":"ListItem","position":2,"name":"Rede estadual ganha novas bibliotecas e mais de 10 mil obras liter\u00e1rias, em 2023"}]},{"@type":"WebSite","@id":"https:\/\/portalmf.com.br\/#website","url":"https:\/\/portalmf.com.br\/","name":"Portal MF","description":"Voc\u00ea conectado com a informa\u00e7\u00e3o","potentialAction":[{"@type":"SearchAction","target":{"@type":"EntryPoint","urlTemplate":"https:\/\/portalmf.com.br\/?s={search_term_string}"},"query-input":"required name=search_term_string"}],"inLanguage":"pt-BR"},{"@type":"Person","@id":"https:\/\/portalmf.com.br\/#\/schema\/person\/9ec101baf56233e53520c26de5d6f6f0","name":"Reda\u00e7\u00e3o Portal MF","image":{"@type":"ImageObject","inLanguage":"pt-BR","@id":"https:\/\/portalmf.com.br\/#\/schema\/person\/image\/","url":"https:\/\/secure.gravatar.com\/avatar\/41b9aaeb2100835f7c64362330f74c7f?s=96&d=mm&r=g","contentUrl":"https:\/\/secure.gravatar.com\/avatar\/41b9aaeb2100835f7c64362330f74c7f?s=96&d=mm&r=g","caption":"Reda\u00e7\u00e3o Portal MF"},"description":"Sejam bem-vindos o portal de informa\u00e7\u00f5es de entretenimento de Feira de Santana, desde 2006 realiza coberturas dos principais eventos com entrevistas exclusivas com as principais personalidades mundiais. Fique conectado tamb\u00e9m nas redes sociais.","sameAs":["http:\/\/www.portalmf.com.br\/","https:\/\/www.facebook.com\/portalmfoficial","https:\/\/www.instagram.com\/portalmf\/","https:\/\/x.com\/https:\/\/x.com\/portalmfoficial","https:\/\/www.youtube.com\/@portalmfoficial"],"url":"https:\/\/portalmf.com.br\/index.php\/author\/junior\/"}]}},"_links":{"self":[{"href":"https:\/\/portalmf.com.br\/index.php\/wp-json\/wp\/v2\/posts\/20739"}],"collection":[{"href":"https:\/\/portalmf.com.br\/index.php\/wp-json\/wp\/v2\/posts"}],"about":[{"href":"https:\/\/portalmf.com.br\/index.php\/wp-json\/wp\/v2\/types\/post"}],"author":[{"embeddable":true,"href":"https:\/\/portalmf.com.br\/index.php\/wp-json\/wp\/v2\/users\/3"}],"replies":[{"embeddable":true,"href":"https:\/\/portalmf.com.br\/index.php\/wp-json\/wp\/v2\/comments?post=20739"}],"version-history":[{"count":1,"href":"https:\/\/portalmf.com.br\/index.php\/wp-json\/wp\/v2\/posts\/20739\/revisions"}],"predecessor-version":[{"id":20741,"href":"https:\/\/portalmf.com.br\/index.php\/wp-json\/wp\/v2\/posts\/20739\/revisions\/20741"}],"wp:featuredmedia":[{"embeddable":true,"href":"https:\/\/portalmf.com.br\/index.php\/wp-json\/wp\/v2\/media\/20740"}],"wp:attachment":[{"href":"https:\/\/portalmf.com.br\/index.php\/wp-json\/wp\/v2\/media?parent=20739"}],"wp:term":[{"taxonomy":"category","embeddable":true,"href":"https:\/\/portalmf.com.br\/index.php\/wp-json\/wp\/v2\/categories?post=20739"},{"taxonomy":"post_tag","embeddable":true,"href":"https:\/\/portalmf.com.br\/index.php\/wp-json\/wp\/v2\/tags?post=20739"}],"curies":[{"name":"wp","href":"https:\/\/api.w.org\/{rel}","templated":true}]}}