{"id":20727,"date":"2023-12-07T16:50:48","date_gmt":"2023-12-07T19:50:48","guid":{"rendered":"https:\/\/portalmf.com.br\/?p=20727"},"modified":"2023-12-07T16:50:48","modified_gmt":"2023-12-07T19:50:48","slug":"comissao-de-direitos-humanos-visita-conjunto-penal-de-itabuna","status":"publish","type":"post","link":"https:\/\/portalmf.com.br\/index.php\/2023\/12\/07\/comissao-de-direitos-humanos-visita-conjunto-penal-de-itabuna\/","title":{"rendered":"Comiss\u00e3o de Direitos Humanos visita Conjunto Penal de Itabuna"},"content":{"rendered":"\n<p>A Comiss\u00e3o de Direitos Humanos e Seguran\u00e7a P\u00fablica da Assembleia Legislativa da Bahia (ALBA) realizou, na manh\u00e3 desta quarta-feira (06), uma visita ao Conjunto Penal do munic\u00edpio de Itabuna. Esteve presente o presidente da Comiss\u00e3o, deputado Pablo Roberto (PSDB), e assessores. O grupo foi recepcionado pelo Diretor Adjunto, Bruno Pitanga, demais funcion\u00e1rios, e representantes da empresa Socializa &#8211; que faz a gest\u00e3o do conjunto.<\/p>\n\n\n\n<p>Durante a visita \u00e0 unidade prisional, o deputado Pablo Roberto conheceu v\u00e1rias oficinas oferecidas aos detentos, a exemplo de costura, arte, m\u00fasica; vistoriou algumas salas; e ouviu relatos dos internos.<\/p>\n\n\n\n<p><em>\u201cO nosso objetivo, enquanto deputado, e principalmente enquanto presidente da Comiss\u00e3o de Direitos Humanos e Seguran\u00e7a P\u00fablica, \u00e9 conhecer as condi\u00e7\u00f5es em que encontram-se as unidades prisionais em nosso estado, para que possamos continuar trabalhando, e buscando pol\u00edticas p\u00fablicas que promovam, de fato, seguran\u00e7a para a popula\u00e7\u00e3o baiana\u201d<\/em>, afirmou o parlamentar.<\/p>\n\n\n\n<p>O presidente da Comiss\u00e3o de Direitos Humanos afirmou que ser\u00e1 enviado of\u00edcio \u00e0 dire\u00e7\u00e3o do pres\u00eddio e \u00e0 Secretaria Estadual de Administra\u00e7\u00e3o Penitenci\u00e1ria e Ressocializa\u00e7\u00e3o (Seap), em busca de um detalhamento sobre a forma como conduzem este conjunto penal.<\/p>\n","protected":false},"excerpt":{"rendered":"<p>A Comiss\u00e3o de Direitos Humanos e Seguran\u00e7a P\u00fablica da Assembleia Legislativa da Bahia (ALBA) realizou, na manh\u00e3 desta quarta-feira (06), uma visita ao Conjunto Penal do munic\u00edpio de Itabuna. Esteve presente o presidente da Comiss\u00e3o, deputado Pablo Roberto (PSDB), e assessores. O grupo foi recepcionado pelo Diretor Adjunto, Bruno Pitanga, demais funcion\u00e1rios, e representantes da [&hellip;]<\/p>\n","protected":false},"author":3,"featured_media":20728,"comment_status":"open","ping_status":"open","sticky":false,"template":"","format":"standard","meta":{"_monsterinsights_skip_tracking":false,"_monsterinsights_sitenote_active":false,"_monsterinsights_sitenote_note":"","_monsterinsights_sitenote_category":0,"footnotes":""},"categories":[34],"tags":[],"yoast_head":"<!-- This site is optimized with the Yoast SEO plugin v22.9 - https:\/\/yoast.com\/wordpress\/plugins\/seo\/ -->\n<title>Comiss\u00e3o de Direitos Humanos visita Conjunto Penal de Itabuna - Portal MF<\/title>\n<meta name=\"robots\" content=\"index, follow, max-snippet:-1, max-image-preview:large, max-video-preview:-1\" \/>\n<link rel=\"canonical\" href=\"https:\/\/portalmf.com.br\/index.php\/2023\/12\/07\/comissao-de-direitos-humanos-visita-conjunto-penal-de-itabuna\/\" \/>\n<meta property=\"og:locale\" content=\"pt_BR\" \/>\n<meta property=\"og:type\" content=\"article\" \/>\n<meta property=\"og:title\" content=\"Comiss\u00e3o de Direitos Humanos visita Conjunto Penal de Itabuna - Portal MF\" \/>\n<meta property=\"og:description\" content=\"A Comiss\u00e3o de Direitos Humanos e Seguran\u00e7a P\u00fablica da Assembleia Legislativa da Bahia (ALBA) realizou, na manh\u00e3 desta quarta-feira (06), uma visita ao Conjunto Penal do munic\u00edpio de Itabuna. Esteve presente o presidente da Comiss\u00e3o, deputado Pablo Roberto (PSDB), e assessores. O grupo foi recepcionado pelo Diretor Adjunto, Bruno Pitanga, demais funcion\u00e1rios, e representantes da [&hellip;]\" \/>\n<meta property=\"og:url\" content=\"https:\/\/portalmf.com.br\/index.php\/2023\/12\/07\/comissao-de-direitos-humanos-visita-conjunto-penal-de-itabuna\/\" \/>\n<meta property=\"og:site_name\" content=\"Portal MF\" \/>\n<meta property=\"article:author\" content=\"https:\/\/www.facebook.com\/portalmfoficial\" \/>\n<meta property=\"article:published_time\" content=\"2023-12-07T19:50:48+00:00\" \/>\n<meta property=\"og:image\" content=\"https:\/\/portalmf.com.br\/wp-content\/uploads\/2023\/12\/Comissao-de-Direitos-Humanos-visita-Conjunto-Penal-de-Itabuna.jpeg\" \/>\n\t<meta property=\"og:image:width\" content=\"713\" \/>\n\t<meta property=\"og:image:height\" content=\"518\" \/>\n\t<meta property=\"og:image:type\" content=\"image\/jpeg\" \/>\n<meta name=\"author\" content=\"Reda\u00e7\u00e3o Portal MF\" \/>\n<meta name=\"twitter:card\" content=\"summary_large_image\" \/>\n<meta name=\"twitter:creator\" content=\"@https:\/\/x.com\/portalmfoficial\" \/>\n<meta name=\"twitter:label1\" content=\"Escrito por\" \/>\n\t<meta name=\"twitter:data1\" content=\"Reda\u00e7\u00e3o Portal MF\" \/>\n\t<meta name=\"twitter:label2\" content=\"Est. tempo de leitura\" \/>\n\t<meta name=\"twitter:data2\" content=\"2 minutos\" \/>\n<script type=\"application\/ld+json\" class=\"yoast-schema-graph\">{\"@context\":\"https:\/\/schema.org\",\"@graph\":[{\"@type\":\"WebPage\",\"@id\":\"https:\/\/portalmf.com.br\/index.php\/2023\/12\/07\/comissao-de-direitos-humanos-visita-conjunto-penal-de-itabuna\/\",\"url\":\"https:\/\/portalmf.com.br\/index.php\/2023\/12\/07\/comissao-de-direitos-humanos-visita-conjunto-penal-de-itabuna\/\",\"name\":\"Comiss\u00e3o de Direitos Humanos visita Conjunto Penal de Itabuna - Portal MF\",\"isPartOf\":{\"@id\":\"https:\/\/portalmf.com.br\/#website\"},\"primaryImageOfPage\":{\"@id\":\"https:\/\/portalmf.com.br\/index.php\/2023\/12\/07\/comissao-de-direitos-humanos-visita-conjunto-penal-de-itabuna\/#primaryimage\"},\"image\":{\"@id\":\"https:\/\/portalmf.com.br\/index.php\/2023\/12\/07\/comissao-de-direitos-humanos-visita-conjunto-penal-de-itabuna\/#primaryimage\"},\"thumbnailUrl\":\"https:\/\/portalmf.com.br\/wp-content\/uploads\/2023\/12\/Comissao-de-Direitos-Humanos-visita-Conjunto-Penal-de-Itabuna.jpeg\",\"datePublished\":\"2023-12-07T19:50:48+00:00\",\"dateModified\":\"2023-12-07T19:50:48+00:00\",\"author\":{\"@id\":\"https:\/\/portalmf.com.br\/#\/schema\/person\/9ec101baf56233e53520c26de5d6f6f0\"},\"breadcrumb\":{\"@id\":\"https:\/\/portalmf.com.br\/index.php\/2023\/12\/07\/comissao-de-direitos-humanos-visita-conjunto-penal-de-itabuna\/#breadcrumb\"},\"inLanguage\":\"pt-BR\",\"potentialAction\":[{\"@type\":\"ReadAction\",\"target\":[\"https:\/\/portalmf.com.br\/index.php\/2023\/12\/07\/comissao-de-direitos-humanos-visita-conjunto-penal-de-itabuna\/\"]}]},{\"@type\":\"ImageObject\",\"inLanguage\":\"pt-BR\",\"@id\":\"https:\/\/portalmf.com.br\/index.php\/2023\/12\/07\/comissao-de-direitos-humanos-visita-conjunto-penal-de-itabuna\/#primaryimage\",\"url\":\"https:\/\/portalmf.com.br\/wp-content\/uploads\/2023\/12\/Comissao-de-Direitos-Humanos-visita-Conjunto-Penal-de-Itabuna.jpeg\",\"contentUrl\":\"https:\/\/portalmf.com.br\/wp-content\/uploads\/2023\/12\/Comissao-de-Direitos-Humanos-visita-Conjunto-Penal-de-Itabuna.jpeg\",\"width\":713,\"height\":518},{\"@type\":\"BreadcrumbList\",\"@id\":\"https:\/\/portalmf.com.br\/index.php\/2023\/12\/07\/comissao-de-direitos-humanos-visita-conjunto-penal-de-itabuna\/#breadcrumb\",\"itemListElement\":[{\"@type\":\"ListItem\",\"position\":1,\"name\":\"In\u00edcio\",\"item\":\"https:\/\/portalmf.com.br\/\"},{\"@type\":\"ListItem\",\"position\":2,\"name\":\"Comiss\u00e3o de Direitos Humanos visita Conjunto Penal de Itabuna\"}]},{\"@type\":\"WebSite\",\"@id\":\"https:\/\/portalmf.com.br\/#website\",\"url\":\"https:\/\/portalmf.com.br\/\",\"name\":\"Portal MF\",\"description\":\"Voc\u00ea conectado com a informa\u00e7\u00e3o\",\"potentialAction\":[{\"@type\":\"SearchAction\",\"target\":{\"@type\":\"EntryPoint\",\"urlTemplate\":\"https:\/\/portalmf.com.br\/?s={search_term_string}\"},\"query-input\":\"required name=search_term_string\"}],\"inLanguage\":\"pt-BR\"},{\"@type\":\"Person\",\"@id\":\"https:\/\/portalmf.com.br\/#\/schema\/person\/9ec101baf56233e53520c26de5d6f6f0\",\"name\":\"Reda\u00e7\u00e3o Portal MF\",\"image\":{\"@type\":\"ImageObject\",\"inLanguage\":\"pt-BR\",\"@id\":\"https:\/\/portalmf.com.br\/#\/schema\/person\/image\/\",\"url\":\"https:\/\/secure.gravatar.com\/avatar\/41b9aaeb2100835f7c64362330f74c7f?s=96&d=mm&r=g\",\"contentUrl\":\"https:\/\/secure.gravatar.com\/avatar\/41b9aaeb2100835f7c64362330f74c7f?s=96&d=mm&r=g\",\"caption\":\"Reda\u00e7\u00e3o Portal MF\"},\"description\":\"Sejam bem-vindos o portal de informa\u00e7\u00f5es de entretenimento de Feira de Santana, desde 2006 realiza coberturas dos principais eventos com entrevistas exclusivas com as principais personalidades mundiais. Fique conectado tamb\u00e9m nas redes sociais.\",\"sameAs\":[\"http:\/\/www.portalmf.com.br\/\",\"https:\/\/www.facebook.com\/portalmfoficial\",\"https:\/\/www.instagram.com\/portalmf\/\",\"https:\/\/x.com\/https:\/\/x.com\/portalmfoficial\",\"https:\/\/www.youtube.com\/@portalmfoficial\"],\"url\":\"https:\/\/portalmf.com.br\/index.php\/author\/junior\/\"}]}<\/script>\n<!-- \/ Yoast SEO plugin. -->","yoast_head_json":{"title":"Comiss\u00e3o de Direitos Humanos visita Conjunto Penal de Itabuna - Portal MF","robots":{"index":"index","follow":"follow","max-snippet":"max-snippet:-1","max-image-preview":"max-image-preview:large","max-video-preview":"max-video-preview:-1"},"canonical":"https:\/\/portalmf.com.br\/index.php\/2023\/12\/07\/comissao-de-direitos-humanos-visita-conjunto-penal-de-itabuna\/","og_locale":"pt_BR","og_type":"article","og_title":"Comiss\u00e3o de Direitos Humanos visita Conjunto Penal de Itabuna - Portal MF","og_description":"A Comiss\u00e3o de Direitos Humanos e Seguran\u00e7a P\u00fablica da Assembleia Legislativa da Bahia (ALBA) realizou, na manh\u00e3 desta quarta-feira (06), uma visita ao Conjunto Penal do munic\u00edpio de Itabuna. Esteve presente o presidente da Comiss\u00e3o, deputado Pablo Roberto (PSDB), e assessores. O grupo foi recepcionado pelo Diretor Adjunto, Bruno Pitanga, demais funcion\u00e1rios, e representantes da [&hellip;]","og_url":"https:\/\/portalmf.com.br\/index.php\/2023\/12\/07\/comissao-de-direitos-humanos-visita-conjunto-penal-de-itabuna\/","og_site_name":"Portal MF","article_author":"https:\/\/www.facebook.com\/portalmfoficial","article_published_time":"2023-12-07T19:50:48+00:00","og_image":[{"width":713,"height":518,"url":"https:\/\/portalmf.com.br\/wp-content\/uploads\/2023\/12\/Comissao-de-Direitos-Humanos-visita-Conjunto-Penal-de-Itabuna.jpeg","type":"image\/jpeg"}],"author":"Reda\u00e7\u00e3o Portal MF","twitter_card":"summary_large_image","twitter_creator":"@https:\/\/x.com\/portalmfoficial","twitter_misc":{"Escrito por":"Reda\u00e7\u00e3o Portal MF","Est. tempo de leitura":"2 minutos"},"schema":{"@context":"https:\/\/schema.org","@graph":[{"@type":"WebPage","@id":"https:\/\/portalmf.com.br\/index.php\/2023\/12\/07\/comissao-de-direitos-humanos-visita-conjunto-penal-de-itabuna\/","url":"https:\/\/portalmf.com.br\/index.php\/2023\/12\/07\/comissao-de-direitos-humanos-visita-conjunto-penal-de-itabuna\/","name":"Comiss\u00e3o de Direitos Humanos visita Conjunto Penal de Itabuna - Portal MF","isPartOf":{"@id":"https:\/\/portalmf.com.br\/#website"},"primaryImageOfPage":{"@id":"https:\/\/portalmf.com.br\/index.php\/2023\/12\/07\/comissao-de-direitos-humanos-visita-conjunto-penal-de-itabuna\/#primaryimage"},"image":{"@id":"https:\/\/portalmf.com.br\/index.php\/2023\/12\/07\/comissao-de-direitos-humanos-visita-conjunto-penal-de-itabuna\/#primaryimage"},"thumbnailUrl":"https:\/\/portalmf.com.br\/wp-content\/uploads\/2023\/12\/Comissao-de-Direitos-Humanos-visita-Conjunto-Penal-de-Itabuna.jpeg","datePublished":"2023-12-07T19:50:48+00:00","dateModified":"2023-12-07T19:50:48+00:00","author":{"@id":"https:\/\/portalmf.com.br\/#\/schema\/person\/9ec101baf56233e53520c26de5d6f6f0"},"breadcrumb":{"@id":"https:\/\/portalmf.com.br\/index.php\/2023\/12\/07\/comissao-de-direitos-humanos-visita-conjunto-penal-de-itabuna\/#breadcrumb"},"inLanguage":"pt-BR","potentialAction":[{"@type":"ReadAction","target":["https:\/\/portalmf.com.br\/index.php\/2023\/12\/07\/comissao-de-direitos-humanos-visita-conjunto-penal-de-itabuna\/"]}]},{"@type":"ImageObject","inLanguage":"pt-BR","@id":"https:\/\/portalmf.com.br\/index.php\/2023\/12\/07\/comissao-de-direitos-humanos-visita-conjunto-penal-de-itabuna\/#primaryimage","url":"https:\/\/portalmf.com.br\/wp-content\/uploads\/2023\/12\/Comissao-de-Direitos-Humanos-visita-Conjunto-Penal-de-Itabuna.jpeg","contentUrl":"https:\/\/portalmf.com.br\/wp-content\/uploads\/2023\/12\/Comissao-de-Direitos-Humanos-visita-Conjunto-Penal-de-Itabuna.jpeg","width":713,"height":518},{"@type":"BreadcrumbList","@id":"https:\/\/portalmf.com.br\/index.php\/2023\/12\/07\/comissao-de-direitos-humanos-visita-conjunto-penal-de-itabuna\/#breadcrumb","itemListElement":[{"@type":"ListItem","position":1,"name":"In\u00edcio","item":"https:\/\/portalmf.com.br\/"},{"@type":"ListItem","position":2,"name":"Comiss\u00e3o de Direitos Humanos visita Conjunto Penal de Itabuna"}]},{"@type":"WebSite","@id":"https:\/\/portalmf.com.br\/#website","url":"https:\/\/portalmf.com.br\/","name":"Portal MF","description":"Voc\u00ea conectado com a informa\u00e7\u00e3o","potentialAction":[{"@type":"SearchAction","target":{"@type":"EntryPoint","urlTemplate":"https:\/\/portalmf.com.br\/?s={search_term_string}"},"query-input":"required name=search_term_string"}],"inLanguage":"pt-BR"},{"@type":"Person","@id":"https:\/\/portalmf.com.br\/#\/schema\/person\/9ec101baf56233e53520c26de5d6f6f0","name":"Reda\u00e7\u00e3o Portal MF","image":{"@type":"ImageObject","inLanguage":"pt-BR","@id":"https:\/\/portalmf.com.br\/#\/schema\/person\/image\/","url":"https:\/\/secure.gravatar.com\/avatar\/41b9aaeb2100835f7c64362330f74c7f?s=96&d=mm&r=g","contentUrl":"https:\/\/secure.gravatar.com\/avatar\/41b9aaeb2100835f7c64362330f74c7f?s=96&d=mm&r=g","caption":"Reda\u00e7\u00e3o Portal MF"},"description":"Sejam bem-vindos o portal de informa\u00e7\u00f5es de entretenimento de Feira de Santana, desde 2006 realiza coberturas dos principais eventos com entrevistas exclusivas com as principais personalidades mundiais. Fique conectado tamb\u00e9m nas redes sociais.","sameAs":["http:\/\/www.portalmf.com.br\/","https:\/\/www.facebook.com\/portalmfoficial","https:\/\/www.instagram.com\/portalmf\/","https:\/\/x.com\/https:\/\/x.com\/portalmfoficial","https:\/\/www.youtube.com\/@portalmfoficial"],"url":"https:\/\/portalmf.com.br\/index.php\/author\/junior\/"}]}},"_links":{"self":[{"href":"https:\/\/portalmf.com.br\/index.php\/wp-json\/wp\/v2\/posts\/20727"}],"collection":[{"href":"https:\/\/portalmf.com.br\/index.php\/wp-json\/wp\/v2\/posts"}],"about":[{"href":"https:\/\/portalmf.com.br\/index.php\/wp-json\/wp\/v2\/types\/post"}],"author":[{"embeddable":true,"href":"https:\/\/portalmf.com.br\/index.php\/wp-json\/wp\/v2\/users\/3"}],"replies":[{"embeddable":true,"href":"https:\/\/portalmf.com.br\/index.php\/wp-json\/wp\/v2\/comments?post=20727"}],"version-history":[{"count":1,"href":"https:\/\/portalmf.com.br\/index.php\/wp-json\/wp\/v2\/posts\/20727\/revisions"}],"predecessor-version":[{"id":20729,"href":"https:\/\/portalmf.com.br\/index.php\/wp-json\/wp\/v2\/posts\/20727\/revisions\/20729"}],"wp:featuredmedia":[{"embeddable":true,"href":"https:\/\/portalmf.com.br\/index.php\/wp-json\/wp\/v2\/media\/20728"}],"wp:attachment":[{"href":"https:\/\/portalmf.com.br\/index.php\/wp-json\/wp\/v2\/media?parent=20727"}],"wp:term":[{"taxonomy":"category","embeddable":true,"href":"https:\/\/portalmf.com.br\/index.php\/wp-json\/wp\/v2\/categories?post=20727"},{"taxonomy":"post_tag","embeddable":true,"href":"https:\/\/portalmf.com.br\/index.php\/wp-json\/wp\/v2\/tags?post=20727"}],"curies":[{"name":"wp","href":"https:\/\/api.w.org\/{rel}","templated":true}]}}