{"id":2072,"date":"2022-07-26T16:45:00","date_gmt":"2022-07-26T19:45:00","guid":{"rendered":"http:\/\/portalmf.com.br\/?p=2072"},"modified":"2022-07-27T16:48:32","modified_gmt":"2022-07-27T19:48:32","slug":"espn-e-star-veiculam-serie-documental-sobre-os-100-anos-do-radio-no-brasil","status":"publish","type":"post","link":"https:\/\/portalmf.com.br\/index.php\/2022\/07\/26\/espn-e-star-veiculam-serie-documental-sobre-os-100-anos-do-radio-no-brasil\/","title":{"rendered":"ESPN e Star+ veiculam s\u00e9rie documental sobre os 100 anos do r\u00e1dio no Brasil"},"content":{"rendered":"\n<p>Os canais ESPN e Star+ lan\u00e7am nesta ter\u00e7a-feira (26) uma s\u00e9rie documental sobre os 100 anos do r\u00e1dio no Brasil. A produ\u00e7\u00e3o segue at\u00e9 o dia 29 de julho e ser\u00e1 contada por uma sele\u00e7\u00e3o de cinco lendas vivas da cr\u00f4nica esportiva: Milton Neves, Jos\u00e9 Silv\u00e9rio, Osmar Santos, Pedro Ernesto Denardin e Jos\u00e9 Carlos Ara\u00fajo.<\/p>\n\n\n\n<p>O primeiro epis\u00f3dio da s\u00e9rie documental foi ao ar nesta madrugada de segunda para ter\u00e7a, \u00e0 1h na ESPN. O conte\u00fado ter\u00e1 cinco epis\u00f3dios com 1h de dura\u00e7\u00e3o e cada cap\u00edtulo contar\u00e1 com participa\u00e7\u00f5es especiais de grandes personalidades. Al\u00e9m dos apresentadores, na lista est\u00e3o os ex-jogadores Donizete Pantera, J\u00fanior, Paulo Roberto Falc\u00e3o, Marcos, Marcelinho Carioca e Ra\u00ed, o compositor Jos\u00e9 Augusto e o grupo \u201cNenhum de N\u00f3s\u201d, entre outros.<\/p>\n\n\n\n<p>A produ\u00e7\u00e3o contar\u00e1 com hist\u00f3rias in\u00e9ditas na televis\u00e3o, como o drama que quase tirou a vida de Jos\u00e9 Silv\u00e9rio na Copa do Mundo de 1978, Milton Neves circulando em pra\u00e7a p\u00fablica em um carro de som, o locutor e cantor das tradi\u00e7\u00f5es ga\u00fachas Pedro Ernesto Denardin, o Garotinho que fez do futebol um show no Rio e Osmar Santos, que perdeu a carreira em um acidente automobil\u00edstico mas n\u00e3o a emo\u00e7\u00e3o de viver e ensinar a viver.<\/p>\n\n\n\n<p>Todos os cap\u00edtulos de \u201c100 Anos do R\u00e1dio\u201d j\u00e1 est\u00e3o dispon\u00edveis como acesso antecipado no Star+. Esta \u00e9 mais uma produ\u00e7\u00e3o original dos canais de esporte da Disney, que em junho lan\u00e7ou Reflex\u00f5es LGBTQIA+, Atletrans e Ecos da NBA, que podem ser assistidas On Demand no Star+.<\/p>\n\n\n\n<p>Confira todos os epis\u00f3dios e datas de estreia da s\u00e9rie:<\/p>\n\n\n\n<p><strong><em>Miltons e suas Paix\u00f5es, com Milton Neves<\/em><\/strong><em><br>Dia 26 de julho \u2013 1h da manh\u00e3 (hor\u00e1rio de Bras\u00edlia)<\/em><\/p>\n\n\n\n<p><strong><em>Jos\u00e9 Silv\u00e9rio, o Menino Chato<\/em><\/strong><em><br>Dia 26 de julho \u2013 23h55 (de Bras\u00edlia)<\/em><\/p>\n\n\n\n<p><strong><em>O Vov\u00f4 Locutor, com Pedro Ernesto Denardin<\/em><\/strong><em><br>Dia 27 de julho \u2013 22h30 (de Bras\u00edlia)<\/em><\/p>\n\n\n\n<p><strong><em>Osmar Santos e \u201cOs Irm\u00e3os do R\u00e1dio\u201d, com Oscar Ulisses e Odinei \u00c9dson<\/em><\/strong><em><br>Dia 28 de julho (anivers\u00e1rio do Osmar) \u2013 22h (de Bras\u00edlia)<\/em><\/p>\n\n\n\n<p><strong><em>Coisas de Garotinho, com Jos\u00e9 Carlos Ara\u00fajo<\/em><\/strong><em><br>Dia 29 de julho \u2013 23h55 (de Bras\u00edlia)<\/em><\/p>\n\n\n\n<p><em>Com informa\u00e7\u00f5es da ESPN<\/em><\/p>\n","protected":false},"excerpt":{"rendered":"<p>Os canais ESPN e Star+ lan\u00e7am nesta ter\u00e7a-feira (26) uma s\u00e9rie documental sobre os 100 anos do r\u00e1dio no Brasil. A produ\u00e7\u00e3o segue at\u00e9 o dia 29 de julho e ser\u00e1 contada por uma sele\u00e7\u00e3o de cinco lendas vivas da cr\u00f4nica esportiva: Milton Neves, Jos\u00e9 Silv\u00e9rio, Osmar Santos, Pedro Ernesto Denardin e Jos\u00e9 Carlos Ara\u00fajo. [&hellip;]<\/p>\n","protected":false},"author":2,"featured_media":2073,"comment_status":"open","ping_status":"open","sticky":false,"template":"","format":"standard","meta":{"_monsterinsights_skip_tracking":false,"_monsterinsights_sitenote_active":false,"_monsterinsights_sitenote_note":"","_monsterinsights_sitenote_category":0,"footnotes":""},"categories":[34],"tags":[],"yoast_head":"<!-- This site is optimized with the Yoast SEO plugin v22.9 - https:\/\/yoast.com\/wordpress\/plugins\/seo\/ -->\n<title>ESPN e Star+ veiculam s\u00e9rie documental sobre os 100 anos do r\u00e1dio no Brasil - Portal MF<\/title>\n<meta name=\"robots\" content=\"index, follow, max-snippet:-1, max-image-preview:large, max-video-preview:-1\" \/>\n<link rel=\"canonical\" href=\"https:\/\/portalmf.com.br\/index.php\/2022\/07\/26\/espn-e-star-veiculam-serie-documental-sobre-os-100-anos-do-radio-no-brasil\/\" \/>\n<meta property=\"og:locale\" content=\"pt_BR\" \/>\n<meta property=\"og:type\" content=\"article\" \/>\n<meta property=\"og:title\" content=\"ESPN e Star+ veiculam s\u00e9rie documental sobre os 100 anos do r\u00e1dio no Brasil - Portal MF\" \/>\n<meta property=\"og:description\" content=\"Os canais ESPN e Star+ lan\u00e7am nesta ter\u00e7a-feira (26) uma s\u00e9rie documental sobre os 100 anos do r\u00e1dio no Brasil. A produ\u00e7\u00e3o segue at\u00e9 o dia 29 de julho e ser\u00e1 contada por uma sele\u00e7\u00e3o de cinco lendas vivas da cr\u00f4nica esportiva: Milton Neves, Jos\u00e9 Silv\u00e9rio, Osmar Santos, Pedro Ernesto Denardin e Jos\u00e9 Carlos Ara\u00fajo. [&hellip;]\" \/>\n<meta property=\"og:url\" content=\"https:\/\/portalmf.com.br\/index.php\/2022\/07\/26\/espn-e-star-veiculam-serie-documental-sobre-os-100-anos-do-radio-no-brasil\/\" \/>\n<meta property=\"og:site_name\" content=\"Portal MF\" \/>\n<meta property=\"article:author\" content=\"reginaldojrfsa\" \/>\n<meta property=\"article:published_time\" content=\"2022-07-26T19:45:00+00:00\" \/>\n<meta property=\"article:modified_time\" content=\"2022-07-27T19:48:32+00:00\" \/>\n<meta property=\"og:image\" content=\"https:\/\/portalmf.com.br\/wp-content\/uploads\/2022\/07\/main_destaque_BrAt82.jpg\" \/>\n\t<meta property=\"og:image:width\" content=\"960\" \/>\n\t<meta property=\"og:image:height\" content=\"666\" \/>\n\t<meta property=\"og:image:type\" content=\"image\/jpeg\" \/>\n<meta name=\"author\" content=\"Reginaldo J\u00fanior\" \/>\n<meta name=\"twitter:card\" content=\"summary_large_image\" \/>\n<meta name=\"twitter:creator\" content=\"@reginaldojrmf\" \/>\n<meta name=\"twitter:label1\" content=\"Escrito por\" \/>\n\t<meta name=\"twitter:data1\" content=\"Reginaldo J\u00fanior\" \/>\n\t<meta name=\"twitter:label2\" content=\"Est. tempo de leitura\" \/>\n\t<meta name=\"twitter:data2\" content=\"2 minutos\" \/>\n<script type=\"application\/ld+json\" class=\"yoast-schema-graph\">{\"@context\":\"https:\/\/schema.org\",\"@graph\":[{\"@type\":\"WebPage\",\"@id\":\"https:\/\/portalmf.com.br\/index.php\/2022\/07\/26\/espn-e-star-veiculam-serie-documental-sobre-os-100-anos-do-radio-no-brasil\/\",\"url\":\"https:\/\/portalmf.com.br\/index.php\/2022\/07\/26\/espn-e-star-veiculam-serie-documental-sobre-os-100-anos-do-radio-no-brasil\/\",\"name\":\"ESPN e Star+ veiculam s\u00e9rie documental sobre os 100 anos do r\u00e1dio no Brasil - Portal MF\",\"isPartOf\":{\"@id\":\"https:\/\/portalmf.com.br\/#website\"},\"primaryImageOfPage\":{\"@id\":\"https:\/\/portalmf.com.br\/index.php\/2022\/07\/26\/espn-e-star-veiculam-serie-documental-sobre-os-100-anos-do-radio-no-brasil\/#primaryimage\"},\"image\":{\"@id\":\"https:\/\/portalmf.com.br\/index.php\/2022\/07\/26\/espn-e-star-veiculam-serie-documental-sobre-os-100-anos-do-radio-no-brasil\/#primaryimage\"},\"thumbnailUrl\":\"https:\/\/portalmf.com.br\/wp-content\/uploads\/2022\/07\/main_destaque_BrAt82.jpg\",\"datePublished\":\"2022-07-26T19:45:00+00:00\",\"dateModified\":\"2022-07-27T19:48:32+00:00\",\"author\":{\"@id\":\"https:\/\/portalmf.com.br\/#\/schema\/person\/11c82086fe8abc05a19147e964587285\"},\"breadcrumb\":{\"@id\":\"https:\/\/portalmf.com.br\/index.php\/2022\/07\/26\/espn-e-star-veiculam-serie-documental-sobre-os-100-anos-do-radio-no-brasil\/#breadcrumb\"},\"inLanguage\":\"pt-BR\",\"potentialAction\":[{\"@type\":\"ReadAction\",\"target\":[\"https:\/\/portalmf.com.br\/index.php\/2022\/07\/26\/espn-e-star-veiculam-serie-documental-sobre-os-100-anos-do-radio-no-brasil\/\"]}]},{\"@type\":\"ImageObject\",\"inLanguage\":\"pt-BR\",\"@id\":\"https:\/\/portalmf.com.br\/index.php\/2022\/07\/26\/espn-e-star-veiculam-serie-documental-sobre-os-100-anos-do-radio-no-brasil\/#primaryimage\",\"url\":\"https:\/\/portalmf.com.br\/wp-content\/uploads\/2022\/07\/main_destaque_BrAt82.jpg\",\"contentUrl\":\"https:\/\/portalmf.com.br\/wp-content\/uploads\/2022\/07\/main_destaque_BrAt82.jpg\",\"width\":960,\"height\":666},{\"@type\":\"BreadcrumbList\",\"@id\":\"https:\/\/portalmf.com.br\/index.php\/2022\/07\/26\/espn-e-star-veiculam-serie-documental-sobre-os-100-anos-do-radio-no-brasil\/#breadcrumb\",\"itemListElement\":[{\"@type\":\"ListItem\",\"position\":1,\"name\":\"In\u00edcio\",\"item\":\"https:\/\/portalmf.com.br\/\"},{\"@type\":\"ListItem\",\"position\":2,\"name\":\"ESPN e Star+ veiculam s\u00e9rie documental sobre os 100 anos do r\u00e1dio no Brasil\"}]},{\"@type\":\"WebSite\",\"@id\":\"https:\/\/portalmf.com.br\/#website\",\"url\":\"https:\/\/portalmf.com.br\/\",\"name\":\"Portal MF\",\"description\":\"Voc\u00ea conectado com a informa\u00e7\u00e3o\",\"potentialAction\":[{\"@type\":\"SearchAction\",\"target\":{\"@type\":\"EntryPoint\",\"urlTemplate\":\"https:\/\/portalmf.com.br\/?s={search_term_string}\"},\"query-input\":\"required name=search_term_string\"}],\"inLanguage\":\"pt-BR\"},{\"@type\":\"Person\",\"@id\":\"https:\/\/portalmf.com.br\/#\/schema\/person\/11c82086fe8abc05a19147e964587285\",\"name\":\"Reginaldo J\u00fanior\",\"image\":{\"@type\":\"ImageObject\",\"inLanguage\":\"pt-BR\",\"@id\":\"https:\/\/portalmf.com.br\/#\/schema\/person\/image\/\",\"url\":\"https:\/\/secure.gravatar.com\/avatar\/32a3c797cd0ac47cc53b8644c62776f9?s=96&d=mm&r=g\",\"contentUrl\":\"https:\/\/secure.gravatar.com\/avatar\/32a3c797cd0ac47cc53b8644c62776f9?s=96&d=mm&r=g\",\"caption\":\"Reginaldo J\u00fanior\"},\"description\":\"Jornalista e idealizador Portal MF\",\"sameAs\":[\"https:\/\/portalmf.com.br\/index.php\/author\/reginaldojr\/\",\"reginaldojrfsa\",\"reginaldojuniormf\",\"https:\/\/x.com\/reginaldojrmf\"],\"url\":\"https:\/\/portalmf.com.br\/index.php\/author\/reginaldojr\/\"}]}<\/script>\n<!-- \/ Yoast SEO plugin. -->","yoast_head_json":{"title":"ESPN e Star+ veiculam s\u00e9rie documental sobre os 100 anos do r\u00e1dio no Brasil - Portal MF","robots":{"index":"index","follow":"follow","max-snippet":"max-snippet:-1","max-image-preview":"max-image-preview:large","max-video-preview":"max-video-preview:-1"},"canonical":"https:\/\/portalmf.com.br\/index.php\/2022\/07\/26\/espn-e-star-veiculam-serie-documental-sobre-os-100-anos-do-radio-no-brasil\/","og_locale":"pt_BR","og_type":"article","og_title":"ESPN e Star+ veiculam s\u00e9rie documental sobre os 100 anos do r\u00e1dio no Brasil - Portal MF","og_description":"Os canais ESPN e Star+ lan\u00e7am nesta ter\u00e7a-feira (26) uma s\u00e9rie documental sobre os 100 anos do r\u00e1dio no Brasil. A produ\u00e7\u00e3o segue at\u00e9 o dia 29 de julho e ser\u00e1 contada por uma sele\u00e7\u00e3o de cinco lendas vivas da cr\u00f4nica esportiva: Milton Neves, Jos\u00e9 Silv\u00e9rio, Osmar Santos, Pedro Ernesto Denardin e Jos\u00e9 Carlos Ara\u00fajo. [&hellip;]","og_url":"https:\/\/portalmf.com.br\/index.php\/2022\/07\/26\/espn-e-star-veiculam-serie-documental-sobre-os-100-anos-do-radio-no-brasil\/","og_site_name":"Portal MF","article_author":"reginaldojrfsa","article_published_time":"2022-07-26T19:45:00+00:00","article_modified_time":"2022-07-27T19:48:32+00:00","og_image":[{"width":960,"height":666,"url":"https:\/\/portalmf.com.br\/wp-content\/uploads\/2022\/07\/main_destaque_BrAt82.jpg","type":"image\/jpeg"}],"author":"Reginaldo J\u00fanior","twitter_card":"summary_large_image","twitter_creator":"@reginaldojrmf","twitter_misc":{"Escrito por":"Reginaldo J\u00fanior","Est. tempo de leitura":"2 minutos"},"schema":{"@context":"https:\/\/schema.org","@graph":[{"@type":"WebPage","@id":"https:\/\/portalmf.com.br\/index.php\/2022\/07\/26\/espn-e-star-veiculam-serie-documental-sobre-os-100-anos-do-radio-no-brasil\/","url":"https:\/\/portalmf.com.br\/index.php\/2022\/07\/26\/espn-e-star-veiculam-serie-documental-sobre-os-100-anos-do-radio-no-brasil\/","name":"ESPN e Star+ veiculam s\u00e9rie documental sobre os 100 anos do r\u00e1dio no Brasil - Portal MF","isPartOf":{"@id":"https:\/\/portalmf.com.br\/#website"},"primaryImageOfPage":{"@id":"https:\/\/portalmf.com.br\/index.php\/2022\/07\/26\/espn-e-star-veiculam-serie-documental-sobre-os-100-anos-do-radio-no-brasil\/#primaryimage"},"image":{"@id":"https:\/\/portalmf.com.br\/index.php\/2022\/07\/26\/espn-e-star-veiculam-serie-documental-sobre-os-100-anos-do-radio-no-brasil\/#primaryimage"},"thumbnailUrl":"https:\/\/portalmf.com.br\/wp-content\/uploads\/2022\/07\/main_destaque_BrAt82.jpg","datePublished":"2022-07-26T19:45:00+00:00","dateModified":"2022-07-27T19:48:32+00:00","author":{"@id":"https:\/\/portalmf.com.br\/#\/schema\/person\/11c82086fe8abc05a19147e964587285"},"breadcrumb":{"@id":"https:\/\/portalmf.com.br\/index.php\/2022\/07\/26\/espn-e-star-veiculam-serie-documental-sobre-os-100-anos-do-radio-no-brasil\/#breadcrumb"},"inLanguage":"pt-BR","potentialAction":[{"@type":"ReadAction","target":["https:\/\/portalmf.com.br\/index.php\/2022\/07\/26\/espn-e-star-veiculam-serie-documental-sobre-os-100-anos-do-radio-no-brasil\/"]}]},{"@type":"ImageObject","inLanguage":"pt-BR","@id":"https:\/\/portalmf.com.br\/index.php\/2022\/07\/26\/espn-e-star-veiculam-serie-documental-sobre-os-100-anos-do-radio-no-brasil\/#primaryimage","url":"https:\/\/portalmf.com.br\/wp-content\/uploads\/2022\/07\/main_destaque_BrAt82.jpg","contentUrl":"https:\/\/portalmf.com.br\/wp-content\/uploads\/2022\/07\/main_destaque_BrAt82.jpg","width":960,"height":666},{"@type":"BreadcrumbList","@id":"https:\/\/portalmf.com.br\/index.php\/2022\/07\/26\/espn-e-star-veiculam-serie-documental-sobre-os-100-anos-do-radio-no-brasil\/#breadcrumb","itemListElement":[{"@type":"ListItem","position":1,"name":"In\u00edcio","item":"https:\/\/portalmf.com.br\/"},{"@type":"ListItem","position":2,"name":"ESPN e Star+ veiculam s\u00e9rie documental sobre os 100 anos do r\u00e1dio no Brasil"}]},{"@type":"WebSite","@id":"https:\/\/portalmf.com.br\/#website","url":"https:\/\/portalmf.com.br\/","name":"Portal MF","description":"Voc\u00ea conectado com a informa\u00e7\u00e3o","potentialAction":[{"@type":"SearchAction","target":{"@type":"EntryPoint","urlTemplate":"https:\/\/portalmf.com.br\/?s={search_term_string}"},"query-input":"required name=search_term_string"}],"inLanguage":"pt-BR"},{"@type":"Person","@id":"https:\/\/portalmf.com.br\/#\/schema\/person\/11c82086fe8abc05a19147e964587285","name":"Reginaldo J\u00fanior","image":{"@type":"ImageObject","inLanguage":"pt-BR","@id":"https:\/\/portalmf.com.br\/#\/schema\/person\/image\/","url":"https:\/\/secure.gravatar.com\/avatar\/32a3c797cd0ac47cc53b8644c62776f9?s=96&d=mm&r=g","contentUrl":"https:\/\/secure.gravatar.com\/avatar\/32a3c797cd0ac47cc53b8644c62776f9?s=96&d=mm&r=g","caption":"Reginaldo J\u00fanior"},"description":"Jornalista e idealizador Portal MF","sameAs":["https:\/\/portalmf.com.br\/index.php\/author\/reginaldojr\/","reginaldojrfsa","reginaldojuniormf","https:\/\/x.com\/reginaldojrmf"],"url":"https:\/\/portalmf.com.br\/index.php\/author\/reginaldojr\/"}]}},"_links":{"self":[{"href":"https:\/\/portalmf.com.br\/index.php\/wp-json\/wp\/v2\/posts\/2072"}],"collection":[{"href":"https:\/\/portalmf.com.br\/index.php\/wp-json\/wp\/v2\/posts"}],"about":[{"href":"https:\/\/portalmf.com.br\/index.php\/wp-json\/wp\/v2\/types\/post"}],"author":[{"embeddable":true,"href":"https:\/\/portalmf.com.br\/index.php\/wp-json\/wp\/v2\/users\/2"}],"replies":[{"embeddable":true,"href":"https:\/\/portalmf.com.br\/index.php\/wp-json\/wp\/v2\/comments?post=2072"}],"version-history":[{"count":1,"href":"https:\/\/portalmf.com.br\/index.php\/wp-json\/wp\/v2\/posts\/2072\/revisions"}],"predecessor-version":[{"id":2074,"href":"https:\/\/portalmf.com.br\/index.php\/wp-json\/wp\/v2\/posts\/2072\/revisions\/2074"}],"wp:featuredmedia":[{"embeddable":true,"href":"https:\/\/portalmf.com.br\/index.php\/wp-json\/wp\/v2\/media\/2073"}],"wp:attachment":[{"href":"https:\/\/portalmf.com.br\/index.php\/wp-json\/wp\/v2\/media?parent=2072"}],"wp:term":[{"taxonomy":"category","embeddable":true,"href":"https:\/\/portalmf.com.br\/index.php\/wp-json\/wp\/v2\/categories?post=2072"},{"taxonomy":"post_tag","embeddable":true,"href":"https:\/\/portalmf.com.br\/index.php\/wp-json\/wp\/v2\/tags?post=2072"}],"curies":[{"name":"wp","href":"https:\/\/api.w.org\/{rel}","templated":true}]}}