{"id":20710,"date":"2023-12-07T16:35:00","date_gmt":"2023-12-07T19:35:00","guid":{"rendered":"https:\/\/portalmf.com.br\/?p=20710"},"modified":"2023-12-07T16:35:01","modified_gmt":"2023-12-07T19:35:01","slug":"pedro-americo-aprova-requerimento-que-visa-solucionar-impasse-sobre-pagamento-de-piso-salarial-de-trabalhadores-da-saude","status":"publish","type":"post","link":"https:\/\/portalmf.com.br\/index.php\/2023\/12\/07\/pedro-americo-aprova-requerimento-que-visa-solucionar-impasse-sobre-pagamento-de-piso-salarial-de-trabalhadores-da-saude\/","title":{"rendered":"Pedro Am\u00e9rico aprova requerimento que visa solucionar impasse sobre pagamento de piso salarial de trabalhadores da sa\u00fade"},"content":{"rendered":"\n<p>O vereador Pedro Am\u00e9rico (UB), considerando a necessidade de defender os trabalhadores, especialmente os profissionais de sa\u00fade, trata como imprescind\u00edvel que o Munic\u00edpio corrija as distor\u00e7\u00f5es salariais em contratos ligados a secretaria de sa\u00fade, por isso, aprovou na C\u00e2mara Municipal de Feira de Santana o requerimento 145\/2023 que cobra explica\u00e7\u00f5es para que sejam efetuados os pagamentos dos valores dos pisos salariais e outros direitos dos trabalhadores.<\/p>\n\n\n\n<p>\u201c\u00c9 preciso que o Munic\u00edpio apresente detalhadamente os contratos em vig\u00eancia, indicando valores e remunera\u00e7\u00f5es pagas aos colaboradores. Essas informa\u00e7\u00f5es s\u00e3o essenciais para fundamentar a atua\u00e7\u00e3o desta Camara Municipal e tamb\u00e9m garantir estrat\u00e9gias para que servidores com a mesma, fun\u00e7\u00e3o, forma\u00e7\u00e3o e carga hor\u00e1ria possam receber igualmente seus sal\u00e1rios e direitos a alimenta\u00e7\u00e3o, salubridade e outras garantias legais\u201d, informa o vereador, no documento.<\/p>\n\n\n\n<p>Esta \u00e9 uma medida que pode proteger de vez os direitos dos servidores p\u00fablicos municipais. A aprova\u00e7\u00e3o do requerimento, que se deu nesta quarta-feira (6), indica que as secretaria de administra\u00e7\u00e3o e sa\u00fade est\u00e3o convocadas a informar:<\/p>\n\n\n\n<p>ao longo dos \u00faltimos cinco anos, quais empresas celebraram contrato<br>com o Munic\u00edpio para oferecer servi\u00e7os que imponham pagamento do pessoal no \u00e2mbito da Secretaria de Sa\u00fade, seja de contrato de gest\u00e3o e\/ou m\u00e3o de obra ? Quais foram as modalidades de celebra\u00e7\u00e3o desses contratos? E o envio do extrato de publica\u00e7\u00e3o de cada contrata\u00e7\u00e3o.<\/p>\n\n\n\n<p>Dever\u00e1 ser apresentada a lista de cargos ou fun\u00e7\u00f5es com detalhamento de valor de<br>sal\u00e1rio e benef\u00edcios trabalhistas em cada contrato vigente. A apresenta\u00e7\u00e3o deve ser em forma que facilite o entendimento e compreens\u00e3o dos sal\u00e1rios para cargos de natureza semelhante.<\/p>\n\n\n\n<p>Ainda ter\u00e3o que informar de que forma o Munic\u00edpio e as pessoas jur\u00eddicas contratadas atuam para garantir os direitos desses trabalhadores, de forma que seja garantido o pagamento de seus sal\u00e1rios e eventuais verbas salariais mensalmente? Os contratos preveem a prote\u00e7\u00e3o dos servidores?<\/p>\n\n\n\n<p>Quais raz\u00f5es motivaram a rescis\u00e3o dos contratos anteriormente vigentes aos atuais? Houve o descumprimento de cl\u00e1usulas contratuais pelas ent\u00e3o contratadas?<\/p>\n\n\n\n<p>Atualmente, o Munic\u00edpio possui em curso processos de natureza trabalhista em raz\u00e3o do ajuizamento de demandas judiciais por conta do n\u00e3o adimplemento de verbas desses contratos? Caso resposta positiva, o edil solicita tamb\u00e9m uma c\u00f3pia dos processos.<\/p>\n\n\n\n<p>O parlamentar feirense se coloca lado a lado cada pai e m\u00e3e de fam\u00edlia para lutar por esses direitos que deveriam ser respeitados. <em>\u201cO trabalho do vereador \u00e9 fiscalizar, buscar respostas e ser porta voz da sociedade. Se os gritos dos enfermeiros, t\u00e9cnicos, m\u00e9dicos, auxiliares, nutricionistas, educadores f\u00edsicos e assistentes sociais e demais profissionais de sa\u00fade, n\u00e3o forem ouvidos e n\u00e3o tiverem respostas \u00e9 preciso unir as nossas vozes e de todos os pares que aprovaram o requerimento para encontrarmos solu\u00e7\u00f5es\u201d, <\/em>finaliza o edil.<\/p>\n","protected":false},"excerpt":{"rendered":"<p>O vereador Pedro Am\u00e9rico (UB), considerando a necessidade de defender os trabalhadores, especialmente os profissionais de sa\u00fade, trata como imprescind\u00edvel que o Munic\u00edpio corrija as distor\u00e7\u00f5es salariais em contratos ligados a secretaria de sa\u00fade, por isso, aprovou na C\u00e2mara Municipal de Feira de Santana o requerimento 145\/2023 que cobra explica\u00e7\u00f5es para que sejam efetuados os [&hellip;]<\/p>\n","protected":false},"author":3,"featured_media":20711,"comment_status":"open","ping_status":"open","sticky":false,"template":"","format":"standard","meta":{"_monsterinsights_skip_tracking":false,"_monsterinsights_sitenote_active":false,"_monsterinsights_sitenote_note":"","_monsterinsights_sitenote_category":0,"footnotes":""},"categories":[34],"tags":[],"yoast_head":"<!-- This site is optimized with the Yoast SEO plugin v22.9 - https:\/\/yoast.com\/wordpress\/plugins\/seo\/ -->\n<title>Pedro Am\u00e9rico aprova requerimento que visa solucionar impasse sobre pagamento de piso salarial de trabalhadores da sa\u00fade - Portal MF<\/title>\n<meta name=\"robots\" content=\"index, follow, max-snippet:-1, max-image-preview:large, max-video-preview:-1\" \/>\n<link rel=\"canonical\" href=\"https:\/\/portalmf.com.br\/index.php\/2023\/12\/07\/pedro-americo-aprova-requerimento-que-visa-solucionar-impasse-sobre-pagamento-de-piso-salarial-de-trabalhadores-da-saude\/\" \/>\n<meta property=\"og:locale\" content=\"pt_BR\" \/>\n<meta property=\"og:type\" content=\"article\" \/>\n<meta property=\"og:title\" content=\"Pedro Am\u00e9rico aprova requerimento que visa solucionar impasse sobre pagamento de piso salarial de trabalhadores da sa\u00fade - Portal MF\" \/>\n<meta property=\"og:description\" content=\"O vereador Pedro Am\u00e9rico (UB), considerando a necessidade de defender os trabalhadores, especialmente os profissionais de sa\u00fade, trata como imprescind\u00edvel que o Munic\u00edpio corrija as distor\u00e7\u00f5es salariais em contratos ligados a secretaria de sa\u00fade, por isso, aprovou na C\u00e2mara Municipal de Feira de Santana o requerimento 145\/2023 que cobra explica\u00e7\u00f5es para que sejam efetuados os [&hellip;]\" \/>\n<meta property=\"og:url\" content=\"https:\/\/portalmf.com.br\/index.php\/2023\/12\/07\/pedro-americo-aprova-requerimento-que-visa-solucionar-impasse-sobre-pagamento-de-piso-salarial-de-trabalhadores-da-saude\/\" \/>\n<meta property=\"og:site_name\" content=\"Portal MF\" \/>\n<meta property=\"article:author\" content=\"https:\/\/www.facebook.com\/portalmfoficial\" \/>\n<meta property=\"article:published_time\" content=\"2023-12-07T19:35:00+00:00\" \/>\n<meta property=\"article:modified_time\" content=\"2023-12-07T19:35:01+00:00\" \/>\n<meta property=\"og:image\" content=\"https:\/\/portalmf.com.br\/wp-content\/uploads\/2023\/12\/Pedro-Americo-aprova-requerimento-que-visa-solucionar-impasse-sobre-pagamento-de-piso-salarial-de-trabalhadores-da-saude.jpg\" \/>\n\t<meta property=\"og:image:width\" content=\"504\" \/>\n\t<meta property=\"og:image:height\" content=\"410\" \/>\n\t<meta property=\"og:image:type\" content=\"image\/jpeg\" \/>\n<meta name=\"author\" content=\"Reda\u00e7\u00e3o Portal MF\" \/>\n<meta name=\"twitter:card\" content=\"summary_large_image\" \/>\n<meta name=\"twitter:creator\" content=\"@https:\/\/x.com\/portalmfoficial\" \/>\n<meta name=\"twitter:label1\" content=\"Escrito por\" \/>\n\t<meta name=\"twitter:data1\" content=\"Reda\u00e7\u00e3o Portal MF\" \/>\n\t<meta name=\"twitter:label2\" content=\"Est. tempo de leitura\" \/>\n\t<meta name=\"twitter:data2\" content=\"3 minutos\" \/>\n<script type=\"application\/ld+json\" class=\"yoast-schema-graph\">{\"@context\":\"https:\/\/schema.org\",\"@graph\":[{\"@type\":\"WebPage\",\"@id\":\"https:\/\/portalmf.com.br\/index.php\/2023\/12\/07\/pedro-americo-aprova-requerimento-que-visa-solucionar-impasse-sobre-pagamento-de-piso-salarial-de-trabalhadores-da-saude\/\",\"url\":\"https:\/\/portalmf.com.br\/index.php\/2023\/12\/07\/pedro-americo-aprova-requerimento-que-visa-solucionar-impasse-sobre-pagamento-de-piso-salarial-de-trabalhadores-da-saude\/\",\"name\":\"Pedro Am\u00e9rico aprova requerimento que visa solucionar impasse sobre pagamento de piso salarial de trabalhadores da sa\u00fade - Portal MF\",\"isPartOf\":{\"@id\":\"https:\/\/portalmf.com.br\/#website\"},\"primaryImageOfPage\":{\"@id\":\"https:\/\/portalmf.com.br\/index.php\/2023\/12\/07\/pedro-americo-aprova-requerimento-que-visa-solucionar-impasse-sobre-pagamento-de-piso-salarial-de-trabalhadores-da-saude\/#primaryimage\"},\"image\":{\"@id\":\"https:\/\/portalmf.com.br\/index.php\/2023\/12\/07\/pedro-americo-aprova-requerimento-que-visa-solucionar-impasse-sobre-pagamento-de-piso-salarial-de-trabalhadores-da-saude\/#primaryimage\"},\"thumbnailUrl\":\"https:\/\/portalmf.com.br\/wp-content\/uploads\/2023\/12\/Pedro-Americo-aprova-requerimento-que-visa-solucionar-impasse-sobre-pagamento-de-piso-salarial-de-trabalhadores-da-saude.jpg\",\"datePublished\":\"2023-12-07T19:35:00+00:00\",\"dateModified\":\"2023-12-07T19:35:01+00:00\",\"author\":{\"@id\":\"https:\/\/portalmf.com.br\/#\/schema\/person\/9ec101baf56233e53520c26de5d6f6f0\"},\"breadcrumb\":{\"@id\":\"https:\/\/portalmf.com.br\/index.php\/2023\/12\/07\/pedro-americo-aprova-requerimento-que-visa-solucionar-impasse-sobre-pagamento-de-piso-salarial-de-trabalhadores-da-saude\/#breadcrumb\"},\"inLanguage\":\"pt-BR\",\"potentialAction\":[{\"@type\":\"ReadAction\",\"target\":[\"https:\/\/portalmf.com.br\/index.php\/2023\/12\/07\/pedro-americo-aprova-requerimento-que-visa-solucionar-impasse-sobre-pagamento-de-piso-salarial-de-trabalhadores-da-saude\/\"]}]},{\"@type\":\"ImageObject\",\"inLanguage\":\"pt-BR\",\"@id\":\"https:\/\/portalmf.com.br\/index.php\/2023\/12\/07\/pedro-americo-aprova-requerimento-que-visa-solucionar-impasse-sobre-pagamento-de-piso-salarial-de-trabalhadores-da-saude\/#primaryimage\",\"url\":\"https:\/\/portalmf.com.br\/wp-content\/uploads\/2023\/12\/Pedro-Americo-aprova-requerimento-que-visa-solucionar-impasse-sobre-pagamento-de-piso-salarial-de-trabalhadores-da-saude.jpg\",\"contentUrl\":\"https:\/\/portalmf.com.br\/wp-content\/uploads\/2023\/12\/Pedro-Americo-aprova-requerimento-que-visa-solucionar-impasse-sobre-pagamento-de-piso-salarial-de-trabalhadores-da-saude.jpg\",\"width\":504,\"height\":410},{\"@type\":\"BreadcrumbList\",\"@id\":\"https:\/\/portalmf.com.br\/index.php\/2023\/12\/07\/pedro-americo-aprova-requerimento-que-visa-solucionar-impasse-sobre-pagamento-de-piso-salarial-de-trabalhadores-da-saude\/#breadcrumb\",\"itemListElement\":[{\"@type\":\"ListItem\",\"position\":1,\"name\":\"In\u00edcio\",\"item\":\"https:\/\/portalmf.com.br\/\"},{\"@type\":\"ListItem\",\"position\":2,\"name\":\"Pedro Am\u00e9rico aprova requerimento que visa solucionar impasse sobre pagamento de piso salarial de trabalhadores da sa\u00fade\"}]},{\"@type\":\"WebSite\",\"@id\":\"https:\/\/portalmf.com.br\/#website\",\"url\":\"https:\/\/portalmf.com.br\/\",\"name\":\"Portal MF\",\"description\":\"Voc\u00ea conectado com a informa\u00e7\u00e3o\",\"potentialAction\":[{\"@type\":\"SearchAction\",\"target\":{\"@type\":\"EntryPoint\",\"urlTemplate\":\"https:\/\/portalmf.com.br\/?s={search_term_string}\"},\"query-input\":\"required name=search_term_string\"}],\"inLanguage\":\"pt-BR\"},{\"@type\":\"Person\",\"@id\":\"https:\/\/portalmf.com.br\/#\/schema\/person\/9ec101baf56233e53520c26de5d6f6f0\",\"name\":\"Reda\u00e7\u00e3o Portal MF\",\"image\":{\"@type\":\"ImageObject\",\"inLanguage\":\"pt-BR\",\"@id\":\"https:\/\/portalmf.com.br\/#\/schema\/person\/image\/\",\"url\":\"https:\/\/secure.gravatar.com\/avatar\/41b9aaeb2100835f7c64362330f74c7f?s=96&d=mm&r=g\",\"contentUrl\":\"https:\/\/secure.gravatar.com\/avatar\/41b9aaeb2100835f7c64362330f74c7f?s=96&d=mm&r=g\",\"caption\":\"Reda\u00e7\u00e3o Portal MF\"},\"description\":\"Sejam bem-vindos o portal de informa\u00e7\u00f5es de entretenimento de Feira de Santana, desde 2006 realiza coberturas dos principais eventos com entrevistas exclusivas com as principais personalidades mundiais. Fique conectado tamb\u00e9m nas redes sociais.\",\"sameAs\":[\"http:\/\/www.portalmf.com.br\/\",\"https:\/\/www.facebook.com\/portalmfoficial\",\"https:\/\/www.instagram.com\/portalmf\/\",\"https:\/\/x.com\/https:\/\/x.com\/portalmfoficial\",\"https:\/\/www.youtube.com\/@portalmfoficial\"],\"url\":\"https:\/\/portalmf.com.br\/index.php\/author\/junior\/\"}]}<\/script>\n<!-- \/ Yoast SEO plugin. -->","yoast_head_json":{"title":"Pedro Am\u00e9rico aprova requerimento que visa solucionar impasse sobre pagamento de piso salarial de trabalhadores da sa\u00fade - Portal MF","robots":{"index":"index","follow":"follow","max-snippet":"max-snippet:-1","max-image-preview":"max-image-preview:large","max-video-preview":"max-video-preview:-1"},"canonical":"https:\/\/portalmf.com.br\/index.php\/2023\/12\/07\/pedro-americo-aprova-requerimento-que-visa-solucionar-impasse-sobre-pagamento-de-piso-salarial-de-trabalhadores-da-saude\/","og_locale":"pt_BR","og_type":"article","og_title":"Pedro Am\u00e9rico aprova requerimento que visa solucionar impasse sobre pagamento de piso salarial de trabalhadores da sa\u00fade - Portal MF","og_description":"O vereador Pedro Am\u00e9rico (UB), considerando a necessidade de defender os trabalhadores, especialmente os profissionais de sa\u00fade, trata como imprescind\u00edvel que o Munic\u00edpio corrija as distor\u00e7\u00f5es salariais em contratos ligados a secretaria de sa\u00fade, por isso, aprovou na C\u00e2mara Municipal de Feira de Santana o requerimento 145\/2023 que cobra explica\u00e7\u00f5es para que sejam efetuados os [&hellip;]","og_url":"https:\/\/portalmf.com.br\/index.php\/2023\/12\/07\/pedro-americo-aprova-requerimento-que-visa-solucionar-impasse-sobre-pagamento-de-piso-salarial-de-trabalhadores-da-saude\/","og_site_name":"Portal MF","article_author":"https:\/\/www.facebook.com\/portalmfoficial","article_published_time":"2023-12-07T19:35:00+00:00","article_modified_time":"2023-12-07T19:35:01+00:00","og_image":[{"width":504,"height":410,"url":"https:\/\/portalmf.com.br\/wp-content\/uploads\/2023\/12\/Pedro-Americo-aprova-requerimento-que-visa-solucionar-impasse-sobre-pagamento-de-piso-salarial-de-trabalhadores-da-saude.jpg","type":"image\/jpeg"}],"author":"Reda\u00e7\u00e3o Portal MF","twitter_card":"summary_large_image","twitter_creator":"@https:\/\/x.com\/portalmfoficial","twitter_misc":{"Escrito por":"Reda\u00e7\u00e3o Portal MF","Est. tempo de leitura":"3 minutos"},"schema":{"@context":"https:\/\/schema.org","@graph":[{"@type":"WebPage","@id":"https:\/\/portalmf.com.br\/index.php\/2023\/12\/07\/pedro-americo-aprova-requerimento-que-visa-solucionar-impasse-sobre-pagamento-de-piso-salarial-de-trabalhadores-da-saude\/","url":"https:\/\/portalmf.com.br\/index.php\/2023\/12\/07\/pedro-americo-aprova-requerimento-que-visa-solucionar-impasse-sobre-pagamento-de-piso-salarial-de-trabalhadores-da-saude\/","name":"Pedro Am\u00e9rico aprova requerimento que visa solucionar impasse sobre pagamento de piso salarial de trabalhadores da sa\u00fade - Portal MF","isPartOf":{"@id":"https:\/\/portalmf.com.br\/#website"},"primaryImageOfPage":{"@id":"https:\/\/portalmf.com.br\/index.php\/2023\/12\/07\/pedro-americo-aprova-requerimento-que-visa-solucionar-impasse-sobre-pagamento-de-piso-salarial-de-trabalhadores-da-saude\/#primaryimage"},"image":{"@id":"https:\/\/portalmf.com.br\/index.php\/2023\/12\/07\/pedro-americo-aprova-requerimento-que-visa-solucionar-impasse-sobre-pagamento-de-piso-salarial-de-trabalhadores-da-saude\/#primaryimage"},"thumbnailUrl":"https:\/\/portalmf.com.br\/wp-content\/uploads\/2023\/12\/Pedro-Americo-aprova-requerimento-que-visa-solucionar-impasse-sobre-pagamento-de-piso-salarial-de-trabalhadores-da-saude.jpg","datePublished":"2023-12-07T19:35:00+00:00","dateModified":"2023-12-07T19:35:01+00:00","author":{"@id":"https:\/\/portalmf.com.br\/#\/schema\/person\/9ec101baf56233e53520c26de5d6f6f0"},"breadcrumb":{"@id":"https:\/\/portalmf.com.br\/index.php\/2023\/12\/07\/pedro-americo-aprova-requerimento-que-visa-solucionar-impasse-sobre-pagamento-de-piso-salarial-de-trabalhadores-da-saude\/#breadcrumb"},"inLanguage":"pt-BR","potentialAction":[{"@type":"ReadAction","target":["https:\/\/portalmf.com.br\/index.php\/2023\/12\/07\/pedro-americo-aprova-requerimento-que-visa-solucionar-impasse-sobre-pagamento-de-piso-salarial-de-trabalhadores-da-saude\/"]}]},{"@type":"ImageObject","inLanguage":"pt-BR","@id":"https:\/\/portalmf.com.br\/index.php\/2023\/12\/07\/pedro-americo-aprova-requerimento-que-visa-solucionar-impasse-sobre-pagamento-de-piso-salarial-de-trabalhadores-da-saude\/#primaryimage","url":"https:\/\/portalmf.com.br\/wp-content\/uploads\/2023\/12\/Pedro-Americo-aprova-requerimento-que-visa-solucionar-impasse-sobre-pagamento-de-piso-salarial-de-trabalhadores-da-saude.jpg","contentUrl":"https:\/\/portalmf.com.br\/wp-content\/uploads\/2023\/12\/Pedro-Americo-aprova-requerimento-que-visa-solucionar-impasse-sobre-pagamento-de-piso-salarial-de-trabalhadores-da-saude.jpg","width":504,"height":410},{"@type":"BreadcrumbList","@id":"https:\/\/portalmf.com.br\/index.php\/2023\/12\/07\/pedro-americo-aprova-requerimento-que-visa-solucionar-impasse-sobre-pagamento-de-piso-salarial-de-trabalhadores-da-saude\/#breadcrumb","itemListElement":[{"@type":"ListItem","position":1,"name":"In\u00edcio","item":"https:\/\/portalmf.com.br\/"},{"@type":"ListItem","position":2,"name":"Pedro Am\u00e9rico aprova requerimento que visa solucionar impasse sobre pagamento de piso salarial de trabalhadores da sa\u00fade"}]},{"@type":"WebSite","@id":"https:\/\/portalmf.com.br\/#website","url":"https:\/\/portalmf.com.br\/","name":"Portal MF","description":"Voc\u00ea conectado com a informa\u00e7\u00e3o","potentialAction":[{"@type":"SearchAction","target":{"@type":"EntryPoint","urlTemplate":"https:\/\/portalmf.com.br\/?s={search_term_string}"},"query-input":"required name=search_term_string"}],"inLanguage":"pt-BR"},{"@type":"Person","@id":"https:\/\/portalmf.com.br\/#\/schema\/person\/9ec101baf56233e53520c26de5d6f6f0","name":"Reda\u00e7\u00e3o Portal MF","image":{"@type":"ImageObject","inLanguage":"pt-BR","@id":"https:\/\/portalmf.com.br\/#\/schema\/person\/image\/","url":"https:\/\/secure.gravatar.com\/avatar\/41b9aaeb2100835f7c64362330f74c7f?s=96&d=mm&r=g","contentUrl":"https:\/\/secure.gravatar.com\/avatar\/41b9aaeb2100835f7c64362330f74c7f?s=96&d=mm&r=g","caption":"Reda\u00e7\u00e3o Portal MF"},"description":"Sejam bem-vindos o portal de informa\u00e7\u00f5es de entretenimento de Feira de Santana, desde 2006 realiza coberturas dos principais eventos com entrevistas exclusivas com as principais personalidades mundiais. Fique conectado tamb\u00e9m nas redes sociais.","sameAs":["http:\/\/www.portalmf.com.br\/","https:\/\/www.facebook.com\/portalmfoficial","https:\/\/www.instagram.com\/portalmf\/","https:\/\/x.com\/https:\/\/x.com\/portalmfoficial","https:\/\/www.youtube.com\/@portalmfoficial"],"url":"https:\/\/portalmf.com.br\/index.php\/author\/junior\/"}]}},"_links":{"self":[{"href":"https:\/\/portalmf.com.br\/index.php\/wp-json\/wp\/v2\/posts\/20710"}],"collection":[{"href":"https:\/\/portalmf.com.br\/index.php\/wp-json\/wp\/v2\/posts"}],"about":[{"href":"https:\/\/portalmf.com.br\/index.php\/wp-json\/wp\/v2\/types\/post"}],"author":[{"embeddable":true,"href":"https:\/\/portalmf.com.br\/index.php\/wp-json\/wp\/v2\/users\/3"}],"replies":[{"embeddable":true,"href":"https:\/\/portalmf.com.br\/index.php\/wp-json\/wp\/v2\/comments?post=20710"}],"version-history":[{"count":1,"href":"https:\/\/portalmf.com.br\/index.php\/wp-json\/wp\/v2\/posts\/20710\/revisions"}],"predecessor-version":[{"id":20712,"href":"https:\/\/portalmf.com.br\/index.php\/wp-json\/wp\/v2\/posts\/20710\/revisions\/20712"}],"wp:featuredmedia":[{"embeddable":true,"href":"https:\/\/portalmf.com.br\/index.php\/wp-json\/wp\/v2\/media\/20711"}],"wp:attachment":[{"href":"https:\/\/portalmf.com.br\/index.php\/wp-json\/wp\/v2\/media?parent=20710"}],"wp:term":[{"taxonomy":"category","embeddable":true,"href":"https:\/\/portalmf.com.br\/index.php\/wp-json\/wp\/v2\/categories?post=20710"},{"taxonomy":"post_tag","embeddable":true,"href":"https:\/\/portalmf.com.br\/index.php\/wp-json\/wp\/v2\/tags?post=20710"}],"curies":[{"name":"wp","href":"https:\/\/api.w.org\/{rel}","templated":true}]}}