{"id":20707,"date":"2023-12-07T16:32:00","date_gmt":"2023-12-07T19:32:00","guid":{"rendered":"https:\/\/portalmf.com.br\/?p=20707"},"modified":"2023-12-07T16:32:03","modified_gmt":"2023-12-07T19:32:03","slug":"governador-jeronimo-rodrigues-recebera-comenda-maria-quiteria","status":"publish","type":"post","link":"https:\/\/portalmf.com.br\/index.php\/2023\/12\/07\/governador-jeronimo-rodrigues-recebera-comenda-maria-quiteria\/","title":{"rendered":"Governador Jer\u00f4nimo Rodrigues receber\u00e1 Comenda Maria Quit\u00e9ria"},"content":{"rendered":"\n<p>O governador Jer\u00f4nimo Rodrigues receber\u00e1, da C\u00e2mara de Feira de Santana, a Comenda Maria Quit\u00e9ria, mais importante honraria do Poder Legislativo, dedicada a distinguir personalidades com comprovadas a\u00e7\u00f5es em favor da cidade, em seus&nbsp; &nbsp;diversos setores. O Projeto de Decreto Legislativo n\u00ba 84\/2023, de autoria da presidente da Casa, Eremita Mota (PSDB), propondo a homenagem, foi aprovado por unanimidade, em plen\u00e1rio, na sess\u00e3o ordin\u00e1ria desta quinta-feira (7). De autoria da vereadora e presidente da Casa, Eremita Mota (PSDB), a data para realiza\u00e7\u00e3o de sess\u00e3o solene que conceder\u00e1 a honraria dever\u00e1 ser divulgada em breve.<\/p>\n\n\n\n<p>Nascido em Aiquara, na Bahia, em 3 de abril de 1965 e residente nesta cidade h\u00e1 v\u00e1rios anos, o professor e engenheiro Jer\u00f4nimo Rodrigues faz parte do quadro docente da Universidade Estadual de Feira de Santana. Ele tem importante trabalho social desenvolvido no&nbsp; Munic\u00edpio, tamb\u00e9m ocupando fun\u00e7\u00e3o de destaque no MOC (Movimento de Organiza\u00e7\u00e3o Comunit\u00e1ria), aqui sediada, uma das mais atuantes na regi\u00e3o.<\/p>\n\n\n\n<p><em>&#8220;Nosso governador, n\u00e3o de agora, enquanto gestor do Estado, mas muito antes, com sua atua\u00e7\u00e3o no movimento social e no mundo acad\u00eamico, contribui muito com a melhoria da qualidade de vida do nosso povo e \u00e9 merecedor da Comenda Maria Quit\u00e9ria&#8221;,<\/em> disse Eremita, que prev\u00ea uma sess\u00e3o solene de hist\u00f3rica para a C\u00e2mara, visando a outorga da honraria.<\/p>\n","protected":false},"excerpt":{"rendered":"<p>O governador Jer\u00f4nimo Rodrigues receber\u00e1, da C\u00e2mara de Feira de Santana, a Comenda Maria Quit\u00e9ria, mais importante honraria do Poder Legislativo, dedicada a distinguir personalidades com comprovadas a\u00e7\u00f5es em favor da cidade, em seus&nbsp; &nbsp;diversos setores. O Projeto de Decreto Legislativo n\u00ba 84\/2023, de autoria da presidente da Casa, Eremita Mota (PSDB), propondo a homenagem, [&hellip;]<\/p>\n","protected":false},"author":3,"featured_media":20708,"comment_status":"open","ping_status":"open","sticky":false,"template":"","format":"standard","meta":{"_monsterinsights_skip_tracking":false,"_monsterinsights_sitenote_active":false,"_monsterinsights_sitenote_note":"","_monsterinsights_sitenote_category":0,"footnotes":""},"categories":[34],"tags":[],"yoast_head":"<!-- This site is optimized with the Yoast SEO plugin v22.9 - https:\/\/yoast.com\/wordpress\/plugins\/seo\/ -->\n<title>Governador Jer\u00f4nimo Rodrigues receber\u00e1 Comenda Maria Quit\u00e9ria - Portal MF<\/title>\n<meta name=\"robots\" content=\"index, follow, max-snippet:-1, max-image-preview:large, max-video-preview:-1\" \/>\n<link rel=\"canonical\" href=\"https:\/\/portalmf.com.br\/index.php\/2023\/12\/07\/governador-jeronimo-rodrigues-recebera-comenda-maria-quiteria\/\" \/>\n<meta property=\"og:locale\" content=\"pt_BR\" \/>\n<meta property=\"og:type\" content=\"article\" \/>\n<meta property=\"og:title\" content=\"Governador Jer\u00f4nimo Rodrigues receber\u00e1 Comenda Maria Quit\u00e9ria - Portal MF\" \/>\n<meta property=\"og:description\" content=\"O governador Jer\u00f4nimo Rodrigues receber\u00e1, da C\u00e2mara de Feira de Santana, a Comenda Maria Quit\u00e9ria, mais importante honraria do Poder Legislativo, dedicada a distinguir personalidades com comprovadas a\u00e7\u00f5es em favor da cidade, em seus&nbsp; &nbsp;diversos setores. O Projeto de Decreto Legislativo n\u00ba 84\/2023, de autoria da presidente da Casa, Eremita Mota (PSDB), propondo a homenagem, [&hellip;]\" \/>\n<meta property=\"og:url\" content=\"https:\/\/portalmf.com.br\/index.php\/2023\/12\/07\/governador-jeronimo-rodrigues-recebera-comenda-maria-quiteria\/\" \/>\n<meta property=\"og:site_name\" content=\"Portal MF\" \/>\n<meta property=\"article:author\" content=\"https:\/\/www.facebook.com\/portalmfoficial\" \/>\n<meta property=\"article:published_time\" content=\"2023-12-07T19:32:00+00:00\" \/>\n<meta property=\"article:modified_time\" content=\"2023-12-07T19:32:03+00:00\" \/>\n<meta property=\"og:image\" content=\"https:\/\/portalmf.com.br\/wp-content\/uploads\/2023\/12\/Governador-Jeronimo-Rodrigues-recebera-Comenda-Maria-Quiteria.jpeg\" \/>\n\t<meta property=\"og:image:width\" content=\"848\" \/>\n\t<meta property=\"og:image:height\" content=\"476\" \/>\n\t<meta property=\"og:image:type\" content=\"image\/jpeg\" \/>\n<meta name=\"author\" content=\"Reda\u00e7\u00e3o Portal MF\" \/>\n<meta name=\"twitter:card\" content=\"summary_large_image\" \/>\n<meta name=\"twitter:creator\" content=\"@https:\/\/x.com\/portalmfoficial\" \/>\n<meta name=\"twitter:label1\" content=\"Escrito por\" \/>\n\t<meta name=\"twitter:data1\" content=\"Reda\u00e7\u00e3o Portal MF\" \/>\n\t<meta name=\"twitter:label2\" content=\"Est. tempo de leitura\" \/>\n\t<meta name=\"twitter:data2\" content=\"2 minutos\" \/>\n<script type=\"application\/ld+json\" class=\"yoast-schema-graph\">{\"@context\":\"https:\/\/schema.org\",\"@graph\":[{\"@type\":\"WebPage\",\"@id\":\"https:\/\/portalmf.com.br\/index.php\/2023\/12\/07\/governador-jeronimo-rodrigues-recebera-comenda-maria-quiteria\/\",\"url\":\"https:\/\/portalmf.com.br\/index.php\/2023\/12\/07\/governador-jeronimo-rodrigues-recebera-comenda-maria-quiteria\/\",\"name\":\"Governador Jer\u00f4nimo Rodrigues receber\u00e1 Comenda Maria Quit\u00e9ria - Portal MF\",\"isPartOf\":{\"@id\":\"https:\/\/portalmf.com.br\/#website\"},\"primaryImageOfPage\":{\"@id\":\"https:\/\/portalmf.com.br\/index.php\/2023\/12\/07\/governador-jeronimo-rodrigues-recebera-comenda-maria-quiteria\/#primaryimage\"},\"image\":{\"@id\":\"https:\/\/portalmf.com.br\/index.php\/2023\/12\/07\/governador-jeronimo-rodrigues-recebera-comenda-maria-quiteria\/#primaryimage\"},\"thumbnailUrl\":\"https:\/\/portalmf.com.br\/wp-content\/uploads\/2023\/12\/Governador-Jeronimo-Rodrigues-recebera-Comenda-Maria-Quiteria.jpeg\",\"datePublished\":\"2023-12-07T19:32:00+00:00\",\"dateModified\":\"2023-12-07T19:32:03+00:00\",\"author\":{\"@id\":\"https:\/\/portalmf.com.br\/#\/schema\/person\/9ec101baf56233e53520c26de5d6f6f0\"},\"breadcrumb\":{\"@id\":\"https:\/\/portalmf.com.br\/index.php\/2023\/12\/07\/governador-jeronimo-rodrigues-recebera-comenda-maria-quiteria\/#breadcrumb\"},\"inLanguage\":\"pt-BR\",\"potentialAction\":[{\"@type\":\"ReadAction\",\"target\":[\"https:\/\/portalmf.com.br\/index.php\/2023\/12\/07\/governador-jeronimo-rodrigues-recebera-comenda-maria-quiteria\/\"]}]},{\"@type\":\"ImageObject\",\"inLanguage\":\"pt-BR\",\"@id\":\"https:\/\/portalmf.com.br\/index.php\/2023\/12\/07\/governador-jeronimo-rodrigues-recebera-comenda-maria-quiteria\/#primaryimage\",\"url\":\"https:\/\/portalmf.com.br\/wp-content\/uploads\/2023\/12\/Governador-Jeronimo-Rodrigues-recebera-Comenda-Maria-Quiteria.jpeg\",\"contentUrl\":\"https:\/\/portalmf.com.br\/wp-content\/uploads\/2023\/12\/Governador-Jeronimo-Rodrigues-recebera-Comenda-Maria-Quiteria.jpeg\",\"width\":848,\"height\":476},{\"@type\":\"BreadcrumbList\",\"@id\":\"https:\/\/portalmf.com.br\/index.php\/2023\/12\/07\/governador-jeronimo-rodrigues-recebera-comenda-maria-quiteria\/#breadcrumb\",\"itemListElement\":[{\"@type\":\"ListItem\",\"position\":1,\"name\":\"In\u00edcio\",\"item\":\"https:\/\/portalmf.com.br\/\"},{\"@type\":\"ListItem\",\"position\":2,\"name\":\"Governador Jer\u00f4nimo Rodrigues receber\u00e1 Comenda Maria Quit\u00e9ria\"}]},{\"@type\":\"WebSite\",\"@id\":\"https:\/\/portalmf.com.br\/#website\",\"url\":\"https:\/\/portalmf.com.br\/\",\"name\":\"Portal MF\",\"description\":\"Voc\u00ea conectado com a informa\u00e7\u00e3o\",\"potentialAction\":[{\"@type\":\"SearchAction\",\"target\":{\"@type\":\"EntryPoint\",\"urlTemplate\":\"https:\/\/portalmf.com.br\/?s={search_term_string}\"},\"query-input\":\"required name=search_term_string\"}],\"inLanguage\":\"pt-BR\"},{\"@type\":\"Person\",\"@id\":\"https:\/\/portalmf.com.br\/#\/schema\/person\/9ec101baf56233e53520c26de5d6f6f0\",\"name\":\"Reda\u00e7\u00e3o Portal MF\",\"image\":{\"@type\":\"ImageObject\",\"inLanguage\":\"pt-BR\",\"@id\":\"https:\/\/portalmf.com.br\/#\/schema\/person\/image\/\",\"url\":\"https:\/\/secure.gravatar.com\/avatar\/41b9aaeb2100835f7c64362330f74c7f?s=96&d=mm&r=g\",\"contentUrl\":\"https:\/\/secure.gravatar.com\/avatar\/41b9aaeb2100835f7c64362330f74c7f?s=96&d=mm&r=g\",\"caption\":\"Reda\u00e7\u00e3o Portal MF\"},\"description\":\"Sejam bem-vindos o portal de informa\u00e7\u00f5es de entretenimento de Feira de Santana, desde 2006 realiza coberturas dos principais eventos com entrevistas exclusivas com as principais personalidades mundiais. Fique conectado tamb\u00e9m nas redes sociais.\",\"sameAs\":[\"http:\/\/www.portalmf.com.br\/\",\"https:\/\/www.facebook.com\/portalmfoficial\",\"https:\/\/www.instagram.com\/portalmf\/\",\"https:\/\/x.com\/https:\/\/x.com\/portalmfoficial\",\"https:\/\/www.youtube.com\/@portalmfoficial\"],\"url\":\"https:\/\/portalmf.com.br\/index.php\/author\/junior\/\"}]}<\/script>\n<!-- \/ Yoast SEO plugin. -->","yoast_head_json":{"title":"Governador Jer\u00f4nimo Rodrigues receber\u00e1 Comenda Maria Quit\u00e9ria - Portal MF","robots":{"index":"index","follow":"follow","max-snippet":"max-snippet:-1","max-image-preview":"max-image-preview:large","max-video-preview":"max-video-preview:-1"},"canonical":"https:\/\/portalmf.com.br\/index.php\/2023\/12\/07\/governador-jeronimo-rodrigues-recebera-comenda-maria-quiteria\/","og_locale":"pt_BR","og_type":"article","og_title":"Governador Jer\u00f4nimo Rodrigues receber\u00e1 Comenda Maria Quit\u00e9ria - Portal MF","og_description":"O governador Jer\u00f4nimo Rodrigues receber\u00e1, da C\u00e2mara de Feira de Santana, a Comenda Maria Quit\u00e9ria, mais importante honraria do Poder Legislativo, dedicada a distinguir personalidades com comprovadas a\u00e7\u00f5es em favor da cidade, em seus&nbsp; &nbsp;diversos setores. O Projeto de Decreto Legislativo n\u00ba 84\/2023, de autoria da presidente da Casa, Eremita Mota (PSDB), propondo a homenagem, [&hellip;]","og_url":"https:\/\/portalmf.com.br\/index.php\/2023\/12\/07\/governador-jeronimo-rodrigues-recebera-comenda-maria-quiteria\/","og_site_name":"Portal MF","article_author":"https:\/\/www.facebook.com\/portalmfoficial","article_published_time":"2023-12-07T19:32:00+00:00","article_modified_time":"2023-12-07T19:32:03+00:00","og_image":[{"width":848,"height":476,"url":"https:\/\/portalmf.com.br\/wp-content\/uploads\/2023\/12\/Governador-Jeronimo-Rodrigues-recebera-Comenda-Maria-Quiteria.jpeg","type":"image\/jpeg"}],"author":"Reda\u00e7\u00e3o Portal MF","twitter_card":"summary_large_image","twitter_creator":"@https:\/\/x.com\/portalmfoficial","twitter_misc":{"Escrito por":"Reda\u00e7\u00e3o Portal MF","Est. tempo de leitura":"2 minutos"},"schema":{"@context":"https:\/\/schema.org","@graph":[{"@type":"WebPage","@id":"https:\/\/portalmf.com.br\/index.php\/2023\/12\/07\/governador-jeronimo-rodrigues-recebera-comenda-maria-quiteria\/","url":"https:\/\/portalmf.com.br\/index.php\/2023\/12\/07\/governador-jeronimo-rodrigues-recebera-comenda-maria-quiteria\/","name":"Governador Jer\u00f4nimo Rodrigues receber\u00e1 Comenda Maria Quit\u00e9ria - Portal MF","isPartOf":{"@id":"https:\/\/portalmf.com.br\/#website"},"primaryImageOfPage":{"@id":"https:\/\/portalmf.com.br\/index.php\/2023\/12\/07\/governador-jeronimo-rodrigues-recebera-comenda-maria-quiteria\/#primaryimage"},"image":{"@id":"https:\/\/portalmf.com.br\/index.php\/2023\/12\/07\/governador-jeronimo-rodrigues-recebera-comenda-maria-quiteria\/#primaryimage"},"thumbnailUrl":"https:\/\/portalmf.com.br\/wp-content\/uploads\/2023\/12\/Governador-Jeronimo-Rodrigues-recebera-Comenda-Maria-Quiteria.jpeg","datePublished":"2023-12-07T19:32:00+00:00","dateModified":"2023-12-07T19:32:03+00:00","author":{"@id":"https:\/\/portalmf.com.br\/#\/schema\/person\/9ec101baf56233e53520c26de5d6f6f0"},"breadcrumb":{"@id":"https:\/\/portalmf.com.br\/index.php\/2023\/12\/07\/governador-jeronimo-rodrigues-recebera-comenda-maria-quiteria\/#breadcrumb"},"inLanguage":"pt-BR","potentialAction":[{"@type":"ReadAction","target":["https:\/\/portalmf.com.br\/index.php\/2023\/12\/07\/governador-jeronimo-rodrigues-recebera-comenda-maria-quiteria\/"]}]},{"@type":"ImageObject","inLanguage":"pt-BR","@id":"https:\/\/portalmf.com.br\/index.php\/2023\/12\/07\/governador-jeronimo-rodrigues-recebera-comenda-maria-quiteria\/#primaryimage","url":"https:\/\/portalmf.com.br\/wp-content\/uploads\/2023\/12\/Governador-Jeronimo-Rodrigues-recebera-Comenda-Maria-Quiteria.jpeg","contentUrl":"https:\/\/portalmf.com.br\/wp-content\/uploads\/2023\/12\/Governador-Jeronimo-Rodrigues-recebera-Comenda-Maria-Quiteria.jpeg","width":848,"height":476},{"@type":"BreadcrumbList","@id":"https:\/\/portalmf.com.br\/index.php\/2023\/12\/07\/governador-jeronimo-rodrigues-recebera-comenda-maria-quiteria\/#breadcrumb","itemListElement":[{"@type":"ListItem","position":1,"name":"In\u00edcio","item":"https:\/\/portalmf.com.br\/"},{"@type":"ListItem","position":2,"name":"Governador Jer\u00f4nimo Rodrigues receber\u00e1 Comenda Maria Quit\u00e9ria"}]},{"@type":"WebSite","@id":"https:\/\/portalmf.com.br\/#website","url":"https:\/\/portalmf.com.br\/","name":"Portal MF","description":"Voc\u00ea conectado com a informa\u00e7\u00e3o","potentialAction":[{"@type":"SearchAction","target":{"@type":"EntryPoint","urlTemplate":"https:\/\/portalmf.com.br\/?s={search_term_string}"},"query-input":"required name=search_term_string"}],"inLanguage":"pt-BR"},{"@type":"Person","@id":"https:\/\/portalmf.com.br\/#\/schema\/person\/9ec101baf56233e53520c26de5d6f6f0","name":"Reda\u00e7\u00e3o Portal MF","image":{"@type":"ImageObject","inLanguage":"pt-BR","@id":"https:\/\/portalmf.com.br\/#\/schema\/person\/image\/","url":"https:\/\/secure.gravatar.com\/avatar\/41b9aaeb2100835f7c64362330f74c7f?s=96&d=mm&r=g","contentUrl":"https:\/\/secure.gravatar.com\/avatar\/41b9aaeb2100835f7c64362330f74c7f?s=96&d=mm&r=g","caption":"Reda\u00e7\u00e3o Portal MF"},"description":"Sejam bem-vindos o portal de informa\u00e7\u00f5es de entretenimento de Feira de Santana, desde 2006 realiza coberturas dos principais eventos com entrevistas exclusivas com as principais personalidades mundiais. Fique conectado tamb\u00e9m nas redes sociais.","sameAs":["http:\/\/www.portalmf.com.br\/","https:\/\/www.facebook.com\/portalmfoficial","https:\/\/www.instagram.com\/portalmf\/","https:\/\/x.com\/https:\/\/x.com\/portalmfoficial","https:\/\/www.youtube.com\/@portalmfoficial"],"url":"https:\/\/portalmf.com.br\/index.php\/author\/junior\/"}]}},"_links":{"self":[{"href":"https:\/\/portalmf.com.br\/index.php\/wp-json\/wp\/v2\/posts\/20707"}],"collection":[{"href":"https:\/\/portalmf.com.br\/index.php\/wp-json\/wp\/v2\/posts"}],"about":[{"href":"https:\/\/portalmf.com.br\/index.php\/wp-json\/wp\/v2\/types\/post"}],"author":[{"embeddable":true,"href":"https:\/\/portalmf.com.br\/index.php\/wp-json\/wp\/v2\/users\/3"}],"replies":[{"embeddable":true,"href":"https:\/\/portalmf.com.br\/index.php\/wp-json\/wp\/v2\/comments?post=20707"}],"version-history":[{"count":1,"href":"https:\/\/portalmf.com.br\/index.php\/wp-json\/wp\/v2\/posts\/20707\/revisions"}],"predecessor-version":[{"id":20709,"href":"https:\/\/portalmf.com.br\/index.php\/wp-json\/wp\/v2\/posts\/20707\/revisions\/20709"}],"wp:featuredmedia":[{"embeddable":true,"href":"https:\/\/portalmf.com.br\/index.php\/wp-json\/wp\/v2\/media\/20708"}],"wp:attachment":[{"href":"https:\/\/portalmf.com.br\/index.php\/wp-json\/wp\/v2\/media?parent=20707"}],"wp:term":[{"taxonomy":"category","embeddable":true,"href":"https:\/\/portalmf.com.br\/index.php\/wp-json\/wp\/v2\/categories?post=20707"},{"taxonomy":"post_tag","embeddable":true,"href":"https:\/\/portalmf.com.br\/index.php\/wp-json\/wp\/v2\/tags?post=20707"}],"curies":[{"name":"wp","href":"https:\/\/api.w.org\/{rel}","templated":true}]}}