{"id":20701,"date":"2023-12-07T08:28:00","date_gmt":"2023-12-07T11:28:00","guid":{"rendered":"https:\/\/portalmf.com.br\/?p=20701"},"modified":"2023-12-07T12:33:45","modified_gmt":"2023-12-07T15:33:45","slug":"pf-deflagra-operacao-contra-grupo-miliciano-em-feira-de-santana","status":"publish","type":"post","link":"https:\/\/portalmf.com.br\/index.php\/2023\/12\/07\/pf-deflagra-operacao-contra-grupo-miliciano-em-feira-de-santana\/","title":{"rendered":"PF deflagra opera\u00e7\u00e3o contra grupo miliciano em Feira de Santana"},"content":{"rendered":"\n<p>A Pol\u00edcia Federal, em conjunto com a Receita Federal, o Minist\u00e9rio P\u00fablico Estadual e a For\u00e7a Correcional Integrada FORCE\/COGER\/SSP\/BA, deflagrou, nesta quinta-feira, 7\/12, a Opera\u00e7\u00e3o El Patron<strong>,<\/strong>&nbsp;cujo objetivo \u00e9 desarticular uma estruturada organiza\u00e7\u00e3o criminosa especializada na lavagem de capitais advindos de jogo do bicho, agiotagem, extors\u00e3o, recepta\u00e7\u00e3o qualificada, entre outras infra\u00e7\u00f5es penais. O grupo \u00e9 atuante em Feira de Santana\/BA e cidades vizinhas.<\/p>\n\n\n\n<p>Foram expedidos dez mandados de pris\u00e3o preventiva, 33 mandados de busca e apreens\u00e3o, bloqueio de mais de R$ 700 milh\u00f5es das contas banc\u00e1rias dos investigados e o sequestro de 26 propriedades urbanas e rurais, al\u00e9m da suspens\u00e3o de atividades econ\u00f4micas de seis empresas, em cumprimento \u00e0 decis\u00e3o do Ju\u00edzo da 1\u00ba Vara Criminal de Feira de Santana\/BA.<\/p>\n\n\n\n<p>Participam da opera\u00e7\u00e3o 200 policiais federais e estaduais, al\u00e9m de 15 Auditores-Fiscais da Receita Federal e seis Analistas Tribut\u00e1rios.<\/p>\n\n\n\n<p>A investiga\u00e7\u00e3o teve in\u00edcio ap\u00f3s recebimento de of\u00edcio encaminhado pelo Minist\u00e9rio P\u00fablico do estado da Bahia, relatando graves il\u00edcitos penais que estariam sendo perpetrados na regi\u00e3o. Com o aprofundamento das dilig\u00eancias, colheram-se elementos probat\u00f3rios que revelaram a participa\u00e7\u00e3o dos indiciados num grupo miliciano e evidenciaram parte de sua estrutura, inclusive o seu poderio econ\u00f4mico.<\/p>\n\n\n\n<p>Segundo foi apurado, o chefe da organiza\u00e7\u00e3o atualmente \u00e9 detentor de foro por prerrogativa de fun\u00e7\u00e3o e, com isso, faz-se necess\u00e1rio esclarecer que, desde 2018, o Supremo Tribunal Federal vem entendendo que parlamentares ser\u00e3o processados e julgados pela justi\u00e7a de primeiro grau em caso cometimento de crimes antes da diploma\u00e7\u00e3o do cargo e desconexo a ele.<\/p>\n\n\n\n<p>A Receita Federal, em cumprimento \u00e0 ordem judicial, produziu relat\u00f3rios apontando inconsist\u00eancias fiscais dos investigados, movimenta\u00e7\u00e3o financeira incompat\u00edvel, bem como propriedade de bens m\u00f3veis e im\u00f3veis n\u00e3o declarados e ind\u00edcios de lavagem de dinheiro.<\/p>\n\n\n\n<p>Observou-se a participa\u00e7\u00e3o de tr\u00eas policiais militares do estado da Bahia, os quais integrariam o bra\u00e7o armado do grupo miliciano, cujas atribui\u00e7\u00f5es seriam de efetuar cobran\u00e7as, mediante viol\u00eancia e grave amea\u00e7a, de valores indevidos oriundos de jogos il\u00edcitos e empr\u00e9stimos a juros excessivos.<\/p>\n\n\n\n<p>A deflagra\u00e7\u00e3o da opera\u00e7\u00e3o contou com o apoio do Comando de Opera\u00e7\u00f5es T\u00e1ticas da Pol\u00edcia Federal (COT), Grupo de Pronta Interven\u00e7\u00e3o da Pol\u00edcia Federal (GPI), do Grupo de Atua\u00e7\u00e3o Especial de Combate ao Crime Organizado do Minist\u00e9rio P\u00fablico Estadual (GAECO) e da Coordenadoria de Recursos Especiais da Pol\u00edcia Civil da Bahia (CORE).<\/p>\n\n\n\n<p>A investiga\u00e7\u00e3o continuar\u00e1 para apura\u00e7\u00e3o de eventuais outros envolvidos. Se condenados pelos crimes cometidos, os investigados se sujeitar\u00e3o a penas m\u00e1ximas que, somadas, podem ultrapassar 50 anos de reclus\u00e3o.<br><br>Com informa\u00e7\u00f5es da Ascom da PF<\/p>\n","protected":false},"excerpt":{"rendered":"<p>A Pol\u00edcia Federal, em conjunto com a Receita Federal, o Minist\u00e9rio P\u00fablico Estadual e a For\u00e7a Correcional Integrada FORCE\/COGER\/SSP\/BA, deflagrou, nesta quinta-feira, 7\/12, a Opera\u00e7\u00e3o El Patron,&nbsp;cujo objetivo \u00e9 desarticular uma estruturada organiza\u00e7\u00e3o criminosa especializada na lavagem de capitais advindos de jogo do bicho, agiotagem, extors\u00e3o, recepta\u00e7\u00e3o qualificada, entre outras infra\u00e7\u00f5es penais. O grupo \u00e9 [&hellip;]<\/p>\n","protected":false},"author":3,"featured_media":20702,"comment_status":"open","ping_status":"open","sticky":false,"template":"","format":"standard","meta":{"_monsterinsights_skip_tracking":false,"_monsterinsights_sitenote_active":false,"_monsterinsights_sitenote_note":"","_monsterinsights_sitenote_category":0,"footnotes":""},"categories":[34],"tags":[],"yoast_head":"<!-- This site is optimized with the Yoast SEO plugin v22.9 - https:\/\/yoast.com\/wordpress\/plugins\/seo\/ -->\n<title>PF deflagra opera\u00e7\u00e3o contra grupo miliciano em Feira de Santana - Portal MF<\/title>\n<meta name=\"robots\" content=\"index, follow, max-snippet:-1, max-image-preview:large, max-video-preview:-1\" \/>\n<link rel=\"canonical\" href=\"https:\/\/portalmf.com.br\/index.php\/2023\/12\/07\/pf-deflagra-operacao-contra-grupo-miliciano-em-feira-de-santana\/\" \/>\n<meta property=\"og:locale\" content=\"pt_BR\" \/>\n<meta property=\"og:type\" content=\"article\" \/>\n<meta property=\"og:title\" content=\"PF deflagra opera\u00e7\u00e3o contra grupo miliciano em Feira de Santana - Portal MF\" \/>\n<meta property=\"og:description\" content=\"A Pol\u00edcia Federal, em conjunto com a Receita Federal, o Minist\u00e9rio P\u00fablico Estadual e a For\u00e7a Correcional Integrada FORCE\/COGER\/SSP\/BA, deflagrou, nesta quinta-feira, 7\/12, a Opera\u00e7\u00e3o El Patron,&nbsp;cujo objetivo \u00e9 desarticular uma estruturada organiza\u00e7\u00e3o criminosa especializada na lavagem de capitais advindos de jogo do bicho, agiotagem, extors\u00e3o, recepta\u00e7\u00e3o qualificada, entre outras infra\u00e7\u00f5es penais. O grupo \u00e9 [&hellip;]\" \/>\n<meta property=\"og:url\" content=\"https:\/\/portalmf.com.br\/index.php\/2023\/12\/07\/pf-deflagra-operacao-contra-grupo-miliciano-em-feira-de-santana\/\" \/>\n<meta property=\"og:site_name\" content=\"Portal MF\" \/>\n<meta property=\"article:author\" content=\"https:\/\/www.facebook.com\/portalmfoficial\" \/>\n<meta property=\"article:published_time\" content=\"2023-12-07T11:28:00+00:00\" \/>\n<meta property=\"article:modified_time\" content=\"2023-12-07T15:33:45+00:00\" \/>\n<meta property=\"og:image\" content=\"https:\/\/portalmf.com.br\/wp-content\/uploads\/2023\/12\/PF-deflagra-operacao-contra-grupo-miliciano-em-Feira-de-Santana.jpeg\" \/>\n\t<meta property=\"og:image:width\" content=\"768\" \/>\n\t<meta property=\"og:image:height\" content=\"432\" \/>\n\t<meta property=\"og:image:type\" content=\"image\/jpeg\" \/>\n<meta name=\"author\" content=\"Reda\u00e7\u00e3o Portal MF\" \/>\n<meta name=\"twitter:card\" content=\"summary_large_image\" \/>\n<meta name=\"twitter:creator\" content=\"@https:\/\/x.com\/portalmfoficial\" \/>\n<meta name=\"twitter:label1\" content=\"Escrito por\" \/>\n\t<meta name=\"twitter:data1\" content=\"Reda\u00e7\u00e3o Portal MF\" \/>\n\t<meta name=\"twitter:label2\" content=\"Est. tempo de leitura\" \/>\n\t<meta name=\"twitter:data2\" content=\"3 minutos\" \/>\n<script type=\"application\/ld+json\" class=\"yoast-schema-graph\">{\"@context\":\"https:\/\/schema.org\",\"@graph\":[{\"@type\":\"WebPage\",\"@id\":\"https:\/\/portalmf.com.br\/index.php\/2023\/12\/07\/pf-deflagra-operacao-contra-grupo-miliciano-em-feira-de-santana\/\",\"url\":\"https:\/\/portalmf.com.br\/index.php\/2023\/12\/07\/pf-deflagra-operacao-contra-grupo-miliciano-em-feira-de-santana\/\",\"name\":\"PF deflagra opera\u00e7\u00e3o contra grupo miliciano em Feira de Santana - Portal MF\",\"isPartOf\":{\"@id\":\"https:\/\/portalmf.com.br\/#website\"},\"primaryImageOfPage\":{\"@id\":\"https:\/\/portalmf.com.br\/index.php\/2023\/12\/07\/pf-deflagra-operacao-contra-grupo-miliciano-em-feira-de-santana\/#primaryimage\"},\"image\":{\"@id\":\"https:\/\/portalmf.com.br\/index.php\/2023\/12\/07\/pf-deflagra-operacao-contra-grupo-miliciano-em-feira-de-santana\/#primaryimage\"},\"thumbnailUrl\":\"https:\/\/portalmf.com.br\/wp-content\/uploads\/2023\/12\/PF-deflagra-operacao-contra-grupo-miliciano-em-Feira-de-Santana.jpeg\",\"datePublished\":\"2023-12-07T11:28:00+00:00\",\"dateModified\":\"2023-12-07T15:33:45+00:00\",\"author\":{\"@id\":\"https:\/\/portalmf.com.br\/#\/schema\/person\/9ec101baf56233e53520c26de5d6f6f0\"},\"breadcrumb\":{\"@id\":\"https:\/\/portalmf.com.br\/index.php\/2023\/12\/07\/pf-deflagra-operacao-contra-grupo-miliciano-em-feira-de-santana\/#breadcrumb\"},\"inLanguage\":\"pt-BR\",\"potentialAction\":[{\"@type\":\"ReadAction\",\"target\":[\"https:\/\/portalmf.com.br\/index.php\/2023\/12\/07\/pf-deflagra-operacao-contra-grupo-miliciano-em-feira-de-santana\/\"]}]},{\"@type\":\"ImageObject\",\"inLanguage\":\"pt-BR\",\"@id\":\"https:\/\/portalmf.com.br\/index.php\/2023\/12\/07\/pf-deflagra-operacao-contra-grupo-miliciano-em-feira-de-santana\/#primaryimage\",\"url\":\"https:\/\/portalmf.com.br\/wp-content\/uploads\/2023\/12\/PF-deflagra-operacao-contra-grupo-miliciano-em-Feira-de-Santana.jpeg\",\"contentUrl\":\"https:\/\/portalmf.com.br\/wp-content\/uploads\/2023\/12\/PF-deflagra-operacao-contra-grupo-miliciano-em-Feira-de-Santana.jpeg\",\"width\":768,\"height\":432},{\"@type\":\"BreadcrumbList\",\"@id\":\"https:\/\/portalmf.com.br\/index.php\/2023\/12\/07\/pf-deflagra-operacao-contra-grupo-miliciano-em-feira-de-santana\/#breadcrumb\",\"itemListElement\":[{\"@type\":\"ListItem\",\"position\":1,\"name\":\"In\u00edcio\",\"item\":\"https:\/\/portalmf.com.br\/\"},{\"@type\":\"ListItem\",\"position\":2,\"name\":\"PF deflagra opera\u00e7\u00e3o contra grupo miliciano em Feira de Santana\"}]},{\"@type\":\"WebSite\",\"@id\":\"https:\/\/portalmf.com.br\/#website\",\"url\":\"https:\/\/portalmf.com.br\/\",\"name\":\"Portal MF\",\"description\":\"Voc\u00ea conectado com a informa\u00e7\u00e3o\",\"potentialAction\":[{\"@type\":\"SearchAction\",\"target\":{\"@type\":\"EntryPoint\",\"urlTemplate\":\"https:\/\/portalmf.com.br\/?s={search_term_string}\"},\"query-input\":\"required name=search_term_string\"}],\"inLanguage\":\"pt-BR\"},{\"@type\":\"Person\",\"@id\":\"https:\/\/portalmf.com.br\/#\/schema\/person\/9ec101baf56233e53520c26de5d6f6f0\",\"name\":\"Reda\u00e7\u00e3o Portal MF\",\"image\":{\"@type\":\"ImageObject\",\"inLanguage\":\"pt-BR\",\"@id\":\"https:\/\/portalmf.com.br\/#\/schema\/person\/image\/\",\"url\":\"https:\/\/secure.gravatar.com\/avatar\/41b9aaeb2100835f7c64362330f74c7f?s=96&d=mm&r=g\",\"contentUrl\":\"https:\/\/secure.gravatar.com\/avatar\/41b9aaeb2100835f7c64362330f74c7f?s=96&d=mm&r=g\",\"caption\":\"Reda\u00e7\u00e3o Portal MF\"},\"description\":\"Sejam bem-vindos o portal de informa\u00e7\u00f5es de entretenimento de Feira de Santana, desde 2006 realiza coberturas dos principais eventos com entrevistas exclusivas com as principais personalidades mundiais. Fique conectado tamb\u00e9m nas redes sociais.\",\"sameAs\":[\"http:\/\/www.portalmf.com.br\/\",\"https:\/\/www.facebook.com\/portalmfoficial\",\"https:\/\/www.instagram.com\/portalmf\/\",\"https:\/\/x.com\/https:\/\/x.com\/portalmfoficial\",\"https:\/\/www.youtube.com\/@portalmfoficial\"],\"url\":\"https:\/\/portalmf.com.br\/index.php\/author\/junior\/\"}]}<\/script>\n<!-- \/ Yoast SEO plugin. -->","yoast_head_json":{"title":"PF deflagra opera\u00e7\u00e3o contra grupo miliciano em Feira de Santana - Portal MF","robots":{"index":"index","follow":"follow","max-snippet":"max-snippet:-1","max-image-preview":"max-image-preview:large","max-video-preview":"max-video-preview:-1"},"canonical":"https:\/\/portalmf.com.br\/index.php\/2023\/12\/07\/pf-deflagra-operacao-contra-grupo-miliciano-em-feira-de-santana\/","og_locale":"pt_BR","og_type":"article","og_title":"PF deflagra opera\u00e7\u00e3o contra grupo miliciano em Feira de Santana - Portal MF","og_description":"A Pol\u00edcia Federal, em conjunto com a Receita Federal, o Minist\u00e9rio P\u00fablico Estadual e a For\u00e7a Correcional Integrada FORCE\/COGER\/SSP\/BA, deflagrou, nesta quinta-feira, 7\/12, a Opera\u00e7\u00e3o El Patron,&nbsp;cujo objetivo \u00e9 desarticular uma estruturada organiza\u00e7\u00e3o criminosa especializada na lavagem de capitais advindos de jogo do bicho, agiotagem, extors\u00e3o, recepta\u00e7\u00e3o qualificada, entre outras infra\u00e7\u00f5es penais. O grupo \u00e9 [&hellip;]","og_url":"https:\/\/portalmf.com.br\/index.php\/2023\/12\/07\/pf-deflagra-operacao-contra-grupo-miliciano-em-feira-de-santana\/","og_site_name":"Portal MF","article_author":"https:\/\/www.facebook.com\/portalmfoficial","article_published_time":"2023-12-07T11:28:00+00:00","article_modified_time":"2023-12-07T15:33:45+00:00","og_image":[{"width":768,"height":432,"url":"https:\/\/portalmf.com.br\/wp-content\/uploads\/2023\/12\/PF-deflagra-operacao-contra-grupo-miliciano-em-Feira-de-Santana.jpeg","type":"image\/jpeg"}],"author":"Reda\u00e7\u00e3o Portal MF","twitter_card":"summary_large_image","twitter_creator":"@https:\/\/x.com\/portalmfoficial","twitter_misc":{"Escrito por":"Reda\u00e7\u00e3o Portal MF","Est. tempo de leitura":"3 minutos"},"schema":{"@context":"https:\/\/schema.org","@graph":[{"@type":"WebPage","@id":"https:\/\/portalmf.com.br\/index.php\/2023\/12\/07\/pf-deflagra-operacao-contra-grupo-miliciano-em-feira-de-santana\/","url":"https:\/\/portalmf.com.br\/index.php\/2023\/12\/07\/pf-deflagra-operacao-contra-grupo-miliciano-em-feira-de-santana\/","name":"PF deflagra opera\u00e7\u00e3o contra grupo miliciano em Feira de Santana - Portal MF","isPartOf":{"@id":"https:\/\/portalmf.com.br\/#website"},"primaryImageOfPage":{"@id":"https:\/\/portalmf.com.br\/index.php\/2023\/12\/07\/pf-deflagra-operacao-contra-grupo-miliciano-em-feira-de-santana\/#primaryimage"},"image":{"@id":"https:\/\/portalmf.com.br\/index.php\/2023\/12\/07\/pf-deflagra-operacao-contra-grupo-miliciano-em-feira-de-santana\/#primaryimage"},"thumbnailUrl":"https:\/\/portalmf.com.br\/wp-content\/uploads\/2023\/12\/PF-deflagra-operacao-contra-grupo-miliciano-em-Feira-de-Santana.jpeg","datePublished":"2023-12-07T11:28:00+00:00","dateModified":"2023-12-07T15:33:45+00:00","author":{"@id":"https:\/\/portalmf.com.br\/#\/schema\/person\/9ec101baf56233e53520c26de5d6f6f0"},"breadcrumb":{"@id":"https:\/\/portalmf.com.br\/index.php\/2023\/12\/07\/pf-deflagra-operacao-contra-grupo-miliciano-em-feira-de-santana\/#breadcrumb"},"inLanguage":"pt-BR","potentialAction":[{"@type":"ReadAction","target":["https:\/\/portalmf.com.br\/index.php\/2023\/12\/07\/pf-deflagra-operacao-contra-grupo-miliciano-em-feira-de-santana\/"]}]},{"@type":"ImageObject","inLanguage":"pt-BR","@id":"https:\/\/portalmf.com.br\/index.php\/2023\/12\/07\/pf-deflagra-operacao-contra-grupo-miliciano-em-feira-de-santana\/#primaryimage","url":"https:\/\/portalmf.com.br\/wp-content\/uploads\/2023\/12\/PF-deflagra-operacao-contra-grupo-miliciano-em-Feira-de-Santana.jpeg","contentUrl":"https:\/\/portalmf.com.br\/wp-content\/uploads\/2023\/12\/PF-deflagra-operacao-contra-grupo-miliciano-em-Feira-de-Santana.jpeg","width":768,"height":432},{"@type":"BreadcrumbList","@id":"https:\/\/portalmf.com.br\/index.php\/2023\/12\/07\/pf-deflagra-operacao-contra-grupo-miliciano-em-feira-de-santana\/#breadcrumb","itemListElement":[{"@type":"ListItem","position":1,"name":"In\u00edcio","item":"https:\/\/portalmf.com.br\/"},{"@type":"ListItem","position":2,"name":"PF deflagra opera\u00e7\u00e3o contra grupo miliciano em Feira de Santana"}]},{"@type":"WebSite","@id":"https:\/\/portalmf.com.br\/#website","url":"https:\/\/portalmf.com.br\/","name":"Portal MF","description":"Voc\u00ea conectado com a informa\u00e7\u00e3o","potentialAction":[{"@type":"SearchAction","target":{"@type":"EntryPoint","urlTemplate":"https:\/\/portalmf.com.br\/?s={search_term_string}"},"query-input":"required name=search_term_string"}],"inLanguage":"pt-BR"},{"@type":"Person","@id":"https:\/\/portalmf.com.br\/#\/schema\/person\/9ec101baf56233e53520c26de5d6f6f0","name":"Reda\u00e7\u00e3o Portal MF","image":{"@type":"ImageObject","inLanguage":"pt-BR","@id":"https:\/\/portalmf.com.br\/#\/schema\/person\/image\/","url":"https:\/\/secure.gravatar.com\/avatar\/41b9aaeb2100835f7c64362330f74c7f?s=96&d=mm&r=g","contentUrl":"https:\/\/secure.gravatar.com\/avatar\/41b9aaeb2100835f7c64362330f74c7f?s=96&d=mm&r=g","caption":"Reda\u00e7\u00e3o Portal MF"},"description":"Sejam bem-vindos o portal de informa\u00e7\u00f5es de entretenimento de Feira de Santana, desde 2006 realiza coberturas dos principais eventos com entrevistas exclusivas com as principais personalidades mundiais. Fique conectado tamb\u00e9m nas redes sociais.","sameAs":["http:\/\/www.portalmf.com.br\/","https:\/\/www.facebook.com\/portalmfoficial","https:\/\/www.instagram.com\/portalmf\/","https:\/\/x.com\/https:\/\/x.com\/portalmfoficial","https:\/\/www.youtube.com\/@portalmfoficial"],"url":"https:\/\/portalmf.com.br\/index.php\/author\/junior\/"}]}},"_links":{"self":[{"href":"https:\/\/portalmf.com.br\/index.php\/wp-json\/wp\/v2\/posts\/20701"}],"collection":[{"href":"https:\/\/portalmf.com.br\/index.php\/wp-json\/wp\/v2\/posts"}],"about":[{"href":"https:\/\/portalmf.com.br\/index.php\/wp-json\/wp\/v2\/types\/post"}],"author":[{"embeddable":true,"href":"https:\/\/portalmf.com.br\/index.php\/wp-json\/wp\/v2\/users\/3"}],"replies":[{"embeddable":true,"href":"https:\/\/portalmf.com.br\/index.php\/wp-json\/wp\/v2\/comments?post=20701"}],"version-history":[{"count":1,"href":"https:\/\/portalmf.com.br\/index.php\/wp-json\/wp\/v2\/posts\/20701\/revisions"}],"predecessor-version":[{"id":20703,"href":"https:\/\/portalmf.com.br\/index.php\/wp-json\/wp\/v2\/posts\/20701\/revisions\/20703"}],"wp:featuredmedia":[{"embeddable":true,"href":"https:\/\/portalmf.com.br\/index.php\/wp-json\/wp\/v2\/media\/20702"}],"wp:attachment":[{"href":"https:\/\/portalmf.com.br\/index.php\/wp-json\/wp\/v2\/media?parent=20701"}],"wp:term":[{"taxonomy":"category","embeddable":true,"href":"https:\/\/portalmf.com.br\/index.php\/wp-json\/wp\/v2\/categories?post=20701"},{"taxonomy":"post_tag","embeddable":true,"href":"https:\/\/portalmf.com.br\/index.php\/wp-json\/wp\/v2\/tags?post=20701"}],"curies":[{"name":"wp","href":"https:\/\/api.w.org\/{rel}","templated":true}]}}