{"id":20616,"date":"2023-12-05T18:44:44","date_gmt":"2023-12-05T21:44:44","guid":{"rendered":"https:\/\/portalmf.com.br\/?p=20616"},"modified":"2023-12-05T18:44:45","modified_gmt":"2023-12-05T21:44:45","slug":"presidente-da-camara-de-feira-de-santana-recebe-comitiva-do-senai","status":"publish","type":"post","link":"https:\/\/portalmf.com.br\/index.php\/2023\/12\/05\/presidente-da-camara-de-feira-de-santana-recebe-comitiva-do-senai\/","title":{"rendered":"Presidente da C\u00e2mara de Feira de Santana recebe comitiva do SENAI"},"content":{"rendered":"\n<p>A presidente da C\u00e2mara, Eremita Mota (PSDB), recebeu hoje uma comitiva do Servi\u00e7o Nacional de Aprendizagem Industrial (SENAI). O grupo compareceu ao Legislativo para apresentar um projeto autorizando o Executivo a doar, ao \u00f3rg\u00e3o, uma \u00e1rea de terra, pr\u00f3xima \u00e0 sua unidade na Avenida Eduardo Froes da Mota, pertencente ao Munic\u00edpio. O SENAI j\u00e1 enviou a reivindica\u00e7\u00e3o ao Governo local. De acordo com Eremita, o projeto \u00e9 vi\u00e1vel. No que depender da C\u00e2mara, ela disse, ser\u00e1 encaminhado para vota\u00e7\u00e3o, assim que chegar na Casa da Cidadania.<\/p>\n\n\n\n<p><em>&nbsp;\u201cVamos nos empenhar para que essa mat\u00e9ria seja votada logo, tendo em vista a import\u00e2ncia do SENAI na nossa cidade, como servi\u00e7o de aprendizagem e gerador de empregos\u201d,<\/em> destacou. A dirigente lembra que a C\u00e2mara aprovou este ano dois importantes projetos para o desenvolvimento do ensino t\u00e9cnico. Um deles, garantiu a doa\u00e7\u00e3o de \u00e1rea p\u00fablica para um polo de forma\u00e7\u00e3o do SENAR ao lado do Parque de Exposi\u00e7\u00f5es Jo\u00e3o Martins da Silva. O outro, oficializando a cess\u00e3o da \u00e1rea onde o Governo do Estado constroi o futuro Centro de Conven\u00e7\u00f5es.<\/p>\n\n\n\n<p>Atualmente, o SENAI em Feira realiza mais de 10 mil matr\u00edculas por ano, formando t\u00e9cnicos de n\u00edvel m\u00e9dio, aprendizes e profissionais qualificados em diversas \u00e1reas compat\u00edveis com a necessidade da regi\u00e3o. S\u00e3o 12 cursos e parte das suas vagas \u00e9 ofertada por meio de bolsas de estudos integrais, atrav\u00e9s da nota do ENEM. &nbsp;<\/p>\n\n\n\n<p>De acordo com o diretor regional, Evandro Minuce Mazo, o SENAI pretende realizar investimentos da ordem de R$ 30 milh\u00f5es. O objetivo \u00e9 acompanhar o crescimento do munic\u00edpio, apoiando a atra\u00e7\u00e3o de novas ind\u00fastrias e oportunizando a gera\u00e7\u00e3o de empregos tecnicamente qualificados. <em>\u201cA nossa inten\u00e7\u00e3o \u00e9 aumentar em 30% a capacidade do SENAI ap\u00f3s a expans\u00e3o da unidade\u201d<\/em>, explicou<\/p>\n\n\n\n<p>Estiveram presentes \u00e0 reuni\u00e3o o diretor da C\u00e2mara, R\u00f4mulo Alencar; o gerente do Legislativo, Eduardo Pimentel; o gerente SENAI de Feira de Santana, Antonyony Santana; o membro do Conselho Deliberativo do SENAI, Jo\u00e3o Baptista Ferreira, e o coordenador de Neg\u00f3cios, Gildo Costa.<\/p>\n","protected":false},"excerpt":{"rendered":"<p>A presidente da C\u00e2mara, Eremita Mota (PSDB), recebeu hoje uma comitiva do Servi\u00e7o Nacional de Aprendizagem Industrial (SENAI). O grupo compareceu ao Legislativo para apresentar um projeto autorizando o Executivo a doar, ao \u00f3rg\u00e3o, uma \u00e1rea de terra, pr\u00f3xima \u00e0 sua unidade na Avenida Eduardo Froes da Mota, pertencente ao Munic\u00edpio. O SENAI j\u00e1 enviou [&hellip;]<\/p>\n","protected":false},"author":3,"featured_media":20617,"comment_status":"open","ping_status":"open","sticky":false,"template":"","format":"standard","meta":{"_monsterinsights_skip_tracking":false,"_monsterinsights_sitenote_active":false,"_monsterinsights_sitenote_note":"","_monsterinsights_sitenote_category":0,"footnotes":""},"categories":[34],"tags":[],"yoast_head":"<!-- This site is optimized with the Yoast SEO plugin v22.9 - https:\/\/yoast.com\/wordpress\/plugins\/seo\/ -->\n<title>Presidente da C\u00e2mara de Feira de Santana recebe comitiva do SENAI - Portal MF<\/title>\n<meta name=\"robots\" content=\"index, follow, max-snippet:-1, max-image-preview:large, max-video-preview:-1\" \/>\n<link rel=\"canonical\" href=\"https:\/\/portalmf.com.br\/index.php\/2023\/12\/05\/presidente-da-camara-de-feira-de-santana-recebe-comitiva-do-senai\/\" \/>\n<meta property=\"og:locale\" content=\"pt_BR\" \/>\n<meta property=\"og:type\" content=\"article\" \/>\n<meta property=\"og:title\" content=\"Presidente da C\u00e2mara de Feira de Santana recebe comitiva do SENAI - Portal MF\" \/>\n<meta property=\"og:description\" content=\"A presidente da C\u00e2mara, Eremita Mota (PSDB), recebeu hoje uma comitiva do Servi\u00e7o Nacional de Aprendizagem Industrial (SENAI). O grupo compareceu ao Legislativo para apresentar um projeto autorizando o Executivo a doar, ao \u00f3rg\u00e3o, uma \u00e1rea de terra, pr\u00f3xima \u00e0 sua unidade na Avenida Eduardo Froes da Mota, pertencente ao Munic\u00edpio. O SENAI j\u00e1 enviou [&hellip;]\" \/>\n<meta property=\"og:url\" content=\"https:\/\/portalmf.com.br\/index.php\/2023\/12\/05\/presidente-da-camara-de-feira-de-santana-recebe-comitiva-do-senai\/\" \/>\n<meta property=\"og:site_name\" content=\"Portal MF\" \/>\n<meta property=\"article:author\" content=\"https:\/\/www.facebook.com\/portalmfoficial\" \/>\n<meta property=\"article:published_time\" content=\"2023-12-05T21:44:44+00:00\" \/>\n<meta property=\"article:modified_time\" content=\"2023-12-05T21:44:45+00:00\" \/>\n<meta property=\"og:image\" content=\"https:\/\/portalmf.com.br\/wp-content\/uploads\/2023\/12\/Presidente-da-Camara-de-Feira-de-Santana-recebe-comitiva-do-SENAI.jpeg\" \/>\n\t<meta property=\"og:image:width\" content=\"1300\" \/>\n\t<meta property=\"og:image:height\" content=\"817\" \/>\n\t<meta property=\"og:image:type\" content=\"image\/jpeg\" \/>\n<meta name=\"author\" content=\"Reda\u00e7\u00e3o Portal MF\" \/>\n<meta name=\"twitter:card\" content=\"summary_large_image\" \/>\n<meta name=\"twitter:creator\" content=\"@https:\/\/x.com\/portalmfoficial\" \/>\n<meta name=\"twitter:label1\" content=\"Escrito por\" \/>\n\t<meta name=\"twitter:data1\" content=\"Reda\u00e7\u00e3o Portal MF\" \/>\n\t<meta name=\"twitter:label2\" content=\"Est. tempo de leitura\" \/>\n\t<meta name=\"twitter:data2\" content=\"2 minutos\" \/>\n<script type=\"application\/ld+json\" class=\"yoast-schema-graph\">{\"@context\":\"https:\/\/schema.org\",\"@graph\":[{\"@type\":\"WebPage\",\"@id\":\"https:\/\/portalmf.com.br\/index.php\/2023\/12\/05\/presidente-da-camara-de-feira-de-santana-recebe-comitiva-do-senai\/\",\"url\":\"https:\/\/portalmf.com.br\/index.php\/2023\/12\/05\/presidente-da-camara-de-feira-de-santana-recebe-comitiva-do-senai\/\",\"name\":\"Presidente da C\u00e2mara de Feira de Santana recebe comitiva do SENAI - Portal MF\",\"isPartOf\":{\"@id\":\"https:\/\/portalmf.com.br\/#website\"},\"primaryImageOfPage\":{\"@id\":\"https:\/\/portalmf.com.br\/index.php\/2023\/12\/05\/presidente-da-camara-de-feira-de-santana-recebe-comitiva-do-senai\/#primaryimage\"},\"image\":{\"@id\":\"https:\/\/portalmf.com.br\/index.php\/2023\/12\/05\/presidente-da-camara-de-feira-de-santana-recebe-comitiva-do-senai\/#primaryimage\"},\"thumbnailUrl\":\"https:\/\/portalmf.com.br\/wp-content\/uploads\/2023\/12\/Presidente-da-Camara-de-Feira-de-Santana-recebe-comitiva-do-SENAI.jpeg\",\"datePublished\":\"2023-12-05T21:44:44+00:00\",\"dateModified\":\"2023-12-05T21:44:45+00:00\",\"author\":{\"@id\":\"https:\/\/portalmf.com.br\/#\/schema\/person\/9ec101baf56233e53520c26de5d6f6f0\"},\"breadcrumb\":{\"@id\":\"https:\/\/portalmf.com.br\/index.php\/2023\/12\/05\/presidente-da-camara-de-feira-de-santana-recebe-comitiva-do-senai\/#breadcrumb\"},\"inLanguage\":\"pt-BR\",\"potentialAction\":[{\"@type\":\"ReadAction\",\"target\":[\"https:\/\/portalmf.com.br\/index.php\/2023\/12\/05\/presidente-da-camara-de-feira-de-santana-recebe-comitiva-do-senai\/\"]}]},{\"@type\":\"ImageObject\",\"inLanguage\":\"pt-BR\",\"@id\":\"https:\/\/portalmf.com.br\/index.php\/2023\/12\/05\/presidente-da-camara-de-feira-de-santana-recebe-comitiva-do-senai\/#primaryimage\",\"url\":\"https:\/\/portalmf.com.br\/wp-content\/uploads\/2023\/12\/Presidente-da-Camara-de-Feira-de-Santana-recebe-comitiva-do-SENAI.jpeg\",\"contentUrl\":\"https:\/\/portalmf.com.br\/wp-content\/uploads\/2023\/12\/Presidente-da-Camara-de-Feira-de-Santana-recebe-comitiva-do-SENAI.jpeg\",\"width\":1300,\"height\":817},{\"@type\":\"BreadcrumbList\",\"@id\":\"https:\/\/portalmf.com.br\/index.php\/2023\/12\/05\/presidente-da-camara-de-feira-de-santana-recebe-comitiva-do-senai\/#breadcrumb\",\"itemListElement\":[{\"@type\":\"ListItem\",\"position\":1,\"name\":\"In\u00edcio\",\"item\":\"https:\/\/portalmf.com.br\/\"},{\"@type\":\"ListItem\",\"position\":2,\"name\":\"Presidente da C\u00e2mara de Feira de Santana recebe comitiva do SENAI\"}]},{\"@type\":\"WebSite\",\"@id\":\"https:\/\/portalmf.com.br\/#website\",\"url\":\"https:\/\/portalmf.com.br\/\",\"name\":\"Portal MF\",\"description\":\"Voc\u00ea conectado com a informa\u00e7\u00e3o\",\"potentialAction\":[{\"@type\":\"SearchAction\",\"target\":{\"@type\":\"EntryPoint\",\"urlTemplate\":\"https:\/\/portalmf.com.br\/?s={search_term_string}\"},\"query-input\":\"required name=search_term_string\"}],\"inLanguage\":\"pt-BR\"},{\"@type\":\"Person\",\"@id\":\"https:\/\/portalmf.com.br\/#\/schema\/person\/9ec101baf56233e53520c26de5d6f6f0\",\"name\":\"Reda\u00e7\u00e3o Portal MF\",\"image\":{\"@type\":\"ImageObject\",\"inLanguage\":\"pt-BR\",\"@id\":\"https:\/\/portalmf.com.br\/#\/schema\/person\/image\/\",\"url\":\"https:\/\/secure.gravatar.com\/avatar\/41b9aaeb2100835f7c64362330f74c7f?s=96&d=mm&r=g\",\"contentUrl\":\"https:\/\/secure.gravatar.com\/avatar\/41b9aaeb2100835f7c64362330f74c7f?s=96&d=mm&r=g\",\"caption\":\"Reda\u00e7\u00e3o Portal MF\"},\"description\":\"Sejam bem-vindos o portal de informa\u00e7\u00f5es de entretenimento de Feira de Santana, desde 2006 realiza coberturas dos principais eventos com entrevistas exclusivas com as principais personalidades mundiais. Fique conectado tamb\u00e9m nas redes sociais.\",\"sameAs\":[\"http:\/\/www.portalmf.com.br\/\",\"https:\/\/www.facebook.com\/portalmfoficial\",\"https:\/\/www.instagram.com\/portalmf\/\",\"https:\/\/x.com\/https:\/\/x.com\/portalmfoficial\",\"https:\/\/www.youtube.com\/@portalmfoficial\"],\"url\":\"https:\/\/portalmf.com.br\/index.php\/author\/junior\/\"}]}<\/script>\n<!-- \/ Yoast SEO plugin. -->","yoast_head_json":{"title":"Presidente da C\u00e2mara de Feira de Santana recebe comitiva do SENAI - Portal MF","robots":{"index":"index","follow":"follow","max-snippet":"max-snippet:-1","max-image-preview":"max-image-preview:large","max-video-preview":"max-video-preview:-1"},"canonical":"https:\/\/portalmf.com.br\/index.php\/2023\/12\/05\/presidente-da-camara-de-feira-de-santana-recebe-comitiva-do-senai\/","og_locale":"pt_BR","og_type":"article","og_title":"Presidente da C\u00e2mara de Feira de Santana recebe comitiva do SENAI - Portal MF","og_description":"A presidente da C\u00e2mara, Eremita Mota (PSDB), recebeu hoje uma comitiva do Servi\u00e7o Nacional de Aprendizagem Industrial (SENAI). O grupo compareceu ao Legislativo para apresentar um projeto autorizando o Executivo a doar, ao \u00f3rg\u00e3o, uma \u00e1rea de terra, pr\u00f3xima \u00e0 sua unidade na Avenida Eduardo Froes da Mota, pertencente ao Munic\u00edpio. O SENAI j\u00e1 enviou [&hellip;]","og_url":"https:\/\/portalmf.com.br\/index.php\/2023\/12\/05\/presidente-da-camara-de-feira-de-santana-recebe-comitiva-do-senai\/","og_site_name":"Portal MF","article_author":"https:\/\/www.facebook.com\/portalmfoficial","article_published_time":"2023-12-05T21:44:44+00:00","article_modified_time":"2023-12-05T21:44:45+00:00","og_image":[{"width":1300,"height":817,"url":"https:\/\/portalmf.com.br\/wp-content\/uploads\/2023\/12\/Presidente-da-Camara-de-Feira-de-Santana-recebe-comitiva-do-SENAI.jpeg","type":"image\/jpeg"}],"author":"Reda\u00e7\u00e3o Portal MF","twitter_card":"summary_large_image","twitter_creator":"@https:\/\/x.com\/portalmfoficial","twitter_misc":{"Escrito por":"Reda\u00e7\u00e3o Portal MF","Est. tempo de leitura":"2 minutos"},"schema":{"@context":"https:\/\/schema.org","@graph":[{"@type":"WebPage","@id":"https:\/\/portalmf.com.br\/index.php\/2023\/12\/05\/presidente-da-camara-de-feira-de-santana-recebe-comitiva-do-senai\/","url":"https:\/\/portalmf.com.br\/index.php\/2023\/12\/05\/presidente-da-camara-de-feira-de-santana-recebe-comitiva-do-senai\/","name":"Presidente da C\u00e2mara de Feira de Santana recebe comitiva do SENAI - Portal MF","isPartOf":{"@id":"https:\/\/portalmf.com.br\/#website"},"primaryImageOfPage":{"@id":"https:\/\/portalmf.com.br\/index.php\/2023\/12\/05\/presidente-da-camara-de-feira-de-santana-recebe-comitiva-do-senai\/#primaryimage"},"image":{"@id":"https:\/\/portalmf.com.br\/index.php\/2023\/12\/05\/presidente-da-camara-de-feira-de-santana-recebe-comitiva-do-senai\/#primaryimage"},"thumbnailUrl":"https:\/\/portalmf.com.br\/wp-content\/uploads\/2023\/12\/Presidente-da-Camara-de-Feira-de-Santana-recebe-comitiva-do-SENAI.jpeg","datePublished":"2023-12-05T21:44:44+00:00","dateModified":"2023-12-05T21:44:45+00:00","author":{"@id":"https:\/\/portalmf.com.br\/#\/schema\/person\/9ec101baf56233e53520c26de5d6f6f0"},"breadcrumb":{"@id":"https:\/\/portalmf.com.br\/index.php\/2023\/12\/05\/presidente-da-camara-de-feira-de-santana-recebe-comitiva-do-senai\/#breadcrumb"},"inLanguage":"pt-BR","potentialAction":[{"@type":"ReadAction","target":["https:\/\/portalmf.com.br\/index.php\/2023\/12\/05\/presidente-da-camara-de-feira-de-santana-recebe-comitiva-do-senai\/"]}]},{"@type":"ImageObject","inLanguage":"pt-BR","@id":"https:\/\/portalmf.com.br\/index.php\/2023\/12\/05\/presidente-da-camara-de-feira-de-santana-recebe-comitiva-do-senai\/#primaryimage","url":"https:\/\/portalmf.com.br\/wp-content\/uploads\/2023\/12\/Presidente-da-Camara-de-Feira-de-Santana-recebe-comitiva-do-SENAI.jpeg","contentUrl":"https:\/\/portalmf.com.br\/wp-content\/uploads\/2023\/12\/Presidente-da-Camara-de-Feira-de-Santana-recebe-comitiva-do-SENAI.jpeg","width":1300,"height":817},{"@type":"BreadcrumbList","@id":"https:\/\/portalmf.com.br\/index.php\/2023\/12\/05\/presidente-da-camara-de-feira-de-santana-recebe-comitiva-do-senai\/#breadcrumb","itemListElement":[{"@type":"ListItem","position":1,"name":"In\u00edcio","item":"https:\/\/portalmf.com.br\/"},{"@type":"ListItem","position":2,"name":"Presidente da C\u00e2mara de Feira de Santana recebe comitiva do SENAI"}]},{"@type":"WebSite","@id":"https:\/\/portalmf.com.br\/#website","url":"https:\/\/portalmf.com.br\/","name":"Portal MF","description":"Voc\u00ea conectado com a informa\u00e7\u00e3o","potentialAction":[{"@type":"SearchAction","target":{"@type":"EntryPoint","urlTemplate":"https:\/\/portalmf.com.br\/?s={search_term_string}"},"query-input":"required name=search_term_string"}],"inLanguage":"pt-BR"},{"@type":"Person","@id":"https:\/\/portalmf.com.br\/#\/schema\/person\/9ec101baf56233e53520c26de5d6f6f0","name":"Reda\u00e7\u00e3o Portal MF","image":{"@type":"ImageObject","inLanguage":"pt-BR","@id":"https:\/\/portalmf.com.br\/#\/schema\/person\/image\/","url":"https:\/\/secure.gravatar.com\/avatar\/41b9aaeb2100835f7c64362330f74c7f?s=96&d=mm&r=g","contentUrl":"https:\/\/secure.gravatar.com\/avatar\/41b9aaeb2100835f7c64362330f74c7f?s=96&d=mm&r=g","caption":"Reda\u00e7\u00e3o Portal MF"},"description":"Sejam bem-vindos o portal de informa\u00e7\u00f5es de entretenimento de Feira de Santana, desde 2006 realiza coberturas dos principais eventos com entrevistas exclusivas com as principais personalidades mundiais. Fique conectado tamb\u00e9m nas redes sociais.","sameAs":["http:\/\/www.portalmf.com.br\/","https:\/\/www.facebook.com\/portalmfoficial","https:\/\/www.instagram.com\/portalmf\/","https:\/\/x.com\/https:\/\/x.com\/portalmfoficial","https:\/\/www.youtube.com\/@portalmfoficial"],"url":"https:\/\/portalmf.com.br\/index.php\/author\/junior\/"}]}},"_links":{"self":[{"href":"https:\/\/portalmf.com.br\/index.php\/wp-json\/wp\/v2\/posts\/20616"}],"collection":[{"href":"https:\/\/portalmf.com.br\/index.php\/wp-json\/wp\/v2\/posts"}],"about":[{"href":"https:\/\/portalmf.com.br\/index.php\/wp-json\/wp\/v2\/types\/post"}],"author":[{"embeddable":true,"href":"https:\/\/portalmf.com.br\/index.php\/wp-json\/wp\/v2\/users\/3"}],"replies":[{"embeddable":true,"href":"https:\/\/portalmf.com.br\/index.php\/wp-json\/wp\/v2\/comments?post=20616"}],"version-history":[{"count":1,"href":"https:\/\/portalmf.com.br\/index.php\/wp-json\/wp\/v2\/posts\/20616\/revisions"}],"predecessor-version":[{"id":20618,"href":"https:\/\/portalmf.com.br\/index.php\/wp-json\/wp\/v2\/posts\/20616\/revisions\/20618"}],"wp:featuredmedia":[{"embeddable":true,"href":"https:\/\/portalmf.com.br\/index.php\/wp-json\/wp\/v2\/media\/20617"}],"wp:attachment":[{"href":"https:\/\/portalmf.com.br\/index.php\/wp-json\/wp\/v2\/media?parent=20616"}],"wp:term":[{"taxonomy":"category","embeddable":true,"href":"https:\/\/portalmf.com.br\/index.php\/wp-json\/wp\/v2\/categories?post=20616"},{"taxonomy":"post_tag","embeddable":true,"href":"https:\/\/portalmf.com.br\/index.php\/wp-json\/wp\/v2\/tags?post=20616"}],"curies":[{"name":"wp","href":"https:\/\/api.w.org\/{rel}","templated":true}]}}