{"id":20572,"date":"2023-12-04T19:25:52","date_gmt":"2023-12-04T22:25:52","guid":{"rendered":"https:\/\/portalmf.com.br\/?p=20572"},"modified":"2023-12-04T19:25:53","modified_gmt":"2023-12-04T22:25:53","slug":"prefeito-alerta-para-aumento-de-casos-e-mortes-por-dengue-e-covid-em-feira","status":"publish","type":"post","link":"https:\/\/portalmf.com.br\/index.php\/2023\/12\/04\/prefeito-alerta-para-aumento-de-casos-e-mortes-por-dengue-e-covid-em-feira\/","title":{"rendered":"Prefeito alerta para aumento de casos e mortes por dengue e covid em Feira"},"content":{"rendered":"\n<p>Nesta segunda-feira (4), o prefeito Colbert Martins Filho alertou sobre o aumento de casos e mortes por dengue e covid em Feira de Santana. O comunicado foi feito durante live transmitida nas redes sociais da Prefeitura.<\/p>\n\n\n\n<p>Segundo o gestor municipal, h\u00e1 uma tend\u00eancia nos agravamentos dos casos de dengue por conta da chegada do ver\u00e3o.<em> \u201cO tempo est\u00e1 muito quente, essas doen\u00e7as transmitidas pelo mosquito Aedes Aegypti aumentam muito neste per\u00edodo. Al\u00e9m das a\u00e7\u00f5es que a gente faz, \u00e9 preciso que a popula\u00e7\u00e3o esteja bem informada<\/em>\u201d, ressaltou.<\/p>\n\n\n\n<p>Com o registro de quatro mortes por covid no \u00faltimo m\u00eas, o prefeito frisou a import\u00e2ncia de completar o esquema vacinal contra a covid. <em>\u201cTemos que voltar a chamar aten\u00e7\u00e3o das pessoas. N\u00e3o s\u00e3o apenas as crian\u00e7as que precisam ser levadas para vacinar, os adultos precisam se convencer de que a vacina\u00e7\u00e3o \u00e9 necess\u00e1ria\u201d<\/em>, enfatizou.<\/p>\n\n\n\n<p>A secret\u00e1ria municipal de sa\u00fade, Cristiane Campos, destaca que o aumento dos casos \u00e9 preocupante, principalmente de pessoas com dengue que est\u00e3o se agravando mais facilmente.&nbsp;<\/p>\n\n\n\n<p><em>\u201cDos 606 casos positivos de covid neste ano, 424 foram detectados em novembro. J\u00e1 sobre a dengue, 2.754 casos foram confirmados entre janeiro e novembro, cinco \u00f3bitos at\u00e9 agora e mais dois em investiga\u00e7\u00e3o. Nossos agentes est\u00e3o intensificando os trabalhos, mas a popula\u00e7\u00e3o tamb\u00e9m deve contribuir, fiscalizando seu quintal, suas plantas. \u00c9 uma luta de todos\u201d<\/em>, pontuou.<\/p>\n\n\n\n<p>Na avalia\u00e7\u00e3o da coordenadora da Vigil\u00e2ncia Epidemiol\u00f3gica, Carlita Correia, a curva epid\u00eamica teve uma descida, mas a predomin\u00e2ncia da variante da dengue, denominada cosmopolita, na cidade traz um cuidado redobrado.&nbsp;<\/p>\n\n\n\n<p><em>\u201cO ver\u00e3o \u00e9 per\u00edodo de alta transmiss\u00e3o do mosquito. Tomba, Mangabeira e o Conjunto Feira X s\u00e3o os locais que mais contabilizaram casos de dengue e, por isso, al\u00e9m de atuar no pr\u00f3prio lugar identificado, n\u00f3s faremos um trabalho focado na regi\u00e3o vizinha para conseguir conter essa dissemina\u00e7\u00e3o do mosquito<\/em>\u201d, argumentou.<\/p>\n","protected":false},"excerpt":{"rendered":"<p>Nesta segunda-feira (4), o prefeito Colbert Martins Filho alertou sobre o aumento de casos e mortes por dengue e covid em Feira de Santana. O comunicado foi feito durante live transmitida nas redes sociais da Prefeitura. Segundo o gestor municipal, h\u00e1 uma tend\u00eancia nos agravamentos dos casos de dengue por conta da chegada do ver\u00e3o. [&hellip;]<\/p>\n","protected":false},"author":3,"featured_media":20573,"comment_status":"open","ping_status":"open","sticky":false,"template":"","format":"standard","meta":{"_monsterinsights_skip_tracking":false,"_monsterinsights_sitenote_active":false,"_monsterinsights_sitenote_note":"","_monsterinsights_sitenote_category":0,"footnotes":""},"categories":[34],"tags":[],"yoast_head":"<!-- This site is optimized with the Yoast SEO plugin v22.9 - https:\/\/yoast.com\/wordpress\/plugins\/seo\/ -->\n<title>Prefeito alerta para aumento de casos e mortes por dengue e covid em Feira - Portal MF<\/title>\n<meta name=\"robots\" content=\"index, follow, max-snippet:-1, max-image-preview:large, max-video-preview:-1\" \/>\n<link rel=\"canonical\" href=\"https:\/\/portalmf.com.br\/index.php\/2023\/12\/04\/prefeito-alerta-para-aumento-de-casos-e-mortes-por-dengue-e-covid-em-feira\/\" \/>\n<meta property=\"og:locale\" content=\"pt_BR\" \/>\n<meta property=\"og:type\" content=\"article\" \/>\n<meta property=\"og:title\" content=\"Prefeito alerta para aumento de casos e mortes por dengue e covid em Feira - Portal MF\" \/>\n<meta property=\"og:description\" content=\"Nesta segunda-feira (4), o prefeito Colbert Martins Filho alertou sobre o aumento de casos e mortes por dengue e covid em Feira de Santana. O comunicado foi feito durante live transmitida nas redes sociais da Prefeitura. Segundo o gestor municipal, h\u00e1 uma tend\u00eancia nos agravamentos dos casos de dengue por conta da chegada do ver\u00e3o. [&hellip;]\" \/>\n<meta property=\"og:url\" content=\"https:\/\/portalmf.com.br\/index.php\/2023\/12\/04\/prefeito-alerta-para-aumento-de-casos-e-mortes-por-dengue-e-covid-em-feira\/\" \/>\n<meta property=\"og:site_name\" content=\"Portal MF\" \/>\n<meta property=\"article:author\" content=\"https:\/\/www.facebook.com\/portalmfoficial\" \/>\n<meta property=\"article:published_time\" content=\"2023-12-04T22:25:52+00:00\" \/>\n<meta property=\"article:modified_time\" content=\"2023-12-04T22:25:53+00:00\" \/>\n<meta property=\"og:image\" content=\"https:\/\/portalmf.com.br\/wp-content\/uploads\/2023\/12\/Prefeito-alerta-para-aumento-de-casos-e-mortes-por-dengue-e-covid-em-Feira.jpg\" \/>\n\t<meta property=\"og:image:width\" content=\"1218\" \/>\n\t<meta property=\"og:image:height\" content=\"720\" \/>\n\t<meta property=\"og:image:type\" content=\"image\/jpeg\" \/>\n<meta name=\"author\" content=\"Reda\u00e7\u00e3o Portal MF\" \/>\n<meta name=\"twitter:card\" content=\"summary_large_image\" \/>\n<meta name=\"twitter:creator\" content=\"@https:\/\/x.com\/portalmfoficial\" \/>\n<meta name=\"twitter:label1\" content=\"Escrito por\" \/>\n\t<meta name=\"twitter:data1\" content=\"Reda\u00e7\u00e3o Portal MF\" \/>\n\t<meta name=\"twitter:label2\" content=\"Est. tempo de leitura\" \/>\n\t<meta name=\"twitter:data2\" content=\"2 minutos\" \/>\n<script type=\"application\/ld+json\" class=\"yoast-schema-graph\">{\"@context\":\"https:\/\/schema.org\",\"@graph\":[{\"@type\":\"WebPage\",\"@id\":\"https:\/\/portalmf.com.br\/index.php\/2023\/12\/04\/prefeito-alerta-para-aumento-de-casos-e-mortes-por-dengue-e-covid-em-feira\/\",\"url\":\"https:\/\/portalmf.com.br\/index.php\/2023\/12\/04\/prefeito-alerta-para-aumento-de-casos-e-mortes-por-dengue-e-covid-em-feira\/\",\"name\":\"Prefeito alerta para aumento de casos e mortes por dengue e covid em Feira - Portal MF\",\"isPartOf\":{\"@id\":\"https:\/\/portalmf.com.br\/#website\"},\"primaryImageOfPage\":{\"@id\":\"https:\/\/portalmf.com.br\/index.php\/2023\/12\/04\/prefeito-alerta-para-aumento-de-casos-e-mortes-por-dengue-e-covid-em-feira\/#primaryimage\"},\"image\":{\"@id\":\"https:\/\/portalmf.com.br\/index.php\/2023\/12\/04\/prefeito-alerta-para-aumento-de-casos-e-mortes-por-dengue-e-covid-em-feira\/#primaryimage\"},\"thumbnailUrl\":\"https:\/\/portalmf.com.br\/wp-content\/uploads\/2023\/12\/Prefeito-alerta-para-aumento-de-casos-e-mortes-por-dengue-e-covid-em-Feira.jpg\",\"datePublished\":\"2023-12-04T22:25:52+00:00\",\"dateModified\":\"2023-12-04T22:25:53+00:00\",\"author\":{\"@id\":\"https:\/\/portalmf.com.br\/#\/schema\/person\/9ec101baf56233e53520c26de5d6f6f0\"},\"breadcrumb\":{\"@id\":\"https:\/\/portalmf.com.br\/index.php\/2023\/12\/04\/prefeito-alerta-para-aumento-de-casos-e-mortes-por-dengue-e-covid-em-feira\/#breadcrumb\"},\"inLanguage\":\"pt-BR\",\"potentialAction\":[{\"@type\":\"ReadAction\",\"target\":[\"https:\/\/portalmf.com.br\/index.php\/2023\/12\/04\/prefeito-alerta-para-aumento-de-casos-e-mortes-por-dengue-e-covid-em-feira\/\"]}]},{\"@type\":\"ImageObject\",\"inLanguage\":\"pt-BR\",\"@id\":\"https:\/\/portalmf.com.br\/index.php\/2023\/12\/04\/prefeito-alerta-para-aumento-de-casos-e-mortes-por-dengue-e-covid-em-feira\/#primaryimage\",\"url\":\"https:\/\/portalmf.com.br\/wp-content\/uploads\/2023\/12\/Prefeito-alerta-para-aumento-de-casos-e-mortes-por-dengue-e-covid-em-Feira.jpg\",\"contentUrl\":\"https:\/\/portalmf.com.br\/wp-content\/uploads\/2023\/12\/Prefeito-alerta-para-aumento-de-casos-e-mortes-por-dengue-e-covid-em-Feira.jpg\",\"width\":1218,\"height\":720},{\"@type\":\"BreadcrumbList\",\"@id\":\"https:\/\/portalmf.com.br\/index.php\/2023\/12\/04\/prefeito-alerta-para-aumento-de-casos-e-mortes-por-dengue-e-covid-em-feira\/#breadcrumb\",\"itemListElement\":[{\"@type\":\"ListItem\",\"position\":1,\"name\":\"In\u00edcio\",\"item\":\"https:\/\/portalmf.com.br\/\"},{\"@type\":\"ListItem\",\"position\":2,\"name\":\"Prefeito alerta para aumento de casos e mortes por dengue e covid em Feira\"}]},{\"@type\":\"WebSite\",\"@id\":\"https:\/\/portalmf.com.br\/#website\",\"url\":\"https:\/\/portalmf.com.br\/\",\"name\":\"Portal MF\",\"description\":\"Voc\u00ea conectado com a informa\u00e7\u00e3o\",\"potentialAction\":[{\"@type\":\"SearchAction\",\"target\":{\"@type\":\"EntryPoint\",\"urlTemplate\":\"https:\/\/portalmf.com.br\/?s={search_term_string}\"},\"query-input\":\"required name=search_term_string\"}],\"inLanguage\":\"pt-BR\"},{\"@type\":\"Person\",\"@id\":\"https:\/\/portalmf.com.br\/#\/schema\/person\/9ec101baf56233e53520c26de5d6f6f0\",\"name\":\"Reda\u00e7\u00e3o Portal MF\",\"image\":{\"@type\":\"ImageObject\",\"inLanguage\":\"pt-BR\",\"@id\":\"https:\/\/portalmf.com.br\/#\/schema\/person\/image\/\",\"url\":\"https:\/\/secure.gravatar.com\/avatar\/41b9aaeb2100835f7c64362330f74c7f?s=96&d=mm&r=g\",\"contentUrl\":\"https:\/\/secure.gravatar.com\/avatar\/41b9aaeb2100835f7c64362330f74c7f?s=96&d=mm&r=g\",\"caption\":\"Reda\u00e7\u00e3o Portal MF\"},\"description\":\"Sejam bem-vindos o portal de informa\u00e7\u00f5es de entretenimento de Feira de Santana, desde 2006 realiza coberturas dos principais eventos com entrevistas exclusivas com as principais personalidades mundiais. Fique conectado tamb\u00e9m nas redes sociais.\",\"sameAs\":[\"http:\/\/www.portalmf.com.br\/\",\"https:\/\/www.facebook.com\/portalmfoficial\",\"https:\/\/www.instagram.com\/portalmf\/\",\"https:\/\/x.com\/https:\/\/x.com\/portalmfoficial\",\"https:\/\/www.youtube.com\/@portalmfoficial\"],\"url\":\"https:\/\/portalmf.com.br\/index.php\/author\/junior\/\"}]}<\/script>\n<!-- \/ Yoast SEO plugin. -->","yoast_head_json":{"title":"Prefeito alerta para aumento de casos e mortes por dengue e covid em Feira - Portal MF","robots":{"index":"index","follow":"follow","max-snippet":"max-snippet:-1","max-image-preview":"max-image-preview:large","max-video-preview":"max-video-preview:-1"},"canonical":"https:\/\/portalmf.com.br\/index.php\/2023\/12\/04\/prefeito-alerta-para-aumento-de-casos-e-mortes-por-dengue-e-covid-em-feira\/","og_locale":"pt_BR","og_type":"article","og_title":"Prefeito alerta para aumento de casos e mortes por dengue e covid em Feira - Portal MF","og_description":"Nesta segunda-feira (4), o prefeito Colbert Martins Filho alertou sobre o aumento de casos e mortes por dengue e covid em Feira de Santana. O comunicado foi feito durante live transmitida nas redes sociais da Prefeitura. Segundo o gestor municipal, h\u00e1 uma tend\u00eancia nos agravamentos dos casos de dengue por conta da chegada do ver\u00e3o. [&hellip;]","og_url":"https:\/\/portalmf.com.br\/index.php\/2023\/12\/04\/prefeito-alerta-para-aumento-de-casos-e-mortes-por-dengue-e-covid-em-feira\/","og_site_name":"Portal MF","article_author":"https:\/\/www.facebook.com\/portalmfoficial","article_published_time":"2023-12-04T22:25:52+00:00","article_modified_time":"2023-12-04T22:25:53+00:00","og_image":[{"width":1218,"height":720,"url":"https:\/\/portalmf.com.br\/wp-content\/uploads\/2023\/12\/Prefeito-alerta-para-aumento-de-casos-e-mortes-por-dengue-e-covid-em-Feira.jpg","type":"image\/jpeg"}],"author":"Reda\u00e7\u00e3o Portal MF","twitter_card":"summary_large_image","twitter_creator":"@https:\/\/x.com\/portalmfoficial","twitter_misc":{"Escrito por":"Reda\u00e7\u00e3o Portal MF","Est. tempo de leitura":"2 minutos"},"schema":{"@context":"https:\/\/schema.org","@graph":[{"@type":"WebPage","@id":"https:\/\/portalmf.com.br\/index.php\/2023\/12\/04\/prefeito-alerta-para-aumento-de-casos-e-mortes-por-dengue-e-covid-em-feira\/","url":"https:\/\/portalmf.com.br\/index.php\/2023\/12\/04\/prefeito-alerta-para-aumento-de-casos-e-mortes-por-dengue-e-covid-em-feira\/","name":"Prefeito alerta para aumento de casos e mortes por dengue e covid em Feira - Portal MF","isPartOf":{"@id":"https:\/\/portalmf.com.br\/#website"},"primaryImageOfPage":{"@id":"https:\/\/portalmf.com.br\/index.php\/2023\/12\/04\/prefeito-alerta-para-aumento-de-casos-e-mortes-por-dengue-e-covid-em-feira\/#primaryimage"},"image":{"@id":"https:\/\/portalmf.com.br\/index.php\/2023\/12\/04\/prefeito-alerta-para-aumento-de-casos-e-mortes-por-dengue-e-covid-em-feira\/#primaryimage"},"thumbnailUrl":"https:\/\/portalmf.com.br\/wp-content\/uploads\/2023\/12\/Prefeito-alerta-para-aumento-de-casos-e-mortes-por-dengue-e-covid-em-Feira.jpg","datePublished":"2023-12-04T22:25:52+00:00","dateModified":"2023-12-04T22:25:53+00:00","author":{"@id":"https:\/\/portalmf.com.br\/#\/schema\/person\/9ec101baf56233e53520c26de5d6f6f0"},"breadcrumb":{"@id":"https:\/\/portalmf.com.br\/index.php\/2023\/12\/04\/prefeito-alerta-para-aumento-de-casos-e-mortes-por-dengue-e-covid-em-feira\/#breadcrumb"},"inLanguage":"pt-BR","potentialAction":[{"@type":"ReadAction","target":["https:\/\/portalmf.com.br\/index.php\/2023\/12\/04\/prefeito-alerta-para-aumento-de-casos-e-mortes-por-dengue-e-covid-em-feira\/"]}]},{"@type":"ImageObject","inLanguage":"pt-BR","@id":"https:\/\/portalmf.com.br\/index.php\/2023\/12\/04\/prefeito-alerta-para-aumento-de-casos-e-mortes-por-dengue-e-covid-em-feira\/#primaryimage","url":"https:\/\/portalmf.com.br\/wp-content\/uploads\/2023\/12\/Prefeito-alerta-para-aumento-de-casos-e-mortes-por-dengue-e-covid-em-Feira.jpg","contentUrl":"https:\/\/portalmf.com.br\/wp-content\/uploads\/2023\/12\/Prefeito-alerta-para-aumento-de-casos-e-mortes-por-dengue-e-covid-em-Feira.jpg","width":1218,"height":720},{"@type":"BreadcrumbList","@id":"https:\/\/portalmf.com.br\/index.php\/2023\/12\/04\/prefeito-alerta-para-aumento-de-casos-e-mortes-por-dengue-e-covid-em-feira\/#breadcrumb","itemListElement":[{"@type":"ListItem","position":1,"name":"In\u00edcio","item":"https:\/\/portalmf.com.br\/"},{"@type":"ListItem","position":2,"name":"Prefeito alerta para aumento de casos e mortes por dengue e covid em Feira"}]},{"@type":"WebSite","@id":"https:\/\/portalmf.com.br\/#website","url":"https:\/\/portalmf.com.br\/","name":"Portal MF","description":"Voc\u00ea conectado com a informa\u00e7\u00e3o","potentialAction":[{"@type":"SearchAction","target":{"@type":"EntryPoint","urlTemplate":"https:\/\/portalmf.com.br\/?s={search_term_string}"},"query-input":"required name=search_term_string"}],"inLanguage":"pt-BR"},{"@type":"Person","@id":"https:\/\/portalmf.com.br\/#\/schema\/person\/9ec101baf56233e53520c26de5d6f6f0","name":"Reda\u00e7\u00e3o Portal MF","image":{"@type":"ImageObject","inLanguage":"pt-BR","@id":"https:\/\/portalmf.com.br\/#\/schema\/person\/image\/","url":"https:\/\/secure.gravatar.com\/avatar\/41b9aaeb2100835f7c64362330f74c7f?s=96&d=mm&r=g","contentUrl":"https:\/\/secure.gravatar.com\/avatar\/41b9aaeb2100835f7c64362330f74c7f?s=96&d=mm&r=g","caption":"Reda\u00e7\u00e3o Portal MF"},"description":"Sejam bem-vindos o portal de informa\u00e7\u00f5es de entretenimento de Feira de Santana, desde 2006 realiza coberturas dos principais eventos com entrevistas exclusivas com as principais personalidades mundiais. Fique conectado tamb\u00e9m nas redes sociais.","sameAs":["http:\/\/www.portalmf.com.br\/","https:\/\/www.facebook.com\/portalmfoficial","https:\/\/www.instagram.com\/portalmf\/","https:\/\/x.com\/https:\/\/x.com\/portalmfoficial","https:\/\/www.youtube.com\/@portalmfoficial"],"url":"https:\/\/portalmf.com.br\/index.php\/author\/junior\/"}]}},"_links":{"self":[{"href":"https:\/\/portalmf.com.br\/index.php\/wp-json\/wp\/v2\/posts\/20572"}],"collection":[{"href":"https:\/\/portalmf.com.br\/index.php\/wp-json\/wp\/v2\/posts"}],"about":[{"href":"https:\/\/portalmf.com.br\/index.php\/wp-json\/wp\/v2\/types\/post"}],"author":[{"embeddable":true,"href":"https:\/\/portalmf.com.br\/index.php\/wp-json\/wp\/v2\/users\/3"}],"replies":[{"embeddable":true,"href":"https:\/\/portalmf.com.br\/index.php\/wp-json\/wp\/v2\/comments?post=20572"}],"version-history":[{"count":1,"href":"https:\/\/portalmf.com.br\/index.php\/wp-json\/wp\/v2\/posts\/20572\/revisions"}],"predecessor-version":[{"id":20574,"href":"https:\/\/portalmf.com.br\/index.php\/wp-json\/wp\/v2\/posts\/20572\/revisions\/20574"}],"wp:featuredmedia":[{"embeddable":true,"href":"https:\/\/portalmf.com.br\/index.php\/wp-json\/wp\/v2\/media\/20573"}],"wp:attachment":[{"href":"https:\/\/portalmf.com.br\/index.php\/wp-json\/wp\/v2\/media?parent=20572"}],"wp:term":[{"taxonomy":"category","embeddable":true,"href":"https:\/\/portalmf.com.br\/index.php\/wp-json\/wp\/v2\/categories?post=20572"},{"taxonomy":"post_tag","embeddable":true,"href":"https:\/\/portalmf.com.br\/index.php\/wp-json\/wp\/v2\/tags?post=20572"}],"curies":[{"name":"wp","href":"https:\/\/api.w.org\/{rel}","templated":true}]}}