{"id":20569,"date":"2023-12-04T19:23:37","date_gmt":"2023-12-04T22:23:37","guid":{"rendered":"https:\/\/portalmf.com.br\/?p=20569"},"modified":"2023-12-04T19:23:37","modified_gmt":"2023-12-04T22:23:37","slug":"na-alemanha-jeronimo-apresenta-potencial-da-bahia-para-atrair-mais-investimentos","status":"publish","type":"post","link":"https:\/\/portalmf.com.br\/index.php\/2023\/12\/04\/na-alemanha-jeronimo-apresenta-potencial-da-bahia-para-atrair-mais-investimentos\/","title":{"rendered":"Na Alemanha, Jer\u00f4nimo apresenta potencial da Bahia para atrair mais investimentos"},"content":{"rendered":"\n<p>O governador Jer\u00f4nimo Rodrigues participou nesta segunda-feira (4), em Berlim, do F\u00f3rum Empresarial Brasil-Alemanha, que reuniu cerca de 200 empres\u00e1rios e representantes do governo dos dois pa\u00edses para discutir a economia e os neg\u00f3cios entre eles. Com a presen\u00e7a do presidente Lula e dos ministros Fernando Haddad (Economia), Marina Silva (Meio Ambiente) e Rui Costa (Casa Civil), o F\u00f3rum foi um momento para os brasileiros mostrarem para os alem\u00e3es as vantagens competitivas de investir no Brasil, principalmente do ponto de vista ambiental e energ\u00e9tico.<\/p>\n\n\n\n<p>A Bahia foi apresentada como uma dessas op\u00e7\u00f5es para investimentos, com grande disponibilidade de recursos naturais para produ\u00e7\u00e3o de energia renov\u00e1vel e grandes projetos que est\u00e3o no Programa de Acelera\u00e7\u00e3o do Crescimento (PAC), como a Ferrovia de Integra\u00e7\u00e3o Oeste Leste &#8211; FIOL e o per\u00edmetro de irriga\u00e7\u00e3o do Vale do Iuiu, por exemplo.<\/p>\n\n\n\n<p>\u201cDepois de uma boa participa\u00e7\u00e3o na COP28, nos Emirados \u00c1rabes, vim para a Alemanha participar dessa grande rodada de negocia\u00e7\u00e3o com empresas alem\u00e3s. Fizemos contatos com empresas parceiras para fortalecer o ambiente econ\u00f4mico e logo em breve vamos ver os resultados dessa visita\u201d, afirmou Jer\u00f4nimo Rodrigues.<\/p>\n\n\n\n<p>O governador se reuniu ainda com a empresa Bahn Engineering, especializada em ferrovias e portos, que prepara investimentos no Brasil e foi convidada a visitar a Bahia para conhecer o potencial e as oportunidades do estado. Todos os encontros e acordos firmados ser\u00e3o, agora, acompanhados pelas equipes t\u00e9cnicas das secret\u00e1rias, para que se efetivem em investimentos concretos, como aconteceu com a BYD, ap\u00f3s a viagem \u00e0 China.<\/p>\n\n\n\n<p>A segunda miss\u00e3o internacional do governador Jer\u00f4nimo durou cinco dias. Ele passou por dois pa\u00edses e tr\u00eas cidades. Reuniu-se com empresas dos setores agr\u00edcola, avia\u00e7\u00e3o, energia renov\u00e1vel, infraestrutura, transporte, qu\u00edmica, petroqu\u00edmica e fundos de investimento. Ele retorna a Salvador na noite desta ter\u00e7a-feira (5) e, na quarta pela manh\u00e3 (6), retoma a agenda no estado.<\/p>\n\n\n\n<p>\u201cA mala vai cheia de possibilidades, de contatos, de neg\u00f3cios, da mesma forma como fizemos com a China, que depois se desdobraram em neg\u00f3cios concretos\u201d, concluiu o governador.<\/p>\n\n\n\n<p>Com informa\u00e7\u00f5es da Secom Bahia<\/p>\n","protected":false},"excerpt":{"rendered":"<p>O governador Jer\u00f4nimo Rodrigues participou nesta segunda-feira (4), em Berlim, do F\u00f3rum Empresarial Brasil-Alemanha, que reuniu cerca de 200 empres\u00e1rios e representantes do governo dos dois pa\u00edses para discutir a economia e os neg\u00f3cios entre eles. Com a presen\u00e7a do presidente Lula e dos ministros Fernando Haddad (Economia), Marina Silva (Meio Ambiente) e Rui Costa [&hellip;]<\/p>\n","protected":false},"author":3,"featured_media":20570,"comment_status":"open","ping_status":"open","sticky":false,"template":"","format":"standard","meta":{"_monsterinsights_skip_tracking":false,"_monsterinsights_sitenote_active":false,"_monsterinsights_sitenote_note":"","_monsterinsights_sitenote_category":0,"footnotes":""},"categories":[34],"tags":[],"yoast_head":"<!-- This site is optimized with the Yoast SEO plugin v22.9 - https:\/\/yoast.com\/wordpress\/plugins\/seo\/ -->\n<title>Na Alemanha, Jer\u00f4nimo apresenta potencial da Bahia para atrair mais investimentos - Portal MF<\/title>\n<meta name=\"robots\" content=\"index, follow, max-snippet:-1, max-image-preview:large, max-video-preview:-1\" \/>\n<link rel=\"canonical\" href=\"https:\/\/portalmf.com.br\/index.php\/2023\/12\/04\/na-alemanha-jeronimo-apresenta-potencial-da-bahia-para-atrair-mais-investimentos\/\" \/>\n<meta property=\"og:locale\" content=\"pt_BR\" \/>\n<meta property=\"og:type\" content=\"article\" \/>\n<meta property=\"og:title\" content=\"Na Alemanha, Jer\u00f4nimo apresenta potencial da Bahia para atrair mais investimentos - Portal MF\" \/>\n<meta property=\"og:description\" content=\"O governador Jer\u00f4nimo Rodrigues participou nesta segunda-feira (4), em Berlim, do F\u00f3rum Empresarial Brasil-Alemanha, que reuniu cerca de 200 empres\u00e1rios e representantes do governo dos dois pa\u00edses para discutir a economia e os neg\u00f3cios entre eles. Com a presen\u00e7a do presidente Lula e dos ministros Fernando Haddad (Economia), Marina Silva (Meio Ambiente) e Rui Costa [&hellip;]\" \/>\n<meta property=\"og:url\" content=\"https:\/\/portalmf.com.br\/index.php\/2023\/12\/04\/na-alemanha-jeronimo-apresenta-potencial-da-bahia-para-atrair-mais-investimentos\/\" \/>\n<meta property=\"og:site_name\" content=\"Portal MF\" \/>\n<meta property=\"article:author\" content=\"https:\/\/www.facebook.com\/portalmfoficial\" \/>\n<meta property=\"article:published_time\" content=\"2023-12-04T22:23:37+00:00\" \/>\n<meta property=\"og:image\" content=\"https:\/\/portalmf.com.br\/wp-content\/uploads\/2023\/12\/Na-Alemanha-Jeronimo-apresenta-potencial-da-Bahia-para-atrair-mais-investimentos.jpg\" \/>\n\t<meta property=\"og:image:width\" content=\"800\" \/>\n\t<meta property=\"og:image:height\" content=\"600\" \/>\n\t<meta property=\"og:image:type\" content=\"image\/jpeg\" \/>\n<meta name=\"author\" content=\"Reda\u00e7\u00e3o Portal MF\" \/>\n<meta name=\"twitter:card\" content=\"summary_large_image\" \/>\n<meta name=\"twitter:creator\" content=\"@https:\/\/x.com\/portalmfoficial\" \/>\n<meta name=\"twitter:label1\" content=\"Escrito por\" \/>\n\t<meta name=\"twitter:data1\" content=\"Reda\u00e7\u00e3o Portal MF\" \/>\n\t<meta name=\"twitter:label2\" content=\"Est. tempo de leitura\" \/>\n\t<meta name=\"twitter:data2\" content=\"2 minutos\" \/>\n<script type=\"application\/ld+json\" class=\"yoast-schema-graph\">{\"@context\":\"https:\/\/schema.org\",\"@graph\":[{\"@type\":\"WebPage\",\"@id\":\"https:\/\/portalmf.com.br\/index.php\/2023\/12\/04\/na-alemanha-jeronimo-apresenta-potencial-da-bahia-para-atrair-mais-investimentos\/\",\"url\":\"https:\/\/portalmf.com.br\/index.php\/2023\/12\/04\/na-alemanha-jeronimo-apresenta-potencial-da-bahia-para-atrair-mais-investimentos\/\",\"name\":\"Na Alemanha, Jer\u00f4nimo apresenta potencial da Bahia para atrair mais investimentos - Portal MF\",\"isPartOf\":{\"@id\":\"https:\/\/portalmf.com.br\/#website\"},\"primaryImageOfPage\":{\"@id\":\"https:\/\/portalmf.com.br\/index.php\/2023\/12\/04\/na-alemanha-jeronimo-apresenta-potencial-da-bahia-para-atrair-mais-investimentos\/#primaryimage\"},\"image\":{\"@id\":\"https:\/\/portalmf.com.br\/index.php\/2023\/12\/04\/na-alemanha-jeronimo-apresenta-potencial-da-bahia-para-atrair-mais-investimentos\/#primaryimage\"},\"thumbnailUrl\":\"https:\/\/portalmf.com.br\/wp-content\/uploads\/2023\/12\/Na-Alemanha-Jeronimo-apresenta-potencial-da-Bahia-para-atrair-mais-investimentos.jpg\",\"datePublished\":\"2023-12-04T22:23:37+00:00\",\"dateModified\":\"2023-12-04T22:23:37+00:00\",\"author\":{\"@id\":\"https:\/\/portalmf.com.br\/#\/schema\/person\/9ec101baf56233e53520c26de5d6f6f0\"},\"breadcrumb\":{\"@id\":\"https:\/\/portalmf.com.br\/index.php\/2023\/12\/04\/na-alemanha-jeronimo-apresenta-potencial-da-bahia-para-atrair-mais-investimentos\/#breadcrumb\"},\"inLanguage\":\"pt-BR\",\"potentialAction\":[{\"@type\":\"ReadAction\",\"target\":[\"https:\/\/portalmf.com.br\/index.php\/2023\/12\/04\/na-alemanha-jeronimo-apresenta-potencial-da-bahia-para-atrair-mais-investimentos\/\"]}]},{\"@type\":\"ImageObject\",\"inLanguage\":\"pt-BR\",\"@id\":\"https:\/\/portalmf.com.br\/index.php\/2023\/12\/04\/na-alemanha-jeronimo-apresenta-potencial-da-bahia-para-atrair-mais-investimentos\/#primaryimage\",\"url\":\"https:\/\/portalmf.com.br\/wp-content\/uploads\/2023\/12\/Na-Alemanha-Jeronimo-apresenta-potencial-da-Bahia-para-atrair-mais-investimentos.jpg\",\"contentUrl\":\"https:\/\/portalmf.com.br\/wp-content\/uploads\/2023\/12\/Na-Alemanha-Jeronimo-apresenta-potencial-da-Bahia-para-atrair-mais-investimentos.jpg\",\"width\":800,\"height\":600},{\"@type\":\"BreadcrumbList\",\"@id\":\"https:\/\/portalmf.com.br\/index.php\/2023\/12\/04\/na-alemanha-jeronimo-apresenta-potencial-da-bahia-para-atrair-mais-investimentos\/#breadcrumb\",\"itemListElement\":[{\"@type\":\"ListItem\",\"position\":1,\"name\":\"In\u00edcio\",\"item\":\"https:\/\/portalmf.com.br\/\"},{\"@type\":\"ListItem\",\"position\":2,\"name\":\"Na Alemanha, Jer\u00f4nimo apresenta potencial da Bahia para atrair mais investimentos\"}]},{\"@type\":\"WebSite\",\"@id\":\"https:\/\/portalmf.com.br\/#website\",\"url\":\"https:\/\/portalmf.com.br\/\",\"name\":\"Portal MF\",\"description\":\"Voc\u00ea conectado com a informa\u00e7\u00e3o\",\"potentialAction\":[{\"@type\":\"SearchAction\",\"target\":{\"@type\":\"EntryPoint\",\"urlTemplate\":\"https:\/\/portalmf.com.br\/?s={search_term_string}\"},\"query-input\":\"required name=search_term_string\"}],\"inLanguage\":\"pt-BR\"},{\"@type\":\"Person\",\"@id\":\"https:\/\/portalmf.com.br\/#\/schema\/person\/9ec101baf56233e53520c26de5d6f6f0\",\"name\":\"Reda\u00e7\u00e3o Portal MF\",\"image\":{\"@type\":\"ImageObject\",\"inLanguage\":\"pt-BR\",\"@id\":\"https:\/\/portalmf.com.br\/#\/schema\/person\/image\/\",\"url\":\"https:\/\/secure.gravatar.com\/avatar\/41b9aaeb2100835f7c64362330f74c7f?s=96&d=mm&r=g\",\"contentUrl\":\"https:\/\/secure.gravatar.com\/avatar\/41b9aaeb2100835f7c64362330f74c7f?s=96&d=mm&r=g\",\"caption\":\"Reda\u00e7\u00e3o Portal MF\"},\"description\":\"Sejam bem-vindos o portal de informa\u00e7\u00f5es de entretenimento de Feira de Santana, desde 2006 realiza coberturas dos principais eventos com entrevistas exclusivas com as principais personalidades mundiais. Fique conectado tamb\u00e9m nas redes sociais.\",\"sameAs\":[\"http:\/\/www.portalmf.com.br\/\",\"https:\/\/www.facebook.com\/portalmfoficial\",\"https:\/\/www.instagram.com\/portalmf\/\",\"https:\/\/x.com\/https:\/\/x.com\/portalmfoficial\",\"https:\/\/www.youtube.com\/@portalmfoficial\"],\"url\":\"https:\/\/portalmf.com.br\/index.php\/author\/junior\/\"}]}<\/script>\n<!-- \/ Yoast SEO plugin. -->","yoast_head_json":{"title":"Na Alemanha, Jer\u00f4nimo apresenta potencial da Bahia para atrair mais investimentos - Portal MF","robots":{"index":"index","follow":"follow","max-snippet":"max-snippet:-1","max-image-preview":"max-image-preview:large","max-video-preview":"max-video-preview:-1"},"canonical":"https:\/\/portalmf.com.br\/index.php\/2023\/12\/04\/na-alemanha-jeronimo-apresenta-potencial-da-bahia-para-atrair-mais-investimentos\/","og_locale":"pt_BR","og_type":"article","og_title":"Na Alemanha, Jer\u00f4nimo apresenta potencial da Bahia para atrair mais investimentos - Portal MF","og_description":"O governador Jer\u00f4nimo Rodrigues participou nesta segunda-feira (4), em Berlim, do F\u00f3rum Empresarial Brasil-Alemanha, que reuniu cerca de 200 empres\u00e1rios e representantes do governo dos dois pa\u00edses para discutir a economia e os neg\u00f3cios entre eles. Com a presen\u00e7a do presidente Lula e dos ministros Fernando Haddad (Economia), Marina Silva (Meio Ambiente) e Rui Costa [&hellip;]","og_url":"https:\/\/portalmf.com.br\/index.php\/2023\/12\/04\/na-alemanha-jeronimo-apresenta-potencial-da-bahia-para-atrair-mais-investimentos\/","og_site_name":"Portal MF","article_author":"https:\/\/www.facebook.com\/portalmfoficial","article_published_time":"2023-12-04T22:23:37+00:00","og_image":[{"width":800,"height":600,"url":"https:\/\/portalmf.com.br\/wp-content\/uploads\/2023\/12\/Na-Alemanha-Jeronimo-apresenta-potencial-da-Bahia-para-atrair-mais-investimentos.jpg","type":"image\/jpeg"}],"author":"Reda\u00e7\u00e3o Portal MF","twitter_card":"summary_large_image","twitter_creator":"@https:\/\/x.com\/portalmfoficial","twitter_misc":{"Escrito por":"Reda\u00e7\u00e3o Portal MF","Est. tempo de leitura":"2 minutos"},"schema":{"@context":"https:\/\/schema.org","@graph":[{"@type":"WebPage","@id":"https:\/\/portalmf.com.br\/index.php\/2023\/12\/04\/na-alemanha-jeronimo-apresenta-potencial-da-bahia-para-atrair-mais-investimentos\/","url":"https:\/\/portalmf.com.br\/index.php\/2023\/12\/04\/na-alemanha-jeronimo-apresenta-potencial-da-bahia-para-atrair-mais-investimentos\/","name":"Na Alemanha, Jer\u00f4nimo apresenta potencial da Bahia para atrair mais investimentos - Portal MF","isPartOf":{"@id":"https:\/\/portalmf.com.br\/#website"},"primaryImageOfPage":{"@id":"https:\/\/portalmf.com.br\/index.php\/2023\/12\/04\/na-alemanha-jeronimo-apresenta-potencial-da-bahia-para-atrair-mais-investimentos\/#primaryimage"},"image":{"@id":"https:\/\/portalmf.com.br\/index.php\/2023\/12\/04\/na-alemanha-jeronimo-apresenta-potencial-da-bahia-para-atrair-mais-investimentos\/#primaryimage"},"thumbnailUrl":"https:\/\/portalmf.com.br\/wp-content\/uploads\/2023\/12\/Na-Alemanha-Jeronimo-apresenta-potencial-da-Bahia-para-atrair-mais-investimentos.jpg","datePublished":"2023-12-04T22:23:37+00:00","dateModified":"2023-12-04T22:23:37+00:00","author":{"@id":"https:\/\/portalmf.com.br\/#\/schema\/person\/9ec101baf56233e53520c26de5d6f6f0"},"breadcrumb":{"@id":"https:\/\/portalmf.com.br\/index.php\/2023\/12\/04\/na-alemanha-jeronimo-apresenta-potencial-da-bahia-para-atrair-mais-investimentos\/#breadcrumb"},"inLanguage":"pt-BR","potentialAction":[{"@type":"ReadAction","target":["https:\/\/portalmf.com.br\/index.php\/2023\/12\/04\/na-alemanha-jeronimo-apresenta-potencial-da-bahia-para-atrair-mais-investimentos\/"]}]},{"@type":"ImageObject","inLanguage":"pt-BR","@id":"https:\/\/portalmf.com.br\/index.php\/2023\/12\/04\/na-alemanha-jeronimo-apresenta-potencial-da-bahia-para-atrair-mais-investimentos\/#primaryimage","url":"https:\/\/portalmf.com.br\/wp-content\/uploads\/2023\/12\/Na-Alemanha-Jeronimo-apresenta-potencial-da-Bahia-para-atrair-mais-investimentos.jpg","contentUrl":"https:\/\/portalmf.com.br\/wp-content\/uploads\/2023\/12\/Na-Alemanha-Jeronimo-apresenta-potencial-da-Bahia-para-atrair-mais-investimentos.jpg","width":800,"height":600},{"@type":"BreadcrumbList","@id":"https:\/\/portalmf.com.br\/index.php\/2023\/12\/04\/na-alemanha-jeronimo-apresenta-potencial-da-bahia-para-atrair-mais-investimentos\/#breadcrumb","itemListElement":[{"@type":"ListItem","position":1,"name":"In\u00edcio","item":"https:\/\/portalmf.com.br\/"},{"@type":"ListItem","position":2,"name":"Na Alemanha, Jer\u00f4nimo apresenta potencial da Bahia para atrair mais investimentos"}]},{"@type":"WebSite","@id":"https:\/\/portalmf.com.br\/#website","url":"https:\/\/portalmf.com.br\/","name":"Portal MF","description":"Voc\u00ea conectado com a informa\u00e7\u00e3o","potentialAction":[{"@type":"SearchAction","target":{"@type":"EntryPoint","urlTemplate":"https:\/\/portalmf.com.br\/?s={search_term_string}"},"query-input":"required name=search_term_string"}],"inLanguage":"pt-BR"},{"@type":"Person","@id":"https:\/\/portalmf.com.br\/#\/schema\/person\/9ec101baf56233e53520c26de5d6f6f0","name":"Reda\u00e7\u00e3o Portal MF","image":{"@type":"ImageObject","inLanguage":"pt-BR","@id":"https:\/\/portalmf.com.br\/#\/schema\/person\/image\/","url":"https:\/\/secure.gravatar.com\/avatar\/41b9aaeb2100835f7c64362330f74c7f?s=96&d=mm&r=g","contentUrl":"https:\/\/secure.gravatar.com\/avatar\/41b9aaeb2100835f7c64362330f74c7f?s=96&d=mm&r=g","caption":"Reda\u00e7\u00e3o Portal MF"},"description":"Sejam bem-vindos o portal de informa\u00e7\u00f5es de entretenimento de Feira de Santana, desde 2006 realiza coberturas dos principais eventos com entrevistas exclusivas com as principais personalidades mundiais. Fique conectado tamb\u00e9m nas redes sociais.","sameAs":["http:\/\/www.portalmf.com.br\/","https:\/\/www.facebook.com\/portalmfoficial","https:\/\/www.instagram.com\/portalmf\/","https:\/\/x.com\/https:\/\/x.com\/portalmfoficial","https:\/\/www.youtube.com\/@portalmfoficial"],"url":"https:\/\/portalmf.com.br\/index.php\/author\/junior\/"}]}},"_links":{"self":[{"href":"https:\/\/portalmf.com.br\/index.php\/wp-json\/wp\/v2\/posts\/20569"}],"collection":[{"href":"https:\/\/portalmf.com.br\/index.php\/wp-json\/wp\/v2\/posts"}],"about":[{"href":"https:\/\/portalmf.com.br\/index.php\/wp-json\/wp\/v2\/types\/post"}],"author":[{"embeddable":true,"href":"https:\/\/portalmf.com.br\/index.php\/wp-json\/wp\/v2\/users\/3"}],"replies":[{"embeddable":true,"href":"https:\/\/portalmf.com.br\/index.php\/wp-json\/wp\/v2\/comments?post=20569"}],"version-history":[{"count":1,"href":"https:\/\/portalmf.com.br\/index.php\/wp-json\/wp\/v2\/posts\/20569\/revisions"}],"predecessor-version":[{"id":20571,"href":"https:\/\/portalmf.com.br\/index.php\/wp-json\/wp\/v2\/posts\/20569\/revisions\/20571"}],"wp:featuredmedia":[{"embeddable":true,"href":"https:\/\/portalmf.com.br\/index.php\/wp-json\/wp\/v2\/media\/20570"}],"wp:attachment":[{"href":"https:\/\/portalmf.com.br\/index.php\/wp-json\/wp\/v2\/media?parent=20569"}],"wp:term":[{"taxonomy":"category","embeddable":true,"href":"https:\/\/portalmf.com.br\/index.php\/wp-json\/wp\/v2\/categories?post=20569"},{"taxonomy":"post_tag","embeddable":true,"href":"https:\/\/portalmf.com.br\/index.php\/wp-json\/wp\/v2\/tags?post=20569"}],"curies":[{"name":"wp","href":"https:\/\/api.w.org\/{rel}","templated":true}]}}