{"id":20566,"date":"2023-12-04T19:20:47","date_gmt":"2023-12-04T22:20:47","guid":{"rendered":"https:\/\/portalmf.com.br\/?p=20566"},"modified":"2023-12-04T19:20:47","modified_gmt":"2023-12-04T22:20:47","slug":"prefeitura-intensifica-conscientizacao-sobre-aids-no-dezembro-vermelho","status":"publish","type":"post","link":"https:\/\/portalmf.com.br\/index.php\/2023\/12\/04\/prefeitura-intensifica-conscientizacao-sobre-aids-no-dezembro-vermelho\/","title":{"rendered":"Prefeitura intensifica conscientiza\u00e7\u00e3o sobre Aids no Dezembro Vermelho"},"content":{"rendered":"\n<p>A Prefeitura de Feira de Santana, por meio da Secretaria de Sa\u00fade, intensifica a conscientiza\u00e7\u00e3o sobre HIV\/Aids no Dezembro Vermelho, em alus\u00e3o ao Dia Mundial da Luta contra o v\u00edrus, comemorado na \u00faltima sexta-feira (1\u00b0) .<\/p>\n\n\n\n<p>A iniciativa tem o objetivo de sensibilizar e alertar a popula\u00e7\u00e3o sobre a preven\u00e7\u00e3o e tratamento precoce contra as infec\u00e7\u00f5es sexualmente transmiss\u00edveis. Uma pesquisa realizada pelo Instituto Brasileiro de Geografia e Estat\u00edstica (IBGE) aponta que 64% da popula\u00e7\u00e3o n\u00e3o usa preservativos na rela\u00e7\u00e3o sexual e 33% dos brasileiros j\u00e1 mantiveram rela\u00e7\u00e3o sem camisinha fora do relacionamento.<\/p>\n\n\n\n<p>Somente neste ano, 313 pessoas foram diagnosticadas com a doen\u00e7a em Feira de Santana. Os dados foram coletados pelo Sistema de Informa\u00e7\u00e3o de Agravos de Notifica\u00e7\u00e3o (Sinan) da Secretaria Municipal de Sa\u00fade (SMS).<\/p>\n\n\n\n<p>Atualmente 3.914 pacientes fazem o tratamento no Centro Municipal de Refer\u00eancia em Infec\u00e7\u00f5es Sexualmente Transmiss\u00edveis. De acordo com a coordenadora, Vanessa Sampaio, o Dezembro Vermelho \u00e9 um momento importante para intensificar as testagens em todo o munic\u00edpio.<\/p>\n\n\n\n<p>\u201cO diagn\u00f3stico favorece o tratamento imediato e o grande objetivo \u00e9 que essa pessoa tenha ades\u00e3o e acesso para que chegue a uma carga viral indetect\u00e1vel, al\u00e9m disso \u00e9 um momento de reflex\u00e3o sobre os estigmas que a doen\u00e7a carrega, onde n\u00e3o cabe mais o preconceito e alertar a popula\u00e7\u00e3o sobre as formas de preven\u00e7\u00e3o do v\u00edrus\u201d, explica a coordenadora, Vanessa Sampaio.<\/p>\n\n\n\n<p>Durante a campanha, ser\u00e3o realizados testes r\u00e1pidos, distribui\u00e7\u00e3o de preservativos, a\u00e7\u00f5es educativas e de preven\u00e7\u00e3o no Centro de Refer\u00eancia e em todas as Unidades B\u00e1sicas de Sa\u00fade e de Sa\u00fade da Fam\u00edlia para sensibilizar a popula\u00e7\u00e3o sobre as medidas de cuidado, assist\u00eancia e prote\u00e7\u00e3o dos direitos das pessoas infectadas com o HIV.<\/p>\n\n\n\n<p>Com informa\u00e7\u00f5es da Secom<\/p>\n","protected":false},"excerpt":{"rendered":"<p>A Prefeitura de Feira de Santana, por meio da Secretaria de Sa\u00fade, intensifica a conscientiza\u00e7\u00e3o sobre HIV\/Aids no Dezembro Vermelho, em alus\u00e3o ao Dia Mundial da Luta contra o v\u00edrus, comemorado na \u00faltima sexta-feira (1\u00b0) . A iniciativa tem o objetivo de sensibilizar e alertar a popula\u00e7\u00e3o sobre a preven\u00e7\u00e3o e tratamento precoce contra as [&hellip;]<\/p>\n","protected":false},"author":3,"featured_media":20567,"comment_status":"open","ping_status":"open","sticky":false,"template":"","format":"standard","meta":{"_monsterinsights_skip_tracking":false,"_monsterinsights_sitenote_active":false,"_monsterinsights_sitenote_note":"","_monsterinsights_sitenote_category":0,"footnotes":""},"categories":[34,41],"tags":[],"yoast_head":"<!-- This site is optimized with the Yoast SEO plugin v22.9 - https:\/\/yoast.com\/wordpress\/plugins\/seo\/ -->\n<title>Prefeitura intensifica conscientiza\u00e7\u00e3o sobre Aids no Dezembro Vermelho - Portal MF<\/title>\n<meta name=\"robots\" content=\"index, follow, max-snippet:-1, max-image-preview:large, max-video-preview:-1\" \/>\n<link rel=\"canonical\" href=\"https:\/\/portalmf.com.br\/index.php\/2023\/12\/04\/prefeitura-intensifica-conscientizacao-sobre-aids-no-dezembro-vermelho\/\" \/>\n<meta property=\"og:locale\" content=\"pt_BR\" \/>\n<meta property=\"og:type\" content=\"article\" \/>\n<meta property=\"og:title\" content=\"Prefeitura intensifica conscientiza\u00e7\u00e3o sobre Aids no Dezembro Vermelho - Portal MF\" \/>\n<meta property=\"og:description\" content=\"A Prefeitura de Feira de Santana, por meio da Secretaria de Sa\u00fade, intensifica a conscientiza\u00e7\u00e3o sobre HIV\/Aids no Dezembro Vermelho, em alus\u00e3o ao Dia Mundial da Luta contra o v\u00edrus, comemorado na \u00faltima sexta-feira (1\u00b0) . A iniciativa tem o objetivo de sensibilizar e alertar a popula\u00e7\u00e3o sobre a preven\u00e7\u00e3o e tratamento precoce contra as [&hellip;]\" \/>\n<meta property=\"og:url\" content=\"https:\/\/portalmf.com.br\/index.php\/2023\/12\/04\/prefeitura-intensifica-conscientizacao-sobre-aids-no-dezembro-vermelho\/\" \/>\n<meta property=\"og:site_name\" content=\"Portal MF\" \/>\n<meta property=\"article:author\" content=\"https:\/\/www.facebook.com\/portalmfoficial\" \/>\n<meta property=\"article:published_time\" content=\"2023-12-04T22:20:47+00:00\" \/>\n<meta property=\"og:image\" content=\"https:\/\/portalmf.com.br\/wp-content\/uploads\/2023\/12\/Prefeitura-intensifica-conscientizacao-sobre-Aids-no-Dezembro-Vermelho.jpg\" \/>\n\t<meta property=\"og:image:width\" content=\"1306\" \/>\n\t<meta property=\"og:image:height\" content=\"668\" \/>\n\t<meta property=\"og:image:type\" content=\"image\/jpeg\" \/>\n<meta name=\"author\" content=\"Reda\u00e7\u00e3o Portal MF\" \/>\n<meta name=\"twitter:card\" content=\"summary_large_image\" \/>\n<meta name=\"twitter:creator\" content=\"@https:\/\/x.com\/portalmfoficial\" \/>\n<meta name=\"twitter:label1\" content=\"Escrito por\" \/>\n\t<meta name=\"twitter:data1\" content=\"Reda\u00e7\u00e3o Portal MF\" \/>\n\t<meta name=\"twitter:label2\" content=\"Est. tempo de leitura\" \/>\n\t<meta name=\"twitter:data2\" content=\"2 minutos\" \/>\n<script type=\"application\/ld+json\" class=\"yoast-schema-graph\">{\"@context\":\"https:\/\/schema.org\",\"@graph\":[{\"@type\":\"WebPage\",\"@id\":\"https:\/\/portalmf.com.br\/index.php\/2023\/12\/04\/prefeitura-intensifica-conscientizacao-sobre-aids-no-dezembro-vermelho\/\",\"url\":\"https:\/\/portalmf.com.br\/index.php\/2023\/12\/04\/prefeitura-intensifica-conscientizacao-sobre-aids-no-dezembro-vermelho\/\",\"name\":\"Prefeitura intensifica conscientiza\u00e7\u00e3o sobre Aids no Dezembro Vermelho - Portal MF\",\"isPartOf\":{\"@id\":\"https:\/\/portalmf.com.br\/#website\"},\"primaryImageOfPage\":{\"@id\":\"https:\/\/portalmf.com.br\/index.php\/2023\/12\/04\/prefeitura-intensifica-conscientizacao-sobre-aids-no-dezembro-vermelho\/#primaryimage\"},\"image\":{\"@id\":\"https:\/\/portalmf.com.br\/index.php\/2023\/12\/04\/prefeitura-intensifica-conscientizacao-sobre-aids-no-dezembro-vermelho\/#primaryimage\"},\"thumbnailUrl\":\"https:\/\/portalmf.com.br\/wp-content\/uploads\/2023\/12\/Prefeitura-intensifica-conscientizacao-sobre-Aids-no-Dezembro-Vermelho.jpg\",\"datePublished\":\"2023-12-04T22:20:47+00:00\",\"dateModified\":\"2023-12-04T22:20:47+00:00\",\"author\":{\"@id\":\"https:\/\/portalmf.com.br\/#\/schema\/person\/9ec101baf56233e53520c26de5d6f6f0\"},\"breadcrumb\":{\"@id\":\"https:\/\/portalmf.com.br\/index.php\/2023\/12\/04\/prefeitura-intensifica-conscientizacao-sobre-aids-no-dezembro-vermelho\/#breadcrumb\"},\"inLanguage\":\"pt-BR\",\"potentialAction\":[{\"@type\":\"ReadAction\",\"target\":[\"https:\/\/portalmf.com.br\/index.php\/2023\/12\/04\/prefeitura-intensifica-conscientizacao-sobre-aids-no-dezembro-vermelho\/\"]}]},{\"@type\":\"ImageObject\",\"inLanguage\":\"pt-BR\",\"@id\":\"https:\/\/portalmf.com.br\/index.php\/2023\/12\/04\/prefeitura-intensifica-conscientizacao-sobre-aids-no-dezembro-vermelho\/#primaryimage\",\"url\":\"https:\/\/portalmf.com.br\/wp-content\/uploads\/2023\/12\/Prefeitura-intensifica-conscientizacao-sobre-Aids-no-Dezembro-Vermelho.jpg\",\"contentUrl\":\"https:\/\/portalmf.com.br\/wp-content\/uploads\/2023\/12\/Prefeitura-intensifica-conscientizacao-sobre-Aids-no-Dezembro-Vermelho.jpg\",\"width\":1306,\"height\":668},{\"@type\":\"BreadcrumbList\",\"@id\":\"https:\/\/portalmf.com.br\/index.php\/2023\/12\/04\/prefeitura-intensifica-conscientizacao-sobre-aids-no-dezembro-vermelho\/#breadcrumb\",\"itemListElement\":[{\"@type\":\"ListItem\",\"position\":1,\"name\":\"In\u00edcio\",\"item\":\"https:\/\/portalmf.com.br\/\"},{\"@type\":\"ListItem\",\"position\":2,\"name\":\"Prefeitura intensifica conscientiza\u00e7\u00e3o sobre Aids no Dezembro Vermelho\"}]},{\"@type\":\"WebSite\",\"@id\":\"https:\/\/portalmf.com.br\/#website\",\"url\":\"https:\/\/portalmf.com.br\/\",\"name\":\"Portal MF\",\"description\":\"Voc\u00ea conectado com a informa\u00e7\u00e3o\",\"potentialAction\":[{\"@type\":\"SearchAction\",\"target\":{\"@type\":\"EntryPoint\",\"urlTemplate\":\"https:\/\/portalmf.com.br\/?s={search_term_string}\"},\"query-input\":\"required name=search_term_string\"}],\"inLanguage\":\"pt-BR\"},{\"@type\":\"Person\",\"@id\":\"https:\/\/portalmf.com.br\/#\/schema\/person\/9ec101baf56233e53520c26de5d6f6f0\",\"name\":\"Reda\u00e7\u00e3o Portal MF\",\"image\":{\"@type\":\"ImageObject\",\"inLanguage\":\"pt-BR\",\"@id\":\"https:\/\/portalmf.com.br\/#\/schema\/person\/image\/\",\"url\":\"https:\/\/secure.gravatar.com\/avatar\/41b9aaeb2100835f7c64362330f74c7f?s=96&d=mm&r=g\",\"contentUrl\":\"https:\/\/secure.gravatar.com\/avatar\/41b9aaeb2100835f7c64362330f74c7f?s=96&d=mm&r=g\",\"caption\":\"Reda\u00e7\u00e3o Portal MF\"},\"description\":\"Sejam bem-vindos o portal de informa\u00e7\u00f5es de entretenimento de Feira de Santana, desde 2006 realiza coberturas dos principais eventos com entrevistas exclusivas com as principais personalidades mundiais. Fique conectado tamb\u00e9m nas redes sociais.\",\"sameAs\":[\"http:\/\/www.portalmf.com.br\/\",\"https:\/\/www.facebook.com\/portalmfoficial\",\"https:\/\/www.instagram.com\/portalmf\/\",\"https:\/\/x.com\/https:\/\/x.com\/portalmfoficial\",\"https:\/\/www.youtube.com\/@portalmfoficial\"],\"url\":\"https:\/\/portalmf.com.br\/index.php\/author\/junior\/\"}]}<\/script>\n<!-- \/ Yoast SEO plugin. -->","yoast_head_json":{"title":"Prefeitura intensifica conscientiza\u00e7\u00e3o sobre Aids no Dezembro Vermelho - Portal MF","robots":{"index":"index","follow":"follow","max-snippet":"max-snippet:-1","max-image-preview":"max-image-preview:large","max-video-preview":"max-video-preview:-1"},"canonical":"https:\/\/portalmf.com.br\/index.php\/2023\/12\/04\/prefeitura-intensifica-conscientizacao-sobre-aids-no-dezembro-vermelho\/","og_locale":"pt_BR","og_type":"article","og_title":"Prefeitura intensifica conscientiza\u00e7\u00e3o sobre Aids no Dezembro Vermelho - Portal MF","og_description":"A Prefeitura de Feira de Santana, por meio da Secretaria de Sa\u00fade, intensifica a conscientiza\u00e7\u00e3o sobre HIV\/Aids no Dezembro Vermelho, em alus\u00e3o ao Dia Mundial da Luta contra o v\u00edrus, comemorado na \u00faltima sexta-feira (1\u00b0) . A iniciativa tem o objetivo de sensibilizar e alertar a popula\u00e7\u00e3o sobre a preven\u00e7\u00e3o e tratamento precoce contra as [&hellip;]","og_url":"https:\/\/portalmf.com.br\/index.php\/2023\/12\/04\/prefeitura-intensifica-conscientizacao-sobre-aids-no-dezembro-vermelho\/","og_site_name":"Portal MF","article_author":"https:\/\/www.facebook.com\/portalmfoficial","article_published_time":"2023-12-04T22:20:47+00:00","og_image":[{"width":1306,"height":668,"url":"https:\/\/portalmf.com.br\/wp-content\/uploads\/2023\/12\/Prefeitura-intensifica-conscientizacao-sobre-Aids-no-Dezembro-Vermelho.jpg","type":"image\/jpeg"}],"author":"Reda\u00e7\u00e3o Portal MF","twitter_card":"summary_large_image","twitter_creator":"@https:\/\/x.com\/portalmfoficial","twitter_misc":{"Escrito por":"Reda\u00e7\u00e3o Portal MF","Est. tempo de leitura":"2 minutos"},"schema":{"@context":"https:\/\/schema.org","@graph":[{"@type":"WebPage","@id":"https:\/\/portalmf.com.br\/index.php\/2023\/12\/04\/prefeitura-intensifica-conscientizacao-sobre-aids-no-dezembro-vermelho\/","url":"https:\/\/portalmf.com.br\/index.php\/2023\/12\/04\/prefeitura-intensifica-conscientizacao-sobre-aids-no-dezembro-vermelho\/","name":"Prefeitura intensifica conscientiza\u00e7\u00e3o sobre Aids no Dezembro Vermelho - Portal MF","isPartOf":{"@id":"https:\/\/portalmf.com.br\/#website"},"primaryImageOfPage":{"@id":"https:\/\/portalmf.com.br\/index.php\/2023\/12\/04\/prefeitura-intensifica-conscientizacao-sobre-aids-no-dezembro-vermelho\/#primaryimage"},"image":{"@id":"https:\/\/portalmf.com.br\/index.php\/2023\/12\/04\/prefeitura-intensifica-conscientizacao-sobre-aids-no-dezembro-vermelho\/#primaryimage"},"thumbnailUrl":"https:\/\/portalmf.com.br\/wp-content\/uploads\/2023\/12\/Prefeitura-intensifica-conscientizacao-sobre-Aids-no-Dezembro-Vermelho.jpg","datePublished":"2023-12-04T22:20:47+00:00","dateModified":"2023-12-04T22:20:47+00:00","author":{"@id":"https:\/\/portalmf.com.br\/#\/schema\/person\/9ec101baf56233e53520c26de5d6f6f0"},"breadcrumb":{"@id":"https:\/\/portalmf.com.br\/index.php\/2023\/12\/04\/prefeitura-intensifica-conscientizacao-sobre-aids-no-dezembro-vermelho\/#breadcrumb"},"inLanguage":"pt-BR","potentialAction":[{"@type":"ReadAction","target":["https:\/\/portalmf.com.br\/index.php\/2023\/12\/04\/prefeitura-intensifica-conscientizacao-sobre-aids-no-dezembro-vermelho\/"]}]},{"@type":"ImageObject","inLanguage":"pt-BR","@id":"https:\/\/portalmf.com.br\/index.php\/2023\/12\/04\/prefeitura-intensifica-conscientizacao-sobre-aids-no-dezembro-vermelho\/#primaryimage","url":"https:\/\/portalmf.com.br\/wp-content\/uploads\/2023\/12\/Prefeitura-intensifica-conscientizacao-sobre-Aids-no-Dezembro-Vermelho.jpg","contentUrl":"https:\/\/portalmf.com.br\/wp-content\/uploads\/2023\/12\/Prefeitura-intensifica-conscientizacao-sobre-Aids-no-Dezembro-Vermelho.jpg","width":1306,"height":668},{"@type":"BreadcrumbList","@id":"https:\/\/portalmf.com.br\/index.php\/2023\/12\/04\/prefeitura-intensifica-conscientizacao-sobre-aids-no-dezembro-vermelho\/#breadcrumb","itemListElement":[{"@type":"ListItem","position":1,"name":"In\u00edcio","item":"https:\/\/portalmf.com.br\/"},{"@type":"ListItem","position":2,"name":"Prefeitura intensifica conscientiza\u00e7\u00e3o sobre Aids no Dezembro Vermelho"}]},{"@type":"WebSite","@id":"https:\/\/portalmf.com.br\/#website","url":"https:\/\/portalmf.com.br\/","name":"Portal MF","description":"Voc\u00ea conectado com a informa\u00e7\u00e3o","potentialAction":[{"@type":"SearchAction","target":{"@type":"EntryPoint","urlTemplate":"https:\/\/portalmf.com.br\/?s={search_term_string}"},"query-input":"required name=search_term_string"}],"inLanguage":"pt-BR"},{"@type":"Person","@id":"https:\/\/portalmf.com.br\/#\/schema\/person\/9ec101baf56233e53520c26de5d6f6f0","name":"Reda\u00e7\u00e3o Portal MF","image":{"@type":"ImageObject","inLanguage":"pt-BR","@id":"https:\/\/portalmf.com.br\/#\/schema\/person\/image\/","url":"https:\/\/secure.gravatar.com\/avatar\/41b9aaeb2100835f7c64362330f74c7f?s=96&d=mm&r=g","contentUrl":"https:\/\/secure.gravatar.com\/avatar\/41b9aaeb2100835f7c64362330f74c7f?s=96&d=mm&r=g","caption":"Reda\u00e7\u00e3o Portal MF"},"description":"Sejam bem-vindos o portal de informa\u00e7\u00f5es de entretenimento de Feira de Santana, desde 2006 realiza coberturas dos principais eventos com entrevistas exclusivas com as principais personalidades mundiais. Fique conectado tamb\u00e9m nas redes sociais.","sameAs":["http:\/\/www.portalmf.com.br\/","https:\/\/www.facebook.com\/portalmfoficial","https:\/\/www.instagram.com\/portalmf\/","https:\/\/x.com\/https:\/\/x.com\/portalmfoficial","https:\/\/www.youtube.com\/@portalmfoficial"],"url":"https:\/\/portalmf.com.br\/index.php\/author\/junior\/"}]}},"_links":{"self":[{"href":"https:\/\/portalmf.com.br\/index.php\/wp-json\/wp\/v2\/posts\/20566"}],"collection":[{"href":"https:\/\/portalmf.com.br\/index.php\/wp-json\/wp\/v2\/posts"}],"about":[{"href":"https:\/\/portalmf.com.br\/index.php\/wp-json\/wp\/v2\/types\/post"}],"author":[{"embeddable":true,"href":"https:\/\/portalmf.com.br\/index.php\/wp-json\/wp\/v2\/users\/3"}],"replies":[{"embeddable":true,"href":"https:\/\/portalmf.com.br\/index.php\/wp-json\/wp\/v2\/comments?post=20566"}],"version-history":[{"count":1,"href":"https:\/\/portalmf.com.br\/index.php\/wp-json\/wp\/v2\/posts\/20566\/revisions"}],"predecessor-version":[{"id":20568,"href":"https:\/\/portalmf.com.br\/index.php\/wp-json\/wp\/v2\/posts\/20566\/revisions\/20568"}],"wp:featuredmedia":[{"embeddable":true,"href":"https:\/\/portalmf.com.br\/index.php\/wp-json\/wp\/v2\/media\/20567"}],"wp:attachment":[{"href":"https:\/\/portalmf.com.br\/index.php\/wp-json\/wp\/v2\/media?parent=20566"}],"wp:term":[{"taxonomy":"category","embeddable":true,"href":"https:\/\/portalmf.com.br\/index.php\/wp-json\/wp\/v2\/categories?post=20566"},{"taxonomy":"post_tag","embeddable":true,"href":"https:\/\/portalmf.com.br\/index.php\/wp-json\/wp\/v2\/tags?post=20566"}],"curies":[{"name":"wp","href":"https:\/\/api.w.org\/{rel}","templated":true}]}}