{"id":20559,"date":"2023-12-04T15:07:00","date_gmt":"2023-12-04T18:07:00","guid":{"rendered":"https:\/\/portalmf.com.br\/?p=20559"},"modified":"2023-12-04T19:13:37","modified_gmt":"2023-12-04T22:13:37","slug":"barbeira-feirense-fala-sobre-desafios-da-carreira","status":"publish","type":"post","link":"https:\/\/portalmf.com.br\/index.php\/2023\/12\/04\/barbeira-feirense-fala-sobre-desafios-da-carreira\/","title":{"rendered":"Barbeira feirense fala sobre desafios da carreira"},"content":{"rendered":"\n<p>Uma jovem de Feira de Santana decidiu &#8220;invadir&#8221; o universo masculino e transformou navalhas, cremes de barbear e toalhas quentes em seus instrumentos de trabalho, no chamados Barber choper (antigas barbearias), com o b\u00f4nus de cervejas, jogos, e toda uma atmosfera convidativa, que faz com que clientes estejam l\u00e1 para al\u00e9m dos servi\u00e7os de barba, cabelo e bigode.<\/p>\n\n\n\n<p>Karen Karla Ferreira, 29 anos, gr\u00e1vida de 9 meses de uma menina, conta que iniciou a carreira como barbeira, por influ\u00eancia do marido, que j\u00e1 era barbeiro.<\/p>\n\n\n\n<p><em>&#8220;Eu cresci trabalhando com vendas, depois fui trabalhar na parte administrativa de ind\u00fastria e meu esposo sempre me dizia que a destreza que eu tinha na parte administrativa, era para dedicar a barbearia, dizia para trabalharmos juntos que ele me ensinaria o of\u00edcio. Falava isso sempre que tinha oportunidade, mas eu nunca me vi nessa \u00e1rea, nunca tinha tido contato com barbearia a n\u00e3o ser quando escutava meu pai e irm\u00e3o dizer que iam cortar o cabelo. Depois de um tempo eu decidi dizer sim para ele, pois estava cansada psicologicamente no antigo trabalho. Nisto meu marido agarrou a oportunidade e me ensinou, deu muito trabalho para aprender, mas todos os dias ele repetia as mesmas coisas com muita paci\u00eancia, at\u00e9 o dia que a minha ficha caiu e comecei a trabalhar de fato com ele na barbearia&#8221;, <\/em>conta.<\/p>\n\n\n\n<p>A profissional conta como enfrentou a resist\u00eancia do p\u00fablico que estranharam que uma mulher fosse fazer o servi\u00e7o majoritariamente desempenhado por homens.<\/p>\n\n\n\n<p><em>&#8220;No in\u00edcio os clientes achavam engra\u00e7ado e diziam que nunca cortariam o cabelo comigo porque eles me viam antes servindo \u00e1gua e na recep\u00e7\u00e3o, quando eu ainda estava fazendo curso. Eu cheguei &#8216;na manha&#8217; conquistando a confian\u00e7a. Me oferecia para lavar o cabelo deles ap\u00f3s o corte, hidratava e passava pomada direitinho, desse jeito mostrava que n\u00e3o tinha m\u00e3o pesada. Depois quando tinha alisamento e os barbeiros estavam ocupados eu me oferecia para fazer essa parte e toda oportunidade que via eu agarrava at\u00e9 chegar o dia que eu tive oportunidade de fazer um p\u00e9 de cabelo do cliente e passei a atender de vez na barbearia&#8221;,<\/em> esclarece.<\/p>\n\n\n\n<figure class=\"wp-block-image size-large\"><img fetchpriority=\"high\" decoding=\"async\" width=\"1024\" height=\"749\" src=\"https:\/\/portalmf.com.br\/wp-content\/uploads\/2023\/12\/Barbeira-feirense-fala-sobre-desafios-da-carreira_Foto-Reginaldo-Junior-2-1024x749.jpg\" alt=\"\" class=\"wp-image-20561\" srcset=\"https:\/\/portalmf.com.br\/wp-content\/uploads\/2023\/12\/Barbeira-feirense-fala-sobre-desafios-da-carreira_Foto-Reginaldo-Junior-2-1024x749.jpg 1024w, https:\/\/portalmf.com.br\/wp-content\/uploads\/2023\/12\/Barbeira-feirense-fala-sobre-desafios-da-carreira_Foto-Reginaldo-Junior-2-300x220.jpg 300w, https:\/\/portalmf.com.br\/wp-content\/uploads\/2023\/12\/Barbeira-feirense-fala-sobre-desafios-da-carreira_Foto-Reginaldo-Junior-2-768x562.jpg 768w, https:\/\/portalmf.com.br\/wp-content\/uploads\/2023\/12\/Barbeira-feirense-fala-sobre-desafios-da-carreira_Foto-Reginaldo-Junior-2-1170x856.jpg 1170w, https:\/\/portalmf.com.br\/wp-content\/uploads\/2023\/12\/Barbeira-feirense-fala-sobre-desafios-da-carreira_Foto-Reginaldo-Junior-2-585x428.jpg 585w, https:\/\/portalmf.com.br\/wp-content\/uploads\/2023\/12\/Barbeira-feirense-fala-sobre-desafios-da-carreira_Foto-Reginaldo-Junior-2.jpg 1200w\" sizes=\"(max-width: 1024px) 100vw, 1024px\" \/><figcaption class=\"wp-element-caption\"><strong>Foto: Reginaldo J\u00fanior \/  Portal MF<\/strong><\/figcaption><\/figure>\n\n\n\n<p>Karla que al\u00e7ou &#8220;voos&#8221; diferentes do marido, principal incentivador, agora est\u00e1 ansiosa por voltar a trabalhar junto com o seu mentor.<\/p>\n\n\n\n<p><em>&#8220;Quando chegou a pandemia acabamos trabalhando em espa\u00e7os diferentes para conseguir uma renda melhor, mas gra\u00e7as a Deus estamos voltando a trabalhar juntos, pois na pr\u00f3xima semana estaremos inaugurando um novo espa\u00e7o, uma nova barbearia, onde trabalharemos juntos novamente. As expectativas est\u00e3o altas, os clientes est\u00e3o felizes e empolgados nessa nova fase. Daqui a pouco terei mais uma bebezinha, minha filha Zoe. Estou trabalhando ainda porque \u00e9 o que eu gosto de fazer, Ele me ensinou a fazer com amor. Com todo trabalho nem tenho tempo para dedicar \u00e0s redes sociais, mas \u00e9 uma coisa que eu gostaria de fazer mais. S\u00f3 tem uma coisa que me arrependo, de n\u00e3o ter come\u00e7ado antes&#8221;.<\/em><\/p>\n\n\n\n<p>A jovem diz que sempre acontece do cliente, no primeiro momento, ficar impactado por ser uma mulher que vai cortar o cabelo e diz que conquista o mercado com muita t\u00e9cnica e dedica\u00e7\u00e3o.<\/p>\n\n\n\n<p><em>&#8220;Mas, estudo bastante e quando eles olham todos os certificados na minha parede, passam a confiar e acabam indicando para outras pessoas. Na verdade, procuro todos os dias ser melhor, quando atendo um cliente, quando ele vai saindo vou observando o corte que fiz procuro me aprimorar a cada corte para ser cada vez mais uma grande profissional. Meu objetivo \u00e9 estudar cada vez mais para quando as pessoas virem meu trabalho, saberem que essa mulher, &#8216;bota para l\u00e1&#8217;, tem que respeitar, quando virem minhas obras primas, cabelo\/barba, se admirarem&#8221;,<\/em> argumenta.<\/p>\n\n\n\n<p><strong>Representatividade<\/strong><\/p>\n\n\n\n<p>A empreendedora abriu espa\u00e7o para outras mulheres e conta que parte do mercado n\u00e3o s\u00f3 j\u00e1 aceitou a presen\u00e7a delas, como tamb\u00e9m passou a preferir um atendimento feminino. Atrav\u00e9s de mim, outras mulheres come\u00e7aram a fazer o curso, porque meu esposo d\u00e1 aulas de barbeiro e outras mulheres acabaram sendo influenciadas a tamb\u00e9m fazerem o curso. Al\u00e9m disso, muitas esposas de barbeiros passam a ter um papel mais ativo no local, algumas que inclusive nem se sentiam a vontade de frequentar o ambiente, passaram a ir. Muitos homens tamb\u00e9m passaram a preferir atendimento feminino por achar que mulheres s\u00e3o mais detalhistas. Acredito que esse seja meu prop\u00f3sito, quando estou cortando o cabelo de um cliente eu lembro que ele \u00e9 um filho de Deus e que Deus vai se alegrar se eu fizer o meu melhor&#8221;.&nbsp;<\/p>\n\n\n\n<p><strong>Reportagem: Reginaldo J\u00fanior \/ Portal MF<\/strong><\/p>\n","protected":false},"excerpt":{"rendered":"<p>Uma jovem de Feira de Santana decidiu &#8220;invadir&#8221; o universo masculino e transformou navalhas, cremes de barbear e toalhas quentes em seus instrumentos de trabalho, no chamados Barber choper (antigas barbearias), com o b\u00f4nus de cervejas, jogos, e toda uma atmosfera convidativa, que faz com que clientes estejam l\u00e1 para al\u00e9m dos servi\u00e7os de barba, [&hellip;]<\/p>\n","protected":false},"author":5,"featured_media":20560,"comment_status":"open","ping_status":"open","sticky":false,"template":"","format":"standard","meta":{"_monsterinsights_skip_tracking":false,"_monsterinsights_sitenote_active":false,"_monsterinsights_sitenote_note":"","_monsterinsights_sitenote_category":0,"footnotes":""},"categories":[47,295],"tags":[],"yoast_head":"<!-- This site is optimized with the Yoast SEO plugin v22.9 - https:\/\/yoast.com\/wordpress\/plugins\/seo\/ -->\n<title>Barbeira feirense fala sobre desafios da carreira - Portal MF<\/title>\n<meta name=\"robots\" content=\"index, follow, max-snippet:-1, max-image-preview:large, max-video-preview:-1\" \/>\n<link rel=\"canonical\" href=\"https:\/\/portalmf.com.br\/index.php\/2023\/12\/04\/barbeira-feirense-fala-sobre-desafios-da-carreira\/\" \/>\n<meta property=\"og:locale\" content=\"pt_BR\" \/>\n<meta property=\"og:type\" content=\"article\" \/>\n<meta property=\"og:title\" content=\"Barbeira feirense fala sobre desafios da carreira - Portal MF\" \/>\n<meta property=\"og:description\" content=\"Uma jovem de Feira de Santana decidiu &#8220;invadir&#8221; o universo masculino e transformou navalhas, cremes de barbear e toalhas quentes em seus instrumentos de trabalho, no chamados Barber choper (antigas barbearias), com o b\u00f4nus de cervejas, jogos, e toda uma atmosfera convidativa, que faz com que clientes estejam l\u00e1 para al\u00e9m dos servi\u00e7os de barba, [&hellip;]\" \/>\n<meta property=\"og:url\" content=\"https:\/\/portalmf.com.br\/index.php\/2023\/12\/04\/barbeira-feirense-fala-sobre-desafios-da-carreira\/\" \/>\n<meta property=\"og:site_name\" content=\"Portal MF\" \/>\n<meta property=\"article:published_time\" content=\"2023-12-04T18:07:00+00:00\" \/>\n<meta property=\"article:modified_time\" content=\"2023-12-04T22:13:37+00:00\" \/>\n<meta property=\"og:image\" content=\"https:\/\/portalmf.com.br\/wp-content\/uploads\/2023\/12\/Barbeira-feirense-fala-sobre-desafios-da-carreira_Foto-Reginaldo-Junior.jpg\" \/>\n\t<meta property=\"og:image:width\" content=\"1200\" \/>\n\t<meta property=\"og:image:height\" content=\"800\" \/>\n\t<meta property=\"og:image:type\" content=\"image\/jpeg\" \/>\n<meta name=\"author\" content=\"Lila Oliveira\" \/>\n<meta name=\"twitter:card\" content=\"summary_large_image\" \/>\n<meta name=\"twitter:label1\" content=\"Escrito por\" \/>\n\t<meta name=\"twitter:data1\" content=\"Lila Oliveira\" \/>\n\t<meta name=\"twitter:label2\" content=\"Est. tempo de leitura\" \/>\n\t<meta name=\"twitter:data2\" content=\"5 minutos\" \/>\n<script type=\"application\/ld+json\" class=\"yoast-schema-graph\">{\"@context\":\"https:\/\/schema.org\",\"@graph\":[{\"@type\":\"WebPage\",\"@id\":\"https:\/\/portalmf.com.br\/index.php\/2023\/12\/04\/barbeira-feirense-fala-sobre-desafios-da-carreira\/\",\"url\":\"https:\/\/portalmf.com.br\/index.php\/2023\/12\/04\/barbeira-feirense-fala-sobre-desafios-da-carreira\/\",\"name\":\"Barbeira feirense fala sobre desafios da carreira - Portal MF\",\"isPartOf\":{\"@id\":\"https:\/\/portalmf.com.br\/#website\"},\"primaryImageOfPage\":{\"@id\":\"https:\/\/portalmf.com.br\/index.php\/2023\/12\/04\/barbeira-feirense-fala-sobre-desafios-da-carreira\/#primaryimage\"},\"image\":{\"@id\":\"https:\/\/portalmf.com.br\/index.php\/2023\/12\/04\/barbeira-feirense-fala-sobre-desafios-da-carreira\/#primaryimage\"},\"thumbnailUrl\":\"https:\/\/portalmf.com.br\/wp-content\/uploads\/2023\/12\/Barbeira-feirense-fala-sobre-desafios-da-carreira_Foto-Reginaldo-Junior.jpg\",\"datePublished\":\"2023-12-04T18:07:00+00:00\",\"dateModified\":\"2023-12-04T22:13:37+00:00\",\"author\":{\"@id\":\"https:\/\/portalmf.com.br\/#\/schema\/person\/19071c375ee7579b7300dd91d656ff97\"},\"breadcrumb\":{\"@id\":\"https:\/\/portalmf.com.br\/index.php\/2023\/12\/04\/barbeira-feirense-fala-sobre-desafios-da-carreira\/#breadcrumb\"},\"inLanguage\":\"pt-BR\",\"potentialAction\":[{\"@type\":\"ReadAction\",\"target\":[\"https:\/\/portalmf.com.br\/index.php\/2023\/12\/04\/barbeira-feirense-fala-sobre-desafios-da-carreira\/\"]}]},{\"@type\":\"ImageObject\",\"inLanguage\":\"pt-BR\",\"@id\":\"https:\/\/portalmf.com.br\/index.php\/2023\/12\/04\/barbeira-feirense-fala-sobre-desafios-da-carreira\/#primaryimage\",\"url\":\"https:\/\/portalmf.com.br\/wp-content\/uploads\/2023\/12\/Barbeira-feirense-fala-sobre-desafios-da-carreira_Foto-Reginaldo-Junior.jpg\",\"contentUrl\":\"https:\/\/portalmf.com.br\/wp-content\/uploads\/2023\/12\/Barbeira-feirense-fala-sobre-desafios-da-carreira_Foto-Reginaldo-Junior.jpg\",\"width\":1200,\"height\":800},{\"@type\":\"BreadcrumbList\",\"@id\":\"https:\/\/portalmf.com.br\/index.php\/2023\/12\/04\/barbeira-feirense-fala-sobre-desafios-da-carreira\/#breadcrumb\",\"itemListElement\":[{\"@type\":\"ListItem\",\"position\":1,\"name\":\"In\u00edcio\",\"item\":\"https:\/\/portalmf.com.br\/\"},{\"@type\":\"ListItem\",\"position\":2,\"name\":\"Barbeira feirense fala sobre desafios da carreira\"}]},{\"@type\":\"WebSite\",\"@id\":\"https:\/\/portalmf.com.br\/#website\",\"url\":\"https:\/\/portalmf.com.br\/\",\"name\":\"Portal MF\",\"description\":\"Voc\u00ea conectado com a informa\u00e7\u00e3o\",\"potentialAction\":[{\"@type\":\"SearchAction\",\"target\":{\"@type\":\"EntryPoint\",\"urlTemplate\":\"https:\/\/portalmf.com.br\/?s={search_term_string}\"},\"query-input\":\"required name=search_term_string\"}],\"inLanguage\":\"pt-BR\"},{\"@type\":\"Person\",\"@id\":\"https:\/\/portalmf.com.br\/#\/schema\/person\/19071c375ee7579b7300dd91d656ff97\",\"name\":\"Lila Oliveira\",\"image\":{\"@type\":\"ImageObject\",\"inLanguage\":\"pt-BR\",\"@id\":\"https:\/\/portalmf.com.br\/#\/schema\/person\/image\/\",\"url\":\"https:\/\/secure.gravatar.com\/avatar\/344958fa973c4e824a6dde1b63c19431?s=96&d=mm&r=g\",\"contentUrl\":\"https:\/\/secure.gravatar.com\/avatar\/344958fa973c4e824a6dde1b63c19431?s=96&d=mm&r=g\",\"caption\":\"Lila Oliveira\"},\"sameAs\":[\"https:\/\/portalmf.com.br\/\"],\"url\":\"https:\/\/portalmf.com.br\/index.php\/author\/lilaoliveira\/\"}]}<\/script>\n<!-- \/ Yoast SEO plugin. -->","yoast_head_json":{"title":"Barbeira feirense fala sobre desafios da carreira - Portal MF","robots":{"index":"index","follow":"follow","max-snippet":"max-snippet:-1","max-image-preview":"max-image-preview:large","max-video-preview":"max-video-preview:-1"},"canonical":"https:\/\/portalmf.com.br\/index.php\/2023\/12\/04\/barbeira-feirense-fala-sobre-desafios-da-carreira\/","og_locale":"pt_BR","og_type":"article","og_title":"Barbeira feirense fala sobre desafios da carreira - Portal MF","og_description":"Uma jovem de Feira de Santana decidiu &#8220;invadir&#8221; o universo masculino e transformou navalhas, cremes de barbear e toalhas quentes em seus instrumentos de trabalho, no chamados Barber choper (antigas barbearias), com o b\u00f4nus de cervejas, jogos, e toda uma atmosfera convidativa, que faz com que clientes estejam l\u00e1 para al\u00e9m dos servi\u00e7os de barba, [&hellip;]","og_url":"https:\/\/portalmf.com.br\/index.php\/2023\/12\/04\/barbeira-feirense-fala-sobre-desafios-da-carreira\/","og_site_name":"Portal MF","article_published_time":"2023-12-04T18:07:00+00:00","article_modified_time":"2023-12-04T22:13:37+00:00","og_image":[{"width":1200,"height":800,"url":"https:\/\/portalmf.com.br\/wp-content\/uploads\/2023\/12\/Barbeira-feirense-fala-sobre-desafios-da-carreira_Foto-Reginaldo-Junior.jpg","type":"image\/jpeg"}],"author":"Lila Oliveira","twitter_card":"summary_large_image","twitter_misc":{"Escrito por":"Lila Oliveira","Est. tempo de leitura":"5 minutos"},"schema":{"@context":"https:\/\/schema.org","@graph":[{"@type":"WebPage","@id":"https:\/\/portalmf.com.br\/index.php\/2023\/12\/04\/barbeira-feirense-fala-sobre-desafios-da-carreira\/","url":"https:\/\/portalmf.com.br\/index.php\/2023\/12\/04\/barbeira-feirense-fala-sobre-desafios-da-carreira\/","name":"Barbeira feirense fala sobre desafios da carreira - Portal MF","isPartOf":{"@id":"https:\/\/portalmf.com.br\/#website"},"primaryImageOfPage":{"@id":"https:\/\/portalmf.com.br\/index.php\/2023\/12\/04\/barbeira-feirense-fala-sobre-desafios-da-carreira\/#primaryimage"},"image":{"@id":"https:\/\/portalmf.com.br\/index.php\/2023\/12\/04\/barbeira-feirense-fala-sobre-desafios-da-carreira\/#primaryimage"},"thumbnailUrl":"https:\/\/portalmf.com.br\/wp-content\/uploads\/2023\/12\/Barbeira-feirense-fala-sobre-desafios-da-carreira_Foto-Reginaldo-Junior.jpg","datePublished":"2023-12-04T18:07:00+00:00","dateModified":"2023-12-04T22:13:37+00:00","author":{"@id":"https:\/\/portalmf.com.br\/#\/schema\/person\/19071c375ee7579b7300dd91d656ff97"},"breadcrumb":{"@id":"https:\/\/portalmf.com.br\/index.php\/2023\/12\/04\/barbeira-feirense-fala-sobre-desafios-da-carreira\/#breadcrumb"},"inLanguage":"pt-BR","potentialAction":[{"@type":"ReadAction","target":["https:\/\/portalmf.com.br\/index.php\/2023\/12\/04\/barbeira-feirense-fala-sobre-desafios-da-carreira\/"]}]},{"@type":"ImageObject","inLanguage":"pt-BR","@id":"https:\/\/portalmf.com.br\/index.php\/2023\/12\/04\/barbeira-feirense-fala-sobre-desafios-da-carreira\/#primaryimage","url":"https:\/\/portalmf.com.br\/wp-content\/uploads\/2023\/12\/Barbeira-feirense-fala-sobre-desafios-da-carreira_Foto-Reginaldo-Junior.jpg","contentUrl":"https:\/\/portalmf.com.br\/wp-content\/uploads\/2023\/12\/Barbeira-feirense-fala-sobre-desafios-da-carreira_Foto-Reginaldo-Junior.jpg","width":1200,"height":800},{"@type":"BreadcrumbList","@id":"https:\/\/portalmf.com.br\/index.php\/2023\/12\/04\/barbeira-feirense-fala-sobre-desafios-da-carreira\/#breadcrumb","itemListElement":[{"@type":"ListItem","position":1,"name":"In\u00edcio","item":"https:\/\/portalmf.com.br\/"},{"@type":"ListItem","position":2,"name":"Barbeira feirense fala sobre desafios da carreira"}]},{"@type":"WebSite","@id":"https:\/\/portalmf.com.br\/#website","url":"https:\/\/portalmf.com.br\/","name":"Portal MF","description":"Voc\u00ea conectado com a informa\u00e7\u00e3o","potentialAction":[{"@type":"SearchAction","target":{"@type":"EntryPoint","urlTemplate":"https:\/\/portalmf.com.br\/?s={search_term_string}"},"query-input":"required name=search_term_string"}],"inLanguage":"pt-BR"},{"@type":"Person","@id":"https:\/\/portalmf.com.br\/#\/schema\/person\/19071c375ee7579b7300dd91d656ff97","name":"Lila Oliveira","image":{"@type":"ImageObject","inLanguage":"pt-BR","@id":"https:\/\/portalmf.com.br\/#\/schema\/person\/image\/","url":"https:\/\/secure.gravatar.com\/avatar\/344958fa973c4e824a6dde1b63c19431?s=96&d=mm&r=g","contentUrl":"https:\/\/secure.gravatar.com\/avatar\/344958fa973c4e824a6dde1b63c19431?s=96&d=mm&r=g","caption":"Lila Oliveira"},"sameAs":["https:\/\/portalmf.com.br\/"],"url":"https:\/\/portalmf.com.br\/index.php\/author\/lilaoliveira\/"}]}},"_links":{"self":[{"href":"https:\/\/portalmf.com.br\/index.php\/wp-json\/wp\/v2\/posts\/20559"}],"collection":[{"href":"https:\/\/portalmf.com.br\/index.php\/wp-json\/wp\/v2\/posts"}],"about":[{"href":"https:\/\/portalmf.com.br\/index.php\/wp-json\/wp\/v2\/types\/post"}],"author":[{"embeddable":true,"href":"https:\/\/portalmf.com.br\/index.php\/wp-json\/wp\/v2\/users\/5"}],"replies":[{"embeddable":true,"href":"https:\/\/portalmf.com.br\/index.php\/wp-json\/wp\/v2\/comments?post=20559"}],"version-history":[{"count":1,"href":"https:\/\/portalmf.com.br\/index.php\/wp-json\/wp\/v2\/posts\/20559\/revisions"}],"predecessor-version":[{"id":20562,"href":"https:\/\/portalmf.com.br\/index.php\/wp-json\/wp\/v2\/posts\/20559\/revisions\/20562"}],"wp:featuredmedia":[{"embeddable":true,"href":"https:\/\/portalmf.com.br\/index.php\/wp-json\/wp\/v2\/media\/20560"}],"wp:attachment":[{"href":"https:\/\/portalmf.com.br\/index.php\/wp-json\/wp\/v2\/media?parent=20559"}],"wp:term":[{"taxonomy":"category","embeddable":true,"href":"https:\/\/portalmf.com.br\/index.php\/wp-json\/wp\/v2\/categories?post=20559"},{"taxonomy":"post_tag","embeddable":true,"href":"https:\/\/portalmf.com.br\/index.php\/wp-json\/wp\/v2\/tags?post=20559"}],"curies":[{"name":"wp","href":"https:\/\/api.w.org\/{rel}","templated":true}]}}