{"id":20542,"date":"2023-12-04T17:36:18","date_gmt":"2023-12-04T20:36:18","guid":{"rendered":"https:\/\/portalmf.com.br\/?p=20542"},"modified":"2023-12-04T17:36:19","modified_gmt":"2023-12-04T20:36:19","slug":"santo-estevao-recebe-congresso-nacional-de-solucoes-estrategicas-para-o-transito-e-mobilidade-de-6-a-9-de-dezembro","status":"publish","type":"post","link":"https:\/\/portalmf.com.br\/index.php\/2023\/12\/04\/santo-estevao-recebe-congresso-nacional-de-solucoes-estrategicas-para-o-transito-e-mobilidade-de-6-a-9-de-dezembro\/","title":{"rendered":"Santo Est\u00eav\u00e3o recebe Congresso Nacional de Solu\u00e7\u00f5es Estrat\u00e9gicas para o Tr\u00e2nsito e Mobilidade de 6 a 9 de dezembro"},"content":{"rendered":"\n<p>Pela primeira vez na hist\u00f3ria, o munic\u00edpio de Santo Est\u00eav\u00e3o ir\u00e1 sediar o Congresso Nacional de Solu\u00e7\u00f5es Estrat\u00e9gicas para o Tr\u00e2nsito e Mobilidade (CONSETRAM). O evento acontecer\u00e1 entre 06 e 09 de dezembro e \u00e9 gratuito ao p\u00fablico.<\/p>\n\n\n\n<p>O evento ser\u00e1 uma oportunidade \u00fanica para discutir e aprender sobre as \u00faltimas tend\u00eancias, inova\u00e7\u00f5es e solu\u00e7\u00f5es estrat\u00e9gicas que visam tornar o tr\u00e2nsito e a mobilidade mais eficientes e sustent\u00e1veis.<\/p>\n\n\n\n<p>De acordo com o secret\u00e1rio de Transporte e Tr\u00e2nsito (SMTT) do munic\u00edpio, Reinaldo Copello, o evento \u00e9 promovido pelo Governo do Estado da Bahia, atrav\u00e9s do Departamento Estadual de Tr\u00e2nsito (Detran) e Conselho Estadual de Tr\u00e2nsito (CETRAN) estadual em parceria com a Prefeitura de Santo Estev\u00e3o.<\/p>\n\n\n\n<p>O congresso contar\u00e1 ainda com palestras, exposi\u00e7\u00f5es e oficinas.<\/p>\n\n\n\n<p>O evento contar\u00e1 com duas oficinas, sendo uma de urbanismo t\u00e1tico e a outra com o N\u00facleo de Estat\u00edstica de Acidente de Tr\u00e2nsito (NEAT) para mostrar e orientar solu\u00e7\u00f5es urban\u00edsticas para o tr\u00e2nsito.<\/p>\n\n\n\n<p>O congresso contar\u00e1 ainda com uma simula\u00e7\u00e3o de resgate envolvendo a Pol\u00edcia Militar, o Grupamento A\u00e9reo da PMBA, os bombeiros e a VIABAHIA para simular o aparato que o estado tem dispon\u00edvel quando ocorre um acidente de tr\u00e2nsito.<\/p>\n\n\n\n<h2 class=\"wp-block-heading\">EXPOSETRAN<\/h2>\n\n\n\n<p>Al\u00e9m de palestras, debates e oficinas que comp\u00f5em a programa\u00e7\u00e3o do congresso, haver\u00e1 uma feira de exposi\u00e7\u00e3o, a Exposetram, onde empresas e institui\u00e7\u00f5es poder\u00e3o apresentar suas solu\u00e7\u00f5es e tecnologias voltadas para a melhoria do tr\u00e2nsito nas cidades. A Exposetram re\u00fane solu\u00e7\u00f5es para o tr\u00e2nsito e a mobilidade, voltada para munic\u00edpios e \u00f3rg\u00e3os de tr\u00e2nsito, com exposi\u00e7\u00e3o de solu\u00e7\u00f5es como sistemas de autua\u00e7\u00f5es, planejamento, ve\u00edculos, radares e projetos urban\u00edsticos, visando encontrar respostas para os desafios do tr\u00e2nsito e da mobilidade.<\/p>\n\n\n\n<p>Para garantir a participa\u00e7\u00e3o, basta realizar a inscri\u00e7\u00e3o atrav\u00e9s do Sympla.<\/p>\n\n\n\n<p>Detalhes do Evento:<\/p>\n\n\n\n<p>Data: 06 at\u00e9 09 de dezembro de 2023<br>Hor\u00e1rio: 08:30 at\u00e9 17:00 horas<br>Local: Centro de Eventos Professora Maria Tereza Gesteira, Avenida Get\u00falio Vargas s\/n\u00ba, Centro, Santo Est\u00eav\u00e3o \u2013 Bahia \u2013 CEP 44.190-000.<\/p>\n","protected":false},"excerpt":{"rendered":"<p>Pela primeira vez na hist\u00f3ria, o munic\u00edpio de Santo Est\u00eav\u00e3o ir\u00e1 sediar o Congresso Nacional de Solu\u00e7\u00f5es Estrat\u00e9gicas para o Tr\u00e2nsito e Mobilidade (CONSETRAM). O evento acontecer\u00e1 entre 06 e 09 de dezembro e \u00e9 gratuito ao p\u00fablico. O evento ser\u00e1 uma oportunidade \u00fanica para discutir e aprender sobre as \u00faltimas tend\u00eancias, inova\u00e7\u00f5es e solu\u00e7\u00f5es [&hellip;]<\/p>\n","protected":false},"author":3,"featured_media":20543,"comment_status":"open","ping_status":"open","sticky":false,"template":"","format":"standard","meta":{"_monsterinsights_skip_tracking":false,"_monsterinsights_sitenote_active":false,"_monsterinsights_sitenote_note":"","_monsterinsights_sitenote_category":0,"footnotes":""},"categories":[34],"tags":[],"yoast_head":"<!-- This site is optimized with the Yoast SEO plugin v22.9 - https:\/\/yoast.com\/wordpress\/plugins\/seo\/ -->\n<title>Santo Est\u00eav\u00e3o recebe Congresso Nacional de Solu\u00e7\u00f5es Estrat\u00e9gicas para o Tr\u00e2nsito e Mobilidade de 6 a 9 de dezembro - Portal MF<\/title>\n<meta name=\"robots\" content=\"index, follow, max-snippet:-1, max-image-preview:large, max-video-preview:-1\" \/>\n<link rel=\"canonical\" href=\"https:\/\/portalmf.com.br\/index.php\/2023\/12\/04\/santo-estevao-recebe-congresso-nacional-de-solucoes-estrategicas-para-o-transito-e-mobilidade-de-6-a-9-de-dezembro\/\" \/>\n<meta property=\"og:locale\" content=\"pt_BR\" \/>\n<meta property=\"og:type\" content=\"article\" \/>\n<meta property=\"og:title\" content=\"Santo Est\u00eav\u00e3o recebe Congresso Nacional de Solu\u00e7\u00f5es Estrat\u00e9gicas para o Tr\u00e2nsito e Mobilidade de 6 a 9 de dezembro - Portal MF\" \/>\n<meta property=\"og:description\" content=\"Pela primeira vez na hist\u00f3ria, o munic\u00edpio de Santo Est\u00eav\u00e3o ir\u00e1 sediar o Congresso Nacional de Solu\u00e7\u00f5es Estrat\u00e9gicas para o Tr\u00e2nsito e Mobilidade (CONSETRAM). O evento acontecer\u00e1 entre 06 e 09 de dezembro e \u00e9 gratuito ao p\u00fablico. O evento ser\u00e1 uma oportunidade \u00fanica para discutir e aprender sobre as \u00faltimas tend\u00eancias, inova\u00e7\u00f5es e solu\u00e7\u00f5es [&hellip;]\" \/>\n<meta property=\"og:url\" content=\"https:\/\/portalmf.com.br\/index.php\/2023\/12\/04\/santo-estevao-recebe-congresso-nacional-de-solucoes-estrategicas-para-o-transito-e-mobilidade-de-6-a-9-de-dezembro\/\" \/>\n<meta property=\"og:site_name\" content=\"Portal MF\" \/>\n<meta property=\"article:author\" content=\"https:\/\/www.facebook.com\/portalmfoficial\" \/>\n<meta property=\"article:published_time\" content=\"2023-12-04T20:36:18+00:00\" \/>\n<meta property=\"article:modified_time\" content=\"2023-12-04T20:36:19+00:00\" \/>\n<meta property=\"og:image\" content=\"https:\/\/portalmf.com.br\/wp-content\/uploads\/2023\/12\/Santo-Estevao-recebe-Congresso-Nacional-de-Solucoes-Estrategicas-para-o-Transito-e-Mobilidade-de-6-a-9-de-dezembro.jpg\" \/>\n\t<meta property=\"og:image:width\" content=\"1920\" \/>\n\t<meta property=\"og:image:height\" content=\"1072\" \/>\n\t<meta property=\"og:image:type\" content=\"image\/jpeg\" \/>\n<meta name=\"author\" content=\"Reda\u00e7\u00e3o Portal MF\" \/>\n<meta name=\"twitter:card\" content=\"summary_large_image\" \/>\n<meta name=\"twitter:creator\" content=\"@https:\/\/x.com\/portalmfoficial\" \/>\n<meta name=\"twitter:label1\" content=\"Escrito por\" \/>\n\t<meta name=\"twitter:data1\" content=\"Reda\u00e7\u00e3o Portal MF\" \/>\n\t<meta name=\"twitter:label2\" content=\"Est. tempo de leitura\" \/>\n\t<meta name=\"twitter:data2\" content=\"2 minutos\" \/>\n<script type=\"application\/ld+json\" class=\"yoast-schema-graph\">{\"@context\":\"https:\/\/schema.org\",\"@graph\":[{\"@type\":\"WebPage\",\"@id\":\"https:\/\/portalmf.com.br\/index.php\/2023\/12\/04\/santo-estevao-recebe-congresso-nacional-de-solucoes-estrategicas-para-o-transito-e-mobilidade-de-6-a-9-de-dezembro\/\",\"url\":\"https:\/\/portalmf.com.br\/index.php\/2023\/12\/04\/santo-estevao-recebe-congresso-nacional-de-solucoes-estrategicas-para-o-transito-e-mobilidade-de-6-a-9-de-dezembro\/\",\"name\":\"Santo Est\u00eav\u00e3o recebe Congresso Nacional de Solu\u00e7\u00f5es Estrat\u00e9gicas para o Tr\u00e2nsito e Mobilidade de 6 a 9 de dezembro - Portal MF\",\"isPartOf\":{\"@id\":\"https:\/\/portalmf.com.br\/#website\"},\"primaryImageOfPage\":{\"@id\":\"https:\/\/portalmf.com.br\/index.php\/2023\/12\/04\/santo-estevao-recebe-congresso-nacional-de-solucoes-estrategicas-para-o-transito-e-mobilidade-de-6-a-9-de-dezembro\/#primaryimage\"},\"image\":{\"@id\":\"https:\/\/portalmf.com.br\/index.php\/2023\/12\/04\/santo-estevao-recebe-congresso-nacional-de-solucoes-estrategicas-para-o-transito-e-mobilidade-de-6-a-9-de-dezembro\/#primaryimage\"},\"thumbnailUrl\":\"https:\/\/portalmf.com.br\/wp-content\/uploads\/2023\/12\/Santo-Estevao-recebe-Congresso-Nacional-de-Solucoes-Estrategicas-para-o-Transito-e-Mobilidade-de-6-a-9-de-dezembro.jpg\",\"datePublished\":\"2023-12-04T20:36:18+00:00\",\"dateModified\":\"2023-12-04T20:36:19+00:00\",\"author\":{\"@id\":\"https:\/\/portalmf.com.br\/#\/schema\/person\/9ec101baf56233e53520c26de5d6f6f0\"},\"breadcrumb\":{\"@id\":\"https:\/\/portalmf.com.br\/index.php\/2023\/12\/04\/santo-estevao-recebe-congresso-nacional-de-solucoes-estrategicas-para-o-transito-e-mobilidade-de-6-a-9-de-dezembro\/#breadcrumb\"},\"inLanguage\":\"pt-BR\",\"potentialAction\":[{\"@type\":\"ReadAction\",\"target\":[\"https:\/\/portalmf.com.br\/index.php\/2023\/12\/04\/santo-estevao-recebe-congresso-nacional-de-solucoes-estrategicas-para-o-transito-e-mobilidade-de-6-a-9-de-dezembro\/\"]}]},{\"@type\":\"ImageObject\",\"inLanguage\":\"pt-BR\",\"@id\":\"https:\/\/portalmf.com.br\/index.php\/2023\/12\/04\/santo-estevao-recebe-congresso-nacional-de-solucoes-estrategicas-para-o-transito-e-mobilidade-de-6-a-9-de-dezembro\/#primaryimage\",\"url\":\"https:\/\/portalmf.com.br\/wp-content\/uploads\/2023\/12\/Santo-Estevao-recebe-Congresso-Nacional-de-Solucoes-Estrategicas-para-o-Transito-e-Mobilidade-de-6-a-9-de-dezembro.jpg\",\"contentUrl\":\"https:\/\/portalmf.com.br\/wp-content\/uploads\/2023\/12\/Santo-Estevao-recebe-Congresso-Nacional-de-Solucoes-Estrategicas-para-o-Transito-e-Mobilidade-de-6-a-9-de-dezembro.jpg\",\"width\":1920,\"height\":1072},{\"@type\":\"BreadcrumbList\",\"@id\":\"https:\/\/portalmf.com.br\/index.php\/2023\/12\/04\/santo-estevao-recebe-congresso-nacional-de-solucoes-estrategicas-para-o-transito-e-mobilidade-de-6-a-9-de-dezembro\/#breadcrumb\",\"itemListElement\":[{\"@type\":\"ListItem\",\"position\":1,\"name\":\"In\u00edcio\",\"item\":\"https:\/\/portalmf.com.br\/\"},{\"@type\":\"ListItem\",\"position\":2,\"name\":\"Santo Est\u00eav\u00e3o recebe Congresso Nacional de Solu\u00e7\u00f5es Estrat\u00e9gicas para o Tr\u00e2nsito e Mobilidade de 6 a 9 de dezembro\"}]},{\"@type\":\"WebSite\",\"@id\":\"https:\/\/portalmf.com.br\/#website\",\"url\":\"https:\/\/portalmf.com.br\/\",\"name\":\"Portal MF\",\"description\":\"Voc\u00ea conectado com a informa\u00e7\u00e3o\",\"potentialAction\":[{\"@type\":\"SearchAction\",\"target\":{\"@type\":\"EntryPoint\",\"urlTemplate\":\"https:\/\/portalmf.com.br\/?s={search_term_string}\"},\"query-input\":\"required name=search_term_string\"}],\"inLanguage\":\"pt-BR\"},{\"@type\":\"Person\",\"@id\":\"https:\/\/portalmf.com.br\/#\/schema\/person\/9ec101baf56233e53520c26de5d6f6f0\",\"name\":\"Reda\u00e7\u00e3o Portal MF\",\"image\":{\"@type\":\"ImageObject\",\"inLanguage\":\"pt-BR\",\"@id\":\"https:\/\/portalmf.com.br\/#\/schema\/person\/image\/\",\"url\":\"https:\/\/secure.gravatar.com\/avatar\/41b9aaeb2100835f7c64362330f74c7f?s=96&d=mm&r=g\",\"contentUrl\":\"https:\/\/secure.gravatar.com\/avatar\/41b9aaeb2100835f7c64362330f74c7f?s=96&d=mm&r=g\",\"caption\":\"Reda\u00e7\u00e3o Portal MF\"},\"description\":\"Sejam bem-vindos o portal de informa\u00e7\u00f5es de entretenimento de Feira de Santana, desde 2006 realiza coberturas dos principais eventos com entrevistas exclusivas com as principais personalidades mundiais. Fique conectado tamb\u00e9m nas redes sociais.\",\"sameAs\":[\"http:\/\/www.portalmf.com.br\/\",\"https:\/\/www.facebook.com\/portalmfoficial\",\"https:\/\/www.instagram.com\/portalmf\/\",\"https:\/\/x.com\/https:\/\/x.com\/portalmfoficial\",\"https:\/\/www.youtube.com\/@portalmfoficial\"],\"url\":\"https:\/\/portalmf.com.br\/index.php\/author\/junior\/\"}]}<\/script>\n<!-- \/ Yoast SEO plugin. -->","yoast_head_json":{"title":"Santo Est\u00eav\u00e3o recebe Congresso Nacional de Solu\u00e7\u00f5es Estrat\u00e9gicas para o Tr\u00e2nsito e Mobilidade de 6 a 9 de dezembro - Portal MF","robots":{"index":"index","follow":"follow","max-snippet":"max-snippet:-1","max-image-preview":"max-image-preview:large","max-video-preview":"max-video-preview:-1"},"canonical":"https:\/\/portalmf.com.br\/index.php\/2023\/12\/04\/santo-estevao-recebe-congresso-nacional-de-solucoes-estrategicas-para-o-transito-e-mobilidade-de-6-a-9-de-dezembro\/","og_locale":"pt_BR","og_type":"article","og_title":"Santo Est\u00eav\u00e3o recebe Congresso Nacional de Solu\u00e7\u00f5es Estrat\u00e9gicas para o Tr\u00e2nsito e Mobilidade de 6 a 9 de dezembro - Portal MF","og_description":"Pela primeira vez na hist\u00f3ria, o munic\u00edpio de Santo Est\u00eav\u00e3o ir\u00e1 sediar o Congresso Nacional de Solu\u00e7\u00f5es Estrat\u00e9gicas para o Tr\u00e2nsito e Mobilidade (CONSETRAM). O evento acontecer\u00e1 entre 06 e 09 de dezembro e \u00e9 gratuito ao p\u00fablico. O evento ser\u00e1 uma oportunidade \u00fanica para discutir e aprender sobre as \u00faltimas tend\u00eancias, inova\u00e7\u00f5es e solu\u00e7\u00f5es [&hellip;]","og_url":"https:\/\/portalmf.com.br\/index.php\/2023\/12\/04\/santo-estevao-recebe-congresso-nacional-de-solucoes-estrategicas-para-o-transito-e-mobilidade-de-6-a-9-de-dezembro\/","og_site_name":"Portal MF","article_author":"https:\/\/www.facebook.com\/portalmfoficial","article_published_time":"2023-12-04T20:36:18+00:00","article_modified_time":"2023-12-04T20:36:19+00:00","og_image":[{"width":1920,"height":1072,"url":"https:\/\/portalmf.com.br\/wp-content\/uploads\/2023\/12\/Santo-Estevao-recebe-Congresso-Nacional-de-Solucoes-Estrategicas-para-o-Transito-e-Mobilidade-de-6-a-9-de-dezembro.jpg","type":"image\/jpeg"}],"author":"Reda\u00e7\u00e3o Portal MF","twitter_card":"summary_large_image","twitter_creator":"@https:\/\/x.com\/portalmfoficial","twitter_misc":{"Escrito por":"Reda\u00e7\u00e3o Portal MF","Est. tempo de leitura":"2 minutos"},"schema":{"@context":"https:\/\/schema.org","@graph":[{"@type":"WebPage","@id":"https:\/\/portalmf.com.br\/index.php\/2023\/12\/04\/santo-estevao-recebe-congresso-nacional-de-solucoes-estrategicas-para-o-transito-e-mobilidade-de-6-a-9-de-dezembro\/","url":"https:\/\/portalmf.com.br\/index.php\/2023\/12\/04\/santo-estevao-recebe-congresso-nacional-de-solucoes-estrategicas-para-o-transito-e-mobilidade-de-6-a-9-de-dezembro\/","name":"Santo Est\u00eav\u00e3o recebe Congresso Nacional de Solu\u00e7\u00f5es Estrat\u00e9gicas para o Tr\u00e2nsito e Mobilidade de 6 a 9 de dezembro - Portal MF","isPartOf":{"@id":"https:\/\/portalmf.com.br\/#website"},"primaryImageOfPage":{"@id":"https:\/\/portalmf.com.br\/index.php\/2023\/12\/04\/santo-estevao-recebe-congresso-nacional-de-solucoes-estrategicas-para-o-transito-e-mobilidade-de-6-a-9-de-dezembro\/#primaryimage"},"image":{"@id":"https:\/\/portalmf.com.br\/index.php\/2023\/12\/04\/santo-estevao-recebe-congresso-nacional-de-solucoes-estrategicas-para-o-transito-e-mobilidade-de-6-a-9-de-dezembro\/#primaryimage"},"thumbnailUrl":"https:\/\/portalmf.com.br\/wp-content\/uploads\/2023\/12\/Santo-Estevao-recebe-Congresso-Nacional-de-Solucoes-Estrategicas-para-o-Transito-e-Mobilidade-de-6-a-9-de-dezembro.jpg","datePublished":"2023-12-04T20:36:18+00:00","dateModified":"2023-12-04T20:36:19+00:00","author":{"@id":"https:\/\/portalmf.com.br\/#\/schema\/person\/9ec101baf56233e53520c26de5d6f6f0"},"breadcrumb":{"@id":"https:\/\/portalmf.com.br\/index.php\/2023\/12\/04\/santo-estevao-recebe-congresso-nacional-de-solucoes-estrategicas-para-o-transito-e-mobilidade-de-6-a-9-de-dezembro\/#breadcrumb"},"inLanguage":"pt-BR","potentialAction":[{"@type":"ReadAction","target":["https:\/\/portalmf.com.br\/index.php\/2023\/12\/04\/santo-estevao-recebe-congresso-nacional-de-solucoes-estrategicas-para-o-transito-e-mobilidade-de-6-a-9-de-dezembro\/"]}]},{"@type":"ImageObject","inLanguage":"pt-BR","@id":"https:\/\/portalmf.com.br\/index.php\/2023\/12\/04\/santo-estevao-recebe-congresso-nacional-de-solucoes-estrategicas-para-o-transito-e-mobilidade-de-6-a-9-de-dezembro\/#primaryimage","url":"https:\/\/portalmf.com.br\/wp-content\/uploads\/2023\/12\/Santo-Estevao-recebe-Congresso-Nacional-de-Solucoes-Estrategicas-para-o-Transito-e-Mobilidade-de-6-a-9-de-dezembro.jpg","contentUrl":"https:\/\/portalmf.com.br\/wp-content\/uploads\/2023\/12\/Santo-Estevao-recebe-Congresso-Nacional-de-Solucoes-Estrategicas-para-o-Transito-e-Mobilidade-de-6-a-9-de-dezembro.jpg","width":1920,"height":1072},{"@type":"BreadcrumbList","@id":"https:\/\/portalmf.com.br\/index.php\/2023\/12\/04\/santo-estevao-recebe-congresso-nacional-de-solucoes-estrategicas-para-o-transito-e-mobilidade-de-6-a-9-de-dezembro\/#breadcrumb","itemListElement":[{"@type":"ListItem","position":1,"name":"In\u00edcio","item":"https:\/\/portalmf.com.br\/"},{"@type":"ListItem","position":2,"name":"Santo Est\u00eav\u00e3o recebe Congresso Nacional de Solu\u00e7\u00f5es Estrat\u00e9gicas para o Tr\u00e2nsito e Mobilidade de 6 a 9 de dezembro"}]},{"@type":"WebSite","@id":"https:\/\/portalmf.com.br\/#website","url":"https:\/\/portalmf.com.br\/","name":"Portal MF","description":"Voc\u00ea conectado com a informa\u00e7\u00e3o","potentialAction":[{"@type":"SearchAction","target":{"@type":"EntryPoint","urlTemplate":"https:\/\/portalmf.com.br\/?s={search_term_string}"},"query-input":"required name=search_term_string"}],"inLanguage":"pt-BR"},{"@type":"Person","@id":"https:\/\/portalmf.com.br\/#\/schema\/person\/9ec101baf56233e53520c26de5d6f6f0","name":"Reda\u00e7\u00e3o Portal MF","image":{"@type":"ImageObject","inLanguage":"pt-BR","@id":"https:\/\/portalmf.com.br\/#\/schema\/person\/image\/","url":"https:\/\/secure.gravatar.com\/avatar\/41b9aaeb2100835f7c64362330f74c7f?s=96&d=mm&r=g","contentUrl":"https:\/\/secure.gravatar.com\/avatar\/41b9aaeb2100835f7c64362330f74c7f?s=96&d=mm&r=g","caption":"Reda\u00e7\u00e3o Portal MF"},"description":"Sejam bem-vindos o portal de informa\u00e7\u00f5es de entretenimento de Feira de Santana, desde 2006 realiza coberturas dos principais eventos com entrevistas exclusivas com as principais personalidades mundiais. Fique conectado tamb\u00e9m nas redes sociais.","sameAs":["http:\/\/www.portalmf.com.br\/","https:\/\/www.facebook.com\/portalmfoficial","https:\/\/www.instagram.com\/portalmf\/","https:\/\/x.com\/https:\/\/x.com\/portalmfoficial","https:\/\/www.youtube.com\/@portalmfoficial"],"url":"https:\/\/portalmf.com.br\/index.php\/author\/junior\/"}]}},"_links":{"self":[{"href":"https:\/\/portalmf.com.br\/index.php\/wp-json\/wp\/v2\/posts\/20542"}],"collection":[{"href":"https:\/\/portalmf.com.br\/index.php\/wp-json\/wp\/v2\/posts"}],"about":[{"href":"https:\/\/portalmf.com.br\/index.php\/wp-json\/wp\/v2\/types\/post"}],"author":[{"embeddable":true,"href":"https:\/\/portalmf.com.br\/index.php\/wp-json\/wp\/v2\/users\/3"}],"replies":[{"embeddable":true,"href":"https:\/\/portalmf.com.br\/index.php\/wp-json\/wp\/v2\/comments?post=20542"}],"version-history":[{"count":1,"href":"https:\/\/portalmf.com.br\/index.php\/wp-json\/wp\/v2\/posts\/20542\/revisions"}],"predecessor-version":[{"id":20544,"href":"https:\/\/portalmf.com.br\/index.php\/wp-json\/wp\/v2\/posts\/20542\/revisions\/20544"}],"wp:featuredmedia":[{"embeddable":true,"href":"https:\/\/portalmf.com.br\/index.php\/wp-json\/wp\/v2\/media\/20543"}],"wp:attachment":[{"href":"https:\/\/portalmf.com.br\/index.php\/wp-json\/wp\/v2\/media?parent=20542"}],"wp:term":[{"taxonomy":"category","embeddable":true,"href":"https:\/\/portalmf.com.br\/index.php\/wp-json\/wp\/v2\/categories?post=20542"},{"taxonomy":"post_tag","embeddable":true,"href":"https:\/\/portalmf.com.br\/index.php\/wp-json\/wp\/v2\/tags?post=20542"}],"curies":[{"name":"wp","href":"https:\/\/api.w.org\/{rel}","templated":true}]}}